{"id":231744,"date":"2026-03-13T10:18:06","date_gmt":"2026-03-13T09:18:06","guid":{"rendered":"https:\/\/preprod.proterrasancta.org\/?p=231744"},"modified":"2026-03-13T10:19:53","modified_gmt":"2026-03-13T09:19:53","slug":"perche-ricostuire-in-medio-oriente","status":"publish","type":"post","link":"https:\/\/preprod.proterrasancta.org\/it\/perche-ricostuire-in-medio-oriente\/","title":{"rendered":"Perch\u00e8 ricostruiamo in Medio Oriente"},"content":{"rendered":"\n<p>Perch\u00e9 continuiamo a ricostruire? Una riflessione profonda sul senso del nostro lavoro in Medio Oriente<\/p>\n\n\n\n<h2 class=\"wp-block-heading\" id=\"ember215\"><strong>Ma perch\u00e9 ricostruite sempre? <\/strong><\/h2>\n\n\n\n<p id=\"ember215\">&#8220;<strong>Che senso ha farlo, se ogni volta arriva qualcuno a distruggere?&#8221;<\/strong>. \u00c8 una domanda che ci viene rivolta spesso, negli incontri in cui raccontiamo il nostro lavoro. Ed \u00e8 una domanda giusta, perch\u00e9 costringe a togliere ogni punta di retorica. Chiede di dire con precisione che cosa significa, oggi, restare in <strong>Medio Oriente<\/strong> e parlare ancora di ricostruzione.<\/p>\n\n\n\n<figure class=\"wp-block-image size-large\"><img loading=\"lazy\" decoding=\"async\" width=\"1000\" height=\"750\" src=\"https:\/\/preprod.proterrasancta.org\/wp-content\/uploads\/C-Beirut-2020-port-19-1000x750.jpg\" alt=\"Medio Oriente\" class=\"wp-image-231745\" srcset=\"https:\/\/preprod.proterrasancta.org\/wp-content\/uploads\/C-Beirut-2020-port-19-1000x750.jpg 1000w, https:\/\/preprod.proterrasancta.org\/wp-content\/uploads\/C-Beirut-2020-port-19-400x300.jpg 400w, https:\/\/preprod.proterrasancta.org\/wp-content\/uploads\/C-Beirut-2020-port-19-240x180.jpg 240w, https:\/\/preprod.proterrasancta.org\/wp-content\/uploads\/C-Beirut-2020-port-19-768x576.jpg 768w, https:\/\/preprod.proterrasancta.org\/wp-content\/uploads\/C-Beirut-2020-port-19-1536x1152.jpg 1536w, https:\/\/preprod.proterrasancta.org\/wp-content\/uploads\/C-Beirut-2020-port-19-2048x1536.jpg 2048w\" sizes=\"(max-width: 1000px) 100vw, 1000px\" \/><figcaption class=\"wp-element-caption\">Porto di Beirut distrutto, 2020<\/figcaption><\/figure>\n\n\n\n<h2 class=\"wp-block-heading\" id=\"ember215\"><strong>Medio Oriente, una crisi che dura da anni<\/strong><\/h2>\n\n\n\n<p id=\"ember217\">Il <strong>Libano <\/strong>\u00e8 forse il luogo in cui questa domanda pesa di pi\u00f9. Perch\u00e9 l\u00ec la guerra di questi giorni non arriva dall\u2019oggi al domani, ma <strong>si innesta su una crisi che dura da anni<\/strong>. Pochi mesi fa la Banca Mondiale parlava di una ripresa cauta, con una crescita tornata positiva nel 2025, ma fragile e legata a condizioni politiche e regionali instabili. Era, appunto, una ripresa fragile. Oggi quella fragilit\u00e0 \u00e8 saltata di nuovo.<\/p>\n\n\n\n<p id=\"ember218\">Nell\u2019ultima settimana il Paese ha conosciuto un\u2019altra ondata di sfollamento di massa: oltre 667.000 persone costrette a lasciare casa, pi\u00f9 di 120.000 accolte in rifugi collettivi, altre in auto, per strada, in scuole o edifici pubblici adattati all\u2019emergenza. <\/p>\n\n\n\n<p id=\"ember218\"><strong>Beirut <\/strong>\u00e8 stata colpita ancora, anche fuori dalle aree che fino a poco tempo fa sembravano relativamente pi\u00f9 protette. Per molte famiglie significa una cosa semplice e durissima: tornare a essere profughi, di nuovo.<\/p>\n\n\n\n<p id=\"ember219\">In pi\u00f9, questa volta il Libano non \u00e8 solo dentro una crisi locale. \u00c8 dentro una crisi regionale pi\u00f9 larga. Lo scontro tra Stati Uniti e Iran ha esteso il conflitto e ne ha reso pi\u00f9 instabili i confini. Il quasi blocco dello Stretto di Hormuz, il timore di un allargamento ulteriore, la pressione sui prezzi e sui traffici mostrano che siamo davanti a incognite drammatiche. <strong>Quando il conflitto si allarga, i primi a pagare non sono gli equilibri strategici, ma le societ\u00e0 gi\u00e0 esauste.<\/strong><\/p>\n\n\n\n<figure class=\"wp-block-image size-large is-resized\"><img loading=\"lazy\" decoding=\"async\" width=\"1000\" height=\"462\" src=\"https:\/\/preprod.proterrasancta.org\/wp-content\/uploads\/Accoglienza-Tiro-9-1000x462.jpg\" alt=\"Medio Oriente\" class=\"wp-image-231750\" style=\"width:840px;height:auto\" srcset=\"https:\/\/preprod.proterrasancta.org\/wp-content\/uploads\/Accoglienza-Tiro-9-1000x462.jpg 1000w, https:\/\/preprod.proterrasancta.org\/wp-content\/uploads\/Accoglienza-Tiro-9-400x185.jpg 400w, https:\/\/preprod.proterrasancta.org\/wp-content\/uploads\/Accoglienza-Tiro-9-240x111.jpg 240w, https:\/\/preprod.proterrasancta.org\/wp-content\/uploads\/Accoglienza-Tiro-9-768x355.jpg 768w, https:\/\/preprod.proterrasancta.org\/wp-content\/uploads\/Accoglienza-Tiro-9.jpg 1280w\" sizes=\"(max-width: 1000px) 100vw, 1000px\" \/><figcaption class=\"wp-element-caption\">Accoglienza profughi a Tiro, 2024 <\/figcaption><\/figure>\n\n\n\n<h2 class=\"wp-block-heading\" id=\"h-la-speranza-come-responsabilita\"><strong>La speranza come responsabilit\u00e0<\/strong><\/h2>\n\n\n\n<p id=\"ember220\">E allora davanti alle immagini di palazzi sventrati, di profughi di nuovo in cammino per cercare rifugio, di fronte al fallimento del diritto internazionale e a un futuro sempre pi\u00f9 incerto e in bilico, la domanda torna: perch\u00e9 ricostruite?<\/p>\n\n\n\n<p id=\"ember221\">Ricostruiamo perch\u00e9 speriamo. E la speranza non va confusa con l\u2019ottimismo. Non \u00e8 pensare che andr\u00e0 tutto bene. Non \u00e8 neanche immaginare che un progetto, una donazione o una scuola riaperta possano da soli cambiare il destino del Medio Oriente. La speranza, per come la vediamo noi, \u00e8 che il bene pu\u00f2 nascere ovunque, anche nelle situazioni peggiori. <strong>E questo genera una responsabilit\u00e0.<\/strong><\/p>\n\n\n\n<h2 class=\"wp-block-heading\" id=\"h-distruzione-in-medio-oriente-non-e-l-unico-linguaggio\"><strong>Distruzione in Medio Oriente: non \u00e8 l&#8217;unico linguaggio<\/strong><\/h2>\n\n\n\n<p id=\"ember222\">Per questo ricostruire non significa soltanto rialzare muri. <strong>Significa impedire che la distruzione diventi l\u2019unico linguaggio possibile. <\/strong>Significa custodire le persone quando tutto attorno spinge a considerarle solo numeri: sfollati, feriti, profughi, poveri. Significa tenere aperta una scuola, far funzionare un ambulatorio, aiutare una famiglia a rientrare in casa, accompagnare chi ha perso tutto senza aggiungere nessun calcolo al suo dolore.<\/p>\n\n\n\n<p id=\"ember223\">In Medio Oriente, ricostruire non \u00e8 il gesto finale che arriva dopo la guerra. <strong>Spesso \u00e8 un gesto che si compie durante la guerra, o tra una guerra e l\u2019altra. \u00c8 un lavoro incompleto, esposto, fragile. <\/strong>Eppure necessario. Perch\u00e9 se smettiamo di ricostruire, accettiamo la logica della distruzione. Accettiamo che chi colpisce abbia pi\u00f9 forza di chi cura, che chi sradica abbia pi\u00f9 futuro di chi rimane, che la paura sia pi\u00f9 realistica della fiducia.<\/p>\n\n\n\n<div id=\"newsletter-block\" class=\"wp-block-proterrasancta-section-newsletter newsletter-block-container\" style=\"display:none;visibility:hidden;height:0;overflow:hidden\" data-title=\"Ti \u00e8 piaciuto questo articolo?\" data-text1=\"\" data-text2=\"\"><\/div>\n\n\n\n<figure class=\"wp-block-image size-large\"><img loading=\"lazy\" decoding=\"async\" width=\"1000\" height=\"750\" src=\"https:\/\/preprod.proterrasancta.org\/wp-content\/uploads\/e4c54eb9-88aa-430f-97c5-a1cb3abadd40-1000x750.jpg\" alt=\"Beirut, Libano, Medio Oriente\" class=\"wp-image-231760\" srcset=\"https:\/\/preprod.proterrasancta.org\/wp-content\/uploads\/e4c54eb9-88aa-430f-97c5-a1cb3abadd40-1000x750.jpg 1000w, https:\/\/preprod.proterrasancta.org\/wp-content\/uploads\/e4c54eb9-88aa-430f-97c5-a1cb3abadd40-400x300.jpg 400w, https:\/\/preprod.proterrasancta.org\/wp-content\/uploads\/e4c54eb9-88aa-430f-97c5-a1cb3abadd40-240x180.jpg 240w, https:\/\/preprod.proterrasancta.org\/wp-content\/uploads\/e4c54eb9-88aa-430f-97c5-a1cb3abadd40-768x576.jpg 768w, https:\/\/preprod.proterrasancta.org\/wp-content\/uploads\/e4c54eb9-88aa-430f-97c5-a1cb3abadd40-1536x1152.jpg 1536w, https:\/\/preprod.proterrasancta.org\/wp-content\/uploads\/e4c54eb9-88aa-430f-97c5-a1cb3abadd40.jpg 1600w\" sizes=\"(max-width: 1000px) 100vw, 1000px\" \/><figcaption class=\"wp-element-caption\">Distribuzione di beni essenziali, Beirut 2026 <\/figcaption><\/figure>\n\n\n\n<h2 class=\"wp-block-heading\" id=\"h-perche-non-smetteremo-di-ricostruire-in-medio-oriente\"><strong>Perch\u00e9 non smetteremo di ricostruire in Medio Oriente<\/strong><\/h2>\n\n\n\n<p id=\"ember224\">Noi non pensiamo di risolvere i problemi del Medio Oriente. Sarebbe una pretesa ingenua. Pensiamo per\u00f2 che ogni volta che una persona torna a vivere in una casa, ogni volta che un ragazzo torna a scuola, ogni volta che una famiglia sente di non essere stata lasciata sola, accade qualcosa di molto concreto: il male perde una parte del suo terreno.<\/p>\n\n\n\n<p id=\"ember225\">\u00c8 per questo che continuiamo a ricostruire. Non perch\u00e9 ignoriamo il rischio che tutto venga colpito ancora.<strong> Ma perch\u00e9 sappiamo che l\u2019alternativa \u00e8 peggiore: lasciare che a decidere il senso delle cose siano soltanto la forza, la paura e la vendetta. E questo non possiamo permetterlo.<\/strong><\/p>\n\n\n\n<p id=\"ember225\"><\/p>\n\n\n\n<div style=\"background-color:transparent\" class=\"wp-block-proterrasancta-form-donate\"><div class=\"container px-0\"><div id=\"form-donate-root\" class=\"form-donate-root\" data-card-color=\"white\" data-lng=\"it\" data-icon1=\"assistenza\" data-icon2=\"assistenza\" data-icon3=\"assistenza\" data-ask1=\"30\" data-ask2=\"60\" data-ask3=\"90\" data-ask1-text=\"Aiutaci nella distribuzione di farmaci salvavita.\" data-ask2-text=\"Aiutaci ad avviare screening sanitari per gli sfollati\" data-ask3-text=\"Aiutaci a garantire visite mediche specialistiche urgenti.\" data-campaign-tag=\"26-EM-EMERGENZALIBANO-26410\" data-paypal-key=\"AXlo5BqnfFZyW1uZxx5gkgYegrUCI86f7Q65TIABhmOq4Kt5JEb1zM1NdRUKDtV0obCFXmhjIC1tXxQ8\" data-stripe-key=\"pk_live_51HoUXjJhU1LmKSdSbkxGlrACRcf4LTv1RqqzDcqKytqJzbs1tzvrgsw5sRp5USAUGdCg8fHwNbTtvWCTlUno6gSB00fvqTKLzg\" data-env=\"prod\" data-thank-you-url=\"\" data-form-type=\"standard\" data-form-shape=\"form\" data-text-button=\"Dona ora\" data-text-drawer1=\"Dona assistenza medica e medicinali\" data-text-drawer2=\"A chi ha perso tutto!\" data-text-image-url=\"https:\/\/preprod.proterrasancta.org\/wp-content\/uploads\/dispensario-tripoli-2.png\" data-text-image-url-mobile=\"https:\/\/preprod.proterrasancta.org\/wp-content\/uploads\/dispensario-tripoli-2.png\"><\/div><\/div><\/div>\n\n\n\n<p><\/p>\n","protected":false},"excerpt":{"rendered":"<p>Perch\u00e9 continuiamo a ricostruire? Una riflessione profonda sul senso del nostro lavoro in Medio Oriente Ma perch\u00e9 ricostruite sempre? &#8220;Che senso ha farlo, se ogni volta arriva qualcuno a distruggere?&#8221;. \u00c8 una domanda che ci viene rivolta spesso, negli incontri in cui raccontiamo il nostro lavoro. Ed \u00e8 una domanda giusta, perch\u00e9 costringe a togliere [&hellip;]<\/p>\n","protected":false},"author":53,"featured_media":231696,"comment_status":"closed","ping_status":"closed","sticky":false,"template":"","format":"standard","meta":{"_acf_changed":false,"inline_featured_image":false,"footnotes":""},"categories":[1],"tags":[],"campaign_code":[],"class_list":["post-231744","post","type-post","status-publish","format-standard","has-post-thumbnail","hentry","category-non-categorizzato"],"acf":[],"yoast_head":"<!-- This site is optimized with the Yoast SEO Premium plugin v17.7 (Yoast SEO v19.14) - https:\/\/yoast.com\/wordpress\/plugins\/seo\/ -->\n<title>Perch\u00e9 ricostruire in Medio Oriente? | Pro Terra Sancta<\/title>\n<meta name=\"description\" content=\"In un Medio Oriente segnato da conflitti e distruzioni, perch\u00e9 continuiamo a ricostruire? Una riflessione profonda sul senso della speranza.\" \/>\n<meta name=\"robots\" content=\"noindex, follow, max-snippet:-1, max-image-preview:large, max-video-preview:-1\" \/>\n<meta property=\"og:locale\" content=\"it_IT\" \/>\n<meta property=\"og:type\" content=\"article\" \/>\n<meta property=\"og:title\" content=\"Perch\u00e8 ricostruiamo in Medio Oriente\" \/>\n<meta property=\"og:description\" content=\"In un Medio Oriente segnato da conflitti e distruzioni, perch\u00e9 continuiamo a ricostruire? Una riflessione profonda sul senso della speranza.\" \/>\n<meta property=\"og:url\" content=\"https:\/\/preprod.proterrasancta.org\/it\/perche-ricostuire-in-medio-oriente\/\" \/>\n<meta property=\"og:site_name\" content=\"Pro Terra Sancta\" \/>\n<meta property=\"article:publisher\" content=\"https:\/\/www.facebook.com\/proterrasancta\/\" \/>\n<meta property=\"article:published_time\" content=\"2026-03-13T09:18:06+00:00\" \/>\n<meta property=\"article:modified_time\" content=\"2026-03-13T09:19:53+00:00\" \/>\n<meta property=\"og:image\" content=\"https:\/\/preprod.proterrasancta.org\/wp-content\/uploads\/Progetto-senza-titolo-50.png\" \/>\n\t<meta property=\"og:image:width\" content=\"1920\" \/>\n\t<meta property=\"og:image:height\" content=\"1080\" \/>\n\t<meta property=\"og:image:type\" content=\"image\/png\" \/>\n<meta name=\"author\" content=\"Andrea Avveduto\" \/>\n<meta name=\"twitter:card\" content=\"summary_large_image\" \/>\n<meta name=\"twitter:creator\" content=\"@proterrasancta\" \/>\n<meta name=\"twitter:site\" content=\"@proterrasancta\" \/>\n<meta name=\"twitter:label1\" content=\"Scritto da\" \/>\n\t<meta name=\"twitter:data1\" content=\"Andrea Avveduto\" \/>\n\t<meta name=\"twitter:label2\" content=\"Tempo di lettura stimato\" \/>\n\t<meta name=\"twitter:data2\" content=\"5 minuti\" \/>\n<script type=\"application\/ld+json\" class=\"yoast-schema-graph\">{\"@context\":\"https:\/\/schema.org\",\"@graph\":[{\"@type\":\"Article\",\"@id\":\"https:\/\/preprod.proterrasancta.org\/it\/perche-ricostuire-in-medio-oriente\/#article\",\"isPartOf\":{\"@id\":\"https:\/\/preprod.proterrasancta.org\/it\/perche-ricostuire-in-medio-oriente\/\"},\"author\":{\"name\":\"Andrea Avveduto\",\"@id\":\"https:\/\/preprod.proterrasancta.org\/it\/#\/schema\/person\/2d4e731bd7fe255222561503238565b6\"},\"headline\":\"Perch\u00e8 ricostruiamo in Medio Oriente\",\"datePublished\":\"2026-03-13T09:18:06+00:00\",\"dateModified\":\"2026-03-13T09:19:53+00:00\",\"mainEntityOfPage\":{\"@id\":\"https:\/\/preprod.proterrasancta.org\/it\/perche-ricostuire-in-medio-oriente\/\"},\"wordCount\":690,\"publisher\":{\"@id\":\"https:\/\/preprod.proterrasancta.org\/it\/#organization\"},\"articleSection\":[\"Non categorizzato\"],\"inLanguage\":\"it-IT\"},{\"@type\":\"WebPage\",\"@id\":\"https:\/\/preprod.proterrasancta.org\/it\/perche-ricostuire-in-medio-oriente\/\",\"url\":\"https:\/\/preprod.proterrasancta.org\/it\/perche-ricostuire-in-medio-oriente\/\",\"name\":\"Perch\u00e9 ricostruire in Medio Oriente? | Pro Terra Sancta\",\"isPartOf\":{\"@id\":\"https:\/\/preprod.proterrasancta.org\/it\/#website\"},\"datePublished\":\"2026-03-13T09:18:06+00:00\",\"dateModified\":\"2026-03-13T09:19:53+00:00\",\"description\":\"In un Medio Oriente segnato da conflitti e distruzioni, perch\u00e9 continuiamo a ricostruire? Una riflessione profonda sul senso della speranza.\",\"breadcrumb\":{\"@id\":\"https:\/\/preprod.proterrasancta.org\/it\/perche-ricostuire-in-medio-oriente\/#breadcrumb\"},\"inLanguage\":\"it-IT\",\"potentialAction\":[{\"@type\":\"ReadAction\",\"target\":[\"https:\/\/preprod.proterrasancta.org\/it\/perche-ricostuire-in-medio-oriente\/\"]}]},{\"@type\":\"BreadcrumbList\",\"@id\":\"https:\/\/preprod.proterrasancta.org\/it\/perche-ricostuire-in-medio-oriente\/#breadcrumb\",\"itemListElement\":[{\"@type\":\"ListItem\",\"position\":1,\"name\":\"Home\",\"item\":\"https:\/\/preprod.proterrasancta.org\/it\/\"},{\"@type\":\"ListItem\",\"position\":2,\"name\":\"Perch\u00e8 ricostruiamo in Medio Oriente\"}]},{\"@type\":\"WebSite\",\"@id\":\"https:\/\/preprod.proterrasancta.org\/it\/#website\",\"url\":\"https:\/\/preprod.proterrasancta.org\/it\/\",\"name\":\"Pro Terra Sancta\",\"description\":\"To foster bonds between the Holy Land and the world\",\"publisher\":{\"@id\":\"https:\/\/preprod.proterrasancta.org\/it\/#organization\"},\"potentialAction\":[{\"@type\":\"SearchAction\",\"target\":{\"@type\":\"EntryPoint\",\"urlTemplate\":\"https:\/\/preprod.proterrasancta.org\/it\/?s={search_term_string}\"},\"query-input\":\"required name=search_term_string\"}],\"inLanguage\":\"it-IT\"},{\"@type\":\"Organization\",\"@id\":\"https:\/\/preprod.proterrasancta.org\/it\/#organization\",\"name\":\"Associazione Pro Terra Sancta\",\"url\":\"https:\/\/preprod.proterrasancta.org\/it\/\",\"logo\":{\"@type\":\"ImageObject\",\"inLanguage\":\"it-IT\",\"@id\":\"https:\/\/preprod.proterrasancta.org\/it\/#\/schema\/logo\/image\/\",\"url\":\"https:\/\/www.proterrasancta.org\/wp-content\/uploads\/Logo_ProTerraSancta_Colori_web_high_modificato.jpg\",\"contentUrl\":\"https:\/\/www.proterrasancta.org\/wp-content\/uploads\/Logo_ProTerraSancta_Colori_web_high_modificato.jpg\",\"width\":1018,\"height\":576,\"caption\":\"Associazione Pro Terra Sancta\"},\"image\":{\"@id\":\"https:\/\/preprod.proterrasancta.org\/it\/#\/schema\/logo\/image\/\"},\"sameAs\":[\"https:\/\/www.instagram.com\/proterrasancta\/\",\"https:\/\/www.linkedin.com\/company\/pro-terra-sancta\/\",\"https:\/\/www.youtube.com\/user\/proterrasancta\",\"https:\/\/www.facebook.com\/proterrasancta\/\",\"https:\/\/twitter.com\/proterrasancta\"]},{\"@type\":\"Person\",\"@id\":\"https:\/\/preprod.proterrasancta.org\/it\/#\/schema\/person\/2d4e731bd7fe255222561503238565b6\",\"name\":\"Andrea Avveduto\",\"image\":{\"@type\":\"ImageObject\",\"inLanguage\":\"it-IT\",\"@id\":\"https:\/\/preprod.proterrasancta.org\/it\/#\/schema\/person\/image\/\",\"url\":\"https:\/\/secure.gravatar.com\/avatar\/f532da0cb1e2e7985edfb36072bbd491?s=96&d=mm&r=g\",\"contentUrl\":\"https:\/\/secure.gravatar.com\/avatar\/f532da0cb1e2e7985edfb36072bbd491?s=96&d=mm&r=g\",\"caption\":\"Andrea Avveduto\"},\"url\":\"https:\/\/preprod.proterrasancta.org\/it\/author\/andrea-avveduto\/\"}]}<\/script>\n<!-- \/ Yoast SEO Premium plugin. -->","yoast_head_json":{"title":"Perch\u00e9 ricostruire in Medio Oriente? | Pro Terra Sancta","description":"In un Medio Oriente segnato da conflitti e distruzioni, perch\u00e9 continuiamo a ricostruire? Una riflessione profonda sul senso della speranza.","robots":{"index":"noindex","follow":"follow","max-snippet":"max-snippet:-1","max-image-preview":"max-image-preview:large","max-video-preview":"max-video-preview:-1"},"og_locale":"it_IT","og_type":"article","og_title":"Perch\u00e8 ricostruiamo in Medio Oriente","og_description":"In un Medio Oriente segnato da conflitti e distruzioni, perch\u00e9 continuiamo a ricostruire? Una riflessione profonda sul senso della speranza.","og_url":"https:\/\/preprod.proterrasancta.org\/it\/perche-ricostuire-in-medio-oriente\/","og_site_name":"Pro Terra Sancta","article_publisher":"https:\/\/www.facebook.com\/proterrasancta\/","article_published_time":"2026-03-13T09:18:06+00:00","article_modified_time":"2026-03-13T09:19:53+00:00","og_image":[{"width":1920,"height":1080,"url":"https:\/\/preprod.proterrasancta.org\/wp-content\/uploads\/Progetto-senza-titolo-50.png","type":"image\/png"}],"author":"Andrea Avveduto","twitter_card":"summary_large_image","twitter_creator":"@proterrasancta","twitter_site":"@proterrasancta","twitter_misc":{"Scritto da":"Andrea Avveduto","Tempo di lettura stimato":"5 minuti"},"schema":{"@context":"https:\/\/schema.org","@graph":[{"@type":"Article","@id":"https:\/\/preprod.proterrasancta.org\/it\/perche-ricostuire-in-medio-oriente\/#article","isPartOf":{"@id":"https:\/\/preprod.proterrasancta.org\/it\/perche-ricostuire-in-medio-oriente\/"},"author":{"name":"Andrea Avveduto","@id":"https:\/\/preprod.proterrasancta.org\/it\/#\/schema\/person\/2d4e731bd7fe255222561503238565b6"},"headline":"Perch\u00e8 ricostruiamo in Medio Oriente","datePublished":"2026-03-13T09:18:06+00:00","dateModified":"2026-03-13T09:19:53+00:00","mainEntityOfPage":{"@id":"https:\/\/preprod.proterrasancta.org\/it\/perche-ricostuire-in-medio-oriente\/"},"wordCount":690,"publisher":{"@id":"https:\/\/preprod.proterrasancta.org\/it\/#organization"},"articleSection":["Non categorizzato"],"inLanguage":"it-IT"},{"@type":"WebPage","@id":"https:\/\/preprod.proterrasancta.org\/it\/perche-ricostuire-in-medio-oriente\/","url":"https:\/\/preprod.proterrasancta.org\/it\/perche-ricostuire-in-medio-oriente\/","name":"Perch\u00e9 ricostruire in Medio Oriente? | Pro Terra Sancta","isPartOf":{"@id":"https:\/\/preprod.proterrasancta.org\/it\/#website"},"datePublished":"2026-03-13T09:18:06+00:00","dateModified":"2026-03-13T09:19:53+00:00","description":"In un Medio Oriente segnato da conflitti e distruzioni, perch\u00e9 continuiamo a ricostruire? Una riflessione profonda sul senso della speranza.","breadcrumb":{"@id":"https:\/\/preprod.proterrasancta.org\/it\/perche-ricostuire-in-medio-oriente\/#breadcrumb"},"inLanguage":"it-IT","potentialAction":[{"@type":"ReadAction","target":["https:\/\/preprod.proterrasancta.org\/it\/perche-ricostuire-in-medio-oriente\/"]}]},{"@type":"BreadcrumbList","@id":"https:\/\/preprod.proterrasancta.org\/it\/perche-ricostuire-in-medio-oriente\/#breadcrumb","itemListElement":[{"@type":"ListItem","position":1,"name":"Home","item":"https:\/\/preprod.proterrasancta.org\/it\/"},{"@type":"ListItem","position":2,"name":"Perch\u00e8 ricostruiamo in Medio Oriente"}]},{"@type":"WebSite","@id":"https:\/\/preprod.proterrasancta.org\/it\/#website","url":"https:\/\/preprod.proterrasancta.org\/it\/","name":"Pro Terra Sancta","description":"To foster bonds between the Holy Land and the world","publisher":{"@id":"https:\/\/preprod.proterrasancta.org\/it\/#organization"},"potentialAction":[{"@type":"SearchAction","target":{"@type":"EntryPoint","urlTemplate":"https:\/\/preprod.proterrasancta.org\/it\/?s={search_term_string}"},"query-input":"required name=search_term_string"}],"inLanguage":"it-IT"},{"@type":"Organization","@id":"https:\/\/preprod.proterrasancta.org\/it\/#organization","name":"Associazione Pro Terra Sancta","url":"https:\/\/preprod.proterrasancta.org\/it\/","logo":{"@type":"ImageObject","inLanguage":"it-IT","@id":"https:\/\/preprod.proterrasancta.org\/it\/#\/schema\/logo\/image\/","url":"https:\/\/www.proterrasancta.org\/wp-content\/uploads\/Logo_ProTerraSancta_Colori_web_high_modificato.jpg","contentUrl":"https:\/\/www.proterrasancta.org\/wp-content\/uploads\/Logo_ProTerraSancta_Colori_web_high_modificato.jpg","width":1018,"height":576,"caption":"Associazione Pro Terra Sancta"},"image":{"@id":"https:\/\/preprod.proterrasancta.org\/it\/#\/schema\/logo\/image\/"},"sameAs":["https:\/\/www.instagram.com\/proterrasancta\/","https:\/\/www.linkedin.com\/company\/pro-terra-sancta\/","https:\/\/www.youtube.com\/user\/proterrasancta","https:\/\/www.facebook.com\/proterrasancta\/","https:\/\/twitter.com\/proterrasancta"]},{"@type":"Person","@id":"https:\/\/preprod.proterrasancta.org\/it\/#\/schema\/person\/2d4e731bd7fe255222561503238565b6","name":"Andrea Avveduto","image":{"@type":"ImageObject","inLanguage":"it-IT","@id":"https:\/\/preprod.proterrasancta.org\/it\/#\/schema\/person\/image\/","url":"https:\/\/secure.gravatar.com\/avatar\/f532da0cb1e2e7985edfb36072bbd491?s=96&d=mm&r=g","contentUrl":"https:\/\/secure.gravatar.com\/avatar\/f532da0cb1e2e7985edfb36072bbd491?s=96&d=mm&r=g","caption":"Andrea Avveduto"},"url":"https:\/\/preprod.proterrasancta.org\/it\/author\/andrea-avveduto\/"}]}},"_links":{"self":[{"href":"https:\/\/preprod.proterrasancta.org\/it\/wp-json\/wp\/v2\/posts\/231744"}],"collection":[{"href":"https:\/\/preprod.proterrasancta.org\/it\/wp-json\/wp\/v2\/posts"}],"about":[{"href":"https:\/\/preprod.proterrasancta.org\/it\/wp-json\/wp\/v2\/types\/post"}],"author":[{"embeddable":true,"href":"https:\/\/preprod.proterrasancta.org\/it\/wp-json\/wp\/v2\/users\/53"}],"replies":[{"embeddable":true,"href":"https:\/\/preprod.proterrasancta.org\/it\/wp-json\/wp\/v2\/comments?post=231744"}],"version-history":[{"count":4,"href":"https:\/\/preprod.proterrasancta.org\/it\/wp-json\/wp\/v2\/posts\/231744\/revisions"}],"predecessor-version":[{"id":231810,"href":"https:\/\/preprod.proterrasancta.org\/it\/wp-json\/wp\/v2\/posts\/231744\/revisions\/231810"}],"wp:featuredmedia":[{"embeddable":true,"href":"https:\/\/preprod.proterrasancta.org\/it\/wp-json\/wp\/v2\/media\/231696"}],"wp:attachment":[{"href":"https:\/\/preprod.proterrasancta.org\/it\/wp-json\/wp\/v2\/media?parent=231744"}],"wp:term":[{"taxonomy":"category","embeddable":true,"href":"https:\/\/preprod.proterrasancta.org\/it\/wp-json\/wp\/v2\/categories?post=231744"},{"taxonomy":"post_tag","embeddable":true,"href":"https:\/\/preprod.proterrasancta.org\/it\/wp-json\/wp\/v2\/tags?post=231744"},{"taxonomy":"campaign_code","embeddable":true,"href":"https:\/\/preprod.proterrasancta.org\/it\/wp-json\/wp\/v2\/campaign_code?post=231744"}],"curies":[{"name":"wp","href":"https:\/\/api.w.org\/{rel}","templated":true}]}}