{"id":231688,"date":"2026-03-10T17:59:28","date_gmt":"2026-03-10T16:59:28","guid":{"rendered":"https:\/\/preprod.proterrasancta.org\/?p=231688"},"modified":"2026-03-12T17:52:43","modified_gmt":"2026-03-12T16:52:43","slug":"progetti-di-imprenditoria-sociale-in-terra-santa","status":"publish","type":"post","link":"https:\/\/preprod.proterrasancta.org\/it\/progetti-di-imprenditoria-sociale-in-terra-santa\/","title":{"rendered":"L\u2019imprenditoria sociale per promuovere il cambiamento"},"content":{"rendered":"\n<p>L\u2019imprenditoria sociale, anche nei contesti politici pi\u00f9 fragili, riesce a mettere al centro l\u2019individuo e a renderlo protagonista della propria storia, per un\u2019economia che sappia essere al servizio della societ\u00e0 e non il contrario.<\/p>\n\n\n\n<h2 class=\"wp-block-heading\" id=\"h-un-atto-di-fiducia\"><strong>Un atto di fiducia<\/strong><\/h2>\n\n\n\n<p>L&#8217;imprenditoria sociale non \u00e8 solo una strategia economica: rappresenta un atto di fiducia verso un futuro che, nonostante l\u2019instabilit\u00e0, non smette di generare possibilit\u00e0. In contesti fragili come la Siria o la Palestina, dove l\u2019inflazione galoppante e l\u2019emergenza umanitaria sono sfide quotidiane, l\u2019impresa sociale diventa lo strumento per restituire dignit\u00e0 e speranza alle comunit\u00e0 locali. Non si tratta solo di assistenza, ma di creare le basi per un cambiamento che parta dalle persone.<\/p>\n\n\n\n<h2 class=\"wp-block-heading\" id=\"h-l-imprenditoria-sociale-a-betania\"><strong>L\u2019imprenditoria sociale a Betania<\/strong><\/h2>\n\n\n\n<p>Il nostro impegno nell\u2019imprenditoria sociale continua in particolare a <strong>Betania<\/strong>, dove assume il profumo del nardo. Qui, il recupero delle tradizioni locali legate agli oli profumati assume le caratteristiche <strong>dell\u2019empowerment femminile<\/strong>. Le donne che sosteniamo in <strong>Palestina<\/strong>, come Maisa e Saida, soffrono delle gravi condizioni economiche imposte dal conflitto con Israele. Attraverso la creazione di prodotti artigianali di alta qualit\u00e0, le aiutiamo a scrivere una nuova pagina della loro storia. <strong><a href=\"https:\/\/www.proterrasancta.org\/it\/campaign\/betania-palestina-preziose-come-il-nardo\">\u201cPreziose come il Nardo\u201d <\/a><\/strong>\u00e8 un progetto che, a partire dai principi dell\u2019economia circolare, fa leva sul benessere psico-sociale delle sue protagoniste. Ce lo racconta Maisa: <\/p>\n\n\n\n<blockquote class=\"wp-block-quote is-layout-flow wp-block-quote-is-layout-flow\">\n<p>In questa guerra&nbsp;<strong>ho perso mio figlio<\/strong>. Ma venire qui, tutti i giorni, a lavorare mi ha davvero&nbsp;<strong>restituito una vita<\/strong><\/p>\n\n\n\n<div class=\"wp-block-proterrasancta-donation-button donation-buttons\"><\/div>\n\n\n\n<div style=\"height:81px\" aria-hidden=\"true\" class=\"wp-block-spacer\"><\/div>\n<\/blockquote>\n\n\n\n<h2 class=\"wp-block-heading\" id=\"h-il-modello-wip\"><strong>Il modello WIP<\/strong><\/h2>\n\n\n\n<p>Work in Progress, invece, \u00e8 attivo tra Damasco, Aleppo e il&nbsp;<a href=\"https:\/\/wiplebanon.org\/\">Libano<\/a> e sostiene la micro-imprenditoria locale non solo con fondi economici, ma anche con un percorso di coaching personalizzato. Ne abbiamo parlato di recente con <a href=\"https:\/\/www.proterrasancta.org\/it\/news\/imprenditoria-sociale-in-siria-e-libano\"><strong> Teresa Cinquina<\/strong><\/a>, referente del progetto, che ha raccontato cosa significa far leva sull&#8217;impresa sociale in contesti di crisi e iperinflazione. <\/p>\n\n\n\n<blockquote class=\"wp-block-quote is-layout-flow wp-block-quote-is-layout-flow\">\n<p>Fare impresa in Siria oggi significa scommettere su un rischio incalcolabile. Il nostro obiettivo, per\u00f2, \u00e8 intercettare chi \u00e8 rimasto per permettergli di creare un pezzo di futuro nella propria terra.<\/p>\n<\/blockquote>\n\n\n\n<h2 class=\"wp-block-heading\" id=\"h-le-radici-dell-imprenditoria-sociale\"><strong>Le radici dell\u2019imprenditoria sociale<\/strong><\/h2>\n\n\n\n<p>L\u2019imprenditoria sociale affonda le sue radici nel XIX secolo con il movimento cooperativo, nato per tutelare le classi pi\u00f9 fragili della societ\u00e0 come braccianti e operai. In Italia, questo approccio \u00e8 passato attraverso<strong> l\u2019Economia civile<\/strong>, promossa da teorici quali Antonio Genovesi gi\u00e0 all\u2019inizio del Settecento.<\/p>\n\n\n\n<p>L&#8217;economia civile teorizzava un mercato etico: non un semplice luogo di profitto, ma uno spazio per il bene comune.<strong> Un\u2019economia al servizio della societ\u00e0, non una societ\u00e0 al servizio dell\u2019economia. <\/strong>&nbsp;Questi erano i propositi tracciati alle origini di quella che oggi chiamiamo imprenditoria sociale.<\/p>\n\n\n\n<figure class=\"wp-block-image size-large\"><img loading=\"lazy\" decoding=\"async\" width=\"1000\" height=\"563\" src=\"https:\/\/preprod.proterrasancta.org\/wp-content\/uploads\/Progetto-senza-titolo-50-1000x563.png\" alt=\"\" class=\"wp-image-231696\" srcset=\"https:\/\/preprod.proterrasancta.org\/wp-content\/uploads\/Progetto-senza-titolo-50-1000x563.png 1000w, https:\/\/preprod.proterrasancta.org\/wp-content\/uploads\/Progetto-senza-titolo-50-400x225.png 400w, https:\/\/preprod.proterrasancta.org\/wp-content\/uploads\/Progetto-senza-titolo-50-240x135.png 240w, https:\/\/preprod.proterrasancta.org\/wp-content\/uploads\/Progetto-senza-titolo-50-768x432.png 768w, https:\/\/preprod.proterrasancta.org\/wp-content\/uploads\/Progetto-senza-titolo-50-1536x864.png 1536w, https:\/\/preprod.proterrasancta.org\/wp-content\/uploads\/Progetto-senza-titolo-50.png 1920w\" sizes=\"(max-width: 1000px) 100vw, 1000px\" \/><figcaption class=\"wp-element-caption\"><strong>Reem Haddad nella sua clinica pediatrica<\/strong><\/figcaption><\/figure>\n\n\n\n<h2 class=\"wp-block-heading\" id=\"h-finanziare-persone-non-solo-progetti-l-evoluzione-dell-imprenditoria-sociale\"><a><\/a><strong>Finanziare persone, non solo progetti: l\u2019evoluzione dell\u2019imprenditoria sociale<\/strong><\/h2>\n\n\n\n<p>Negli anni \u201880, l\u2019economista Bill Drayton fonda Ashoka, la rete degli imprenditori sociali. L&#8217;imprenditore sociale non \u00e8 chi distribuisce cibo agli affamati (quello \u00e8 il ruolo, pur nobile, dell&#8217;assistenza), ma chi si chiede: <\/p>\n\n\n\n<blockquote class=\"wp-block-quote is-layout-flow wp-block-quote-is-layout-flow\">\n<p>Perch\u00e9 queste persone non hanno accesso al cibo e come posso cambiare il sistema produttivo o distributivo affinch\u00e9 il problema non si ripresenti?<\/p>\n<\/blockquote>\n\n\n\n<p>L&#8217;obiettivo \u00e8 il <strong>cambiamento sistemico<\/strong>: una modifica permanente nel modo in cui una societ\u00e0 opera, attraverso nuove leggi, nuove dinamiche di mercato o nuovi standard culturali. L\u2019organizzazione Ashoka,ad esempio, nasce per identificare e selezionare imprenditori sociali di spicco in tutto il mondo che hanno ideato soluzioni innovative per problemi sociali (sanit\u00e0, ambiente, istruzione, diritti umani).<\/p>\n\n\n\n<p>Questa visione ha trovato un solido fondamento intellettuale nel pensiero di <strong>Amartya Sen<\/strong>, Premio Nobel per l&#8217;Economia che ha scardinato la visione tradizionale dello sviluppo: il progresso di una nazione non si misura dal PIL, ma dalle <strong>\u2018<em>capabilities<\/em>\u2019 <\/strong>dei suoi cittadini. Per Sen, lo sviluppo reale non \u00e8 un dato statistico, ma coincide con la libert\u00e0 concreta delle persone di condurre la vita che desiderano.<\/p>\n\n\n\n<p>Se negli anni &#8217;80, quindi, Bill Drayton forniva gli strumenti operativi per creare il cambiamento, Amartya Sen spiegava al mondo che il vero sviluppo non \u00e8 accumulo di ricchezza, ma l\u2019espansione del benessere psico-sociale, dato dalla possibilit\u00e0 di scelta.<\/p>\n\n\n\n<p><strong>L&#8217;imprenditoria sociale emerge come ponte tra queste due visioni<\/strong>: <strong>usa il mercato per restituire alle persone il potere di&nbsp; autodeterminare il proprio destino.<\/strong><\/p>\n\n\n\n<h2 class=\"wp-block-heading\" id=\"h-restare-la-storia-di-reem-haddad\"><a><\/a><strong>Restare: la storia di Reem Haddad<\/strong><\/h2>\n\n\n\n<p><a href=\"https:\/\/www.proterrasancta.org\/it\/project\/wip-work-in-progress\">Il progetto <strong>WIP<\/strong><\/a> attua proprio questo approccio: sostiene i professionisti locali che scelgono di restare, come la pediatra Reem Haddad. In un&#8217;area densamente popolata di Damasco, dove l&#8217;instabilit\u00e0 economica spesso nega il diritto alla salute, <strong>Haddad <\/strong>incarna perfettamente questa missione.<\/p>\n\n\n\n<p>Forte di una solida formazione quadriennale maturata presso l&#8217;Ospedale Al-Mujtahid e il dipartimento di neonatologia dell&#8217;Al-Zahrawi, Reem ha messo la sua vasta esperienza al servizio della sua comunit\u00e0.<\/p>\n\n\n\n<p>La sua clinica specializzata non \u00e8 solo un presidio medico, ma una sfida alle epidemie e alla precariet\u00e0: qui accoglie <strong>pazienti dai primi giorni di vita fino ai 13 anni, <\/strong>garantendo diagnosi e trattamenti d&#8217;avanguardia a prezzi accessibili anche per le famiglie pi\u00f9 vulnerabili.<\/p>\n\n\n\n<p>Ogni bambino curato da Reem rappresenta uno di quegli atti di fiducia di cui parlavamo all\u2019inizio: la prova che restare non \u00e8 una rinuncia, ma un modo per continuare a investire sulla vita.<\/p>\n\n\n\n<div style=\"background-color:transparent\" class=\"wp-block-proterrasancta-form-donate\"><div class=\"container px-0\"><div id=\"form-donate-root\" class=\"form-donate-root\" data-card-color=\"white\" data-lng=\"it\" data-icon1=\"assistenza\" data-icon2=\"formazione\" data-icon3=\"educazione2\" data-ask1=\"30\" data-ask2=\"60\" data-ask3=\"120\" data-ask1-text=\" Contribuisci ad acquistare i materiali necessari per corsi e laboratori artigianali\" data-ask2-text=\"Aiutaci a organizzare corsi di formazione  professionale per le donne di Betania\" data-ask3-text=\"Aiutaci a studiare nuovi prodotti  artigianali legati alla tradizione del luogo\" data-campaign-tag=\"26-EM-BETANIANARDO-26411\" data-paypal-key=\"AXlo5BqnfFZyW1uZxx5gkgYegrUCI86f7Q65TIABhmOq4Kt5JEb1zM1NdRUKDtV0obCFXmhjIC1tXxQ8\" data-stripe-key=\"pk_live_51HoUXjJhU1LmKSdSbkxGlrACRcf4LTv1RqqzDcqKytqJzbs1tzvrgsw5sRp5USAUGdCg8fHwNbTtvWCTlUno6gSB00fvqTKLzg\" data-env=\"prod\" data-thank-you-url=\"\" data-form-type=\"standard\" data-form-shape=\"form\" data-text-button=\"Dona Ora\" data-text-drawer1=\"Sostieni le donne di Betania\" data-text-drawer2=\"Dona speranza a chi ha perso tutto!\" data-text-image-url=\"https:\/\/preprod.proterrasancta.org\/wp-content\/uploads\/DSC_0009-Copia-scaled.jpg\" data-text-image-url-mobile=\"https:\/\/preprod.proterrasancta.org\/wp-content\/uploads\/DSC_0009-Copia-scaled.jpg\"><\/div><\/div><\/div>\n","protected":false},"excerpt":{"rendered":"<p>L\u2019imprenditoria sociale, anche nei contesti politici pi\u00f9 fragili, riesce a mettere al centro l\u2019individuo e a renderlo protagonista della propria storia, per un\u2019economia che sappia essere al servizio della societ\u00e0 e non il contrario. Un atto di fiducia L&#8217;imprenditoria sociale non \u00e8 solo una strategia economica: rappresenta un atto di fiducia verso un futuro che, [&hellip;]<\/p>\n","protected":false},"author":114,"featured_media":231690,"comment_status":"closed","ping_status":"closed","sticky":false,"template":"","format":"standard","meta":{"_acf_changed":false,"inline_featured_image":false,"footnotes":""},"categories":[4,1],"tags":[11240,410],"campaign_code":[],"class_list":["post-231688","post","type-post","status-publish","format-standard","has-post-thumbnail","hentry","category-news","category-non-categorizzato","tag-imprenditoria-sociale","tag-medio-oriente"],"acf":[],"yoast_head":"<!-- This site is optimized with the Yoast SEO Premium plugin v17.7 (Yoast SEO v19.14) - https:\/\/yoast.com\/wordpress\/plugins\/seo\/ -->\n<title>Progetti di imprenditoria sociale in Terra Santa | Pro Terra Sancta<\/title>\n<meta name=\"description\" content=\"Pro Terra Sancta supporta l\u2019imprenditoria sociale con progetti mirati a creare opportunit\u00e0 economiche in Siria, Libano e Palestina\" \/>\n<meta name=\"robots\" content=\"noindex, follow, max-snippet:-1, max-image-preview:large, max-video-preview:-1\" \/>\n<meta property=\"og:locale\" content=\"it_IT\" \/>\n<meta property=\"og:type\" content=\"article\" \/>\n<meta property=\"og:title\" content=\"L\u2019imprenditoria sociale per promuovere il cambiamento\" \/>\n<meta property=\"og:description\" content=\"Pro Terra Sancta supporta l\u2019imprenditoria sociale con progetti mirati a creare opportunit\u00e0 economiche in Siria, Libano e Palestina\" \/>\n<meta property=\"og:url\" content=\"https:\/\/preprod.proterrasancta.org\/it\/progetti-di-imprenditoria-sociale-in-terra-santa\/\" \/>\n<meta property=\"og:site_name\" content=\"Pro Terra Sancta\" \/>\n<meta property=\"article:publisher\" content=\"https:\/\/www.facebook.com\/proterrasancta\/\" \/>\n<meta property=\"article:published_time\" content=\"2026-03-10T16:59:28+00:00\" \/>\n<meta property=\"article:modified_time\" content=\"2026-03-12T16:52:43+00:00\" \/>\n<meta property=\"og:image\" content=\"https:\/\/preprod.proterrasancta.org\/wp-content\/uploads\/IMG_0664-scaled.jpg\" \/>\n\t<meta property=\"og:image:width\" content=\"2880\" \/>\n\t<meta property=\"og:image:height\" content=\"1920\" \/>\n\t<meta property=\"og:image:type\" content=\"image\/jpeg\" \/>\n<meta name=\"author\" content=\"Giulia Camuffo\" \/>\n<meta name=\"twitter:card\" content=\"summary_large_image\" \/>\n<meta name=\"twitter:creator\" content=\"@proterrasancta\" \/>\n<meta name=\"twitter:site\" content=\"@proterrasancta\" \/>\n<meta name=\"twitter:label1\" content=\"Scritto da\" \/>\n\t<meta name=\"twitter:data1\" content=\"Giulia Camuffo\" \/>\n\t<meta name=\"twitter:label2\" content=\"Tempo di lettura stimato\" \/>\n\t<meta name=\"twitter:data2\" content=\"5 minuti\" \/>\n<script type=\"application\/ld+json\" class=\"yoast-schema-graph\">{\"@context\":\"https:\/\/schema.org\",\"@graph\":[{\"@type\":\"Article\",\"@id\":\"https:\/\/preprod.proterrasancta.org\/it\/progetti-di-imprenditoria-sociale-in-terra-santa\/#article\",\"isPartOf\":{\"@id\":\"https:\/\/preprod.proterrasancta.org\/it\/progetti-di-imprenditoria-sociale-in-terra-santa\/\"},\"author\":{\"name\":\"Giulia Camuffo\",\"@id\":\"https:\/\/preprod.proterrasancta.org\/it\/#\/schema\/person\/1c6d8dd42547b880aaf7f1c1133554ed\"},\"headline\":\"L\u2019imprenditoria sociale per promuovere il cambiamento\",\"datePublished\":\"2026-03-10T16:59:28+00:00\",\"dateModified\":\"2026-03-12T16:52:43+00:00\",\"mainEntityOfPage\":{\"@id\":\"https:\/\/preprod.proterrasancta.org\/it\/progetti-di-imprenditoria-sociale-in-terra-santa\/\"},\"wordCount\":851,\"publisher\":{\"@id\":\"https:\/\/preprod.proterrasancta.org\/it\/#organization\"},\"keywords\":[\"Imprenditoria sociale\",\"Medio Oriente\"],\"articleSection\":[\"News\",\"Non categorizzato\"],\"inLanguage\":\"it-IT\"},{\"@type\":\"WebPage\",\"@id\":\"https:\/\/preprod.proterrasancta.org\/it\/progetti-di-imprenditoria-sociale-in-terra-santa\/\",\"url\":\"https:\/\/preprod.proterrasancta.org\/it\/progetti-di-imprenditoria-sociale-in-terra-santa\/\",\"name\":\"Progetti di imprenditoria sociale in Terra Santa | Pro Terra Sancta\",\"isPartOf\":{\"@id\":\"https:\/\/preprod.proterrasancta.org\/it\/#website\"},\"datePublished\":\"2026-03-10T16:59:28+00:00\",\"dateModified\":\"2026-03-12T16:52:43+00:00\",\"description\":\"Pro Terra Sancta supporta l\u2019imprenditoria sociale con progetti mirati a creare opportunit\u00e0 economiche in Siria, Libano e Palestina\",\"breadcrumb\":{\"@id\":\"https:\/\/preprod.proterrasancta.org\/it\/progetti-di-imprenditoria-sociale-in-terra-santa\/#breadcrumb\"},\"inLanguage\":\"it-IT\",\"potentialAction\":[{\"@type\":\"ReadAction\",\"target\":[\"https:\/\/preprod.proterrasancta.org\/it\/progetti-di-imprenditoria-sociale-in-terra-santa\/\"]}]},{\"@type\":\"BreadcrumbList\",\"@id\":\"https:\/\/preprod.proterrasancta.org\/it\/progetti-di-imprenditoria-sociale-in-terra-santa\/#breadcrumb\",\"itemListElement\":[{\"@type\":\"ListItem\",\"position\":1,\"name\":\"Home\",\"item\":\"https:\/\/preprod.proterrasancta.org\/it\/\"},{\"@type\":\"ListItem\",\"position\":2,\"name\":\"L\u2019imprenditoria sociale per promuovere il cambiamento\"}]},{\"@type\":\"WebSite\",\"@id\":\"https:\/\/preprod.proterrasancta.org\/it\/#website\",\"url\":\"https:\/\/preprod.proterrasancta.org\/it\/\",\"name\":\"Pro Terra Sancta\",\"description\":\"To foster bonds between the Holy Land and the world\",\"publisher\":{\"@id\":\"https:\/\/preprod.proterrasancta.org\/it\/#organization\"},\"potentialAction\":[{\"@type\":\"SearchAction\",\"target\":{\"@type\":\"EntryPoint\",\"urlTemplate\":\"https:\/\/preprod.proterrasancta.org\/it\/?s={search_term_string}\"},\"query-input\":\"required name=search_term_string\"}],\"inLanguage\":\"it-IT\"},{\"@type\":\"Organization\",\"@id\":\"https:\/\/preprod.proterrasancta.org\/it\/#organization\",\"name\":\"Associazione Pro Terra Sancta\",\"url\":\"https:\/\/preprod.proterrasancta.org\/it\/\",\"logo\":{\"@type\":\"ImageObject\",\"inLanguage\":\"it-IT\",\"@id\":\"https:\/\/preprod.proterrasancta.org\/it\/#\/schema\/logo\/image\/\",\"url\":\"https:\/\/www.proterrasancta.org\/wp-content\/uploads\/Logo_ProTerraSancta_Colori_web_high_modificato.jpg\",\"contentUrl\":\"https:\/\/www.proterrasancta.org\/wp-content\/uploads\/Logo_ProTerraSancta_Colori_web_high_modificato.jpg\",\"width\":1018,\"height\":576,\"caption\":\"Associazione Pro Terra Sancta\"},\"image\":{\"@id\":\"https:\/\/preprod.proterrasancta.org\/it\/#\/schema\/logo\/image\/\"},\"sameAs\":[\"https:\/\/www.instagram.com\/proterrasancta\/\",\"https:\/\/www.linkedin.com\/company\/pro-terra-sancta\/\",\"https:\/\/www.youtube.com\/user\/proterrasancta\",\"https:\/\/www.facebook.com\/proterrasancta\/\",\"https:\/\/twitter.com\/proterrasancta\"]},{\"@type\":\"Person\",\"@id\":\"https:\/\/preprod.proterrasancta.org\/it\/#\/schema\/person\/1c6d8dd42547b880aaf7f1c1133554ed\",\"name\":\"Giulia Camuffo\",\"image\":{\"@type\":\"ImageObject\",\"inLanguage\":\"it-IT\",\"@id\":\"https:\/\/preprod.proterrasancta.org\/it\/#\/schema\/person\/image\/\",\"url\":\"https:\/\/secure.gravatar.com\/avatar\/12b7817709efa19247d6be58ddb0bbe1?s=96&d=mm&r=g\",\"contentUrl\":\"https:\/\/secure.gravatar.com\/avatar\/12b7817709efa19247d6be58ddb0bbe1?s=96&d=mm&r=g\",\"caption\":\"Giulia Camuffo\"},\"url\":\"https:\/\/preprod.proterrasancta.org\/it\/author\/giulia-camuffo\/\"}]}<\/script>\n<!-- \/ Yoast SEO Premium plugin. -->","yoast_head_json":{"title":"Progetti di imprenditoria sociale in Terra Santa | Pro Terra Sancta","description":"Pro Terra Sancta supporta l\u2019imprenditoria sociale con progetti mirati a creare opportunit\u00e0 economiche in Siria, Libano e Palestina","robots":{"index":"noindex","follow":"follow","max-snippet":"max-snippet:-1","max-image-preview":"max-image-preview:large","max-video-preview":"max-video-preview:-1"},"og_locale":"it_IT","og_type":"article","og_title":"L\u2019imprenditoria sociale per promuovere il cambiamento","og_description":"Pro Terra Sancta supporta l\u2019imprenditoria sociale con progetti mirati a creare opportunit\u00e0 economiche in Siria, Libano e Palestina","og_url":"https:\/\/preprod.proterrasancta.org\/it\/progetti-di-imprenditoria-sociale-in-terra-santa\/","og_site_name":"Pro Terra Sancta","article_publisher":"https:\/\/www.facebook.com\/proterrasancta\/","article_published_time":"2026-03-10T16:59:28+00:00","article_modified_time":"2026-03-12T16:52:43+00:00","og_image":[{"width":2880,"height":1920,"url":"https:\/\/preprod.proterrasancta.org\/wp-content\/uploads\/IMG_0664-scaled.jpg","type":"image\/jpeg"}],"author":"Giulia Camuffo","twitter_card":"summary_large_image","twitter_creator":"@proterrasancta","twitter_site":"@proterrasancta","twitter_misc":{"Scritto da":"Giulia Camuffo","Tempo di lettura stimato":"5 minuti"},"schema":{"@context":"https:\/\/schema.org","@graph":[{"@type":"Article","@id":"https:\/\/preprod.proterrasancta.org\/it\/progetti-di-imprenditoria-sociale-in-terra-santa\/#article","isPartOf":{"@id":"https:\/\/preprod.proterrasancta.org\/it\/progetti-di-imprenditoria-sociale-in-terra-santa\/"},"author":{"name":"Giulia Camuffo","@id":"https:\/\/preprod.proterrasancta.org\/it\/#\/schema\/person\/1c6d8dd42547b880aaf7f1c1133554ed"},"headline":"L\u2019imprenditoria sociale per promuovere il cambiamento","datePublished":"2026-03-10T16:59:28+00:00","dateModified":"2026-03-12T16:52:43+00:00","mainEntityOfPage":{"@id":"https:\/\/preprod.proterrasancta.org\/it\/progetti-di-imprenditoria-sociale-in-terra-santa\/"},"wordCount":851,"publisher":{"@id":"https:\/\/preprod.proterrasancta.org\/it\/#organization"},"keywords":["Imprenditoria sociale","Medio Oriente"],"articleSection":["News","Non categorizzato"],"inLanguage":"it-IT"},{"@type":"WebPage","@id":"https:\/\/preprod.proterrasancta.org\/it\/progetti-di-imprenditoria-sociale-in-terra-santa\/","url":"https:\/\/preprod.proterrasancta.org\/it\/progetti-di-imprenditoria-sociale-in-terra-santa\/","name":"Progetti di imprenditoria sociale in Terra Santa | Pro Terra Sancta","isPartOf":{"@id":"https:\/\/preprod.proterrasancta.org\/it\/#website"},"datePublished":"2026-03-10T16:59:28+00:00","dateModified":"2026-03-12T16:52:43+00:00","description":"Pro Terra Sancta supporta l\u2019imprenditoria sociale con progetti mirati a creare opportunit\u00e0 economiche in Siria, Libano e Palestina","breadcrumb":{"@id":"https:\/\/preprod.proterrasancta.org\/it\/progetti-di-imprenditoria-sociale-in-terra-santa\/#breadcrumb"},"inLanguage":"it-IT","potentialAction":[{"@type":"ReadAction","target":["https:\/\/preprod.proterrasancta.org\/it\/progetti-di-imprenditoria-sociale-in-terra-santa\/"]}]},{"@type":"BreadcrumbList","@id":"https:\/\/preprod.proterrasancta.org\/it\/progetti-di-imprenditoria-sociale-in-terra-santa\/#breadcrumb","itemListElement":[{"@type":"ListItem","position":1,"name":"Home","item":"https:\/\/preprod.proterrasancta.org\/it\/"},{"@type":"ListItem","position":2,"name":"L\u2019imprenditoria sociale per promuovere il cambiamento"}]},{"@type":"WebSite","@id":"https:\/\/preprod.proterrasancta.org\/it\/#website","url":"https:\/\/preprod.proterrasancta.org\/it\/","name":"Pro Terra Sancta","description":"To foster bonds between the Holy Land and the world","publisher":{"@id":"https:\/\/preprod.proterrasancta.org\/it\/#organization"},"potentialAction":[{"@type":"SearchAction","target":{"@type":"EntryPoint","urlTemplate":"https:\/\/preprod.proterrasancta.org\/it\/?s={search_term_string}"},"query-input":"required name=search_term_string"}],"inLanguage":"it-IT"},{"@type":"Organization","@id":"https:\/\/preprod.proterrasancta.org\/it\/#organization","name":"Associazione Pro Terra Sancta","url":"https:\/\/preprod.proterrasancta.org\/it\/","logo":{"@type":"ImageObject","inLanguage":"it-IT","@id":"https:\/\/preprod.proterrasancta.org\/it\/#\/schema\/logo\/image\/","url":"https:\/\/www.proterrasancta.org\/wp-content\/uploads\/Logo_ProTerraSancta_Colori_web_high_modificato.jpg","contentUrl":"https:\/\/www.proterrasancta.org\/wp-content\/uploads\/Logo_ProTerraSancta_Colori_web_high_modificato.jpg","width":1018,"height":576,"caption":"Associazione Pro Terra Sancta"},"image":{"@id":"https:\/\/preprod.proterrasancta.org\/it\/#\/schema\/logo\/image\/"},"sameAs":["https:\/\/www.instagram.com\/proterrasancta\/","https:\/\/www.linkedin.com\/company\/pro-terra-sancta\/","https:\/\/www.youtube.com\/user\/proterrasancta","https:\/\/www.facebook.com\/proterrasancta\/","https:\/\/twitter.com\/proterrasancta"]},{"@type":"Person","@id":"https:\/\/preprod.proterrasancta.org\/it\/#\/schema\/person\/1c6d8dd42547b880aaf7f1c1133554ed","name":"Giulia Camuffo","image":{"@type":"ImageObject","inLanguage":"it-IT","@id":"https:\/\/preprod.proterrasancta.org\/it\/#\/schema\/person\/image\/","url":"https:\/\/secure.gravatar.com\/avatar\/12b7817709efa19247d6be58ddb0bbe1?s=96&d=mm&r=g","contentUrl":"https:\/\/secure.gravatar.com\/avatar\/12b7817709efa19247d6be58ddb0bbe1?s=96&d=mm&r=g","caption":"Giulia Camuffo"},"url":"https:\/\/preprod.proterrasancta.org\/it\/author\/giulia-camuffo\/"}]}},"_links":{"self":[{"href":"https:\/\/preprod.proterrasancta.org\/it\/wp-json\/wp\/v2\/posts\/231688"}],"collection":[{"href":"https:\/\/preprod.proterrasancta.org\/it\/wp-json\/wp\/v2\/posts"}],"about":[{"href":"https:\/\/preprod.proterrasancta.org\/it\/wp-json\/wp\/v2\/types\/post"}],"author":[{"embeddable":true,"href":"https:\/\/preprod.proterrasancta.org\/it\/wp-json\/wp\/v2\/users\/114"}],"replies":[{"embeddable":true,"href":"https:\/\/preprod.proterrasancta.org\/it\/wp-json\/wp\/v2\/comments?post=231688"}],"version-history":[{"count":5,"href":"https:\/\/preprod.proterrasancta.org\/it\/wp-json\/wp\/v2\/posts\/231688\/revisions"}],"predecessor-version":[{"id":231805,"href":"https:\/\/preprod.proterrasancta.org\/it\/wp-json\/wp\/v2\/posts\/231688\/revisions\/231805"}],"wp:featuredmedia":[{"embeddable":true,"href":"https:\/\/preprod.proterrasancta.org\/it\/wp-json\/wp\/v2\/media\/231690"}],"wp:attachment":[{"href":"https:\/\/preprod.proterrasancta.org\/it\/wp-json\/wp\/v2\/media?parent=231688"}],"wp:term":[{"taxonomy":"category","embeddable":true,"href":"https:\/\/preprod.proterrasancta.org\/it\/wp-json\/wp\/v2\/categories?post=231688"},{"taxonomy":"post_tag","embeddable":true,"href":"https:\/\/preprod.proterrasancta.org\/it\/wp-json\/wp\/v2\/tags?post=231688"},{"taxonomy":"campaign_code","embeddable":true,"href":"https:\/\/preprod.proterrasancta.org\/it\/wp-json\/wp\/v2\/campaign_code?post=231688"}],"curies":[{"name":"wp","href":"https:\/\/api.w.org\/{rel}","templated":true}]}}