{"id":105818,"date":"2019-04-15T16:27:20","date_gmt":"2019-04-15T13:27:20","guid":{"rendered":"https:\/\/www.proterrasancta.org\/?post_type=fr-post&#038;p=105818"},"modified":"2022-01-03T11:14:48","modified_gmt":"2022-01-03T10:14:48","slug":"alep-pardon-et-charite-pour-reconstruire-la-paix","status":"publish","type":"post","link":"https:\/\/preprod.proterrasancta.org\/fr\/alep-pardon-et-charite-pour-reconstruire-la-paix\/","title":{"rendered":"Alep: pardon et charit\u00e9 pour reconstruire la paix"},"content":{"rendered":"<p><strong>Alep<\/strong>. L\u2019hiver g\u00e9n\u00e9ral porte les derniers coups \u00e0 une ville qui a d\u00e9sesp\u00e9r\u00e9ment besoin du printemps. Cette ann\u00e9e, trop de personnes sont <strong>mortes du froid<\/strong>. Les files d&rsquo;attente aux stations-service ne promettent rien de bon et confirment la triste intuition avec laquelle nous sommes arriv\u00e9s de <strong>Damas<\/strong>. Une autre ville <strong>\u00e0 genoux<\/strong>, sans carburant, <strong>sans \u00e9lectricit\u00e9<\/strong>. La nuit, la guerre a cess\u00e9, mais les <strong>bombes<\/strong> emp\u00eachent toujours les Alpes du quartier d\u2019<strong>Azizieh<\/strong> de dormir.<\/p>\n<p>La <strong>paroisse Saint Fran\u00e7ois<\/strong> du <strong>P\u00e8re Ibrahim<\/strong> continue d\u2019aider tout le monde et, pendant les jours pass\u00e9s au couvent, les b\u00e9n\u00e9voles alternent sans rel\u00e2che dans cette <strong>machine de charit\u00e9<\/strong> miraculeuse. Ils distribuent des bidons<strong> d&rsquo;huile<\/strong>, de la <strong>nourriture<\/strong> et <strong>des couches<\/strong> pour les enfants. \u00c0 n&rsquo;importe qui, dans l&rsquo;esprit qui a toujours inspir\u00e9 les franciscains.<\/p>\n<p>\u00ab\u00a0Nous sommes maintenant r\u00e9duits au petit reste\u00a0\u00bb. <strong>Mgr Abou Khazen<\/strong> nous accueille sur le seuil de sa r\u00e9sidence, \u00e0 c\u00f4t\u00e9 du lieu o\u00f9 une religieuse a \u00e9t\u00e9 litt\u00e9ralement d\u00e9sint\u00e9gr\u00e9e par un <strong>missile<\/strong>. \u00ab\u00a0Sa m\u00e8re attend toujours son retour, car son corps n&rsquo;a jamais \u00e9t\u00e9 retrouv\u00e9\u00a0\u00bb, nous dit-il. La <strong>soif de justice<\/strong> de ce peuple est grande. \u00ab\u00a0Mais la r\u00e9conciliation, qui est le <strong>pardon<\/strong>, est encore plus grande que la justice.\u00a0\u00bb Le vicaire apostolique trace &#8211; avec ces mots &#8211; le <strong>chemin de la paix<\/strong>. Bien qu&rsquo;il soit humainement difficile de penser au pardon lorsqu&rsquo;on marche sur des <strong>kilom\u00e8tres de gravats<\/strong>. Pas seulement des mat\u00e9riaux, mais aussi des humains.<\/p>\n<p>Les personnes qui ont subi un <strong>traumatisme<\/strong>, la <strong>violence<\/strong>, <strong>perdu la famille<\/strong>, les amis. Au<strong> Terre Sainte College<\/strong>, o\u00f9 nous avons r\u00e9cemment lanc\u00e9 un projet d&rsquo;accueil de personnes souffrant de <strong>probl\u00e8mes<\/strong> <strong>psychologiques<\/strong>, nous rencontrons des enfants de la <strong>guerre<\/strong>. \u00ab\u00a0Ma fille a beaucoup souffert de la guerre. C&rsquo;est devenu violent et agressif. \u00a0\u00bb <strong>Maryam<\/strong> est \u00e9mue quand elle repense \u00e0 ces ann\u00e9es difficiles. Puis la petite fille, aussit\u00f4t qu&rsquo;elle a grandi, \u00ab\u00a0a commenc\u00e9 \u00e0 poser des questions sur la guerre et la situation, qui pour elle \u00e9tait <strong>insoutenable<\/strong>\u00ab\u00a0.<\/p>\n<p>\u00ab\u00a0Je sens que ma fille n&rsquo;a aucune chance.\u00a0\u00bb Parler est la m\u00e8re d&rsquo;un autre enfant qui pr\u00e9sente de graves retards mentaux. \u00ab\u00a0Dans mon village, j&rsquo;\u00e9tais <strong>d\u00e9sesp\u00e9r\u00e9<\/strong>: personne ne voulait jouer avec elle. Puis nous avons trouv\u00e9 cet endroit, avec d&rsquo;autres enfants comme elle: chaque jour, ils l&rsquo;aident \u00e0 <strong>d\u00e9velopper ses capacit\u00e9s<\/strong> et les talents que Dieu lui a donn\u00e9s \u00bb. Il sourit, essuyant ses larmes.<\/p>\n<p>Parfois, il suffit de regarder leurs <strong>dessins<\/strong>, ou simplement de les voir dessiner, pour comprendre: \u00abJ&rsquo;ai constat\u00e9 \u00e0 quel point ils \u00e9crasaient leurs crayons pour chasser les <strong>d\u00e9mons<\/strong> qu\u2019ils avaient \u00e0 l\u2019int\u00e9rieur\u00bb, nous dit le <strong>psychologue<\/strong> charg\u00e9 de suivre les gar\u00e7ons. Certains ne se montrent pas: ils ont <strong>peur<\/strong> de nous, ont peur des autres, se souvenant peut-\u00eatre d&rsquo;ann\u00e9es d&rsquo;<strong>abus<\/strong> et de <strong>violence<\/strong>. \u00ab\u00a0Heureusement, nous avons de nombreuses histoires de r\u00e9ussite d&rsquo;enfants qui surmontent lentement des traumatismes\u00a0\u00bb, nous dit le p\u00e8re <strong>Firas Lutfi<\/strong>, responsable du centre et du projet financ\u00e9 par <strong>ATS pro Terra Sancta<\/strong>, alors qu&rsquo;il nous emm\u00e8ne en voiture dans les quartiers les plus pauvres de la ville. \u00ab\u00a0Cela prendra des ann\u00e9es, mais nous ne pouvons pas, nous ne devons pas nous arr\u00eater\u00a0\u00bb.<\/p>\n<p>En visitant un quartier de banlieue, nous regardons le visage d&rsquo;un <strong>gar\u00e7on<\/strong> ruin\u00e9 par des <strong>plaies<\/strong>. En pantoufles, avec un pull vert poussi\u00e9reux et un <strong>pantalon d\u00e9chir\u00e9<\/strong>, essayez de jouer avec les autres enfants proches de lui. Personne ne veut \u00eatre pr\u00e8s de nous, ils l&rsquo;\u00e9vitent, peut-\u00eatre \u00e0 cause de son apparence, son <strong>visage sale et g\u00e2ch\u00e9<\/strong> par de gros points rouges. Quelques minutes plus tard, nous d\u00e9couvrons que cet enfant a une maladie grave et dans quelques mois, si rien n&rsquo;est fait, il <strong>mourra<\/strong> probablement. \u00ab\u00a0Les autres gars pensent que c&rsquo;est contagieux, alors personne ne veut le soutenir.\u00a0\u00bb<\/p>\n<p>Ni les autres enfants, ni l&rsquo;\u00e9tat. Le <strong>p\u00e8re Firas<\/strong> nous accompagne lors d&rsquo;une visite sur ces lieux, dans le cadre du projet \u00ab\u00a0<strong>Un nom et un avenir<\/strong>\u00ab\u00a0, d\u00e9di\u00e9 aux <strong>enfants n\u00e9s de violences<\/strong> ou ayant besoin d&rsquo;un soutien psychologique. Un projet n\u00e9 de l&rsquo;amiti\u00e9 avec le <strong>Mufti d&rsquo;Alep<\/strong>, que nous retrouvons dans son atelier, \u00e0 c\u00f4t\u00e9 de la <strong>citadelle<\/strong> mill\u00e9naire. \u00ab\u00a0Ce qui nous unit, c&rsquo;est la charit\u00e9\u00a0\u00bb. Le p\u00e8re Firas, un vieil ami \u00e0 lui. Il est heureux d&rsquo;\u00eatre avec lui et avec nous, car nous avons pari\u00e9 sur cette voie de l&rsquo;acceptation, \u00ab\u00a0la bonne voie\u00a0\u00bb.<\/p>\n<p>A tel point que &#8211; en nous renvoyant &#8211; il dit: \u00ab\u00a0N&rsquo;ayez pas peur, celui qui est du c\u00f4t\u00e9 de la v\u00e9rit\u00e9 l&#8217;emportera\u00a0\u00bb. Il ne voulait probablement pas dire victoire militaire. Le d\u00e9fi est encore plus grand: il concerne la <strong>victoire<\/strong> de tout un peuple sur son avenir. Et en regardant ce qui a \u00e9t\u00e9 fait et tout ce qui est fait pour aider Alep, il faut \u00eatre d\u2019accord avec lui.<\/p>\n<p style=\"text-align: center;\"><a class=\"prjbutton\" href=\"https:\/\/campaign.proterrasancta.org\/aidez-nous\/?utm_source=newsletter&amp;utm_medium=email&amp;utm_campaign=donazione-generica-fr\" rel=\"noopener\">SOUTENIR NOS ACTIVIT\u00c9S<\/a><\/p>\n","protected":false},"excerpt":{"rendered":"<p>Alep. L\u2019hiver g\u00e9n\u00e9ral porte les derniers coups \u00e0 une ville qui a d\u00e9sesp\u00e9r\u00e9ment besoin du printemps. Cette ann\u00e9e, trop de personnes sont mortes du froid. Les files d&rsquo;attente aux stations-service ne promettent rien de bon et confirment la triste intuition avec laquelle nous sommes arriv\u00e9s de Damas. Une autre ville \u00e0 genoux, sans carburant, sans [&hellip;]<\/p>\n","protected":false},"author":35,"featured_media":105809,"comment_status":"closed","ping_status":"closed","sticky":false,"template":"","format":"standard","meta":{"_acf_changed":false,"inline_featured_image":false,"footnotes":""},"categories":[9722],"tags":[],"campaign_code":[],"class_list":["post-105818","post","type-post","status-publish","format-standard","has-post-thumbnail","hentry","category-non-classifiee"],"acf":[],"yoast_head":"<!-- This site is optimized with the Yoast SEO Premium plugin v17.7 (Yoast SEO v19.14) - https:\/\/yoast.com\/wordpress\/plugins\/seo\/ -->\n<title>Alep: pardon et charit\u00e9 pour reconstruire la paix | Pro Terra Sancta<\/title>\n<meta name=\"description\" content=\"Alep. L\u2019hiver g\u00e9n\u00e9ral porte les derniers coups \u00e0 une ville qui a d\u00e9sesp\u00e9r\u00e9ment besoin du printemps. Cette ann\u00e9e, trop de personnes...\" \/>\n<meta name=\"robots\" content=\"noindex, follow, max-snippet:-1, max-image-preview:large, max-video-preview:-1\" \/>\n<meta property=\"og:locale\" content=\"fr_FR\" \/>\n<meta property=\"og:type\" content=\"article\" \/>\n<meta property=\"og:title\" content=\"Alep: pardon et charit\u00e9 pour reconstruire la paix\" \/>\n<meta property=\"og:description\" content=\"Alep. L\u2019hiver g\u00e9n\u00e9ral porte les derniers coups \u00e0 une ville qui a d\u00e9sesp\u00e9r\u00e9ment besoin du printemps. Cette ann\u00e9e, trop de personnes...\" \/>\n<meta property=\"og:url\" content=\"https:\/\/preprod.proterrasancta.org\/fr\/alep-pardon-et-charite-pour-reconstruire-la-paix\/\" \/>\n<meta property=\"og:site_name\" content=\"Pro Terra Sancta\" \/>\n<meta property=\"article:publisher\" content=\"https:\/\/www.facebook.com\/proterrasancta\/\" \/>\n<meta property=\"article:published_time\" content=\"2019-04-15T13:27:20+00:00\" \/>\n<meta property=\"article:modified_time\" content=\"2022-01-03T10:14:48+00:00\" \/>\n<meta property=\"og:image\" content=\"https:\/\/preprod.proterrasancta.org\/wp-content\/uploads\/IMG_6369.jpg\" \/>\n\t<meta property=\"og:image:width\" content=\"1000\" \/>\n\t<meta property=\"og:image:height\" content=\"750\" \/>\n\t<meta property=\"og:image:type\" content=\"image\/jpeg\" \/>\n<meta name=\"author\" content=\"Giacomo Pizzi\" \/>\n<meta name=\"twitter:card\" content=\"summary_large_image\" \/>\n<meta name=\"twitter:creator\" content=\"@proterrasancta\" \/>\n<meta name=\"twitter:site\" content=\"@proterrasancta\" \/>\n<meta name=\"twitter:label1\" content=\"\u00c9crit par\" \/>\n\t<meta name=\"twitter:data1\" content=\"Giacomo Pizzi\" \/>\n\t<meta name=\"twitter:label2\" content=\"Dur\u00e9e de lecture est.\" \/>\n\t<meta name=\"twitter:data2\" content=\"4 minutes\" \/>\n<script type=\"application\/ld+json\" class=\"yoast-schema-graph\">{\"@context\":\"https:\/\/schema.org\",\"@graph\":[{\"@type\":\"Article\",\"@id\":\"https:\/\/preprod.proterrasancta.org\/fr\/alep-pardon-et-charite-pour-reconstruire-la-paix\/#article\",\"isPartOf\":{\"@id\":\"https:\/\/preprod.proterrasancta.org\/fr\/alep-pardon-et-charite-pour-reconstruire-la-paix\/\"},\"author\":{\"name\":\"Giacomo Pizzi\",\"@id\":\"https:\/\/preprod.proterrasancta.org\/it\/#\/schema\/person\/c03a0c97a2c22a2681d54e29de17430c\"},\"headline\":\"Alep: pardon et charit\u00e9 pour reconstruire la paix\",\"datePublished\":\"2019-04-15T13:27:20+00:00\",\"dateModified\":\"2022-01-03T10:14:48+00:00\",\"mainEntityOfPage\":{\"@id\":\"https:\/\/preprod.proterrasancta.org\/fr\/alep-pardon-et-charite-pour-reconstruire-la-paix\/\"},\"wordCount\":881,\"publisher\":{\"@id\":\"https:\/\/preprod.proterrasancta.org\/it\/#organization\"},\"articleSection\":[\"Non classifi\u00e9(e)\"],\"inLanguage\":\"fr-FR\"},{\"@type\":\"WebPage\",\"@id\":\"https:\/\/preprod.proterrasancta.org\/fr\/alep-pardon-et-charite-pour-reconstruire-la-paix\/\",\"url\":\"https:\/\/preprod.proterrasancta.org\/fr\/alep-pardon-et-charite-pour-reconstruire-la-paix\/\",\"name\":\"Alep: pardon et charit\u00e9 pour reconstruire la paix | Pro Terra Sancta\",\"isPartOf\":{\"@id\":\"https:\/\/preprod.proterrasancta.org\/it\/#website\"},\"datePublished\":\"2019-04-15T13:27:20+00:00\",\"dateModified\":\"2022-01-03T10:14:48+00:00\",\"description\":\"Alep. L\u2019hiver g\u00e9n\u00e9ral porte les derniers coups \u00e0 une ville qui a d\u00e9sesp\u00e9r\u00e9ment besoin du printemps. Cette ann\u00e9e, trop de personnes...\",\"breadcrumb\":{\"@id\":\"https:\/\/preprod.proterrasancta.org\/fr\/alep-pardon-et-charite-pour-reconstruire-la-paix\/#breadcrumb\"},\"inLanguage\":\"fr-FR\",\"potentialAction\":[{\"@type\":\"ReadAction\",\"target\":[\"https:\/\/preprod.proterrasancta.org\/fr\/alep-pardon-et-charite-pour-reconstruire-la-paix\/\"]}]},{\"@type\":\"BreadcrumbList\",\"@id\":\"https:\/\/preprod.proterrasancta.org\/fr\/alep-pardon-et-charite-pour-reconstruire-la-paix\/#breadcrumb\",\"itemListElement\":[{\"@type\":\"ListItem\",\"position\":1,\"name\":\"Home\",\"item\":\"https:\/\/preprod.proterrasancta.org\/it\/\"},{\"@type\":\"ListItem\",\"position\":2,\"name\":\"Alep: pardon et charit\u00e9 pour reconstruire la paix\"}]},{\"@type\":\"WebSite\",\"@id\":\"https:\/\/preprod.proterrasancta.org\/it\/#website\",\"url\":\"https:\/\/preprod.proterrasancta.org\/it\/\",\"name\":\"Pro Terra Sancta\",\"description\":\"To foster bonds between the Holy Land and the world\",\"publisher\":{\"@id\":\"https:\/\/preprod.proterrasancta.org\/it\/#organization\"},\"potentialAction\":[{\"@type\":\"SearchAction\",\"target\":{\"@type\":\"EntryPoint\",\"urlTemplate\":\"https:\/\/preprod.proterrasancta.org\/it\/?s={search_term_string}\"},\"query-input\":\"required name=search_term_string\"}],\"inLanguage\":\"fr-FR\"},{\"@type\":\"Organization\",\"@id\":\"https:\/\/preprod.proterrasancta.org\/it\/#organization\",\"name\":\"Associazione Pro Terra Sancta\",\"url\":\"https:\/\/preprod.proterrasancta.org\/it\/\",\"logo\":{\"@type\":\"ImageObject\",\"inLanguage\":\"fr-FR\",\"@id\":\"https:\/\/preprod.proterrasancta.org\/it\/#\/schema\/logo\/image\/\",\"url\":\"https:\/\/www.proterrasancta.org\/wp-content\/uploads\/Logo_ProTerraSancta_Colori_web_high_modificato.jpg\",\"contentUrl\":\"https:\/\/www.proterrasancta.org\/wp-content\/uploads\/Logo_ProTerraSancta_Colori_web_high_modificato.jpg\",\"width\":1018,\"height\":576,\"caption\":\"Associazione Pro Terra Sancta\"},\"image\":{\"@id\":\"https:\/\/preprod.proterrasancta.org\/it\/#\/schema\/logo\/image\/\"},\"sameAs\":[\"https:\/\/www.instagram.com\/proterrasancta\/\",\"https:\/\/www.linkedin.com\/company\/pro-terra-sancta\/\",\"https:\/\/www.youtube.com\/user\/proterrasancta\",\"https:\/\/www.facebook.com\/proterrasancta\/\",\"https:\/\/twitter.com\/proterrasancta\"]},{\"@type\":\"Person\",\"@id\":\"https:\/\/preprod.proterrasancta.org\/it\/#\/schema\/person\/c03a0c97a2c22a2681d54e29de17430c\",\"name\":\"Giacomo Pizzi\",\"image\":{\"@type\":\"ImageObject\",\"inLanguage\":\"fr-FR\",\"@id\":\"https:\/\/preprod.proterrasancta.org\/it\/#\/schema\/person\/image\/\",\"url\":\"https:\/\/secure.gravatar.com\/avatar\/900c575219bd8bb5f7711ce33f0e43ea?s=96&d=mm&r=g\",\"contentUrl\":\"https:\/\/secure.gravatar.com\/avatar\/900c575219bd8bb5f7711ce33f0e43ea?s=96&d=mm&r=g\",\"caption\":\"Giacomo Pizzi\"},\"url\":\"https:\/\/preprod.proterrasancta.org\/fr\/author\/pizzi\/\"}]}<\/script>\n<!-- \/ Yoast SEO Premium plugin. -->","yoast_head_json":{"title":"Alep: pardon et charit\u00e9 pour reconstruire la paix | Pro Terra Sancta","description":"Alep. L\u2019hiver g\u00e9n\u00e9ral porte les derniers coups \u00e0 une ville qui a d\u00e9sesp\u00e9r\u00e9ment besoin du printemps. Cette ann\u00e9e, trop de personnes...","robots":{"index":"noindex","follow":"follow","max-snippet":"max-snippet:-1","max-image-preview":"max-image-preview:large","max-video-preview":"max-video-preview:-1"},"og_locale":"fr_FR","og_type":"article","og_title":"Alep: pardon et charit\u00e9 pour reconstruire la paix","og_description":"Alep. L\u2019hiver g\u00e9n\u00e9ral porte les derniers coups \u00e0 une ville qui a d\u00e9sesp\u00e9r\u00e9ment besoin du printemps. Cette ann\u00e9e, trop de personnes...","og_url":"https:\/\/preprod.proterrasancta.org\/fr\/alep-pardon-et-charite-pour-reconstruire-la-paix\/","og_site_name":"Pro Terra Sancta","article_publisher":"https:\/\/www.facebook.com\/proterrasancta\/","article_published_time":"2019-04-15T13:27:20+00:00","article_modified_time":"2022-01-03T10:14:48+00:00","og_image":[{"width":1000,"height":750,"url":"https:\/\/preprod.proterrasancta.org\/wp-content\/uploads\/IMG_6369.jpg","type":"image\/jpeg"}],"author":"Giacomo Pizzi","twitter_card":"summary_large_image","twitter_creator":"@proterrasancta","twitter_site":"@proterrasancta","twitter_misc":{"\u00c9crit par":"Giacomo Pizzi","Dur\u00e9e de lecture est.":"4 minutes"},"schema":{"@context":"https:\/\/schema.org","@graph":[{"@type":"Article","@id":"https:\/\/preprod.proterrasancta.org\/fr\/alep-pardon-et-charite-pour-reconstruire-la-paix\/#article","isPartOf":{"@id":"https:\/\/preprod.proterrasancta.org\/fr\/alep-pardon-et-charite-pour-reconstruire-la-paix\/"},"author":{"name":"Giacomo Pizzi","@id":"https:\/\/preprod.proterrasancta.org\/it\/#\/schema\/person\/c03a0c97a2c22a2681d54e29de17430c"},"headline":"Alep: pardon et charit\u00e9 pour reconstruire la paix","datePublished":"2019-04-15T13:27:20+00:00","dateModified":"2022-01-03T10:14:48+00:00","mainEntityOfPage":{"@id":"https:\/\/preprod.proterrasancta.org\/fr\/alep-pardon-et-charite-pour-reconstruire-la-paix\/"},"wordCount":881,"publisher":{"@id":"https:\/\/preprod.proterrasancta.org\/it\/#organization"},"articleSection":["Non classifi\u00e9(e)"],"inLanguage":"fr-FR"},{"@type":"WebPage","@id":"https:\/\/preprod.proterrasancta.org\/fr\/alep-pardon-et-charite-pour-reconstruire-la-paix\/","url":"https:\/\/preprod.proterrasancta.org\/fr\/alep-pardon-et-charite-pour-reconstruire-la-paix\/","name":"Alep: pardon et charit\u00e9 pour reconstruire la paix | Pro Terra Sancta","isPartOf":{"@id":"https:\/\/preprod.proterrasancta.org\/it\/#website"},"datePublished":"2019-04-15T13:27:20+00:00","dateModified":"2022-01-03T10:14:48+00:00","description":"Alep. L\u2019hiver g\u00e9n\u00e9ral porte les derniers coups \u00e0 une ville qui a d\u00e9sesp\u00e9r\u00e9ment besoin du printemps. Cette ann\u00e9e, trop de personnes...","breadcrumb":{"@id":"https:\/\/preprod.proterrasancta.org\/fr\/alep-pardon-et-charite-pour-reconstruire-la-paix\/#breadcrumb"},"inLanguage":"fr-FR","potentialAction":[{"@type":"ReadAction","target":["https:\/\/preprod.proterrasancta.org\/fr\/alep-pardon-et-charite-pour-reconstruire-la-paix\/"]}]},{"@type":"BreadcrumbList","@id":"https:\/\/preprod.proterrasancta.org\/fr\/alep-pardon-et-charite-pour-reconstruire-la-paix\/#breadcrumb","itemListElement":[{"@type":"ListItem","position":1,"name":"Home","item":"https:\/\/preprod.proterrasancta.org\/it\/"},{"@type":"ListItem","position":2,"name":"Alep: pardon et charit\u00e9 pour reconstruire la paix"}]},{"@type":"WebSite","@id":"https:\/\/preprod.proterrasancta.org\/it\/#website","url":"https:\/\/preprod.proterrasancta.org\/it\/","name":"Pro Terra Sancta","description":"To foster bonds between the Holy Land and the world","publisher":{"@id":"https:\/\/preprod.proterrasancta.org\/it\/#organization"},"potentialAction":[{"@type":"SearchAction","target":{"@type":"EntryPoint","urlTemplate":"https:\/\/preprod.proterrasancta.org\/it\/?s={search_term_string}"},"query-input":"required name=search_term_string"}],"inLanguage":"fr-FR"},{"@type":"Organization","@id":"https:\/\/preprod.proterrasancta.org\/it\/#organization","name":"Associazione Pro Terra Sancta","url":"https:\/\/preprod.proterrasancta.org\/it\/","logo":{"@type":"ImageObject","inLanguage":"fr-FR","@id":"https:\/\/preprod.proterrasancta.org\/it\/#\/schema\/logo\/image\/","url":"https:\/\/www.proterrasancta.org\/wp-content\/uploads\/Logo_ProTerraSancta_Colori_web_high_modificato.jpg","contentUrl":"https:\/\/www.proterrasancta.org\/wp-content\/uploads\/Logo_ProTerraSancta_Colori_web_high_modificato.jpg","width":1018,"height":576,"caption":"Associazione Pro Terra Sancta"},"image":{"@id":"https:\/\/preprod.proterrasancta.org\/it\/#\/schema\/logo\/image\/"},"sameAs":["https:\/\/www.instagram.com\/proterrasancta\/","https:\/\/www.linkedin.com\/company\/pro-terra-sancta\/","https:\/\/www.youtube.com\/user\/proterrasancta","https:\/\/www.facebook.com\/proterrasancta\/","https:\/\/twitter.com\/proterrasancta"]},{"@type":"Person","@id":"https:\/\/preprod.proterrasancta.org\/it\/#\/schema\/person\/c03a0c97a2c22a2681d54e29de17430c","name":"Giacomo Pizzi","image":{"@type":"ImageObject","inLanguage":"fr-FR","@id":"https:\/\/preprod.proterrasancta.org\/it\/#\/schema\/person\/image\/","url":"https:\/\/secure.gravatar.com\/avatar\/900c575219bd8bb5f7711ce33f0e43ea?s=96&d=mm&r=g","contentUrl":"https:\/\/secure.gravatar.com\/avatar\/900c575219bd8bb5f7711ce33f0e43ea?s=96&d=mm&r=g","caption":"Giacomo Pizzi"},"url":"https:\/\/preprod.proterrasancta.org\/fr\/author\/pizzi\/"}]}},"_links":{"self":[{"href":"https:\/\/preprod.proterrasancta.org\/fr\/wp-json\/wp\/v2\/posts\/105818"}],"collection":[{"href":"https:\/\/preprod.proterrasancta.org\/fr\/wp-json\/wp\/v2\/posts"}],"about":[{"href":"https:\/\/preprod.proterrasancta.org\/fr\/wp-json\/wp\/v2\/types\/post"}],"author":[{"embeddable":true,"href":"https:\/\/preprod.proterrasancta.org\/fr\/wp-json\/wp\/v2\/users\/35"}],"replies":[{"embeddable":true,"href":"https:\/\/preprod.proterrasancta.org\/fr\/wp-json\/wp\/v2\/comments?post=105818"}],"version-history":[{"count":1,"href":"https:\/\/preprod.proterrasancta.org\/fr\/wp-json\/wp\/v2\/posts\/105818\/revisions"}],"predecessor-version":[{"id":163336,"href":"https:\/\/preprod.proterrasancta.org\/fr\/wp-json\/wp\/v2\/posts\/105818\/revisions\/163336"}],"wp:featuredmedia":[{"embeddable":true,"href":"https:\/\/preprod.proterrasancta.org\/fr\/wp-json\/wp\/v2\/media\/105809"}],"wp:attachment":[{"href":"https:\/\/preprod.proterrasancta.org\/fr\/wp-json\/wp\/v2\/media?parent=105818"}],"wp:term":[{"taxonomy":"category","embeddable":true,"href":"https:\/\/preprod.proterrasancta.org\/fr\/wp-json\/wp\/v2\/categories?post=105818"},{"taxonomy":"post_tag","embeddable":true,"href":"https:\/\/preprod.proterrasancta.org\/fr\/wp-json\/wp\/v2\/tags?post=105818"},{"taxonomy":"campaign_code","embeddable":true,"href":"https:\/\/preprod.proterrasancta.org\/fr\/wp-json\/wp\/v2\/campaign_code?post=105818"}],"curies":[{"name":"wp","href":"https:\/\/api.w.org\/{rel}","templated":true}]}}