{"id":105490,"date":"2019-02-04T18:07:30","date_gmt":"2019-02-04T16:07:30","guid":{"rendered":"https:\/\/www.proterrasancta.org\/?post_type=fr-post&#038;p=105490"},"modified":"2021-12-13T10:08:06","modified_gmt":"2021-12-13T09:08:06","slug":"nous-sommes-des-moutons-parmi-les-loups-le-temoignage-de-pere-hanna-de-la-province-didlib","status":"publish","type":"post","link":"https:\/\/preprod.proterrasancta.org\/fr\/nous-sommes-des-moutons-parmi-les-loups-le-temoignage-de-pere-hanna-de-la-province-didlib\/","title":{"rendered":"\u00ab\u00a0Nous sommes des moutons parmi les loups\u00a0\u00bb: le t\u00e9moignage de p\u00e8re Hanna de la province d&rsquo;Idlib"},"content":{"rendered":"<p>\u00ab\u00a0Nous sommes des <strong>moutons parmi les loups<\/strong>.\u00a0Litt\u00e9ralement.\u00a0Chaque soir, nous nous endormons en confiant notre <strong>vie<\/strong> au Seigneur, car nous pourrions toujours \u00eatre agress\u00e9s.\u00a0Le lendemain matin, nous nous r\u00e9veillons et constatons que nos pri\u00e8res ont \u00e9t\u00e9 exauc\u00e9es\u2026 De la m\u00eame mani\u00e8re, nous ressentons le pouvoir de <strong>vos pri\u00e8res<\/strong> pour nous.\u00a0Le Seigneur ne nous accorde pas en faisant dispara\u00eetre les loups, ils sont toujours l\u00e0, mais incroyablement les <strong>loups<\/strong> sont <strong>dociles<\/strong>.\u00a0Bien s\u00fbr, ils nous ont forc\u00e9s \u00e0 enlever tous les <strong>symboles chr\u00e9tiens<\/strong> et nous ne pouvons pas exprimer notre foi publiquement; ils <strong>nous menacent<\/strong>, ils envoient les gar\u00e7ons \u00e0 <strong>jeter des pierres<\/strong> aux portes de nos maisons et de nos <strong>\u00e9glises<\/strong>, mais notre vie est sauv\u00e9e et nous continuons \u00e0 vivre le quotidien avec engagement, espoir et foi\u00a0\u00bb.\u00a0La voix au t\u00e9l\u00e9phone du p\u00e8re <strong>Hanna Jallouf<\/strong> est sereine, claire, pleine de cet <strong>espoir<\/strong> qu&rsquo;il nous dit et qui, dit-il, \u00ab\u00a0gagne tous les <strong>abus et les violences<\/strong> que nous subissons chaque jour\u00a0\u00bb.<\/p>\n<p>Le p\u00e8re Hanna est un <strong>franciscain<\/strong> de la <strong>Custodie de Terre Sainte<\/strong>, l&rsquo;un des deux religieux restants ainsi que les communaut\u00e9s chr\u00e9tiennes de <strong>Knayeh<\/strong> et de <strong>Yacoubieh<\/strong> dans la province d&rsquo;Idlib, o\u00f9 environ <strong>30.000 rebelles<\/strong> oppos\u00e9s au gouvernement de <strong>Bachar el-Assad<\/strong> se sont r\u00e9fugi\u00e9s.\u00a0On a beaucoup parl\u00e9 ces derniers mois d&rsquo;Idlib, la derni\u00e8re zone de r\u00e9sistance des djihadistes dirig\u00e9s par Jahbat Al-Nusra; au d\u00e9but, le gouvernement et les <strong>alli\u00e9s russes<\/strong> trouvaient seulement une solution: envahir la r\u00e9gion, en causant un <strong>carnage de civils<\/strong>, mais ensuite, il a \u00e9t\u00e9 question d\u2019un accord entre la <strong>Russie et la Turquie<\/strong> sur la <strong>d\u00e9militarisation<\/strong> de la r\u00e9gion et la retrait de tous les combattants; \u00e0 ce moment-l\u00e0, il semblait d\u2019\u00eatre arriv\u00e9 \u00e0 une d\u00e9cision partag\u00e9e et on avait cess\u00e9 d&rsquo;en parler.<\/p>\n<p>Mais la question est loin d&rsquo;\u00eatre r\u00e9solue, la province d&rsquo;Idlib est toujours <strong>soumise \u00e0 Al-Nusra<\/strong> et les conditions dans lesquelles le p\u00e8re Hanna vit avec son fr\u00e8re <strong>Luai Bsharat<\/strong> et les communaut\u00e9s de Knayehe et de Yacoubie sont <strong>pr\u00e9caires<\/strong>.\u00a0<strong>ATS pro Terra Sancta<\/strong> poursuit ses activit\u00e9s d&rsquo;assistance, de distribution de colis de vivres et de <strong>produits de premi\u00e8re n\u00e9cessit\u00e9<\/strong>, ainsi que <strong>d&rsquo;hospitalit\u00e9<\/strong> au couvent de certaines familles <strong>sans abri<\/strong>.\u00a0P\u00e8re Hanna nous dit que ces activit\u00e9s constituent \u00ab\u00a0une aide fondamentale pour la communaut\u00e9 chr\u00e9tienne: sans nous et sans votre soutien, elles n&rsquo;existeraient plus ici.\u00a0C&rsquo;est pourquoi nous restons, les gens ont besoin de nous et ils nous regardent constamment\u00a0\u00bb.<\/p>\n<p>P\u00e8re Hanna n&rsquo;a pas de doutes \u00e0 ce sujet, il veut rester dans sa communaut\u00e9, bien qu\u2019il nous dise que la situation pourrait <strong>empirer bient\u00f4t<\/strong>. \u00ab\u00a0L\u2019hiver a \u00e9t\u00e9 tr\u00e8s dur cette ann\u00e9e &#8211; il ajout\u00e9 &#8211; et les inondations ont \u00e9t\u00e9 nombreuses. Ceux qui en ont particuli\u00e8rement souffert sont ceux qui vivent dans les <strong>camps de r\u00e9fugi\u00e9s<\/strong> de la r\u00e9gion\u00a0et qui ne peut pas recevoir d&rsquo;assistance en raison de cette <strong>occupation<\/strong>&#8230; Et cela <strong>ne s&rsquo;am\u00e9liorera pas<\/strong> car il semble que les forces gouvernementales vont se pr\u00e9parer, nous pensons qu&rsquo;<strong>elles attaqueront ce printemps<\/strong>, d\u00e8s que les conditions climatiques s&rsquo;am\u00e9lioreront, puis nous devrons et vous devrez <strong>beaucoup prier<\/strong>\u00ab\u00a0.<\/p>\n<p><strong><u>Continuons \u00e0 soutenir p\u00e8re Hanna et la communaut\u00e9 de Knayeh et Yacoubieh!<\/u><\/strong><\/p>\n","protected":false},"excerpt":{"rendered":"<p>\u00ab\u00a0Nous sommes des moutons parmi les loups.\u00a0Litt\u00e9ralement.\u00a0Chaque soir, nous nous endormons en confiant notre vie au Seigneur, car nous pourrions toujours \u00eatre agress\u00e9s.\u00a0Le lendemain matin, nous nous r\u00e9veillons et constatons que nos pri\u00e8res ont \u00e9t\u00e9 exauc\u00e9es\u2026 De la m\u00eame mani\u00e8re, nous ressentons le pouvoir de vos pri\u00e8res pour nous.\u00a0Le Seigneur ne nous accorde pas en [&hellip;]<\/p>\n","protected":false},"author":35,"featured_media":105484,"comment_status":"closed","ping_status":"closed","sticky":false,"template":"","format":"standard","meta":{"_acf_changed":false,"inline_featured_image":false,"footnotes":""},"categories":[9722],"tags":[],"campaign_code":[],"class_list":["post-105490","post","type-post","status-publish","format-standard","has-post-thumbnail","hentry","category-non-classifiee"],"acf":[],"yoast_head":"<!-- This site is optimized with the Yoast SEO Premium plugin v17.7 (Yoast SEO v19.14) - https:\/\/yoast.com\/wordpress\/plugins\/seo\/ -->\n<title>Le t\u00e9moignage de p\u00e8re Hanna de la province d&#039;Idlib | Pro Terra Sancta<\/title>\n<meta name=\"description\" content=\"Le p\u00e8re Hanna est un franciscain de la Custodie de Terre Sainte, l&#039;un des deux religieux restants ainsi que les communaut\u00e9s...\" \/>\n<meta name=\"robots\" content=\"noindex, follow, max-snippet:-1, max-image-preview:large, max-video-preview:-1\" \/>\n<meta property=\"og:locale\" content=\"fr_FR\" \/>\n<meta property=\"og:type\" content=\"article\" \/>\n<meta property=\"og:title\" content=\"&quot;Nous sommes des moutons parmi les loups&quot;: le t\u00e9moignage de p\u00e8re Hanna de la province d&#039;Idlib\" \/>\n<meta property=\"og:description\" content=\"Le p\u00e8re Hanna est un franciscain de la Custodie de Terre Sainte, l&#039;un des deux religieux restants ainsi que les communaut\u00e9s...\" \/>\n<meta property=\"og:url\" content=\"https:\/\/preprod.proterrasancta.org\/fr\/nous-sommes-des-moutons-parmi-les-loups-le-temoignage-de-pere-hanna-de-la-province-didlib\/\" \/>\n<meta property=\"og:site_name\" content=\"Pro Terra Sancta\" \/>\n<meta property=\"article:publisher\" content=\"https:\/\/www.facebook.com\/proterrasancta\/\" \/>\n<meta property=\"article:published_time\" content=\"2019-02-04T16:07:30+00:00\" \/>\n<meta property=\"article:modified_time\" content=\"2021-12-13T09:08:06+00:00\" \/>\n<meta property=\"og:image\" content=\"https:\/\/preprod.proterrasancta.org\/wp-content\/uploads\/Immagine-1.jpg\" \/>\n\t<meta property=\"og:image:width\" content=\"960\" \/>\n\t<meta property=\"og:image:height\" content=\"720\" \/>\n\t<meta property=\"og:image:type\" content=\"image\/jpeg\" \/>\n<meta name=\"author\" content=\"Giacomo Pizzi\" \/>\n<meta name=\"twitter:card\" content=\"summary_large_image\" \/>\n<meta name=\"twitter:creator\" content=\"@proterrasancta\" \/>\n<meta name=\"twitter:site\" content=\"@proterrasancta\" \/>\n<meta name=\"twitter:label1\" content=\"\u00c9crit par\" \/>\n\t<meta name=\"twitter:data1\" content=\"Giacomo Pizzi\" \/>\n\t<meta name=\"twitter:label2\" content=\"Dur\u00e9e de lecture est.\" \/>\n\t<meta name=\"twitter:data2\" content=\"3 minutes\" \/>\n<script type=\"application\/ld+json\" class=\"yoast-schema-graph\">{\"@context\":\"https:\/\/schema.org\",\"@graph\":[{\"@type\":\"Article\",\"@id\":\"https:\/\/preprod.proterrasancta.org\/fr\/nous-sommes-des-moutons-parmi-les-loups-le-temoignage-de-pere-hanna-de-la-province-didlib\/#article\",\"isPartOf\":{\"@id\":\"https:\/\/preprod.proterrasancta.org\/fr\/nous-sommes-des-moutons-parmi-les-loups-le-temoignage-de-pere-hanna-de-la-province-didlib\/\"},\"author\":{\"name\":\"Giacomo Pizzi\",\"@id\":\"https:\/\/preprod.proterrasancta.org\/it\/#\/schema\/person\/c03a0c97a2c22a2681d54e29de17430c\"},\"headline\":\"\u00ab\u00a0Nous sommes des moutons parmi les loups\u00a0\u00bb: le t\u00e9moignage de p\u00e8re Hanna de la province d&rsquo;Idlib\",\"datePublished\":\"2019-02-04T16:07:30+00:00\",\"dateModified\":\"2021-12-13T09:08:06+00:00\",\"mainEntityOfPage\":{\"@id\":\"https:\/\/preprod.proterrasancta.org\/fr\/nous-sommes-des-moutons-parmi-les-loups-le-temoignage-de-pere-hanna-de-la-province-didlib\/\"},\"wordCount\":607,\"publisher\":{\"@id\":\"https:\/\/preprod.proterrasancta.org\/it\/#organization\"},\"articleSection\":[\"Non classifi\u00e9(e)\"],\"inLanguage\":\"fr-FR\"},{\"@type\":\"WebPage\",\"@id\":\"https:\/\/preprod.proterrasancta.org\/fr\/nous-sommes-des-moutons-parmi-les-loups-le-temoignage-de-pere-hanna-de-la-province-didlib\/\",\"url\":\"https:\/\/preprod.proterrasancta.org\/fr\/nous-sommes-des-moutons-parmi-les-loups-le-temoignage-de-pere-hanna-de-la-province-didlib\/\",\"name\":\"Le t\u00e9moignage de p\u00e8re Hanna de la province d'Idlib | Pro Terra Sancta\",\"isPartOf\":{\"@id\":\"https:\/\/preprod.proterrasancta.org\/it\/#website\"},\"datePublished\":\"2019-02-04T16:07:30+00:00\",\"dateModified\":\"2021-12-13T09:08:06+00:00\",\"description\":\"Le p\u00e8re Hanna est un franciscain de la Custodie de Terre Sainte, l'un des deux religieux restants ainsi que les communaut\u00e9s...\",\"breadcrumb\":{\"@id\":\"https:\/\/preprod.proterrasancta.org\/fr\/nous-sommes-des-moutons-parmi-les-loups-le-temoignage-de-pere-hanna-de-la-province-didlib\/#breadcrumb\"},\"inLanguage\":\"fr-FR\",\"potentialAction\":[{\"@type\":\"ReadAction\",\"target\":[\"https:\/\/preprod.proterrasancta.org\/fr\/nous-sommes-des-moutons-parmi-les-loups-le-temoignage-de-pere-hanna-de-la-province-didlib\/\"]}]},{\"@type\":\"BreadcrumbList\",\"@id\":\"https:\/\/preprod.proterrasancta.org\/fr\/nous-sommes-des-moutons-parmi-les-loups-le-temoignage-de-pere-hanna-de-la-province-didlib\/#breadcrumb\",\"itemListElement\":[{\"@type\":\"ListItem\",\"position\":1,\"name\":\"Home\",\"item\":\"https:\/\/preprod.proterrasancta.org\/it\/\"},{\"@type\":\"ListItem\",\"position\":2,\"name\":\"\u00ab\u00a0Nous sommes des moutons parmi les loups\u00a0\u00bb: le t\u00e9moignage de p\u00e8re Hanna de la province d&rsquo;Idlib\"}]},{\"@type\":\"WebSite\",\"@id\":\"https:\/\/preprod.proterrasancta.org\/it\/#website\",\"url\":\"https:\/\/preprod.proterrasancta.org\/it\/\",\"name\":\"Pro Terra Sancta\",\"description\":\"To foster bonds between the Holy Land and the world\",\"publisher\":{\"@id\":\"https:\/\/preprod.proterrasancta.org\/it\/#organization\"},\"potentialAction\":[{\"@type\":\"SearchAction\",\"target\":{\"@type\":\"EntryPoint\",\"urlTemplate\":\"https:\/\/preprod.proterrasancta.org\/it\/?s={search_term_string}\"},\"query-input\":\"required name=search_term_string\"}],\"inLanguage\":\"fr-FR\"},{\"@type\":\"Organization\",\"@id\":\"https:\/\/preprod.proterrasancta.org\/it\/#organization\",\"name\":\"Associazione Pro Terra Sancta\",\"url\":\"https:\/\/preprod.proterrasancta.org\/it\/\",\"logo\":{\"@type\":\"ImageObject\",\"inLanguage\":\"fr-FR\",\"@id\":\"https:\/\/preprod.proterrasancta.org\/it\/#\/schema\/logo\/image\/\",\"url\":\"https:\/\/www.proterrasancta.org\/wp-content\/uploads\/Logo_ProTerraSancta_Colori_web_high_modificato.jpg\",\"contentUrl\":\"https:\/\/www.proterrasancta.org\/wp-content\/uploads\/Logo_ProTerraSancta_Colori_web_high_modificato.jpg\",\"width\":1018,\"height\":576,\"caption\":\"Associazione Pro Terra Sancta\"},\"image\":{\"@id\":\"https:\/\/preprod.proterrasancta.org\/it\/#\/schema\/logo\/image\/\"},\"sameAs\":[\"https:\/\/www.instagram.com\/proterrasancta\/\",\"https:\/\/www.linkedin.com\/company\/pro-terra-sancta\/\",\"https:\/\/www.youtube.com\/user\/proterrasancta\",\"https:\/\/www.facebook.com\/proterrasancta\/\",\"https:\/\/twitter.com\/proterrasancta\"]},{\"@type\":\"Person\",\"@id\":\"https:\/\/preprod.proterrasancta.org\/it\/#\/schema\/person\/c03a0c97a2c22a2681d54e29de17430c\",\"name\":\"Giacomo Pizzi\",\"image\":{\"@type\":\"ImageObject\",\"inLanguage\":\"fr-FR\",\"@id\":\"https:\/\/preprod.proterrasancta.org\/it\/#\/schema\/person\/image\/\",\"url\":\"https:\/\/secure.gravatar.com\/avatar\/900c575219bd8bb5f7711ce33f0e43ea?s=96&d=mm&r=g\",\"contentUrl\":\"https:\/\/secure.gravatar.com\/avatar\/900c575219bd8bb5f7711ce33f0e43ea?s=96&d=mm&r=g\",\"caption\":\"Giacomo Pizzi\"},\"url\":\"https:\/\/preprod.proterrasancta.org\/fr\/author\/pizzi\/\"}]}<\/script>\n<!-- \/ Yoast SEO Premium plugin. -->","yoast_head_json":{"title":"Le t\u00e9moignage de p\u00e8re Hanna de la province d'Idlib | Pro Terra Sancta","description":"Le p\u00e8re Hanna est un franciscain de la Custodie de Terre Sainte, l'un des deux religieux restants ainsi que les communaut\u00e9s...","robots":{"index":"noindex","follow":"follow","max-snippet":"max-snippet:-1","max-image-preview":"max-image-preview:large","max-video-preview":"max-video-preview:-1"},"og_locale":"fr_FR","og_type":"article","og_title":"\"Nous sommes des moutons parmi les loups\": le t\u00e9moignage de p\u00e8re Hanna de la province d'Idlib","og_description":"Le p\u00e8re Hanna est un franciscain de la Custodie de Terre Sainte, l'un des deux religieux restants ainsi que les communaut\u00e9s...","og_url":"https:\/\/preprod.proterrasancta.org\/fr\/nous-sommes-des-moutons-parmi-les-loups-le-temoignage-de-pere-hanna-de-la-province-didlib\/","og_site_name":"Pro Terra Sancta","article_publisher":"https:\/\/www.facebook.com\/proterrasancta\/","article_published_time":"2019-02-04T16:07:30+00:00","article_modified_time":"2021-12-13T09:08:06+00:00","og_image":[{"width":960,"height":720,"url":"https:\/\/preprod.proterrasancta.org\/wp-content\/uploads\/Immagine-1.jpg","type":"image\/jpeg"}],"author":"Giacomo Pizzi","twitter_card":"summary_large_image","twitter_creator":"@proterrasancta","twitter_site":"@proterrasancta","twitter_misc":{"\u00c9crit par":"Giacomo Pizzi","Dur\u00e9e de lecture est.":"3 minutes"},"schema":{"@context":"https:\/\/schema.org","@graph":[{"@type":"Article","@id":"https:\/\/preprod.proterrasancta.org\/fr\/nous-sommes-des-moutons-parmi-les-loups-le-temoignage-de-pere-hanna-de-la-province-didlib\/#article","isPartOf":{"@id":"https:\/\/preprod.proterrasancta.org\/fr\/nous-sommes-des-moutons-parmi-les-loups-le-temoignage-de-pere-hanna-de-la-province-didlib\/"},"author":{"name":"Giacomo Pizzi","@id":"https:\/\/preprod.proterrasancta.org\/it\/#\/schema\/person\/c03a0c97a2c22a2681d54e29de17430c"},"headline":"\u00ab\u00a0Nous sommes des moutons parmi les loups\u00a0\u00bb: le t\u00e9moignage de p\u00e8re Hanna de la province d&rsquo;Idlib","datePublished":"2019-02-04T16:07:30+00:00","dateModified":"2021-12-13T09:08:06+00:00","mainEntityOfPage":{"@id":"https:\/\/preprod.proterrasancta.org\/fr\/nous-sommes-des-moutons-parmi-les-loups-le-temoignage-de-pere-hanna-de-la-province-didlib\/"},"wordCount":607,"publisher":{"@id":"https:\/\/preprod.proterrasancta.org\/it\/#organization"},"articleSection":["Non classifi\u00e9(e)"],"inLanguage":"fr-FR"},{"@type":"WebPage","@id":"https:\/\/preprod.proterrasancta.org\/fr\/nous-sommes-des-moutons-parmi-les-loups-le-temoignage-de-pere-hanna-de-la-province-didlib\/","url":"https:\/\/preprod.proterrasancta.org\/fr\/nous-sommes-des-moutons-parmi-les-loups-le-temoignage-de-pere-hanna-de-la-province-didlib\/","name":"Le t\u00e9moignage de p\u00e8re Hanna de la province d'Idlib | Pro Terra Sancta","isPartOf":{"@id":"https:\/\/preprod.proterrasancta.org\/it\/#website"},"datePublished":"2019-02-04T16:07:30+00:00","dateModified":"2021-12-13T09:08:06+00:00","description":"Le p\u00e8re Hanna est un franciscain de la Custodie de Terre Sainte, l'un des deux religieux restants ainsi que les communaut\u00e9s...","breadcrumb":{"@id":"https:\/\/preprod.proterrasancta.org\/fr\/nous-sommes-des-moutons-parmi-les-loups-le-temoignage-de-pere-hanna-de-la-province-didlib\/#breadcrumb"},"inLanguage":"fr-FR","potentialAction":[{"@type":"ReadAction","target":["https:\/\/preprod.proterrasancta.org\/fr\/nous-sommes-des-moutons-parmi-les-loups-le-temoignage-de-pere-hanna-de-la-province-didlib\/"]}]},{"@type":"BreadcrumbList","@id":"https:\/\/preprod.proterrasancta.org\/fr\/nous-sommes-des-moutons-parmi-les-loups-le-temoignage-de-pere-hanna-de-la-province-didlib\/#breadcrumb","itemListElement":[{"@type":"ListItem","position":1,"name":"Home","item":"https:\/\/preprod.proterrasancta.org\/it\/"},{"@type":"ListItem","position":2,"name":"\u00ab\u00a0Nous sommes des moutons parmi les loups\u00a0\u00bb: le t\u00e9moignage de p\u00e8re Hanna de la province d&rsquo;Idlib"}]},{"@type":"WebSite","@id":"https:\/\/preprod.proterrasancta.org\/it\/#website","url":"https:\/\/preprod.proterrasancta.org\/it\/","name":"Pro Terra Sancta","description":"To foster bonds between the Holy Land and the world","publisher":{"@id":"https:\/\/preprod.proterrasancta.org\/it\/#organization"},"potentialAction":[{"@type":"SearchAction","target":{"@type":"EntryPoint","urlTemplate":"https:\/\/preprod.proterrasancta.org\/it\/?s={search_term_string}"},"query-input":"required name=search_term_string"}],"inLanguage":"fr-FR"},{"@type":"Organization","@id":"https:\/\/preprod.proterrasancta.org\/it\/#organization","name":"Associazione Pro Terra Sancta","url":"https:\/\/preprod.proterrasancta.org\/it\/","logo":{"@type":"ImageObject","inLanguage":"fr-FR","@id":"https:\/\/preprod.proterrasancta.org\/it\/#\/schema\/logo\/image\/","url":"https:\/\/www.proterrasancta.org\/wp-content\/uploads\/Logo_ProTerraSancta_Colori_web_high_modificato.jpg","contentUrl":"https:\/\/www.proterrasancta.org\/wp-content\/uploads\/Logo_ProTerraSancta_Colori_web_high_modificato.jpg","width":1018,"height":576,"caption":"Associazione Pro Terra Sancta"},"image":{"@id":"https:\/\/preprod.proterrasancta.org\/it\/#\/schema\/logo\/image\/"},"sameAs":["https:\/\/www.instagram.com\/proterrasancta\/","https:\/\/www.linkedin.com\/company\/pro-terra-sancta\/","https:\/\/www.youtube.com\/user\/proterrasancta","https:\/\/www.facebook.com\/proterrasancta\/","https:\/\/twitter.com\/proterrasancta"]},{"@type":"Person","@id":"https:\/\/preprod.proterrasancta.org\/it\/#\/schema\/person\/c03a0c97a2c22a2681d54e29de17430c","name":"Giacomo Pizzi","image":{"@type":"ImageObject","inLanguage":"fr-FR","@id":"https:\/\/preprod.proterrasancta.org\/it\/#\/schema\/person\/image\/","url":"https:\/\/secure.gravatar.com\/avatar\/900c575219bd8bb5f7711ce33f0e43ea?s=96&d=mm&r=g","contentUrl":"https:\/\/secure.gravatar.com\/avatar\/900c575219bd8bb5f7711ce33f0e43ea?s=96&d=mm&r=g","caption":"Giacomo Pizzi"},"url":"https:\/\/preprod.proterrasancta.org\/fr\/author\/pizzi\/"}]}},"_links":{"self":[{"href":"https:\/\/preprod.proterrasancta.org\/fr\/wp-json\/wp\/v2\/posts\/105490"}],"collection":[{"href":"https:\/\/preprod.proterrasancta.org\/fr\/wp-json\/wp\/v2\/posts"}],"about":[{"href":"https:\/\/preprod.proterrasancta.org\/fr\/wp-json\/wp\/v2\/types\/post"}],"author":[{"embeddable":true,"href":"https:\/\/preprod.proterrasancta.org\/fr\/wp-json\/wp\/v2\/users\/35"}],"replies":[{"embeddable":true,"href":"https:\/\/preprod.proterrasancta.org\/fr\/wp-json\/wp\/v2\/comments?post=105490"}],"version-history":[{"count":1,"href":"https:\/\/preprod.proterrasancta.org\/fr\/wp-json\/wp\/v2\/posts\/105490\/revisions"}],"predecessor-version":[{"id":161923,"href":"https:\/\/preprod.proterrasancta.org\/fr\/wp-json\/wp\/v2\/posts\/105490\/revisions\/161923"}],"wp:featuredmedia":[{"embeddable":true,"href":"https:\/\/preprod.proterrasancta.org\/fr\/wp-json\/wp\/v2\/media\/105484"}],"wp:attachment":[{"href":"https:\/\/preprod.proterrasancta.org\/fr\/wp-json\/wp\/v2\/media?parent=105490"}],"wp:term":[{"taxonomy":"category","embeddable":true,"href":"https:\/\/preprod.proterrasancta.org\/fr\/wp-json\/wp\/v2\/categories?post=105490"},{"taxonomy":"post_tag","embeddable":true,"href":"https:\/\/preprod.proterrasancta.org\/fr\/wp-json\/wp\/v2\/tags?post=105490"},{"taxonomy":"campaign_code","embeddable":true,"href":"https:\/\/preprod.proterrasancta.org\/fr\/wp-json\/wp\/v2\/campaign_code?post=105490"}],"curies":[{"name":"wp","href":"https:\/\/api.w.org\/{rel}","templated":true}]}}