{"id":105342,"date":"2018-12-03T16:23:58","date_gmt":"2018-12-03T14:23:58","guid":{"rendered":"https:\/\/www.proterrasancta.org\/?post_type=fr-post&#038;p=105342"},"modified":"2022-03-30T10:22:52","modified_gmt":"2022-03-30T08:22:52","slug":"envie-deau-a-bethleem-de-nouveaux-reservoirs-deau-comme-cadeaux-a-rana-et-a-sa-famille","status":"publish","type":"post","link":"https:\/\/preprod.proterrasancta.org\/fr\/envie-deau-a-bethleem-de-nouveaux-reservoirs-deau-comme-cadeaux-a-rana-et-a-sa-famille\/","title":{"rendered":"\u00ab Envie d\u2019eau \u00bb \u00e0 Bethl\u00e9em: de nouveaux r\u00e9servoirs d&rsquo;eau comme cadeaux \u00e0 Rana et \u00e0 sa famille"},"content":{"rendered":"\n<p>Pouvoir prendre une douche chaude, faire la lessive, cuisiner et faire la vaisselle sont des actions que nous faisons tr\u00e8s souvent automatiquement, sans penser \u00e0 la mesure dans laquelle, dans de nombreuses r\u00e9gions du monde, sont des privil\u00e8ges que peu de personnes peuvent appr\u00e9cier.<\/p>\n\n\n\n<p>Bethl\u00e9em est l\u2019un de ces endroits moins fortun\u00e9s. En observant l&rsquo;\u00e9tendue des maisons qui s&rsquo;\u00e9tend depuis la basilique de la Nativit\u00e9, le regard ne peut que s&rsquo;appuyer sur les centaines de chars qui, parmi les croix des clochers, poussent sur les toits sont de grandes citernes noires ou blanches que les habitants utilisent conservez l&rsquo;eau pour pouvoir la consommer dans les moments difficiles. Le manque d&rsquo;eau afflige Bethlehem \u00e0 une fr\u00e9quence extr\u00eame, les donn\u00e9es des organisations internationales et de la PWA (Autorit\u00e9 palestinienne de l&rsquo;eau) sont alarmantes: un ancien syst\u00e8me d&rsquo;alimentation en eau, avec des dommages aux canalisations, ne garantit pas toujours une eau potable et potable, et l&rsquo;eau courante atteint les maisons seulement 20 jours par mois, les bo\u00eetes de conserve sur les toits sont un outil indispensable pour faire face aux inconv\u00e9nients.<\/p>\n\n\n\n<p>Nous avons suivi Muna et Naila, respectivement responsable du bureau technique et assistant social de l&rsquo;ATS pro Terra Sancta \u00e0 Bethl\u00e9em, lors de la visite d&rsquo;une maison dans laquelle l&rsquo;installation de deux nouveaux r\u00e9servoirs venait juste d&rsquo;\u00eatre achev\u00e9e. Rana ouvre la porte de la maison en nous accueillant avec un grand sourire, nous invite \u00e0 entrer et nous fait asseoir dans son salon avec ses deux fils Rami de 17 ans et Hussam de 13 ans. La plus grande, Miriam n&rsquo;est pas chez elle car elle \u00e9tudie \u00e0 l&rsquo;universit\u00e9. Rana ne parle pas anglais, mais gr\u00e2ce \u00e0 l&rsquo;aide de Naila, Muna et son fils a\u00een\u00e9, nous pouvons communiquer avec elle et nous laisser raconter son histoire. L&rsquo;histoire de Rana et de sa famille est semblable \u00e0 celle de beaucoup d&rsquo;autres personnes ici \u00e0 Beltemme: emplois mal r\u00e9mun\u00e9r\u00e9s et nombreuses d\u00e9penses, notamment pour assurer une bonne \u00e9ducation \u00e0 leurs enfants. Rana vient de trouver un travail dans une boulangerie, son mari Ahmad, un journalier, ne peut pour l&rsquo;instant pas travailler. En fait, \u00e0 la situation familiale compliqu\u00e9e d\u2019un point de vue \u00e9conomique, un probl\u00e8me judiciaire s\u2019ajoute: Ahmad, pour aider la famille, a \u00e9t\u00e9 le garant du fr\u00e8re d\u2019une grosse somme d\u2019argent qu\u2019il n\u2019a malheureusement pas pu rendre. La loi est tr\u00e8s claire: non seulement le d\u00e9biteur, mais aussi le garant en son nom, en cas de non-paiement, risque de nombreuses ann\u00e9es d\u2019emprisonnement et pour cela Ahmad a d\u00fb fuir Bethl\u00e9em.<\/p>\n\n\n\n<p>En difficult\u00e9 extr\u00eame, Rana a trouv\u00e9 le courage de demander de l&rsquo;aide et s&rsquo;est tourn\u00e9e vers ATS Pro Terra Sancta: \u00ab\u00a0Au d\u00e9part, je ne voulais pas, mais je l&rsquo;ai fait pour le bien de mes enfants, nous avons \u00e9t\u00e9 oblig\u00e9s d&rsquo;acheter des bouteilles en plastique pour nous laver, mais maintenant nous avons moins d\u2019inqui\u00e9tude et vivons avec moins de stress \u00ab\u00a0.<\/p>\n\n\n\n<p>Restons avec eux un peu plus longtemps pour pouvoir dire \u00e0 Hussam comment se passe l&rsquo;\u00e9cole, le test de maturit\u00e9 auquel Rami devra faire face cette ann\u00e9e et les aspirations de ces enfants, et lorsque nous leur demanderons ce qu&rsquo;ils veulent pour ce No\u00ebl: \u00ab\u00a0ATS il nous a d\u00e9j\u00e0 fait un beau cadeau, maintenant nous voulons seulement pouvoir rester ensemble avec notre p\u00e8re \u00ab\u00a0.<\/p>\n","protected":false},"excerpt":{"rendered":"<p>Pouvoir prendre une douche chaude, faire la lessive, cuisiner et faire la vaisselle sont des actions que nous faisons tr\u00e8s souvent automatiquement, sans penser \u00e0 la mesure dans laquelle, dans de nombreuses r\u00e9gions du monde, sont des privil\u00e8ges que peu de personnes peuvent appr\u00e9cier. Bethl\u00e9em est l\u2019un de ces endroits moins fortun\u00e9s. En observant l&rsquo;\u00e9tendue [&hellip;]<\/p>\n","protected":false},"author":35,"featured_media":105333,"comment_status":"closed","ping_status":"closed","sticky":false,"template":"","format":"standard","meta":{"_acf_changed":false,"inline_featured_image":false,"footnotes":""},"categories":[9722],"tags":[],"campaign_code":[],"class_list":["post-105342","post","type-post","status-publish","format-standard","has-post-thumbnail","hentry","category-non-classifiee"],"acf":[],"yoast_head":"<!-- This site is optimized with the Yoast SEO Premium plugin v17.7 (Yoast SEO v19.14) - https:\/\/yoast.com\/wordpress\/plugins\/seo\/ -->\n<title>\u00ab Envie d\u2019eau \u00bb | Pro Terra Sancta<\/title>\n<meta name=\"description\" content=\"\u00ab Envie d\u2019eau \u00bb \u00e0 Bethl\u00e9em: de nouveaux r\u00e9servoirs d&#039;eau comme cadeaux \u00e0 Rana et \u00e0 sa famille. Pouvoir prendre une douche chaude, ..\" \/>\n<meta name=\"robots\" content=\"noindex, follow, max-snippet:-1, max-image-preview:large, max-video-preview:-1\" \/>\n<meta property=\"og:locale\" content=\"fr_FR\" \/>\n<meta property=\"og:type\" content=\"article\" \/>\n<meta property=\"og:title\" content=\"\u00ab Envie d\u2019eau \u00bb \u00e0 Bethl\u00e9em: de nouveaux r\u00e9servoirs d&#039;eau comme cadeaux \u00e0 Rana et \u00e0 sa famille\" \/>\n<meta property=\"og:description\" content=\"\u00ab Envie d\u2019eau \u00bb \u00e0 Bethl\u00e9em: de nouveaux r\u00e9servoirs d&#039;eau comme cadeaux \u00e0 Rana et \u00e0 sa famille. Pouvoir prendre une douche chaude, ..\" \/>\n<meta property=\"og:url\" content=\"https:\/\/preprod.proterrasancta.org\/fr\/envie-deau-a-bethleem-de-nouveaux-reservoirs-deau-comme-cadeaux-a-rana-et-a-sa-famille\/\" \/>\n<meta property=\"og:site_name\" content=\"Pro Terra Sancta\" \/>\n<meta property=\"article:publisher\" content=\"https:\/\/www.facebook.com\/proterrasancta\/\" \/>\n<meta property=\"article:published_time\" content=\"2018-12-03T14:23:58+00:00\" \/>\n<meta property=\"article:modified_time\" content=\"2022-03-30T08:22:52+00:00\" \/>\n<meta property=\"og:image\" content=\"https:\/\/preprod.proterrasancta.org\/wp-content\/uploads\/IMG_20181019_103132.jpg\" \/>\n\t<meta property=\"og:image:width\" content=\"1000\" \/>\n\t<meta property=\"og:image:height\" content=\"750\" \/>\n\t<meta property=\"og:image:type\" content=\"image\/jpeg\" \/>\n<meta name=\"author\" content=\"Giacomo Pizzi\" \/>\n<meta name=\"twitter:card\" content=\"summary_large_image\" \/>\n<meta name=\"twitter:creator\" content=\"@proterrasancta\" \/>\n<meta name=\"twitter:site\" content=\"@proterrasancta\" \/>\n<meta name=\"twitter:label1\" content=\"\u00c9crit par\" \/>\n\t<meta name=\"twitter:data1\" content=\"Giacomo Pizzi\" \/>\n\t<meta name=\"twitter:label2\" content=\"Dur\u00e9e de lecture est.\" \/>\n\t<meta name=\"twitter:data2\" content=\"3 minutes\" \/>\n<script type=\"application\/ld+json\" class=\"yoast-schema-graph\">{\"@context\":\"https:\/\/schema.org\",\"@graph\":[{\"@type\":\"Article\",\"@id\":\"https:\/\/preprod.proterrasancta.org\/fr\/envie-deau-a-bethleem-de-nouveaux-reservoirs-deau-comme-cadeaux-a-rana-et-a-sa-famille\/#article\",\"isPartOf\":{\"@id\":\"https:\/\/preprod.proterrasancta.org\/fr\/envie-deau-a-bethleem-de-nouveaux-reservoirs-deau-comme-cadeaux-a-rana-et-a-sa-famille\/\"},\"author\":{\"name\":\"Giacomo Pizzi\",\"@id\":\"https:\/\/preprod.proterrasancta.org\/it\/#\/schema\/person\/c03a0c97a2c22a2681d54e29de17430c\"},\"headline\":\"\u00ab Envie d\u2019eau \u00bb \u00e0 Bethl\u00e9em: de nouveaux r\u00e9servoirs d&rsquo;eau comme cadeaux \u00e0 Rana et \u00e0 sa famille\",\"datePublished\":\"2018-12-03T14:23:58+00:00\",\"dateModified\":\"2022-03-30T08:22:52+00:00\",\"mainEntityOfPage\":{\"@id\":\"https:\/\/preprod.proterrasancta.org\/fr\/envie-deau-a-bethleem-de-nouveaux-reservoirs-deau-comme-cadeaux-a-rana-et-a-sa-famille\/\"},\"wordCount\":613,\"publisher\":{\"@id\":\"https:\/\/preprod.proterrasancta.org\/it\/#organization\"},\"articleSection\":[\"Non classifi\u00e9(e)\"],\"inLanguage\":\"fr-FR\"},{\"@type\":\"WebPage\",\"@id\":\"https:\/\/preprod.proterrasancta.org\/fr\/envie-deau-a-bethleem-de-nouveaux-reservoirs-deau-comme-cadeaux-a-rana-et-a-sa-famille\/\",\"url\":\"https:\/\/preprod.proterrasancta.org\/fr\/envie-deau-a-bethleem-de-nouveaux-reservoirs-deau-comme-cadeaux-a-rana-et-a-sa-famille\/\",\"name\":\"\u00ab Envie d\u2019eau \u00bb | Pro Terra Sancta\",\"isPartOf\":{\"@id\":\"https:\/\/preprod.proterrasancta.org\/it\/#website\"},\"datePublished\":\"2018-12-03T14:23:58+00:00\",\"dateModified\":\"2022-03-30T08:22:52+00:00\",\"description\":\"\u00ab Envie d\u2019eau \u00bb \u00e0 Bethl\u00e9em: de nouveaux r\u00e9servoirs d'eau comme cadeaux \u00e0 Rana et \u00e0 sa famille. Pouvoir prendre une douche chaude, ..\",\"breadcrumb\":{\"@id\":\"https:\/\/preprod.proterrasancta.org\/fr\/envie-deau-a-bethleem-de-nouveaux-reservoirs-deau-comme-cadeaux-a-rana-et-a-sa-famille\/#breadcrumb\"},\"inLanguage\":\"fr-FR\",\"potentialAction\":[{\"@type\":\"ReadAction\",\"target\":[\"https:\/\/preprod.proterrasancta.org\/fr\/envie-deau-a-bethleem-de-nouveaux-reservoirs-deau-comme-cadeaux-a-rana-et-a-sa-famille\/\"]}]},{\"@type\":\"BreadcrumbList\",\"@id\":\"https:\/\/preprod.proterrasancta.org\/fr\/envie-deau-a-bethleem-de-nouveaux-reservoirs-deau-comme-cadeaux-a-rana-et-a-sa-famille\/#breadcrumb\",\"itemListElement\":[{\"@type\":\"ListItem\",\"position\":1,\"name\":\"Home\",\"item\":\"https:\/\/preprod.proterrasancta.org\/it\/\"},{\"@type\":\"ListItem\",\"position\":2,\"name\":\"\u00ab Envie d\u2019eau \u00bb \u00e0 Bethl\u00e9em: de nouveaux r\u00e9servoirs d&rsquo;eau comme cadeaux \u00e0 Rana et \u00e0 sa famille\"}]},{\"@type\":\"WebSite\",\"@id\":\"https:\/\/preprod.proterrasancta.org\/it\/#website\",\"url\":\"https:\/\/preprod.proterrasancta.org\/it\/\",\"name\":\"Pro Terra Sancta\",\"description\":\"To foster bonds between the Holy Land and the world\",\"publisher\":{\"@id\":\"https:\/\/preprod.proterrasancta.org\/it\/#organization\"},\"potentialAction\":[{\"@type\":\"SearchAction\",\"target\":{\"@type\":\"EntryPoint\",\"urlTemplate\":\"https:\/\/preprod.proterrasancta.org\/it\/?s={search_term_string}\"},\"query-input\":\"required name=search_term_string\"}],\"inLanguage\":\"fr-FR\"},{\"@type\":\"Organization\",\"@id\":\"https:\/\/preprod.proterrasancta.org\/it\/#organization\",\"name\":\"Associazione Pro Terra Sancta\",\"url\":\"https:\/\/preprod.proterrasancta.org\/it\/\",\"logo\":{\"@type\":\"ImageObject\",\"inLanguage\":\"fr-FR\",\"@id\":\"https:\/\/preprod.proterrasancta.org\/it\/#\/schema\/logo\/image\/\",\"url\":\"https:\/\/www.proterrasancta.org\/wp-content\/uploads\/Logo_ProTerraSancta_Colori_web_high_modificato.jpg\",\"contentUrl\":\"https:\/\/www.proterrasancta.org\/wp-content\/uploads\/Logo_ProTerraSancta_Colori_web_high_modificato.jpg\",\"width\":1018,\"height\":576,\"caption\":\"Associazione Pro Terra Sancta\"},\"image\":{\"@id\":\"https:\/\/preprod.proterrasancta.org\/it\/#\/schema\/logo\/image\/\"},\"sameAs\":[\"https:\/\/www.instagram.com\/proterrasancta\/\",\"https:\/\/www.linkedin.com\/company\/pro-terra-sancta\/\",\"https:\/\/www.youtube.com\/user\/proterrasancta\",\"https:\/\/www.facebook.com\/proterrasancta\/\",\"https:\/\/twitter.com\/proterrasancta\"]},{\"@type\":\"Person\",\"@id\":\"https:\/\/preprod.proterrasancta.org\/it\/#\/schema\/person\/c03a0c97a2c22a2681d54e29de17430c\",\"name\":\"Giacomo Pizzi\",\"image\":{\"@type\":\"ImageObject\",\"inLanguage\":\"fr-FR\",\"@id\":\"https:\/\/preprod.proterrasancta.org\/it\/#\/schema\/person\/image\/\",\"url\":\"https:\/\/secure.gravatar.com\/avatar\/900c575219bd8bb5f7711ce33f0e43ea?s=96&d=mm&r=g\",\"contentUrl\":\"https:\/\/secure.gravatar.com\/avatar\/900c575219bd8bb5f7711ce33f0e43ea?s=96&d=mm&r=g\",\"caption\":\"Giacomo Pizzi\"},\"url\":\"https:\/\/preprod.proterrasancta.org\/fr\/author\/pizzi\/\"}]}<\/script>\n<!-- \/ Yoast SEO Premium plugin. -->","yoast_head_json":{"title":"\u00ab Envie d\u2019eau \u00bb | Pro Terra Sancta","description":"\u00ab Envie d\u2019eau \u00bb \u00e0 Bethl\u00e9em: de nouveaux r\u00e9servoirs d'eau comme cadeaux \u00e0 Rana et \u00e0 sa famille. Pouvoir prendre une douche chaude, ..","robots":{"index":"noindex","follow":"follow","max-snippet":"max-snippet:-1","max-image-preview":"max-image-preview:large","max-video-preview":"max-video-preview:-1"},"og_locale":"fr_FR","og_type":"article","og_title":"\u00ab Envie d\u2019eau \u00bb \u00e0 Bethl\u00e9em: de nouveaux r\u00e9servoirs d'eau comme cadeaux \u00e0 Rana et \u00e0 sa famille","og_description":"\u00ab Envie d\u2019eau \u00bb \u00e0 Bethl\u00e9em: de nouveaux r\u00e9servoirs d'eau comme cadeaux \u00e0 Rana et \u00e0 sa famille. Pouvoir prendre une douche chaude, ..","og_url":"https:\/\/preprod.proterrasancta.org\/fr\/envie-deau-a-bethleem-de-nouveaux-reservoirs-deau-comme-cadeaux-a-rana-et-a-sa-famille\/","og_site_name":"Pro Terra Sancta","article_publisher":"https:\/\/www.facebook.com\/proterrasancta\/","article_published_time":"2018-12-03T14:23:58+00:00","article_modified_time":"2022-03-30T08:22:52+00:00","og_image":[{"width":1000,"height":750,"url":"https:\/\/preprod.proterrasancta.org\/wp-content\/uploads\/IMG_20181019_103132.jpg","type":"image\/jpeg"}],"author":"Giacomo Pizzi","twitter_card":"summary_large_image","twitter_creator":"@proterrasancta","twitter_site":"@proterrasancta","twitter_misc":{"\u00c9crit par":"Giacomo Pizzi","Dur\u00e9e de lecture est.":"3 minutes"},"schema":{"@context":"https:\/\/schema.org","@graph":[{"@type":"Article","@id":"https:\/\/preprod.proterrasancta.org\/fr\/envie-deau-a-bethleem-de-nouveaux-reservoirs-deau-comme-cadeaux-a-rana-et-a-sa-famille\/#article","isPartOf":{"@id":"https:\/\/preprod.proterrasancta.org\/fr\/envie-deau-a-bethleem-de-nouveaux-reservoirs-deau-comme-cadeaux-a-rana-et-a-sa-famille\/"},"author":{"name":"Giacomo Pizzi","@id":"https:\/\/preprod.proterrasancta.org\/it\/#\/schema\/person\/c03a0c97a2c22a2681d54e29de17430c"},"headline":"\u00ab Envie d\u2019eau \u00bb \u00e0 Bethl\u00e9em: de nouveaux r\u00e9servoirs d&rsquo;eau comme cadeaux \u00e0 Rana et \u00e0 sa famille","datePublished":"2018-12-03T14:23:58+00:00","dateModified":"2022-03-30T08:22:52+00:00","mainEntityOfPage":{"@id":"https:\/\/preprod.proterrasancta.org\/fr\/envie-deau-a-bethleem-de-nouveaux-reservoirs-deau-comme-cadeaux-a-rana-et-a-sa-famille\/"},"wordCount":613,"publisher":{"@id":"https:\/\/preprod.proterrasancta.org\/it\/#organization"},"articleSection":["Non classifi\u00e9(e)"],"inLanguage":"fr-FR"},{"@type":"WebPage","@id":"https:\/\/preprod.proterrasancta.org\/fr\/envie-deau-a-bethleem-de-nouveaux-reservoirs-deau-comme-cadeaux-a-rana-et-a-sa-famille\/","url":"https:\/\/preprod.proterrasancta.org\/fr\/envie-deau-a-bethleem-de-nouveaux-reservoirs-deau-comme-cadeaux-a-rana-et-a-sa-famille\/","name":"\u00ab Envie d\u2019eau \u00bb | Pro Terra Sancta","isPartOf":{"@id":"https:\/\/preprod.proterrasancta.org\/it\/#website"},"datePublished":"2018-12-03T14:23:58+00:00","dateModified":"2022-03-30T08:22:52+00:00","description":"\u00ab Envie d\u2019eau \u00bb \u00e0 Bethl\u00e9em: de nouveaux r\u00e9servoirs d'eau comme cadeaux \u00e0 Rana et \u00e0 sa famille. Pouvoir prendre une douche chaude, ..","breadcrumb":{"@id":"https:\/\/preprod.proterrasancta.org\/fr\/envie-deau-a-bethleem-de-nouveaux-reservoirs-deau-comme-cadeaux-a-rana-et-a-sa-famille\/#breadcrumb"},"inLanguage":"fr-FR","potentialAction":[{"@type":"ReadAction","target":["https:\/\/preprod.proterrasancta.org\/fr\/envie-deau-a-bethleem-de-nouveaux-reservoirs-deau-comme-cadeaux-a-rana-et-a-sa-famille\/"]}]},{"@type":"BreadcrumbList","@id":"https:\/\/preprod.proterrasancta.org\/fr\/envie-deau-a-bethleem-de-nouveaux-reservoirs-deau-comme-cadeaux-a-rana-et-a-sa-famille\/#breadcrumb","itemListElement":[{"@type":"ListItem","position":1,"name":"Home","item":"https:\/\/preprod.proterrasancta.org\/it\/"},{"@type":"ListItem","position":2,"name":"\u00ab Envie d\u2019eau \u00bb \u00e0 Bethl\u00e9em: de nouveaux r\u00e9servoirs d&rsquo;eau comme cadeaux \u00e0 Rana et \u00e0 sa famille"}]},{"@type":"WebSite","@id":"https:\/\/preprod.proterrasancta.org\/it\/#website","url":"https:\/\/preprod.proterrasancta.org\/it\/","name":"Pro Terra Sancta","description":"To foster bonds between the Holy Land and the world","publisher":{"@id":"https:\/\/preprod.proterrasancta.org\/it\/#organization"},"potentialAction":[{"@type":"SearchAction","target":{"@type":"EntryPoint","urlTemplate":"https:\/\/preprod.proterrasancta.org\/it\/?s={search_term_string}"},"query-input":"required name=search_term_string"}],"inLanguage":"fr-FR"},{"@type":"Organization","@id":"https:\/\/preprod.proterrasancta.org\/it\/#organization","name":"Associazione Pro Terra Sancta","url":"https:\/\/preprod.proterrasancta.org\/it\/","logo":{"@type":"ImageObject","inLanguage":"fr-FR","@id":"https:\/\/preprod.proterrasancta.org\/it\/#\/schema\/logo\/image\/","url":"https:\/\/www.proterrasancta.org\/wp-content\/uploads\/Logo_ProTerraSancta_Colori_web_high_modificato.jpg","contentUrl":"https:\/\/www.proterrasancta.org\/wp-content\/uploads\/Logo_ProTerraSancta_Colori_web_high_modificato.jpg","width":1018,"height":576,"caption":"Associazione Pro Terra Sancta"},"image":{"@id":"https:\/\/preprod.proterrasancta.org\/it\/#\/schema\/logo\/image\/"},"sameAs":["https:\/\/www.instagram.com\/proterrasancta\/","https:\/\/www.linkedin.com\/company\/pro-terra-sancta\/","https:\/\/www.youtube.com\/user\/proterrasancta","https:\/\/www.facebook.com\/proterrasancta\/","https:\/\/twitter.com\/proterrasancta"]},{"@type":"Person","@id":"https:\/\/preprod.proterrasancta.org\/it\/#\/schema\/person\/c03a0c97a2c22a2681d54e29de17430c","name":"Giacomo Pizzi","image":{"@type":"ImageObject","inLanguage":"fr-FR","@id":"https:\/\/preprod.proterrasancta.org\/it\/#\/schema\/person\/image\/","url":"https:\/\/secure.gravatar.com\/avatar\/900c575219bd8bb5f7711ce33f0e43ea?s=96&d=mm&r=g","contentUrl":"https:\/\/secure.gravatar.com\/avatar\/900c575219bd8bb5f7711ce33f0e43ea?s=96&d=mm&r=g","caption":"Giacomo Pizzi"},"url":"https:\/\/preprod.proterrasancta.org\/fr\/author\/pizzi\/"}]}},"_links":{"self":[{"href":"https:\/\/preprod.proterrasancta.org\/fr\/wp-json\/wp\/v2\/posts\/105342"}],"collection":[{"href":"https:\/\/preprod.proterrasancta.org\/fr\/wp-json\/wp\/v2\/posts"}],"about":[{"href":"https:\/\/preprod.proterrasancta.org\/fr\/wp-json\/wp\/v2\/types\/post"}],"author":[{"embeddable":true,"href":"https:\/\/preprod.proterrasancta.org\/fr\/wp-json\/wp\/v2\/users\/35"}],"replies":[{"embeddable":true,"href":"https:\/\/preprod.proterrasancta.org\/fr\/wp-json\/wp\/v2\/comments?post=105342"}],"version-history":[{"count":1,"href":"https:\/\/preprod.proterrasancta.org\/fr\/wp-json\/wp\/v2\/posts\/105342\/revisions"}],"predecessor-version":[{"id":172683,"href":"https:\/\/preprod.proterrasancta.org\/fr\/wp-json\/wp\/v2\/posts\/105342\/revisions\/172683"}],"wp:featuredmedia":[{"embeddable":true,"href":"https:\/\/preprod.proterrasancta.org\/fr\/wp-json\/wp\/v2\/media\/105333"}],"wp:attachment":[{"href":"https:\/\/preprod.proterrasancta.org\/fr\/wp-json\/wp\/v2\/media?parent=105342"}],"wp:term":[{"taxonomy":"category","embeddable":true,"href":"https:\/\/preprod.proterrasancta.org\/fr\/wp-json\/wp\/v2\/categories?post=105342"},{"taxonomy":"post_tag","embeddable":true,"href":"https:\/\/preprod.proterrasancta.org\/fr\/wp-json\/wp\/v2\/tags?post=105342"},{"taxonomy":"campaign_code","embeddable":true,"href":"https:\/\/preprod.proterrasancta.org\/fr\/wp-json\/wp\/v2\/campaign_code?post=105342"}],"curies":[{"name":"wp","href":"https:\/\/api.w.org\/{rel}","templated":true}]}}