{"id":105311,"date":"2018-11-26T16:36:41","date_gmt":"2018-11-26T14:36:41","guid":{"rendered":"https:\/\/www.proterrasancta.org\/?post_type=fr-post&#038;p=105311"},"modified":"2021-09-09T16:45:35","modified_gmt":"2021-09-09T14:45:35","slug":"bethleem-retour-dans-le-temps-le-lieu-de-naissance-de-jesus-comme-vous-ne-lavez-jamais-vu-auparavant","status":"publish","type":"post","link":"https:\/\/preprod.proterrasancta.org\/fr\/bethleem-retour-dans-le-temps-le-lieu-de-naissance-de-jesus-comme-vous-ne-lavez-jamais-vu-auparavant\/","title":{"rendered":"Bethl\u00e9em back in time! Le lieu de naissance de J\u00e9sus comme vous ne l&rsquo;avez jamais vu auparavant"},"content":{"rendered":"<p>Ce <strong>No\u00ebl<\/strong> nous vous amenons \u00e0 <strong>Bethl\u00e9em<\/strong>. Mais pas seulement: nous vous emmenons \u00e0 Bethl\u00e9em il y a 2000 ans.\u00a0Vous ne le croyez pas?\u00a0Nous allons vous \u00e9tonner.\u00a0Nous venons de terminer la pr\u00e9paration de \u00ab\u00a0<strong>Bethl\u00e9em back in time<\/strong>\u00ab\u00a0, un produit extraordinaire, fruit d&rsquo;un travail minutieux men\u00e9 pendant des ann\u00e9es de recherche.<\/p>\n<p>Nous en avons d\u00e9j\u00e0 parl\u00e9, en anticipant sur notre journal les recherches men\u00e9es par notre collaborateur <strong>Raffaella Zardoni<\/strong>, et aujourd&rsquo;hui il est temps de vous le montrer. Gr\u00e2ce \u00e0 la pr\u00e9cieuse collaboration du <strong>Studium Biblicum Franciscanum<\/strong>, le Dr. Zardoni a essay\u00e9 de reconstruire tous les changements que le lieu de la naissance de J\u00e9sus a souffert jusqu&rsquo;\u00e0 aujourd&rsquo;hui. Elle l&rsquo;a fait en prenant soin de chaque d\u00e9tail, chaque aspect qui vous aidera \u00e0 <strong>vous plonger dans une histoire mill\u00e9naire<\/strong> riche de changements.<\/p>\n<p>Ce que nous proposons est un v\u00e9ritable voyage dans le temps: du premier No\u00ebl \u00e0 aujourd&rsquo;hui, en passant par les grottes qui ont accueilli la <strong>naissance du Seigneur<\/strong> jusqu&rsquo;au monumental \u00e9difice construit aujourd&rsquo;hui dans la <strong>petite ville palestinienne<\/strong> et o\u00f9 trois communaut\u00e9s chr\u00e9tiennes vivent ensemble. Il s\u2019agit &#8211; c\u2019est juste de le pr\u00e9ciser &#8211; des hypoth\u00e8ses, mais elles sont toutes corrobor\u00e9es dans les ann\u00e9es par <strong>scrupuleux recherches scientifiques<\/strong> et tr\u00e8s s\u00e9rieuses \u00e9tudes. C&rsquo;est un voyage en \u00e9tapes que vous pouvez suivre sur notre site <a href=\"https:\/\/www.google.com\/url?q=https%3A%2F%2Fmain.ats.brera13studio.com%2Fit%2F&amp;sa=D&amp;sntz=1&amp;usg=AFQjCNGLXL3Y3m_BQCIFiJEoxz5YAzeo5g\"><strong>Internet<\/strong><\/a> ou sur notre page <a href=\"https:\/\/www.google.com\/url?q=https%3A%2F%2Fwww.facebook.com%2Fproterrasancta%2F%3Fref%3Dbr_tf&amp;sa=D&amp;sntz=1&amp;usg=AFQjCNEkXr1gbE1xgMl5llQ_DRMCIrPPKg\"><strong>facebook<\/strong><\/a><strong>.<\/strong><\/p>\n<p>Pourquoi avons-nous d\u00e9cid\u00e9 de r\u00e9aliser un projet de ce type-l\u00e0?\u00a0Parce que nous croyons que la mission d\u2019<strong>ATS pro Terra Sancta <\/strong>soit aussi &#8211; et surtout &#8211; ceci: <strong><em>cr\u00e9er des liens entre la Terre Sainte et le monde<\/em><\/strong><em>. <\/em>Avec les <strong>vid\u00e9os<\/strong> que nous vous proposerons <strong>semaine apr\u00e8s semaine<\/strong> nous essaierons de vous y emmener, de vous faire vivre et respirer l\u2019atmosph\u00e8re d\u2019un petit lieu, mais o\u00f9 le salut de l\u2019Humanit\u00e9 a commenc\u00e9.<\/p>\n<p><strong>Saint Fran\u00e7ois<\/strong> disait qu&rsquo;on ne peut pas aimer le Seigneur sans aimer les <strong>lieux<\/strong> que le Seigneur a travers\u00e9. \u00ab\u00a0Bethl\u00e9em back in time\u00a0\u00bb a justement cet objectif, combin\u00e9 \u00e0 une recherche universitaire pr\u00e9cieuse et unique en son genre.<\/p>\n<p>Donc, merci \u00e0 Raffaella Zardoni et \u00e0 tous ceux qui nous ont aid\u00e9s \u00e0 r\u00e9aliser ce projet-l\u00e0.\u00a0Nous sommes s\u00fbrs que vous l&rsquo;aimerez.\u00a0Et maintenant, suivez-nous &#8211; jusqu\u2019\u00e0 No\u00ebl &#8211; dans cet exceptionnel <strong>retour dans le temps<\/strong>. Afin de vivre cette nuit qui a chang\u00e9 le monde et de s\u2019identifier \u00e0 <strong>Marie et Joseph<\/strong>, pendant qu&rsquo;ils veillaient sur cet enfant bien-aim\u00e9 de Dieu.<\/p>\n<p>Cela sera &#8211; nous esp\u00e9rons- une fa\u00e7on d\u2019aimer un peu plus ces endroits &#8211; et les gens &#8211; que nous essayons de garder.<\/p>\n<p>&nbsp;<\/p>\n","protected":false},"excerpt":{"rendered":"<p>Ce No\u00ebl nous vous amenons \u00e0 Bethl\u00e9em. Mais pas seulement: nous vous emmenons \u00e0 Bethl\u00e9em il y a 2000 ans.\u00a0Vous ne le croyez pas?\u00a0Nous allons vous \u00e9tonner.\u00a0Nous venons de terminer la pr\u00e9paration de \u00ab\u00a0Bethl\u00e9em back in time\u00ab\u00a0, un produit extraordinaire, fruit d&rsquo;un travail minutieux men\u00e9 pendant des ann\u00e9es de recherche. Nous en avons d\u00e9j\u00e0 parl\u00e9, [&hellip;]<\/p>\n","protected":false},"author":35,"featured_media":105302,"comment_status":"closed","ping_status":"closed","sticky":false,"template":"","format":"standard","meta":{"_acf_changed":false,"inline_featured_image":false,"footnotes":""},"categories":[9722],"tags":[],"campaign_code":[],"class_list":["post-105311","post","type-post","status-publish","format-standard","has-post-thumbnail","hentry","category-non-classifiee"],"acf":[],"yoast_head":"<!-- This site is optimized with the Yoast SEO Premium plugin v17.7 (Yoast SEO v19.14) - https:\/\/yoast.com\/wordpress\/plugins\/seo\/ -->\n<title>Bethl\u00e9em back in time! Le lieu de naissance de J\u00e9sus comme vous ne l&#039;avez jamais vu auparavant | Pro Terra Sancta<\/title>\n<meta name=\"robots\" content=\"noindex, follow, max-snippet:-1, max-image-preview:large, max-video-preview:-1\" \/>\n<meta property=\"og:locale\" content=\"fr_FR\" \/>\n<meta property=\"og:type\" content=\"article\" \/>\n<meta property=\"og:title\" content=\"Bethl\u00e9em back in time! Le lieu de naissance de J\u00e9sus comme vous ne l&#039;avez jamais vu auparavant\" \/>\n<meta property=\"og:description\" content=\"Ce No\u00ebl nous vous amenons \u00e0 Bethl\u00e9em. Mais pas seulement: nous vous emmenons \u00e0 Bethl\u00e9em il y a 2000 ans.\u00a0Vous ne le croyez pas?\u00a0Nous allons vous \u00e9tonner.\u00a0Nous venons de terminer la pr\u00e9paration de \u00ab\u00a0Bethl\u00e9em back in time\u00ab\u00a0, un produit extraordinaire, fruit d&rsquo;un travail minutieux men\u00e9 pendant des ann\u00e9es de recherche. Nous en avons d\u00e9j\u00e0 parl\u00e9, [&hellip;]\" \/>\n<meta property=\"og:url\" content=\"https:\/\/preprod.proterrasancta.org\/fr\/bethleem-retour-dans-le-temps-le-lieu-de-naissance-de-jesus-comme-vous-ne-lavez-jamais-vu-auparavant\/\" \/>\n<meta property=\"og:site_name\" content=\"Pro Terra Sancta\" \/>\n<meta property=\"article:publisher\" content=\"https:\/\/www.facebook.com\/proterrasancta\/\" \/>\n<meta property=\"article:published_time\" content=\"2018-11-26T14:36:41+00:00\" \/>\n<meta property=\"article:modified_time\" content=\"2021-09-09T14:45:35+00:00\" \/>\n<meta property=\"og:image\" content=\"https:\/\/preprod.proterrasancta.org\/wp-content\/uploads\/E22CDAA3-55D6-4E6D-8D05-ADDBA5B02C91.jpeg\" \/>\n\t<meta property=\"og:image:width\" content=\"833\" \/>\n\t<meta property=\"og:image:height\" content=\"479\" \/>\n\t<meta property=\"og:image:type\" content=\"image\/jpeg\" \/>\n<meta name=\"author\" content=\"Giacomo Pizzi\" \/>\n<meta name=\"twitter:card\" content=\"summary_large_image\" \/>\n<meta name=\"twitter:creator\" content=\"@proterrasancta\" \/>\n<meta name=\"twitter:site\" content=\"@proterrasancta\" \/>\n<meta name=\"twitter:label1\" content=\"\u00c9crit par\" \/>\n\t<meta name=\"twitter:data1\" content=\"Giacomo Pizzi\" \/>\n\t<meta name=\"twitter:label2\" content=\"Dur\u00e9e de lecture est.\" \/>\n\t<meta name=\"twitter:data2\" content=\"2 minutes\" \/>\n<script type=\"application\/ld+json\" class=\"yoast-schema-graph\">{\"@context\":\"https:\/\/schema.org\",\"@graph\":[{\"@type\":\"Article\",\"@id\":\"https:\/\/preprod.proterrasancta.org\/fr\/bethleem-retour-dans-le-temps-le-lieu-de-naissance-de-jesus-comme-vous-ne-lavez-jamais-vu-auparavant\/#article\",\"isPartOf\":{\"@id\":\"https:\/\/preprod.proterrasancta.org\/fr\/bethleem-retour-dans-le-temps-le-lieu-de-naissance-de-jesus-comme-vous-ne-lavez-jamais-vu-auparavant\/\"},\"author\":{\"name\":\"Giacomo Pizzi\",\"@id\":\"https:\/\/preprod.proterrasancta.org\/it\/#\/schema\/person\/c03a0c97a2c22a2681d54e29de17430c\"},\"headline\":\"Bethl\u00e9em back in time! Le lieu de naissance de J\u00e9sus comme vous ne l&rsquo;avez jamais vu auparavant\",\"datePublished\":\"2018-11-26T14:36:41+00:00\",\"dateModified\":\"2021-09-09T14:45:35+00:00\",\"mainEntityOfPage\":{\"@id\":\"https:\/\/preprod.proterrasancta.org\/fr\/bethleem-retour-dans-le-temps-le-lieu-de-naissance-de-jesus-comme-vous-ne-lavez-jamais-vu-auparavant\/\"},\"wordCount\":488,\"publisher\":{\"@id\":\"https:\/\/preprod.proterrasancta.org\/it\/#organization\"},\"articleSection\":[\"Non classifi\u00e9(e)\"],\"inLanguage\":\"fr-FR\"},{\"@type\":\"WebPage\",\"@id\":\"https:\/\/preprod.proterrasancta.org\/fr\/bethleem-retour-dans-le-temps-le-lieu-de-naissance-de-jesus-comme-vous-ne-lavez-jamais-vu-auparavant\/\",\"url\":\"https:\/\/preprod.proterrasancta.org\/fr\/bethleem-retour-dans-le-temps-le-lieu-de-naissance-de-jesus-comme-vous-ne-lavez-jamais-vu-auparavant\/\",\"name\":\"Bethl\u00e9em back in time! Le lieu de naissance de J\u00e9sus comme vous ne l'avez jamais vu auparavant | Pro Terra Sancta\",\"isPartOf\":{\"@id\":\"https:\/\/preprod.proterrasancta.org\/it\/#website\"},\"datePublished\":\"2018-11-26T14:36:41+00:00\",\"dateModified\":\"2021-09-09T14:45:35+00:00\",\"breadcrumb\":{\"@id\":\"https:\/\/preprod.proterrasancta.org\/fr\/bethleem-retour-dans-le-temps-le-lieu-de-naissance-de-jesus-comme-vous-ne-lavez-jamais-vu-auparavant\/#breadcrumb\"},\"inLanguage\":\"fr-FR\",\"potentialAction\":[{\"@type\":\"ReadAction\",\"target\":[\"https:\/\/preprod.proterrasancta.org\/fr\/bethleem-retour-dans-le-temps-le-lieu-de-naissance-de-jesus-comme-vous-ne-lavez-jamais-vu-auparavant\/\"]}]},{\"@type\":\"BreadcrumbList\",\"@id\":\"https:\/\/preprod.proterrasancta.org\/fr\/bethleem-retour-dans-le-temps-le-lieu-de-naissance-de-jesus-comme-vous-ne-lavez-jamais-vu-auparavant\/#breadcrumb\",\"itemListElement\":[{\"@type\":\"ListItem\",\"position\":1,\"name\":\"Home\",\"item\":\"https:\/\/preprod.proterrasancta.org\/it\/\"},{\"@type\":\"ListItem\",\"position\":2,\"name\":\"Bethl\u00e9em back in time! Le lieu de naissance de J\u00e9sus comme vous ne l&rsquo;avez jamais vu auparavant\"}]},{\"@type\":\"WebSite\",\"@id\":\"https:\/\/preprod.proterrasancta.org\/it\/#website\",\"url\":\"https:\/\/preprod.proterrasancta.org\/it\/\",\"name\":\"Pro Terra Sancta\",\"description\":\"To foster bonds between the Holy Land and the world\",\"publisher\":{\"@id\":\"https:\/\/preprod.proterrasancta.org\/it\/#organization\"},\"potentialAction\":[{\"@type\":\"SearchAction\",\"target\":{\"@type\":\"EntryPoint\",\"urlTemplate\":\"https:\/\/preprod.proterrasancta.org\/it\/?s={search_term_string}\"},\"query-input\":\"required name=search_term_string\"}],\"inLanguage\":\"fr-FR\"},{\"@type\":\"Organization\",\"@id\":\"https:\/\/preprod.proterrasancta.org\/it\/#organization\",\"name\":\"Associazione Pro Terra Sancta\",\"url\":\"https:\/\/preprod.proterrasancta.org\/it\/\",\"logo\":{\"@type\":\"ImageObject\",\"inLanguage\":\"fr-FR\",\"@id\":\"https:\/\/preprod.proterrasancta.org\/it\/#\/schema\/logo\/image\/\",\"url\":\"https:\/\/www.proterrasancta.org\/wp-content\/uploads\/Logo_ProTerraSancta_Colori_web_high_modificato.jpg\",\"contentUrl\":\"https:\/\/www.proterrasancta.org\/wp-content\/uploads\/Logo_ProTerraSancta_Colori_web_high_modificato.jpg\",\"width\":1018,\"height\":576,\"caption\":\"Associazione Pro Terra Sancta\"},\"image\":{\"@id\":\"https:\/\/preprod.proterrasancta.org\/it\/#\/schema\/logo\/image\/\"},\"sameAs\":[\"https:\/\/www.instagram.com\/proterrasancta\/\",\"https:\/\/www.linkedin.com\/company\/pro-terra-sancta\/\",\"https:\/\/www.youtube.com\/user\/proterrasancta\",\"https:\/\/www.facebook.com\/proterrasancta\/\",\"https:\/\/twitter.com\/proterrasancta\"]},{\"@type\":\"Person\",\"@id\":\"https:\/\/preprod.proterrasancta.org\/it\/#\/schema\/person\/c03a0c97a2c22a2681d54e29de17430c\",\"name\":\"Giacomo Pizzi\",\"image\":{\"@type\":\"ImageObject\",\"inLanguage\":\"fr-FR\",\"@id\":\"https:\/\/preprod.proterrasancta.org\/it\/#\/schema\/person\/image\/\",\"url\":\"https:\/\/secure.gravatar.com\/avatar\/900c575219bd8bb5f7711ce33f0e43ea?s=96&d=mm&r=g\",\"contentUrl\":\"https:\/\/secure.gravatar.com\/avatar\/900c575219bd8bb5f7711ce33f0e43ea?s=96&d=mm&r=g\",\"caption\":\"Giacomo Pizzi\"},\"url\":\"https:\/\/preprod.proterrasancta.org\/fr\/author\/pizzi\/\"}]}<\/script>\n<!-- \/ Yoast SEO Premium plugin. -->","yoast_head_json":{"title":"Bethl\u00e9em back in time! Le lieu de naissance de J\u00e9sus comme vous ne l'avez jamais vu auparavant | Pro Terra Sancta","robots":{"index":"noindex","follow":"follow","max-snippet":"max-snippet:-1","max-image-preview":"max-image-preview:large","max-video-preview":"max-video-preview:-1"},"og_locale":"fr_FR","og_type":"article","og_title":"Bethl\u00e9em back in time! Le lieu de naissance de J\u00e9sus comme vous ne l'avez jamais vu auparavant","og_description":"Ce No\u00ebl nous vous amenons \u00e0 Bethl\u00e9em. Mais pas seulement: nous vous emmenons \u00e0 Bethl\u00e9em il y a 2000 ans.\u00a0Vous ne le croyez pas?\u00a0Nous allons vous \u00e9tonner.\u00a0Nous venons de terminer la pr\u00e9paration de \u00ab\u00a0Bethl\u00e9em back in time\u00ab\u00a0, un produit extraordinaire, fruit d&rsquo;un travail minutieux men\u00e9 pendant des ann\u00e9es de recherche. Nous en avons d\u00e9j\u00e0 parl\u00e9, [&hellip;]","og_url":"https:\/\/preprod.proterrasancta.org\/fr\/bethleem-retour-dans-le-temps-le-lieu-de-naissance-de-jesus-comme-vous-ne-lavez-jamais-vu-auparavant\/","og_site_name":"Pro Terra Sancta","article_publisher":"https:\/\/www.facebook.com\/proterrasancta\/","article_published_time":"2018-11-26T14:36:41+00:00","article_modified_time":"2021-09-09T14:45:35+00:00","og_image":[{"width":833,"height":479,"url":"https:\/\/preprod.proterrasancta.org\/wp-content\/uploads\/E22CDAA3-55D6-4E6D-8D05-ADDBA5B02C91.jpeg","type":"image\/jpeg"}],"author":"Giacomo Pizzi","twitter_card":"summary_large_image","twitter_creator":"@proterrasancta","twitter_site":"@proterrasancta","twitter_misc":{"\u00c9crit par":"Giacomo Pizzi","Dur\u00e9e de lecture est.":"2 minutes"},"schema":{"@context":"https:\/\/schema.org","@graph":[{"@type":"Article","@id":"https:\/\/preprod.proterrasancta.org\/fr\/bethleem-retour-dans-le-temps-le-lieu-de-naissance-de-jesus-comme-vous-ne-lavez-jamais-vu-auparavant\/#article","isPartOf":{"@id":"https:\/\/preprod.proterrasancta.org\/fr\/bethleem-retour-dans-le-temps-le-lieu-de-naissance-de-jesus-comme-vous-ne-lavez-jamais-vu-auparavant\/"},"author":{"name":"Giacomo Pizzi","@id":"https:\/\/preprod.proterrasancta.org\/it\/#\/schema\/person\/c03a0c97a2c22a2681d54e29de17430c"},"headline":"Bethl\u00e9em back in time! Le lieu de naissance de J\u00e9sus comme vous ne l&rsquo;avez jamais vu auparavant","datePublished":"2018-11-26T14:36:41+00:00","dateModified":"2021-09-09T14:45:35+00:00","mainEntityOfPage":{"@id":"https:\/\/preprod.proterrasancta.org\/fr\/bethleem-retour-dans-le-temps-le-lieu-de-naissance-de-jesus-comme-vous-ne-lavez-jamais-vu-auparavant\/"},"wordCount":488,"publisher":{"@id":"https:\/\/preprod.proterrasancta.org\/it\/#organization"},"articleSection":["Non classifi\u00e9(e)"],"inLanguage":"fr-FR"},{"@type":"WebPage","@id":"https:\/\/preprod.proterrasancta.org\/fr\/bethleem-retour-dans-le-temps-le-lieu-de-naissance-de-jesus-comme-vous-ne-lavez-jamais-vu-auparavant\/","url":"https:\/\/preprod.proterrasancta.org\/fr\/bethleem-retour-dans-le-temps-le-lieu-de-naissance-de-jesus-comme-vous-ne-lavez-jamais-vu-auparavant\/","name":"Bethl\u00e9em back in time! Le lieu de naissance de J\u00e9sus comme vous ne l'avez jamais vu auparavant | Pro Terra Sancta","isPartOf":{"@id":"https:\/\/preprod.proterrasancta.org\/it\/#website"},"datePublished":"2018-11-26T14:36:41+00:00","dateModified":"2021-09-09T14:45:35+00:00","breadcrumb":{"@id":"https:\/\/preprod.proterrasancta.org\/fr\/bethleem-retour-dans-le-temps-le-lieu-de-naissance-de-jesus-comme-vous-ne-lavez-jamais-vu-auparavant\/#breadcrumb"},"inLanguage":"fr-FR","potentialAction":[{"@type":"ReadAction","target":["https:\/\/preprod.proterrasancta.org\/fr\/bethleem-retour-dans-le-temps-le-lieu-de-naissance-de-jesus-comme-vous-ne-lavez-jamais-vu-auparavant\/"]}]},{"@type":"BreadcrumbList","@id":"https:\/\/preprod.proterrasancta.org\/fr\/bethleem-retour-dans-le-temps-le-lieu-de-naissance-de-jesus-comme-vous-ne-lavez-jamais-vu-auparavant\/#breadcrumb","itemListElement":[{"@type":"ListItem","position":1,"name":"Home","item":"https:\/\/preprod.proterrasancta.org\/it\/"},{"@type":"ListItem","position":2,"name":"Bethl\u00e9em back in time! Le lieu de naissance de J\u00e9sus comme vous ne l&rsquo;avez jamais vu auparavant"}]},{"@type":"WebSite","@id":"https:\/\/preprod.proterrasancta.org\/it\/#website","url":"https:\/\/preprod.proterrasancta.org\/it\/","name":"Pro Terra Sancta","description":"To foster bonds between the Holy Land and the world","publisher":{"@id":"https:\/\/preprod.proterrasancta.org\/it\/#organization"},"potentialAction":[{"@type":"SearchAction","target":{"@type":"EntryPoint","urlTemplate":"https:\/\/preprod.proterrasancta.org\/it\/?s={search_term_string}"},"query-input":"required name=search_term_string"}],"inLanguage":"fr-FR"},{"@type":"Organization","@id":"https:\/\/preprod.proterrasancta.org\/it\/#organization","name":"Associazione Pro Terra Sancta","url":"https:\/\/preprod.proterrasancta.org\/it\/","logo":{"@type":"ImageObject","inLanguage":"fr-FR","@id":"https:\/\/preprod.proterrasancta.org\/it\/#\/schema\/logo\/image\/","url":"https:\/\/www.proterrasancta.org\/wp-content\/uploads\/Logo_ProTerraSancta_Colori_web_high_modificato.jpg","contentUrl":"https:\/\/www.proterrasancta.org\/wp-content\/uploads\/Logo_ProTerraSancta_Colori_web_high_modificato.jpg","width":1018,"height":576,"caption":"Associazione Pro Terra Sancta"},"image":{"@id":"https:\/\/preprod.proterrasancta.org\/it\/#\/schema\/logo\/image\/"},"sameAs":["https:\/\/www.instagram.com\/proterrasancta\/","https:\/\/www.linkedin.com\/company\/pro-terra-sancta\/","https:\/\/www.youtube.com\/user\/proterrasancta","https:\/\/www.facebook.com\/proterrasancta\/","https:\/\/twitter.com\/proterrasancta"]},{"@type":"Person","@id":"https:\/\/preprod.proterrasancta.org\/it\/#\/schema\/person\/c03a0c97a2c22a2681d54e29de17430c","name":"Giacomo Pizzi","image":{"@type":"ImageObject","inLanguage":"fr-FR","@id":"https:\/\/preprod.proterrasancta.org\/it\/#\/schema\/person\/image\/","url":"https:\/\/secure.gravatar.com\/avatar\/900c575219bd8bb5f7711ce33f0e43ea?s=96&d=mm&r=g","contentUrl":"https:\/\/secure.gravatar.com\/avatar\/900c575219bd8bb5f7711ce33f0e43ea?s=96&d=mm&r=g","caption":"Giacomo Pizzi"},"url":"https:\/\/preprod.proterrasancta.org\/fr\/author\/pizzi\/"}]}},"_links":{"self":[{"href":"https:\/\/preprod.proterrasancta.org\/fr\/wp-json\/wp\/v2\/posts\/105311"}],"collection":[{"href":"https:\/\/preprod.proterrasancta.org\/fr\/wp-json\/wp\/v2\/posts"}],"about":[{"href":"https:\/\/preprod.proterrasancta.org\/fr\/wp-json\/wp\/v2\/types\/post"}],"author":[{"embeddable":true,"href":"https:\/\/preprod.proterrasancta.org\/fr\/wp-json\/wp\/v2\/users\/35"}],"replies":[{"embeddable":true,"href":"https:\/\/preprod.proterrasancta.org\/fr\/wp-json\/wp\/v2\/comments?post=105311"}],"version-history":[{"count":0,"href":"https:\/\/preprod.proterrasancta.org\/fr\/wp-json\/wp\/v2\/posts\/105311\/revisions"}],"wp:featuredmedia":[{"embeddable":true,"href":"https:\/\/preprod.proterrasancta.org\/fr\/wp-json\/wp\/v2\/media\/105302"}],"wp:attachment":[{"href":"https:\/\/preprod.proterrasancta.org\/fr\/wp-json\/wp\/v2\/media?parent=105311"}],"wp:term":[{"taxonomy":"category","embeddable":true,"href":"https:\/\/preprod.proterrasancta.org\/fr\/wp-json\/wp\/v2\/categories?post=105311"},{"taxonomy":"post_tag","embeddable":true,"href":"https:\/\/preprod.proterrasancta.org\/fr\/wp-json\/wp\/v2\/tags?post=105311"},{"taxonomy":"campaign_code","embeddable":true,"href":"https:\/\/preprod.proterrasancta.org\/fr\/wp-json\/wp\/v2\/campaign_code?post=105311"}],"curies":[{"name":"wp","href":"https:\/\/api.w.org\/{rel}","templated":true}]}}