{"id":105287,"date":"2018-11-20T12:03:55","date_gmt":"2018-11-20T10:03:55","guid":{"rendered":"https:\/\/www.proterrasancta.org\/?post_type=fr-post&#038;p=105287"},"modified":"2021-09-09T16:45:35","modified_gmt":"2021-09-09T14:45:35","slug":"bethleem-les-meres-de-saint-joseph-retournent-a-lecole","status":"publish","type":"post","link":"https:\/\/preprod.proterrasancta.org\/fr\/bethleem-les-meres-de-saint-joseph-retournent-a-lecole\/","title":{"rendered":"Bethl\u00e9em: les m\u00e8res de saint Joseph retournent \u00e0 l&rsquo;\u00e9cole"},"content":{"rendered":"<p>\u00c0 quelques pas du si\u00e8ge de l&rsquo;<strong>Universit\u00e9 de Bethl\u00e9em<\/strong>, dans l&rsquo;<strong>ICP<\/strong> (Partenariat de coop\u00e9ration institutionnelle), tous les mercred\u00ec matines les m\u00e9res de la <strong>Saint Joseph College<\/strong> retournent \u00e0 l&rsquo;\u00e9cole. Une <strong>trentaine de femmes<\/strong> de tous \u00e2ges ont la possibilit\u00e9, deux heures par semaine, de suivre des cours donn\u00e9s par des professeurs et des experts sur divers sujets. Chaque sujet est trait\u00e9 pendant environ<strong> 20 heures au total<\/strong>, ce qui leur permet de traiter diff\u00e9rents sujets au cours de l\u2019ann\u00e9e et d\u2019obtenir un petit dipl\u00f4me pour chaque discipline. Les cours vont de la psychologie \u00e0 l&rsquo;\u00e9ducation des enfants, en passant par les cours de cuisine et l&rsquo;\u00e9conomie domestique, tous enseign\u00e9s par des professeurs et des experts du domaine.<\/p>\n<p><strong>Naila Nasser<\/strong>, assistante sociale qui travaille pour <strong>ATS pro Terra Sancta<\/strong> \u00e0 <strong>Bethl\u00e9em<\/strong> depuis plusieurs ann\u00e9es, et <strong>Gloria Nasser<\/strong>, assistante sociale et enseignante \u00e0 <strong>Saint Joseph<\/strong>, sont responsables du projet depuis un certain temps: \u00ab\u00a0C\u2019est une initiative n\u00e9e il y a maintenant douze ans. il y a. Nous avons d\u2019abord re\u00e7u le soutien d\u2019autres associations, mais lorsqu\u2019elles ont \u00e9chou\u00e9, ATS Pro Terra Sancta a repris le projet, ce qui nous a permis de continuer \u00bb, a d\u00e9clar\u00e9 Naila.<\/p>\n<p>Ils nous disent qu\u2019\u00e0 <strong>Bethl\u00e9em<\/strong>, il est courant que <strong>les m\u00e8res<\/strong>, les <strong>femmes au foyer<\/strong> et leurs amis prennent un caf\u00e9 au milieu de la matin\u00e9e, mais les r\u00e9unions ont autre chose que des discussions en compagnie: \u00ab\u00a0nous apprenons des choses utiles que nous pouvons ensuite partager avec amis \u00ab\u00a0. <strong>Miriam<\/strong> nous confie que, gr\u00e2ce au cours d\u2019h\u00e9breu, elle a pu aider son fils \u00e0 faire ses devoirs dans une langue qu\u2019elle ne connaissait pas auparavant: \u00ab\u00a0Je pense qu\u2019il est important de trouver un travail et de mieux conna\u00eetre qui vit de l\u2019autre c\u00f4t\u00e9 du mur\u00a0\u00bb. Tout le monde veut partager ses exp\u00e9riences avec nous et <strong>Amel<\/strong> admet: \u00ab\u00a0L\u2019un des cours que mes enfants ont le plus appr\u00e9ci\u00e9 \u00e9tait le cours de cuisine: j\u2019ai appris \u00e0 cuisiner de nouvelles recettes en revisitant des plats traditionnels, gr\u00e2ce aux conseils des chefs professionnels \u00ab\u00a0.<\/p>\n<p>Gloria nous dit qu\u2019avec les nouveaux membres, il y a des dames qui suivent des cours depuis de nombreuses ann\u00e9es, telles que Dana: \u00ab\u00a0J&rsquo;ai beaucoup appris de ces cours sur la gestion de la famille, et m\u00eame si mes enfants ont grandi, j\u2019essaie de faire de m\u00eame. avec mes neveux. \u00ab\u00a0\u00a0\u00bb Mon mari m&rsquo;appelle le <strong>philosophe de la maison<\/strong> &#8211; plaisante Jamila &#8211; tous nos maris et nos enfants sont heureux que nous participions \u00e0 ce cours, car ils b\u00e9n\u00e9ficient \u00e9galement d&rsquo;avantages \u00ab\u00a0. \u00ab\u00a0Nous avons appris \u00e0 faire face aux situations quotidiennes avec plus de calme et de s\u00e9r\u00e9nit\u00e9, \u00e0 r\u00e9fl\u00e9chir avant de dire des mots auxquels nous ne pensons pas vraiment; tout cela est tr\u00e8s b\u00e9n\u00e9fique pour le climat de nos familles \u00ab\u00a0, ajoute Nour.<\/p>\n<p>Peu importe leur \u00e2ge, le nombre d&rsquo;enfants, leur religion (le cours est suivi par des m\u00e8res et des musulmans et des chr\u00e9tiens), ou leur origine sociale, tous sont pr\u00eats \u00e0 s&rsquo;impliquer pour d\u00e9couvrir quelque chose de nouveau.<\/p>\n<p>Tous sont reconnaissants envers ATS Pro Terra Sancta et les organisateurs pour avoir rendu le cours possible. Et \u00e0 notre demande de ce qu&rsquo;ils aimeraient faire lors des prochaines r\u00e9unions, ils nous r\u00e9pondent: \u00ab\u00a0Un pique-nique ensemble et un cours d&rsquo;italien\u00a0\u00bb, ajoute-t-il en riant, \u00ab\u00a0et pourquoi pas, peut-\u00eatre m\u00eame un voyage en Italie!\u00a0\u00bb<\/p>\n","protected":false},"excerpt":{"rendered":"<p>\u00c0 quelques pas du si\u00e8ge de l&rsquo;Universit\u00e9 de Bethl\u00e9em, dans l&rsquo;ICP (Partenariat de coop\u00e9ration institutionnelle), tous les mercred\u00ec matines les m\u00e9res de la Saint Joseph College retournent \u00e0 l&rsquo;\u00e9cole. Une trentaine de femmes de tous \u00e2ges ont la possibilit\u00e9, deux heures par semaine, de suivre des cours donn\u00e9s par des professeurs et des experts sur [&hellip;]<\/p>\n","protected":false},"author":35,"featured_media":105277,"comment_status":"closed","ping_status":"closed","sticky":false,"template":"","format":"standard","meta":{"_acf_changed":false,"inline_featured_image":false,"footnotes":""},"categories":[9722],"tags":[],"campaign_code":[],"class_list":["post-105287","post","type-post","status-publish","format-standard","has-post-thumbnail","hentry","category-non-classifiee"],"acf":[],"yoast_head":"<!-- This site is optimized with the Yoast SEO Premium plugin v17.7 (Yoast SEO v19.14) - https:\/\/yoast.com\/wordpress\/plugins\/seo\/ -->\n<title>Bethl\u00e9em: les m\u00e8res de saint Joseph retournent \u00e0 l&#039;\u00e9cole | Pro Terra Sancta<\/title>\n<meta name=\"robots\" content=\"noindex, follow, max-snippet:-1, max-image-preview:large, max-video-preview:-1\" \/>\n<meta property=\"og:locale\" content=\"fr_FR\" \/>\n<meta property=\"og:type\" content=\"article\" \/>\n<meta property=\"og:title\" content=\"Bethl\u00e9em: les m\u00e8res de saint Joseph retournent \u00e0 l&#039;\u00e9cole\" \/>\n<meta property=\"og:description\" content=\"\u00c0 quelques pas du si\u00e8ge de l&rsquo;Universit\u00e9 de Bethl\u00e9em, dans l&rsquo;ICP (Partenariat de coop\u00e9ration institutionnelle), tous les mercred\u00ec matines les m\u00e9res de la Saint Joseph College retournent \u00e0 l&rsquo;\u00e9cole. Une trentaine de femmes de tous \u00e2ges ont la possibilit\u00e9, deux heures par semaine, de suivre des cours donn\u00e9s par des professeurs et des experts sur [&hellip;]\" \/>\n<meta property=\"og:url\" content=\"https:\/\/preprod.proterrasancta.org\/fr\/bethleem-les-meres-de-saint-joseph-retournent-a-lecole\/\" \/>\n<meta property=\"og:site_name\" content=\"Pro Terra Sancta\" \/>\n<meta property=\"article:publisher\" content=\"https:\/\/www.facebook.com\/proterrasancta\/\" \/>\n<meta property=\"article:published_time\" content=\"2018-11-20T10:03:55+00:00\" \/>\n<meta property=\"article:modified_time\" content=\"2021-09-09T14:45:35+00:00\" \/>\n<meta property=\"og:image\" content=\"https:\/\/preprod.proterrasancta.org\/wp-content\/uploads\/D3C8AC33-3D4B-4087-AE85-2A5FE84B9DCB.jpeg\" \/>\n\t<meta property=\"og:image:width\" content=\"1000\" \/>\n\t<meta property=\"og:image:height\" content=\"750\" \/>\n\t<meta property=\"og:image:type\" content=\"image\/jpeg\" \/>\n<meta name=\"author\" content=\"Giacomo Pizzi\" \/>\n<meta name=\"twitter:card\" content=\"summary_large_image\" \/>\n<meta name=\"twitter:creator\" content=\"@proterrasancta\" \/>\n<meta name=\"twitter:site\" content=\"@proterrasancta\" \/>\n<meta name=\"twitter:label1\" content=\"\u00c9crit par\" \/>\n\t<meta name=\"twitter:data1\" content=\"Giacomo Pizzi\" \/>\n\t<meta name=\"twitter:label2\" content=\"Dur\u00e9e de lecture est.\" \/>\n\t<meta name=\"twitter:data2\" content=\"3 minutes\" \/>\n<script type=\"application\/ld+json\" class=\"yoast-schema-graph\">{\"@context\":\"https:\/\/schema.org\",\"@graph\":[{\"@type\":\"Article\",\"@id\":\"https:\/\/preprod.proterrasancta.org\/fr\/bethleem-les-meres-de-saint-joseph-retournent-a-lecole\/#article\",\"isPartOf\":{\"@id\":\"https:\/\/preprod.proterrasancta.org\/fr\/bethleem-les-meres-de-saint-joseph-retournent-a-lecole\/\"},\"author\":{\"name\":\"Giacomo Pizzi\",\"@id\":\"https:\/\/preprod.proterrasancta.org\/it\/#\/schema\/person\/c03a0c97a2c22a2681d54e29de17430c\"},\"headline\":\"Bethl\u00e9em: les m\u00e8res de saint Joseph retournent \u00e0 l&rsquo;\u00e9cole\",\"datePublished\":\"2018-11-20T10:03:55+00:00\",\"dateModified\":\"2021-09-09T14:45:35+00:00\",\"mainEntityOfPage\":{\"@id\":\"https:\/\/preprod.proterrasancta.org\/fr\/bethleem-les-meres-de-saint-joseph-retournent-a-lecole\/\"},\"wordCount\":615,\"publisher\":{\"@id\":\"https:\/\/preprod.proterrasancta.org\/it\/#organization\"},\"articleSection\":[\"Non classifi\u00e9(e)\"],\"inLanguage\":\"fr-FR\"},{\"@type\":\"WebPage\",\"@id\":\"https:\/\/preprod.proterrasancta.org\/fr\/bethleem-les-meres-de-saint-joseph-retournent-a-lecole\/\",\"url\":\"https:\/\/preprod.proterrasancta.org\/fr\/bethleem-les-meres-de-saint-joseph-retournent-a-lecole\/\",\"name\":\"Bethl\u00e9em: les m\u00e8res de saint Joseph retournent \u00e0 l'\u00e9cole | Pro Terra Sancta\",\"isPartOf\":{\"@id\":\"https:\/\/preprod.proterrasancta.org\/it\/#website\"},\"datePublished\":\"2018-11-20T10:03:55+00:00\",\"dateModified\":\"2021-09-09T14:45:35+00:00\",\"breadcrumb\":{\"@id\":\"https:\/\/preprod.proterrasancta.org\/fr\/bethleem-les-meres-de-saint-joseph-retournent-a-lecole\/#breadcrumb\"},\"inLanguage\":\"fr-FR\",\"potentialAction\":[{\"@type\":\"ReadAction\",\"target\":[\"https:\/\/preprod.proterrasancta.org\/fr\/bethleem-les-meres-de-saint-joseph-retournent-a-lecole\/\"]}]},{\"@type\":\"BreadcrumbList\",\"@id\":\"https:\/\/preprod.proterrasancta.org\/fr\/bethleem-les-meres-de-saint-joseph-retournent-a-lecole\/#breadcrumb\",\"itemListElement\":[{\"@type\":\"ListItem\",\"position\":1,\"name\":\"Home\",\"item\":\"https:\/\/preprod.proterrasancta.org\/it\/\"},{\"@type\":\"ListItem\",\"position\":2,\"name\":\"Bethl\u00e9em: les m\u00e8res de saint Joseph retournent \u00e0 l&rsquo;\u00e9cole\"}]},{\"@type\":\"WebSite\",\"@id\":\"https:\/\/preprod.proterrasancta.org\/it\/#website\",\"url\":\"https:\/\/preprod.proterrasancta.org\/it\/\",\"name\":\"Pro Terra Sancta\",\"description\":\"To foster bonds between the Holy Land and the world\",\"publisher\":{\"@id\":\"https:\/\/preprod.proterrasancta.org\/it\/#organization\"},\"potentialAction\":[{\"@type\":\"SearchAction\",\"target\":{\"@type\":\"EntryPoint\",\"urlTemplate\":\"https:\/\/preprod.proterrasancta.org\/it\/?s={search_term_string}\"},\"query-input\":\"required name=search_term_string\"}],\"inLanguage\":\"fr-FR\"},{\"@type\":\"Organization\",\"@id\":\"https:\/\/preprod.proterrasancta.org\/it\/#organization\",\"name\":\"Associazione Pro Terra Sancta\",\"url\":\"https:\/\/preprod.proterrasancta.org\/it\/\",\"logo\":{\"@type\":\"ImageObject\",\"inLanguage\":\"fr-FR\",\"@id\":\"https:\/\/preprod.proterrasancta.org\/it\/#\/schema\/logo\/image\/\",\"url\":\"https:\/\/www.proterrasancta.org\/wp-content\/uploads\/Logo_ProTerraSancta_Colori_web_high_modificato.jpg\",\"contentUrl\":\"https:\/\/www.proterrasancta.org\/wp-content\/uploads\/Logo_ProTerraSancta_Colori_web_high_modificato.jpg\",\"width\":1018,\"height\":576,\"caption\":\"Associazione Pro Terra Sancta\"},\"image\":{\"@id\":\"https:\/\/preprod.proterrasancta.org\/it\/#\/schema\/logo\/image\/\"},\"sameAs\":[\"https:\/\/www.instagram.com\/proterrasancta\/\",\"https:\/\/www.linkedin.com\/company\/pro-terra-sancta\/\",\"https:\/\/www.youtube.com\/user\/proterrasancta\",\"https:\/\/www.facebook.com\/proterrasancta\/\",\"https:\/\/twitter.com\/proterrasancta\"]},{\"@type\":\"Person\",\"@id\":\"https:\/\/preprod.proterrasancta.org\/it\/#\/schema\/person\/c03a0c97a2c22a2681d54e29de17430c\",\"name\":\"Giacomo Pizzi\",\"image\":{\"@type\":\"ImageObject\",\"inLanguage\":\"fr-FR\",\"@id\":\"https:\/\/preprod.proterrasancta.org\/it\/#\/schema\/person\/image\/\",\"url\":\"https:\/\/secure.gravatar.com\/avatar\/900c575219bd8bb5f7711ce33f0e43ea?s=96&d=mm&r=g\",\"contentUrl\":\"https:\/\/secure.gravatar.com\/avatar\/900c575219bd8bb5f7711ce33f0e43ea?s=96&d=mm&r=g\",\"caption\":\"Giacomo Pizzi\"},\"url\":\"https:\/\/preprod.proterrasancta.org\/fr\/author\/pizzi\/\"}]}<\/script>\n<!-- \/ Yoast SEO Premium plugin. -->","yoast_head_json":{"title":"Bethl\u00e9em: les m\u00e8res de saint Joseph retournent \u00e0 l'\u00e9cole | Pro Terra Sancta","robots":{"index":"noindex","follow":"follow","max-snippet":"max-snippet:-1","max-image-preview":"max-image-preview:large","max-video-preview":"max-video-preview:-1"},"og_locale":"fr_FR","og_type":"article","og_title":"Bethl\u00e9em: les m\u00e8res de saint Joseph retournent \u00e0 l'\u00e9cole","og_description":"\u00c0 quelques pas du si\u00e8ge de l&rsquo;Universit\u00e9 de Bethl\u00e9em, dans l&rsquo;ICP (Partenariat de coop\u00e9ration institutionnelle), tous les mercred\u00ec matines les m\u00e9res de la Saint Joseph College retournent \u00e0 l&rsquo;\u00e9cole. Une trentaine de femmes de tous \u00e2ges ont la possibilit\u00e9, deux heures par semaine, de suivre des cours donn\u00e9s par des professeurs et des experts sur [&hellip;]","og_url":"https:\/\/preprod.proterrasancta.org\/fr\/bethleem-les-meres-de-saint-joseph-retournent-a-lecole\/","og_site_name":"Pro Terra Sancta","article_publisher":"https:\/\/www.facebook.com\/proterrasancta\/","article_published_time":"2018-11-20T10:03:55+00:00","article_modified_time":"2021-09-09T14:45:35+00:00","og_image":[{"width":1000,"height":750,"url":"https:\/\/preprod.proterrasancta.org\/wp-content\/uploads\/D3C8AC33-3D4B-4087-AE85-2A5FE84B9DCB.jpeg","type":"image\/jpeg"}],"author":"Giacomo Pizzi","twitter_card":"summary_large_image","twitter_creator":"@proterrasancta","twitter_site":"@proterrasancta","twitter_misc":{"\u00c9crit par":"Giacomo Pizzi","Dur\u00e9e de lecture est.":"3 minutes"},"schema":{"@context":"https:\/\/schema.org","@graph":[{"@type":"Article","@id":"https:\/\/preprod.proterrasancta.org\/fr\/bethleem-les-meres-de-saint-joseph-retournent-a-lecole\/#article","isPartOf":{"@id":"https:\/\/preprod.proterrasancta.org\/fr\/bethleem-les-meres-de-saint-joseph-retournent-a-lecole\/"},"author":{"name":"Giacomo Pizzi","@id":"https:\/\/preprod.proterrasancta.org\/it\/#\/schema\/person\/c03a0c97a2c22a2681d54e29de17430c"},"headline":"Bethl\u00e9em: les m\u00e8res de saint Joseph retournent \u00e0 l&rsquo;\u00e9cole","datePublished":"2018-11-20T10:03:55+00:00","dateModified":"2021-09-09T14:45:35+00:00","mainEntityOfPage":{"@id":"https:\/\/preprod.proterrasancta.org\/fr\/bethleem-les-meres-de-saint-joseph-retournent-a-lecole\/"},"wordCount":615,"publisher":{"@id":"https:\/\/preprod.proterrasancta.org\/it\/#organization"},"articleSection":["Non classifi\u00e9(e)"],"inLanguage":"fr-FR"},{"@type":"WebPage","@id":"https:\/\/preprod.proterrasancta.org\/fr\/bethleem-les-meres-de-saint-joseph-retournent-a-lecole\/","url":"https:\/\/preprod.proterrasancta.org\/fr\/bethleem-les-meres-de-saint-joseph-retournent-a-lecole\/","name":"Bethl\u00e9em: les m\u00e8res de saint Joseph retournent \u00e0 l'\u00e9cole | Pro Terra Sancta","isPartOf":{"@id":"https:\/\/preprod.proterrasancta.org\/it\/#website"},"datePublished":"2018-11-20T10:03:55+00:00","dateModified":"2021-09-09T14:45:35+00:00","breadcrumb":{"@id":"https:\/\/preprod.proterrasancta.org\/fr\/bethleem-les-meres-de-saint-joseph-retournent-a-lecole\/#breadcrumb"},"inLanguage":"fr-FR","potentialAction":[{"@type":"ReadAction","target":["https:\/\/preprod.proterrasancta.org\/fr\/bethleem-les-meres-de-saint-joseph-retournent-a-lecole\/"]}]},{"@type":"BreadcrumbList","@id":"https:\/\/preprod.proterrasancta.org\/fr\/bethleem-les-meres-de-saint-joseph-retournent-a-lecole\/#breadcrumb","itemListElement":[{"@type":"ListItem","position":1,"name":"Home","item":"https:\/\/preprod.proterrasancta.org\/it\/"},{"@type":"ListItem","position":2,"name":"Bethl\u00e9em: les m\u00e8res de saint Joseph retournent \u00e0 l&rsquo;\u00e9cole"}]},{"@type":"WebSite","@id":"https:\/\/preprod.proterrasancta.org\/it\/#website","url":"https:\/\/preprod.proterrasancta.org\/it\/","name":"Pro Terra Sancta","description":"To foster bonds between the Holy Land and the world","publisher":{"@id":"https:\/\/preprod.proterrasancta.org\/it\/#organization"},"potentialAction":[{"@type":"SearchAction","target":{"@type":"EntryPoint","urlTemplate":"https:\/\/preprod.proterrasancta.org\/it\/?s={search_term_string}"},"query-input":"required name=search_term_string"}],"inLanguage":"fr-FR"},{"@type":"Organization","@id":"https:\/\/preprod.proterrasancta.org\/it\/#organization","name":"Associazione Pro Terra Sancta","url":"https:\/\/preprod.proterrasancta.org\/it\/","logo":{"@type":"ImageObject","inLanguage":"fr-FR","@id":"https:\/\/preprod.proterrasancta.org\/it\/#\/schema\/logo\/image\/","url":"https:\/\/www.proterrasancta.org\/wp-content\/uploads\/Logo_ProTerraSancta_Colori_web_high_modificato.jpg","contentUrl":"https:\/\/www.proterrasancta.org\/wp-content\/uploads\/Logo_ProTerraSancta_Colori_web_high_modificato.jpg","width":1018,"height":576,"caption":"Associazione Pro Terra Sancta"},"image":{"@id":"https:\/\/preprod.proterrasancta.org\/it\/#\/schema\/logo\/image\/"},"sameAs":["https:\/\/www.instagram.com\/proterrasancta\/","https:\/\/www.linkedin.com\/company\/pro-terra-sancta\/","https:\/\/www.youtube.com\/user\/proterrasancta","https:\/\/www.facebook.com\/proterrasancta\/","https:\/\/twitter.com\/proterrasancta"]},{"@type":"Person","@id":"https:\/\/preprod.proterrasancta.org\/it\/#\/schema\/person\/c03a0c97a2c22a2681d54e29de17430c","name":"Giacomo Pizzi","image":{"@type":"ImageObject","inLanguage":"fr-FR","@id":"https:\/\/preprod.proterrasancta.org\/it\/#\/schema\/person\/image\/","url":"https:\/\/secure.gravatar.com\/avatar\/900c575219bd8bb5f7711ce33f0e43ea?s=96&d=mm&r=g","contentUrl":"https:\/\/secure.gravatar.com\/avatar\/900c575219bd8bb5f7711ce33f0e43ea?s=96&d=mm&r=g","caption":"Giacomo Pizzi"},"url":"https:\/\/preprod.proterrasancta.org\/fr\/author\/pizzi\/"}]}},"_links":{"self":[{"href":"https:\/\/preprod.proterrasancta.org\/fr\/wp-json\/wp\/v2\/posts\/105287"}],"collection":[{"href":"https:\/\/preprod.proterrasancta.org\/fr\/wp-json\/wp\/v2\/posts"}],"about":[{"href":"https:\/\/preprod.proterrasancta.org\/fr\/wp-json\/wp\/v2\/types\/post"}],"author":[{"embeddable":true,"href":"https:\/\/preprod.proterrasancta.org\/fr\/wp-json\/wp\/v2\/users\/35"}],"replies":[{"embeddable":true,"href":"https:\/\/preprod.proterrasancta.org\/fr\/wp-json\/wp\/v2\/comments?post=105287"}],"version-history":[{"count":0,"href":"https:\/\/preprod.proterrasancta.org\/fr\/wp-json\/wp\/v2\/posts\/105287\/revisions"}],"wp:featuredmedia":[{"embeddable":true,"href":"https:\/\/preprod.proterrasancta.org\/fr\/wp-json\/wp\/v2\/media\/105277"}],"wp:attachment":[{"href":"https:\/\/preprod.proterrasancta.org\/fr\/wp-json\/wp\/v2\/media?parent=105287"}],"wp:term":[{"taxonomy":"category","embeddable":true,"href":"https:\/\/preprod.proterrasancta.org\/fr\/wp-json\/wp\/v2\/categories?post=105287"},{"taxonomy":"post_tag","embeddable":true,"href":"https:\/\/preprod.proterrasancta.org\/fr\/wp-json\/wp\/v2\/tags?post=105287"},{"taxonomy":"campaign_code","embeddable":true,"href":"https:\/\/preprod.proterrasancta.org\/fr\/wp-json\/wp\/v2\/campaign_code?post=105287"}],"curies":[{"name":"wp","href":"https:\/\/api.w.org\/{rel}","templated":true}]}}