{"id":105265,"date":"2018-11-13T10:15:01","date_gmt":"2018-11-13T08:15:01","guid":{"rendered":"https:\/\/www.proterrasancta.org\/?post_type=fr-post&#038;p=105265"},"modified":"2021-09-09T16:45:35","modified_gmt":"2021-09-09T14:45:35","slug":"ensemble-pour-donner-un-nom-et-un-avenir-a-la-syrie-entretien-avec-mgr-abou-khazen","status":"publish","type":"post","link":"https:\/\/preprod.proterrasancta.org\/fr\/ensemble-pour-donner-un-nom-et-un-avenir-a-la-syrie-entretien-avec-mgr-abou-khazen\/","title":{"rendered":"Ensemble pour donner un nom et un avenir \u00e0 la Syrie. Entretien avec Mgr Abou Khazen"},"content":{"rendered":"<p>\u00ab\u00a0Nous sommes un peu inquiets pour l&rsquo;avenir, mais nous allons bien\u00a0\u00bb.\u00a0Le ton de la voix est optimiste, le regard est vif.\u00a0C\u2019est impressionnant d\u2019\u00e9couter le vicaire apostolique d&rsquo;Alep, Mgr.\u00a0Abou Khazen, parler de la guerre en Syrie et avoir la perception que ce soit un probl\u00e8me presque lointain.\u00a0\u00ab\u00a0\u00c0 Alep, la situation est plus calme.\u00a0Les services fonctionnent, l\u2019\u00e9lectricit\u00e9 arrive 16 heures par jour.\u00a0C&rsquo;est une ville anim\u00e9e, avec le trafic qui commence \u00e0 obstruer les rues\u00a0\u00bb.<\/p>\n<p><strong>Excellence, d&rsquo;apr\u00e8s ce que vous dites, Alep semble vraiment rena\u00eetre &#8230;<\/strong><\/p>\n<p>Nous r\u00e9cup\u00e9rons.\u00a0Je sais que 2400 usines ont ouvert leurs portes ces derniers mois.\u00a0Et d&rsquo;autres se pr\u00e9parent \u00e0 rouvrir.\u00a0C&rsquo;est un signe important, m\u00eame si beaucoup de personnes d\u00e9plac\u00e9es ne reviennent pas: le travail ne suffit pas, il est \u00e9galement n\u00e9cessaire de reconstruire les maisons.<\/p>\n<p><strong>Apr\u00e8s huit ans de guerre, en est o\u00f9 selon vous?<\/strong><\/p>\n<p>Deux probl\u00e8mes majeurs demeurent: la pr\u00e9sence de combattants \u00e9trangers (des dizaines de milliers) et le r\u00f4le des puissances \u00e9trang\u00e8res impliqu\u00e9es dans cette guerre.\u00a0Mais apr\u00e8s des ann\u00e9es, nous sommes tous assez optimistes et nous esp\u00e9rons qu&rsquo;une solution politique sera bient\u00f4t trouv\u00e9e.<\/p>\n<p><strong>Combien manque-t-il \u00e0 la fin?<\/strong><\/p>\n<p>Il y a encore trop d&rsquo;int\u00e9r\u00eats politiques et \u00e9conomiques sur le terrain.\u00a0Et les tensions internationales continues n\u2019aident pas.\u00a0Par exemple, le fait que Trump ait r\u00e9tabli les sanctions contre l&rsquo;Iran aura des cons\u00e9quences n\u00e9gatives sur la confrontation et sur le conflit confessionnel toujours actuel dans la r\u00e9gion.<\/p>\n<p><strong>Pourtant, vous parlez d&rsquo;une paix possible &#8230;<\/strong><\/p>\n<p>Toujours, v\u00e9cue dans notre vie et notre t\u00e9moignage de chaque jour.\u00a0Nous chr\u00e9tiens essayons d\u2019\u00eatre un pont entre les diff\u00e9rents groupes, nous n\u2019avons de probl\u00e8me avec personne.\u00a0Nous essayons de redonner espoir \u00e0 nos fid\u00e8les, car nous voulons aider tout le monde sur le chemin de la r\u00e9conciliation.<\/p>\n<p><strong>Y a-t-il des signes particuliers de ce que vous t\u00e9moignez?<\/strong><\/p>\n<p>En particulier, un projet n\u00e9 d&rsquo;une amiti\u00e9 personnelle avec le Mufti.\u00a0Apr\u00e8s la bataille d\u2019Alep, nous avons remarqu\u00e9 que des milliers d\u2019enfants abandonn\u00e9s n\u2019\u00e9taient m\u00eame pas inscrits au bureau de l\u2019\u00e9tat civil, dont le p\u00e8re ou la m\u00e8re est inconnu.\u00a0Souvent n\u00e9s de viols et de violences, ils sont les fils des djihadistes, les signes les plus terribles que cette guerre nous quitte.\u00a0Des enfants sans nom et donc sans avenir.\u00a0L&rsquo;ONG ATS pro Terra Sancta nous a fourni le financement n\u00e9cessaire pour d\u00e9marrer et continue de nous aider \u00e0 cr\u00e9er l&rsquo;espace n\u00e9cessaire pour accueillir plus de 2000 enfants.\u00a0Nous travaillons ensemble pour que ces petits puissent avoir &#8211; un jour &#8211; les m\u00eames possibilit\u00e9s que quiconque.\u00a0\u00a0Et le projet s\u2019appelle, en fait, \u00ab\u00a0Un nom et un avenir\u00a0\u00bb.<\/p>\n<p><strong>Comment traitez-vous avec eux?<\/strong><\/p>\n<p>Tout d\u2019abord, nous les aidons \u00e0 s\u2019inscrire au bureau de l\u2019\u00e9tat civil afin qu\u2019ils puissent aller \u00e0 l\u2019\u00e9cole.\u00a0Le parlement \u00e9tudie toujours une loi ad hoc pour les enregistrer, mais ce n&rsquo;est pas facile.\u00a0Cependant, ce qui me r\u00e9conforte est qu\u2019il existe une hypoth\u00e8se de loi, car sinon ces enfants &#8211; lorsqu\u2019ils grandiront &#8211; quelles possibilit\u00e9s auront-ils s\u2019ils n\u2019existent pour personne?\u00a0Puis, nous les aidons dans tous les aspects, nous pr\u00e9voyons un accueil et un chemin psychologique afin qu\u2019ils puissent un jour surmonter les traumatismes clairement visibles sur leurs visages.<\/p>\n<p><strong>Parmi les enfants que vous avez re\u00e7us, y a-t-il quelqu&rsquo;un qui est rest\u00e9 dans votre c\u0153ur?<\/strong><\/p>\n<p>Il y a quelques mois, lorsque j&rsquo;ai approch\u00e9 l&rsquo;un de ces enfants, il a eu peur.\u00a0Il avait peur de tout homme, il ne voulait parler \u00e0 personne et il \u00e9tait ferm\u00e9 au monde.\u00a0Quand je suis rest\u00e9 \u00e0 c\u00f4t\u00e9 de lui pour quelques minutes, j\u2019ai r\u00e9alis\u00e9 qu&rsquo;il ne pouvait pas sourire.\u00a0Il a commenc\u00e9 \u00e0 fr\u00e9quenter le centre et apr\u00e8s quelques semaines, il a commenc\u00e9 \u00e0 jouer avec les autres, \u00e0 parler et \u00e0 \u00e9tudier.\u00a0Quelque temps plus tard, je suis revenu le voir.\u00a0Aujourd&rsquo;hui il est une autre personne.\u00a0Enfin il sourit et un enfant qui sourit est l&rsquo;avenir de la Syrie.<\/p>\n","protected":false},"excerpt":{"rendered":"<p>\u00ab\u00a0Nous sommes un peu inquiets pour l&rsquo;avenir, mais nous allons bien\u00a0\u00bb.\u00a0Le ton de la voix est optimiste, le regard est vif.\u00a0C\u2019est impressionnant d\u2019\u00e9couter le vicaire apostolique d&rsquo;Alep, Mgr.\u00a0Abou Khazen, parler de la guerre en Syrie et avoir la perception que ce soit un probl\u00e8me presque lointain.\u00a0\u00ab\u00a0\u00c0 Alep, la situation est plus calme.\u00a0Les services fonctionnent, l\u2019\u00e9lectricit\u00e9 [&hellip;]<\/p>\n","protected":false},"author":35,"featured_media":105227,"comment_status":"closed","ping_status":"closed","sticky":false,"template":"","format":"standard","meta":{"_acf_changed":false,"inline_featured_image":false,"footnotes":""},"categories":[9722],"tags":[],"campaign_code":[],"class_list":["post-105265","post","type-post","status-publish","format-standard","has-post-thumbnail","hentry","category-non-classifiee"],"acf":[],"yoast_head":"<!-- This site is optimized with the Yoast SEO Premium plugin v17.7 (Yoast SEO v19.14) - https:\/\/yoast.com\/wordpress\/plugins\/seo\/ -->\n<title>Ensemble pour donner un nom et un avenir \u00e0 la Syrie. Entretien avec Mgr Abou Khazen | Pro Terra Sancta<\/title>\n<meta name=\"robots\" content=\"noindex, follow, max-snippet:-1, max-image-preview:large, max-video-preview:-1\" \/>\n<meta property=\"og:locale\" content=\"fr_FR\" \/>\n<meta property=\"og:type\" content=\"article\" \/>\n<meta property=\"og:title\" content=\"Ensemble pour donner un nom et un avenir \u00e0 la Syrie. Entretien avec Mgr Abou Khazen\" \/>\n<meta property=\"og:description\" content=\"\u00ab\u00a0Nous sommes un peu inquiets pour l&rsquo;avenir, mais nous allons bien\u00a0\u00bb.\u00a0Le ton de la voix est optimiste, le regard est vif.\u00a0C\u2019est impressionnant d\u2019\u00e9couter le vicaire apostolique d&rsquo;Alep, Mgr.\u00a0Abou Khazen, parler de la guerre en Syrie et avoir la perception que ce soit un probl\u00e8me presque lointain.\u00a0\u00ab\u00a0\u00c0 Alep, la situation est plus calme.\u00a0Les services fonctionnent, l\u2019\u00e9lectricit\u00e9 [&hellip;]\" \/>\n<meta property=\"og:url\" content=\"https:\/\/preprod.proterrasancta.org\/fr\/ensemble-pour-donner-un-nom-et-un-avenir-a-la-syrie-entretien-avec-mgr-abou-khazen\/\" \/>\n<meta property=\"og:site_name\" content=\"Pro Terra Sancta\" \/>\n<meta property=\"article:publisher\" content=\"https:\/\/www.facebook.com\/proterrasancta\/\" \/>\n<meta property=\"article:published_time\" content=\"2018-11-13T08:15:01+00:00\" \/>\n<meta property=\"article:modified_time\" content=\"2021-09-09T14:45:35+00:00\" \/>\n<meta property=\"og:image\" content=\"https:\/\/preprod.proterrasancta.org\/wp-content\/uploads\/34688041_1105296636284228_2418828948638007296_o-e1541671547899.jpg\" \/>\n\t<meta property=\"og:image:width\" content=\"940\" \/>\n\t<meta property=\"og:image:height\" content=\"587\" \/>\n\t<meta property=\"og:image:type\" content=\"image\/jpeg\" \/>\n<meta name=\"author\" content=\"Giacomo Pizzi\" \/>\n<meta name=\"twitter:card\" content=\"summary_large_image\" \/>\n<meta name=\"twitter:creator\" content=\"@proterrasancta\" \/>\n<meta name=\"twitter:site\" content=\"@proterrasancta\" \/>\n<meta name=\"twitter:label1\" content=\"\u00c9crit par\" \/>\n\t<meta name=\"twitter:data1\" content=\"Giacomo Pizzi\" \/>\n\t<meta name=\"twitter:label2\" content=\"Dur\u00e9e de lecture est.\" \/>\n\t<meta name=\"twitter:data2\" content=\"4 minutes\" \/>\n<script type=\"application\/ld+json\" class=\"yoast-schema-graph\">{\"@context\":\"https:\/\/schema.org\",\"@graph\":[{\"@type\":\"Article\",\"@id\":\"https:\/\/preprod.proterrasancta.org\/fr\/ensemble-pour-donner-un-nom-et-un-avenir-a-la-syrie-entretien-avec-mgr-abou-khazen\/#article\",\"isPartOf\":{\"@id\":\"https:\/\/preprod.proterrasancta.org\/fr\/ensemble-pour-donner-un-nom-et-un-avenir-a-la-syrie-entretien-avec-mgr-abou-khazen\/\"},\"author\":{\"name\":\"Giacomo Pizzi\",\"@id\":\"https:\/\/preprod.proterrasancta.org\/it\/#\/schema\/person\/c03a0c97a2c22a2681d54e29de17430c\"},\"headline\":\"Ensemble pour donner un nom et un avenir \u00e0 la Syrie. Entretien avec Mgr Abou Khazen\",\"datePublished\":\"2018-11-13T08:15:01+00:00\",\"dateModified\":\"2021-09-09T14:45:35+00:00\",\"mainEntityOfPage\":{\"@id\":\"https:\/\/preprod.proterrasancta.org\/fr\/ensemble-pour-donner-un-nom-et-un-avenir-a-la-syrie-entretien-avec-mgr-abou-khazen\/\"},\"wordCount\":742,\"publisher\":{\"@id\":\"https:\/\/preprod.proterrasancta.org\/it\/#organization\"},\"articleSection\":[\"Non classifi\u00e9(e)\"],\"inLanguage\":\"fr-FR\"},{\"@type\":\"WebPage\",\"@id\":\"https:\/\/preprod.proterrasancta.org\/fr\/ensemble-pour-donner-un-nom-et-un-avenir-a-la-syrie-entretien-avec-mgr-abou-khazen\/\",\"url\":\"https:\/\/preprod.proterrasancta.org\/fr\/ensemble-pour-donner-un-nom-et-un-avenir-a-la-syrie-entretien-avec-mgr-abou-khazen\/\",\"name\":\"Ensemble pour donner un nom et un avenir \u00e0 la Syrie. Entretien avec Mgr Abou Khazen | Pro Terra Sancta\",\"isPartOf\":{\"@id\":\"https:\/\/preprod.proterrasancta.org\/it\/#website\"},\"datePublished\":\"2018-11-13T08:15:01+00:00\",\"dateModified\":\"2021-09-09T14:45:35+00:00\",\"breadcrumb\":{\"@id\":\"https:\/\/preprod.proterrasancta.org\/fr\/ensemble-pour-donner-un-nom-et-un-avenir-a-la-syrie-entretien-avec-mgr-abou-khazen\/#breadcrumb\"},\"inLanguage\":\"fr-FR\",\"potentialAction\":[{\"@type\":\"ReadAction\",\"target\":[\"https:\/\/preprod.proterrasancta.org\/fr\/ensemble-pour-donner-un-nom-et-un-avenir-a-la-syrie-entretien-avec-mgr-abou-khazen\/\"]}]},{\"@type\":\"BreadcrumbList\",\"@id\":\"https:\/\/preprod.proterrasancta.org\/fr\/ensemble-pour-donner-un-nom-et-un-avenir-a-la-syrie-entretien-avec-mgr-abou-khazen\/#breadcrumb\",\"itemListElement\":[{\"@type\":\"ListItem\",\"position\":1,\"name\":\"Home\",\"item\":\"https:\/\/preprod.proterrasancta.org\/it\/\"},{\"@type\":\"ListItem\",\"position\":2,\"name\":\"Ensemble pour donner un nom et un avenir \u00e0 la Syrie. Entretien avec Mgr Abou Khazen\"}]},{\"@type\":\"WebSite\",\"@id\":\"https:\/\/preprod.proterrasancta.org\/it\/#website\",\"url\":\"https:\/\/preprod.proterrasancta.org\/it\/\",\"name\":\"Pro Terra Sancta\",\"description\":\"To foster bonds between the Holy Land and the world\",\"publisher\":{\"@id\":\"https:\/\/preprod.proterrasancta.org\/it\/#organization\"},\"potentialAction\":[{\"@type\":\"SearchAction\",\"target\":{\"@type\":\"EntryPoint\",\"urlTemplate\":\"https:\/\/preprod.proterrasancta.org\/it\/?s={search_term_string}\"},\"query-input\":\"required name=search_term_string\"}],\"inLanguage\":\"fr-FR\"},{\"@type\":\"Organization\",\"@id\":\"https:\/\/preprod.proterrasancta.org\/it\/#organization\",\"name\":\"Associazione Pro Terra Sancta\",\"url\":\"https:\/\/preprod.proterrasancta.org\/it\/\",\"logo\":{\"@type\":\"ImageObject\",\"inLanguage\":\"fr-FR\",\"@id\":\"https:\/\/preprod.proterrasancta.org\/it\/#\/schema\/logo\/image\/\",\"url\":\"https:\/\/www.proterrasancta.org\/wp-content\/uploads\/Logo_ProTerraSancta_Colori_web_high_modificato.jpg\",\"contentUrl\":\"https:\/\/www.proterrasancta.org\/wp-content\/uploads\/Logo_ProTerraSancta_Colori_web_high_modificato.jpg\",\"width\":1018,\"height\":576,\"caption\":\"Associazione Pro Terra Sancta\"},\"image\":{\"@id\":\"https:\/\/preprod.proterrasancta.org\/it\/#\/schema\/logo\/image\/\"},\"sameAs\":[\"https:\/\/www.instagram.com\/proterrasancta\/\",\"https:\/\/www.linkedin.com\/company\/pro-terra-sancta\/\",\"https:\/\/www.youtube.com\/user\/proterrasancta\",\"https:\/\/www.facebook.com\/proterrasancta\/\",\"https:\/\/twitter.com\/proterrasancta\"]},{\"@type\":\"Person\",\"@id\":\"https:\/\/preprod.proterrasancta.org\/it\/#\/schema\/person\/c03a0c97a2c22a2681d54e29de17430c\",\"name\":\"Giacomo Pizzi\",\"image\":{\"@type\":\"ImageObject\",\"inLanguage\":\"fr-FR\",\"@id\":\"https:\/\/preprod.proterrasancta.org\/it\/#\/schema\/person\/image\/\",\"url\":\"https:\/\/secure.gravatar.com\/avatar\/900c575219bd8bb5f7711ce33f0e43ea?s=96&d=mm&r=g\",\"contentUrl\":\"https:\/\/secure.gravatar.com\/avatar\/900c575219bd8bb5f7711ce33f0e43ea?s=96&d=mm&r=g\",\"caption\":\"Giacomo Pizzi\"},\"url\":\"https:\/\/preprod.proterrasancta.org\/fr\/author\/pizzi\/\"}]}<\/script>\n<!-- \/ Yoast SEO Premium plugin. -->","yoast_head_json":{"title":"Ensemble pour donner un nom et un avenir \u00e0 la Syrie. Entretien avec Mgr Abou Khazen | Pro Terra Sancta","robots":{"index":"noindex","follow":"follow","max-snippet":"max-snippet:-1","max-image-preview":"max-image-preview:large","max-video-preview":"max-video-preview:-1"},"og_locale":"fr_FR","og_type":"article","og_title":"Ensemble pour donner un nom et un avenir \u00e0 la Syrie. Entretien avec Mgr Abou Khazen","og_description":"\u00ab\u00a0Nous sommes un peu inquiets pour l&rsquo;avenir, mais nous allons bien\u00a0\u00bb.\u00a0Le ton de la voix est optimiste, le regard est vif.\u00a0C\u2019est impressionnant d\u2019\u00e9couter le vicaire apostolique d&rsquo;Alep, Mgr.\u00a0Abou Khazen, parler de la guerre en Syrie et avoir la perception que ce soit un probl\u00e8me presque lointain.\u00a0\u00ab\u00a0\u00c0 Alep, la situation est plus calme.\u00a0Les services fonctionnent, l\u2019\u00e9lectricit\u00e9 [&hellip;]","og_url":"https:\/\/preprod.proterrasancta.org\/fr\/ensemble-pour-donner-un-nom-et-un-avenir-a-la-syrie-entretien-avec-mgr-abou-khazen\/","og_site_name":"Pro Terra Sancta","article_publisher":"https:\/\/www.facebook.com\/proterrasancta\/","article_published_time":"2018-11-13T08:15:01+00:00","article_modified_time":"2021-09-09T14:45:35+00:00","og_image":[{"width":940,"height":587,"url":"https:\/\/preprod.proterrasancta.org\/wp-content\/uploads\/34688041_1105296636284228_2418828948638007296_o-e1541671547899.jpg","type":"image\/jpeg"}],"author":"Giacomo Pizzi","twitter_card":"summary_large_image","twitter_creator":"@proterrasancta","twitter_site":"@proterrasancta","twitter_misc":{"\u00c9crit par":"Giacomo Pizzi","Dur\u00e9e de lecture est.":"4 minutes"},"schema":{"@context":"https:\/\/schema.org","@graph":[{"@type":"Article","@id":"https:\/\/preprod.proterrasancta.org\/fr\/ensemble-pour-donner-un-nom-et-un-avenir-a-la-syrie-entretien-avec-mgr-abou-khazen\/#article","isPartOf":{"@id":"https:\/\/preprod.proterrasancta.org\/fr\/ensemble-pour-donner-un-nom-et-un-avenir-a-la-syrie-entretien-avec-mgr-abou-khazen\/"},"author":{"name":"Giacomo Pizzi","@id":"https:\/\/preprod.proterrasancta.org\/it\/#\/schema\/person\/c03a0c97a2c22a2681d54e29de17430c"},"headline":"Ensemble pour donner un nom et un avenir \u00e0 la Syrie. Entretien avec Mgr Abou Khazen","datePublished":"2018-11-13T08:15:01+00:00","dateModified":"2021-09-09T14:45:35+00:00","mainEntityOfPage":{"@id":"https:\/\/preprod.proterrasancta.org\/fr\/ensemble-pour-donner-un-nom-et-un-avenir-a-la-syrie-entretien-avec-mgr-abou-khazen\/"},"wordCount":742,"publisher":{"@id":"https:\/\/preprod.proterrasancta.org\/it\/#organization"},"articleSection":["Non classifi\u00e9(e)"],"inLanguage":"fr-FR"},{"@type":"WebPage","@id":"https:\/\/preprod.proterrasancta.org\/fr\/ensemble-pour-donner-un-nom-et-un-avenir-a-la-syrie-entretien-avec-mgr-abou-khazen\/","url":"https:\/\/preprod.proterrasancta.org\/fr\/ensemble-pour-donner-un-nom-et-un-avenir-a-la-syrie-entretien-avec-mgr-abou-khazen\/","name":"Ensemble pour donner un nom et un avenir \u00e0 la Syrie. Entretien avec Mgr Abou Khazen | Pro Terra Sancta","isPartOf":{"@id":"https:\/\/preprod.proterrasancta.org\/it\/#website"},"datePublished":"2018-11-13T08:15:01+00:00","dateModified":"2021-09-09T14:45:35+00:00","breadcrumb":{"@id":"https:\/\/preprod.proterrasancta.org\/fr\/ensemble-pour-donner-un-nom-et-un-avenir-a-la-syrie-entretien-avec-mgr-abou-khazen\/#breadcrumb"},"inLanguage":"fr-FR","potentialAction":[{"@type":"ReadAction","target":["https:\/\/preprod.proterrasancta.org\/fr\/ensemble-pour-donner-un-nom-et-un-avenir-a-la-syrie-entretien-avec-mgr-abou-khazen\/"]}]},{"@type":"BreadcrumbList","@id":"https:\/\/preprod.proterrasancta.org\/fr\/ensemble-pour-donner-un-nom-et-un-avenir-a-la-syrie-entretien-avec-mgr-abou-khazen\/#breadcrumb","itemListElement":[{"@type":"ListItem","position":1,"name":"Home","item":"https:\/\/preprod.proterrasancta.org\/it\/"},{"@type":"ListItem","position":2,"name":"Ensemble pour donner un nom et un avenir \u00e0 la Syrie. Entretien avec Mgr Abou Khazen"}]},{"@type":"WebSite","@id":"https:\/\/preprod.proterrasancta.org\/it\/#website","url":"https:\/\/preprod.proterrasancta.org\/it\/","name":"Pro Terra Sancta","description":"To foster bonds between the Holy Land and the world","publisher":{"@id":"https:\/\/preprod.proterrasancta.org\/it\/#organization"},"potentialAction":[{"@type":"SearchAction","target":{"@type":"EntryPoint","urlTemplate":"https:\/\/preprod.proterrasancta.org\/it\/?s={search_term_string}"},"query-input":"required name=search_term_string"}],"inLanguage":"fr-FR"},{"@type":"Organization","@id":"https:\/\/preprod.proterrasancta.org\/it\/#organization","name":"Associazione Pro Terra Sancta","url":"https:\/\/preprod.proterrasancta.org\/it\/","logo":{"@type":"ImageObject","inLanguage":"fr-FR","@id":"https:\/\/preprod.proterrasancta.org\/it\/#\/schema\/logo\/image\/","url":"https:\/\/www.proterrasancta.org\/wp-content\/uploads\/Logo_ProTerraSancta_Colori_web_high_modificato.jpg","contentUrl":"https:\/\/www.proterrasancta.org\/wp-content\/uploads\/Logo_ProTerraSancta_Colori_web_high_modificato.jpg","width":1018,"height":576,"caption":"Associazione Pro Terra Sancta"},"image":{"@id":"https:\/\/preprod.proterrasancta.org\/it\/#\/schema\/logo\/image\/"},"sameAs":["https:\/\/www.instagram.com\/proterrasancta\/","https:\/\/www.linkedin.com\/company\/pro-terra-sancta\/","https:\/\/www.youtube.com\/user\/proterrasancta","https:\/\/www.facebook.com\/proterrasancta\/","https:\/\/twitter.com\/proterrasancta"]},{"@type":"Person","@id":"https:\/\/preprod.proterrasancta.org\/it\/#\/schema\/person\/c03a0c97a2c22a2681d54e29de17430c","name":"Giacomo Pizzi","image":{"@type":"ImageObject","inLanguage":"fr-FR","@id":"https:\/\/preprod.proterrasancta.org\/it\/#\/schema\/person\/image\/","url":"https:\/\/secure.gravatar.com\/avatar\/900c575219bd8bb5f7711ce33f0e43ea?s=96&d=mm&r=g","contentUrl":"https:\/\/secure.gravatar.com\/avatar\/900c575219bd8bb5f7711ce33f0e43ea?s=96&d=mm&r=g","caption":"Giacomo Pizzi"},"url":"https:\/\/preprod.proterrasancta.org\/fr\/author\/pizzi\/"}]}},"_links":{"self":[{"href":"https:\/\/preprod.proterrasancta.org\/fr\/wp-json\/wp\/v2\/posts\/105265"}],"collection":[{"href":"https:\/\/preprod.proterrasancta.org\/fr\/wp-json\/wp\/v2\/posts"}],"about":[{"href":"https:\/\/preprod.proterrasancta.org\/fr\/wp-json\/wp\/v2\/types\/post"}],"author":[{"embeddable":true,"href":"https:\/\/preprod.proterrasancta.org\/fr\/wp-json\/wp\/v2\/users\/35"}],"replies":[{"embeddable":true,"href":"https:\/\/preprod.proterrasancta.org\/fr\/wp-json\/wp\/v2\/comments?post=105265"}],"version-history":[{"count":0,"href":"https:\/\/preprod.proterrasancta.org\/fr\/wp-json\/wp\/v2\/posts\/105265\/revisions"}],"wp:featuredmedia":[{"embeddable":true,"href":"https:\/\/preprod.proterrasancta.org\/fr\/wp-json\/wp\/v2\/media\/105227"}],"wp:attachment":[{"href":"https:\/\/preprod.proterrasancta.org\/fr\/wp-json\/wp\/v2\/media?parent=105265"}],"wp:term":[{"taxonomy":"category","embeddable":true,"href":"https:\/\/preprod.proterrasancta.org\/fr\/wp-json\/wp\/v2\/categories?post=105265"},{"taxonomy":"post_tag","embeddable":true,"href":"https:\/\/preprod.proterrasancta.org\/fr\/wp-json\/wp\/v2\/tags?post=105265"},{"taxonomy":"campaign_code","embeddable":true,"href":"https:\/\/preprod.proterrasancta.org\/fr\/wp-json\/wp\/v2\/campaign_code?post=105265"}],"curies":[{"name":"wp","href":"https:\/\/api.w.org\/{rel}","templated":true}]}}