{"id":105215,"date":"2018-11-05T13:25:34","date_gmt":"2018-11-05T11:25:34","guid":{"rendered":"https:\/\/www.proterrasancta.org\/?post_type=fr-post&#038;p=105215"},"modified":"2021-09-09T16:45:35","modified_gmt":"2021-09-09T14:45:35","slug":"jordanie-linauguration-du-nouveau-atelier-rafedin","status":"publish","type":"post","link":"https:\/\/preprod.proterrasancta.org\/fr\/jordanie-linauguration-du-nouveau-atelier-rafedin\/","title":{"rendered":"Jordanie: l&rsquo;inauguration du nouveau atelier Rafedin"},"content":{"rendered":"<p>Vendredi 19 octobre, en pr\u00e9sence du <strong>nonce apostolique<\/strong> en <strong>Irak<\/strong> et en <strong>Jordanie<\/strong> <strong>Mgr Alberto Ortega<\/strong>, du conseiller de la Nonciature apostolique d\u2019Amman <strong>Mgr Lalli<\/strong>, du Vicaire patriarcal pour la Jordanie<strong> Mgr Shomali<\/strong>, du repr\u00e9sentant de l&rsquo;<strong>ambassade d&rsquo;Italie en Jordanie Dr.\u00a0Marco Salaris<\/strong>; \u00e0 Amman, dans la paroisse de San Joseph, le nouvel <strong>atelier de couture Rafedin<\/strong> a \u00e9t\u00e9 inaugur\u00e9, un espace con\u00e7u et construit \u00e0 l\u2019instar des ateliers de couture les plus modernes.<\/p>\n<p>La construction du <strong>nouveau laboratoire<\/strong>, qui fait partie du projet \u00ab\u00a0R\u00e9concilier l&rsquo;avenir avec des fils d&rsquo;espoir &#8211; <strong>Formation professionnelle<\/strong> pour femmes r\u00e9fugi\u00e9es en Jordanie Rafed\u00edn \u2013 Made by Iraqui girls\u00a0\u00bb, financ\u00e9 par le COMIT\u00c9 8&#215;1000 de la Conf\u00e9rence \u00c9piscopale Italienne et gr\u00e2ce \u00e0 la contribution de la<strong> Mission-Zentral der Franziskaner<\/strong> et de l&rsquo;<strong>Archidioc\u00e8se de Cologne<\/strong>, s&rsquo;adresse aux jeunes Iraquiennes \u00e9chapp\u00e9es de la guerre en les impliquant dans une activit\u00e9 de travail bas\u00e9e sur l&rsquo;art du tissage sur la base des techniques et techniques de l&rsquo;<strong>art textile italien<\/strong>.<\/p>\n<p>Ce nouvel espace de travail a permis d&rsquo;impliquer jusqu&rsquo;\u00e0 <strong>10 nouvelles filles<\/strong> qui ont adh\u00e9r\u00e9 au projet Rafedin avec enthousiasme, joie et \u00e9motion, gr\u00e2ce aussi \u00e0 l&rsquo;accueil chaleureux des \u00ab\u00a0vieilles filles Rafedin\u00a0\u00bb, comme elles aiment se d\u00e9finir en plaisantant.\u00a0Un <strong>nouvel espace<\/strong> enfin, plus grand et plus \u00e9quip\u00e9, pratique et confortable, qu\u2019elles ont d\u00e9j\u00e0 transform\u00e9 en un environnement gai et accueillant.\u00a0Parce que c\u2019est aussi Rafedin, non seulement un lieu important pour la<strong> formation et le travail<\/strong>, mais aussi un environnement de partage dans lequel les jeunes filles ont red\u00e9couvert leur <strong>enthousiasme et leur sourire<\/strong>.<\/p>\n<p>Le projet fait partie d&rsquo;une s\u00e9rie d&rsquo;initiatives promues par <strong>ATS pro Terra Sancta<\/strong>, avec la participation de <strong>partenaires locaux<\/strong>, visant \u00e0 aider les<strong> familles<\/strong> \u00e9chapp\u00e9es de la pers\u00e9cution en <strong>Irak<\/strong> et \u00e0 am\u00e9liorer autant que possible leur s\u00e9jour en <strong>Jordanie<\/strong>, malgr\u00e9 les difficult\u00e9s tant mat\u00e9rielles que psychologiques auxquelles ils font face chaque jour.\u00a0L&rsquo;id\u00e9e de ce projet d\u00e9coule de la volont\u00e9 de soutenir les filles r\u00e9fugi\u00e9es irakiennes, dans leur condition de sujets particuli\u00e8rement faibles, par le biais d&rsquo;une activit\u00e9 concr\u00e8te visant \u00e0 acqu\u00e9rir de <strong>nouvelles comp\u00e9tences<\/strong> pouvant \u00eatre utilis\u00e9es \u00e0 l&rsquo;avenir dans le pays qui voudra les accueillir.<\/p>\n<p>L&rsquo;\u00e9v\u00e9nement, auquel ont assist\u00e9 environ 200 personnes, a \u00e9t\u00e9 l&rsquo;occasion de pr\u00e9senter \u00e0 la client\u00e8le la <strong>nouvelle collection automne\/hiver<\/strong> cr\u00e9\u00e9e par les filles sous la direction de la cr\u00e9atrice <strong>Antonella Mazzoni<\/strong>.\u00a0Le dernier mois de formation a \u00e9t\u00e9 particuli\u00e8rement intense et exigeant pour les filles, mais \u00e9galement extr\u00eamement <strong>stimulant et fructueux<\/strong>.\u00a0Comme Antonella se le rappelle elle-m\u00eame \u00e0 tous les amis pr\u00e9sents \u00e0 l&rsquo;\u00e9v\u00e9nement, \u00ab\u00a0les progr\u00e8s enregistr\u00e9s sont vraiment remarquables, impensables certainement lorsque la fantastique aventure de Rafedin a commenc\u00e9 il y a presque trois ans\u00a0\u00bb.\u00a0Mais ce qu\u2019Antonella continue de ressentir apr\u00e8s presque deux ans, c\u2019est surtout \u00ab l\u2019\u00e9nergie et la force extraordinaire des filles, perceptibles par quiconque s\u2019approche \u00e0 cet incroyable projet \u00bb.<\/p>\n<p>&nbsp;<\/p>\n","protected":false},"excerpt":{"rendered":"<p>Vendredi 19 octobre, en pr\u00e9sence du nonce apostolique en Irak et en Jordanie Mgr Alberto Ortega, du conseiller de la Nonciature apostolique d\u2019Amman Mgr Lalli, du Vicaire patriarcal pour la Jordanie Mgr Shomali, du repr\u00e9sentant de l&rsquo;ambassade d&rsquo;Italie en Jordanie Dr.\u00a0Marco Salaris; \u00e0 Amman, dans la paroisse de San Joseph, le nouvel atelier de couture [&hellip;]<\/p>\n","protected":false},"author":35,"featured_media":105211,"comment_status":"closed","ping_status":"closed","sticky":false,"template":"","format":"standard","meta":{"_acf_changed":false,"inline_featured_image":false,"footnotes":""},"categories":[9722],"tags":[],"campaign_code":[],"class_list":["post-105215","post","type-post","status-publish","format-standard","has-post-thumbnail","hentry","category-non-classifiee"],"acf":[],"yoast_head":"<!-- This site is optimized with the Yoast SEO Premium plugin v17.7 (Yoast SEO v19.14) - https:\/\/yoast.com\/wordpress\/plugins\/seo\/ -->\n<title>Jordanie: l&#039;inauguration du nouveau atelier Rafedin | Pro Terra Sancta<\/title>\n<meta name=\"robots\" content=\"noindex, follow, max-snippet:-1, max-image-preview:large, max-video-preview:-1\" \/>\n<meta property=\"og:locale\" content=\"fr_FR\" \/>\n<meta property=\"og:type\" content=\"article\" \/>\n<meta property=\"og:title\" content=\"Jordanie: l&#039;inauguration du nouveau atelier Rafedin\" \/>\n<meta property=\"og:description\" content=\"Vendredi 19 octobre, en pr\u00e9sence du nonce apostolique en Irak et en Jordanie Mgr Alberto Ortega, du conseiller de la Nonciature apostolique d\u2019Amman Mgr Lalli, du Vicaire patriarcal pour la Jordanie Mgr Shomali, du repr\u00e9sentant de l&rsquo;ambassade d&rsquo;Italie en Jordanie Dr.\u00a0Marco Salaris; \u00e0 Amman, dans la paroisse de San Joseph, le nouvel atelier de couture [&hellip;]\" \/>\n<meta property=\"og:url\" content=\"https:\/\/preprod.proterrasancta.org\/fr\/jordanie-linauguration-du-nouveau-atelier-rafedin\/\" \/>\n<meta property=\"og:site_name\" content=\"Pro Terra Sancta\" \/>\n<meta property=\"article:publisher\" content=\"https:\/\/www.facebook.com\/proterrasancta\/\" \/>\n<meta property=\"article:published_time\" content=\"2018-11-05T11:25:34+00:00\" \/>\n<meta property=\"article:modified_time\" content=\"2021-09-09T14:45:35+00:00\" \/>\n<meta property=\"og:image\" content=\"https:\/\/preprod.proterrasancta.org\/wp-content\/uploads\/IMG-20181019-WA0016.jpeg\" \/>\n\t<meta property=\"og:image:width\" content=\"1000\" \/>\n\t<meta property=\"og:image:height\" content=\"750\" \/>\n\t<meta property=\"og:image:type\" content=\"image\/jpeg\" \/>\n<meta name=\"author\" content=\"Giacomo Pizzi\" \/>\n<meta name=\"twitter:card\" content=\"summary_large_image\" \/>\n<meta name=\"twitter:creator\" content=\"@proterrasancta\" \/>\n<meta name=\"twitter:site\" content=\"@proterrasancta\" \/>\n<meta name=\"twitter:label1\" content=\"\u00c9crit par\" \/>\n\t<meta name=\"twitter:data1\" content=\"Giacomo Pizzi\" \/>\n\t<meta name=\"twitter:label2\" content=\"Dur\u00e9e de lecture est.\" \/>\n\t<meta name=\"twitter:data2\" content=\"3 minutes\" \/>\n<script type=\"application\/ld+json\" class=\"yoast-schema-graph\">{\"@context\":\"https:\/\/schema.org\",\"@graph\":[{\"@type\":\"Article\",\"@id\":\"https:\/\/preprod.proterrasancta.org\/fr\/jordanie-linauguration-du-nouveau-atelier-rafedin\/#article\",\"isPartOf\":{\"@id\":\"https:\/\/preprod.proterrasancta.org\/fr\/jordanie-linauguration-du-nouveau-atelier-rafedin\/\"},\"author\":{\"name\":\"Giacomo Pizzi\",\"@id\":\"https:\/\/preprod.proterrasancta.org\/it\/#\/schema\/person\/c03a0c97a2c22a2681d54e29de17430c\"},\"headline\":\"Jordanie: l&rsquo;inauguration du nouveau atelier Rafedin\",\"datePublished\":\"2018-11-05T11:25:34+00:00\",\"dateModified\":\"2021-09-09T14:45:35+00:00\",\"mainEntityOfPage\":{\"@id\":\"https:\/\/preprod.proterrasancta.org\/fr\/jordanie-linauguration-du-nouveau-atelier-rafedin\/\"},\"wordCount\":532,\"publisher\":{\"@id\":\"https:\/\/preprod.proterrasancta.org\/it\/#organization\"},\"articleSection\":[\"Non classifi\u00e9(e)\"],\"inLanguage\":\"fr-FR\"},{\"@type\":\"WebPage\",\"@id\":\"https:\/\/preprod.proterrasancta.org\/fr\/jordanie-linauguration-du-nouveau-atelier-rafedin\/\",\"url\":\"https:\/\/preprod.proterrasancta.org\/fr\/jordanie-linauguration-du-nouveau-atelier-rafedin\/\",\"name\":\"Jordanie: l'inauguration du nouveau atelier Rafedin | Pro Terra Sancta\",\"isPartOf\":{\"@id\":\"https:\/\/preprod.proterrasancta.org\/it\/#website\"},\"datePublished\":\"2018-11-05T11:25:34+00:00\",\"dateModified\":\"2021-09-09T14:45:35+00:00\",\"breadcrumb\":{\"@id\":\"https:\/\/preprod.proterrasancta.org\/fr\/jordanie-linauguration-du-nouveau-atelier-rafedin\/#breadcrumb\"},\"inLanguage\":\"fr-FR\",\"potentialAction\":[{\"@type\":\"ReadAction\",\"target\":[\"https:\/\/preprod.proterrasancta.org\/fr\/jordanie-linauguration-du-nouveau-atelier-rafedin\/\"]}]},{\"@type\":\"BreadcrumbList\",\"@id\":\"https:\/\/preprod.proterrasancta.org\/fr\/jordanie-linauguration-du-nouveau-atelier-rafedin\/#breadcrumb\",\"itemListElement\":[{\"@type\":\"ListItem\",\"position\":1,\"name\":\"Home\",\"item\":\"https:\/\/preprod.proterrasancta.org\/it\/\"},{\"@type\":\"ListItem\",\"position\":2,\"name\":\"Jordanie: l&rsquo;inauguration du nouveau atelier Rafedin\"}]},{\"@type\":\"WebSite\",\"@id\":\"https:\/\/preprod.proterrasancta.org\/it\/#website\",\"url\":\"https:\/\/preprod.proterrasancta.org\/it\/\",\"name\":\"Pro Terra Sancta\",\"description\":\"To foster bonds between the Holy Land and the world\",\"publisher\":{\"@id\":\"https:\/\/preprod.proterrasancta.org\/it\/#organization\"},\"potentialAction\":[{\"@type\":\"SearchAction\",\"target\":{\"@type\":\"EntryPoint\",\"urlTemplate\":\"https:\/\/preprod.proterrasancta.org\/it\/?s={search_term_string}\"},\"query-input\":\"required name=search_term_string\"}],\"inLanguage\":\"fr-FR\"},{\"@type\":\"Organization\",\"@id\":\"https:\/\/preprod.proterrasancta.org\/it\/#organization\",\"name\":\"Associazione Pro Terra Sancta\",\"url\":\"https:\/\/preprod.proterrasancta.org\/it\/\",\"logo\":{\"@type\":\"ImageObject\",\"inLanguage\":\"fr-FR\",\"@id\":\"https:\/\/preprod.proterrasancta.org\/it\/#\/schema\/logo\/image\/\",\"url\":\"https:\/\/www.proterrasancta.org\/wp-content\/uploads\/Logo_ProTerraSancta_Colori_web_high_modificato.jpg\",\"contentUrl\":\"https:\/\/www.proterrasancta.org\/wp-content\/uploads\/Logo_ProTerraSancta_Colori_web_high_modificato.jpg\",\"width\":1018,\"height\":576,\"caption\":\"Associazione Pro Terra Sancta\"},\"image\":{\"@id\":\"https:\/\/preprod.proterrasancta.org\/it\/#\/schema\/logo\/image\/\"},\"sameAs\":[\"https:\/\/www.instagram.com\/proterrasancta\/\",\"https:\/\/www.linkedin.com\/company\/pro-terra-sancta\/\",\"https:\/\/www.youtube.com\/user\/proterrasancta\",\"https:\/\/www.facebook.com\/proterrasancta\/\",\"https:\/\/twitter.com\/proterrasancta\"]},{\"@type\":\"Person\",\"@id\":\"https:\/\/preprod.proterrasancta.org\/it\/#\/schema\/person\/c03a0c97a2c22a2681d54e29de17430c\",\"name\":\"Giacomo Pizzi\",\"image\":{\"@type\":\"ImageObject\",\"inLanguage\":\"fr-FR\",\"@id\":\"https:\/\/preprod.proterrasancta.org\/it\/#\/schema\/person\/image\/\",\"url\":\"https:\/\/secure.gravatar.com\/avatar\/900c575219bd8bb5f7711ce33f0e43ea?s=96&d=mm&r=g\",\"contentUrl\":\"https:\/\/secure.gravatar.com\/avatar\/900c575219bd8bb5f7711ce33f0e43ea?s=96&d=mm&r=g\",\"caption\":\"Giacomo Pizzi\"},\"url\":\"https:\/\/preprod.proterrasancta.org\/fr\/author\/pizzi\/\"}]}<\/script>\n<!-- \/ Yoast SEO Premium plugin. -->","yoast_head_json":{"title":"Jordanie: l'inauguration du nouveau atelier Rafedin | Pro Terra Sancta","robots":{"index":"noindex","follow":"follow","max-snippet":"max-snippet:-1","max-image-preview":"max-image-preview:large","max-video-preview":"max-video-preview:-1"},"og_locale":"fr_FR","og_type":"article","og_title":"Jordanie: l'inauguration du nouveau atelier Rafedin","og_description":"Vendredi 19 octobre, en pr\u00e9sence du nonce apostolique en Irak et en Jordanie Mgr Alberto Ortega, du conseiller de la Nonciature apostolique d\u2019Amman Mgr Lalli, du Vicaire patriarcal pour la Jordanie Mgr Shomali, du repr\u00e9sentant de l&rsquo;ambassade d&rsquo;Italie en Jordanie Dr.\u00a0Marco Salaris; \u00e0 Amman, dans la paroisse de San Joseph, le nouvel atelier de couture [&hellip;]","og_url":"https:\/\/preprod.proterrasancta.org\/fr\/jordanie-linauguration-du-nouveau-atelier-rafedin\/","og_site_name":"Pro Terra Sancta","article_publisher":"https:\/\/www.facebook.com\/proterrasancta\/","article_published_time":"2018-11-05T11:25:34+00:00","article_modified_time":"2021-09-09T14:45:35+00:00","og_image":[{"width":1000,"height":750,"url":"https:\/\/preprod.proterrasancta.org\/wp-content\/uploads\/IMG-20181019-WA0016.jpeg","type":"image\/jpeg"}],"author":"Giacomo Pizzi","twitter_card":"summary_large_image","twitter_creator":"@proterrasancta","twitter_site":"@proterrasancta","twitter_misc":{"\u00c9crit par":"Giacomo Pizzi","Dur\u00e9e de lecture est.":"3 minutes"},"schema":{"@context":"https:\/\/schema.org","@graph":[{"@type":"Article","@id":"https:\/\/preprod.proterrasancta.org\/fr\/jordanie-linauguration-du-nouveau-atelier-rafedin\/#article","isPartOf":{"@id":"https:\/\/preprod.proterrasancta.org\/fr\/jordanie-linauguration-du-nouveau-atelier-rafedin\/"},"author":{"name":"Giacomo Pizzi","@id":"https:\/\/preprod.proterrasancta.org\/it\/#\/schema\/person\/c03a0c97a2c22a2681d54e29de17430c"},"headline":"Jordanie: l&rsquo;inauguration du nouveau atelier Rafedin","datePublished":"2018-11-05T11:25:34+00:00","dateModified":"2021-09-09T14:45:35+00:00","mainEntityOfPage":{"@id":"https:\/\/preprod.proterrasancta.org\/fr\/jordanie-linauguration-du-nouveau-atelier-rafedin\/"},"wordCount":532,"publisher":{"@id":"https:\/\/preprod.proterrasancta.org\/it\/#organization"},"articleSection":["Non classifi\u00e9(e)"],"inLanguage":"fr-FR"},{"@type":"WebPage","@id":"https:\/\/preprod.proterrasancta.org\/fr\/jordanie-linauguration-du-nouveau-atelier-rafedin\/","url":"https:\/\/preprod.proterrasancta.org\/fr\/jordanie-linauguration-du-nouveau-atelier-rafedin\/","name":"Jordanie: l'inauguration du nouveau atelier Rafedin | Pro Terra Sancta","isPartOf":{"@id":"https:\/\/preprod.proterrasancta.org\/it\/#website"},"datePublished":"2018-11-05T11:25:34+00:00","dateModified":"2021-09-09T14:45:35+00:00","breadcrumb":{"@id":"https:\/\/preprod.proterrasancta.org\/fr\/jordanie-linauguration-du-nouveau-atelier-rafedin\/#breadcrumb"},"inLanguage":"fr-FR","potentialAction":[{"@type":"ReadAction","target":["https:\/\/preprod.proterrasancta.org\/fr\/jordanie-linauguration-du-nouveau-atelier-rafedin\/"]}]},{"@type":"BreadcrumbList","@id":"https:\/\/preprod.proterrasancta.org\/fr\/jordanie-linauguration-du-nouveau-atelier-rafedin\/#breadcrumb","itemListElement":[{"@type":"ListItem","position":1,"name":"Home","item":"https:\/\/preprod.proterrasancta.org\/it\/"},{"@type":"ListItem","position":2,"name":"Jordanie: l&rsquo;inauguration du nouveau atelier Rafedin"}]},{"@type":"WebSite","@id":"https:\/\/preprod.proterrasancta.org\/it\/#website","url":"https:\/\/preprod.proterrasancta.org\/it\/","name":"Pro Terra Sancta","description":"To foster bonds between the Holy Land and the world","publisher":{"@id":"https:\/\/preprod.proterrasancta.org\/it\/#organization"},"potentialAction":[{"@type":"SearchAction","target":{"@type":"EntryPoint","urlTemplate":"https:\/\/preprod.proterrasancta.org\/it\/?s={search_term_string}"},"query-input":"required name=search_term_string"}],"inLanguage":"fr-FR"},{"@type":"Organization","@id":"https:\/\/preprod.proterrasancta.org\/it\/#organization","name":"Associazione Pro Terra Sancta","url":"https:\/\/preprod.proterrasancta.org\/it\/","logo":{"@type":"ImageObject","inLanguage":"fr-FR","@id":"https:\/\/preprod.proterrasancta.org\/it\/#\/schema\/logo\/image\/","url":"https:\/\/www.proterrasancta.org\/wp-content\/uploads\/Logo_ProTerraSancta_Colori_web_high_modificato.jpg","contentUrl":"https:\/\/www.proterrasancta.org\/wp-content\/uploads\/Logo_ProTerraSancta_Colori_web_high_modificato.jpg","width":1018,"height":576,"caption":"Associazione Pro Terra Sancta"},"image":{"@id":"https:\/\/preprod.proterrasancta.org\/it\/#\/schema\/logo\/image\/"},"sameAs":["https:\/\/www.instagram.com\/proterrasancta\/","https:\/\/www.linkedin.com\/company\/pro-terra-sancta\/","https:\/\/www.youtube.com\/user\/proterrasancta","https:\/\/www.facebook.com\/proterrasancta\/","https:\/\/twitter.com\/proterrasancta"]},{"@type":"Person","@id":"https:\/\/preprod.proterrasancta.org\/it\/#\/schema\/person\/c03a0c97a2c22a2681d54e29de17430c","name":"Giacomo Pizzi","image":{"@type":"ImageObject","inLanguage":"fr-FR","@id":"https:\/\/preprod.proterrasancta.org\/it\/#\/schema\/person\/image\/","url":"https:\/\/secure.gravatar.com\/avatar\/900c575219bd8bb5f7711ce33f0e43ea?s=96&d=mm&r=g","contentUrl":"https:\/\/secure.gravatar.com\/avatar\/900c575219bd8bb5f7711ce33f0e43ea?s=96&d=mm&r=g","caption":"Giacomo Pizzi"},"url":"https:\/\/preprod.proterrasancta.org\/fr\/author\/pizzi\/"}]}},"_links":{"self":[{"href":"https:\/\/preprod.proterrasancta.org\/fr\/wp-json\/wp\/v2\/posts\/105215"}],"collection":[{"href":"https:\/\/preprod.proterrasancta.org\/fr\/wp-json\/wp\/v2\/posts"}],"about":[{"href":"https:\/\/preprod.proterrasancta.org\/fr\/wp-json\/wp\/v2\/types\/post"}],"author":[{"embeddable":true,"href":"https:\/\/preprod.proterrasancta.org\/fr\/wp-json\/wp\/v2\/users\/35"}],"replies":[{"embeddable":true,"href":"https:\/\/preprod.proterrasancta.org\/fr\/wp-json\/wp\/v2\/comments?post=105215"}],"version-history":[{"count":0,"href":"https:\/\/preprod.proterrasancta.org\/fr\/wp-json\/wp\/v2\/posts\/105215\/revisions"}],"wp:featuredmedia":[{"embeddable":true,"href":"https:\/\/preprod.proterrasancta.org\/fr\/wp-json\/wp\/v2\/media\/105211"}],"wp:attachment":[{"href":"https:\/\/preprod.proterrasancta.org\/fr\/wp-json\/wp\/v2\/media?parent=105215"}],"wp:term":[{"taxonomy":"category","embeddable":true,"href":"https:\/\/preprod.proterrasancta.org\/fr\/wp-json\/wp\/v2\/categories?post=105215"},{"taxonomy":"post_tag","embeddable":true,"href":"https:\/\/preprod.proterrasancta.org\/fr\/wp-json\/wp\/v2\/tags?post=105215"},{"taxonomy":"campaign_code","embeddable":true,"href":"https:\/\/preprod.proterrasancta.org\/fr\/wp-json\/wp\/v2\/campaign_code?post=105215"}],"curies":[{"name":"wp","href":"https:\/\/api.w.org\/{rel}","templated":true}]}}