{"id":105201,"date":"2018-10-30T10:20:37","date_gmt":"2018-10-30T08:20:37","guid":{"rendered":"https:\/\/www.proterrasancta.org\/?post_type=fr-post&#038;p=105201"},"modified":"2021-09-09T16:45:36","modified_gmt":"2021-09-09T14:45:36","slug":"sebastia-la-salle-des-croisades-trop-oubliee-retrouve-sa-splendeur","status":"publish","type":"post","link":"https:\/\/preprod.proterrasancta.org\/fr\/sebastia-la-salle-des-croisades-trop-oubliee-retrouve-sa-splendeur\/","title":{"rendered":"Sebastia: la salle des croisades, trop oubli\u00e9e, retrouve sa splendeur"},"content":{"rendered":"<p>\u00c0 premi\u00e8re vue, le <strong>petit village nich\u00e9 entre les collines d\u2019oliviers<\/strong> et d\u2019amandiers ne semble pas se diff\u00e9rencier des nombreux villages de la campagne palestinienne. Cependant, <strong>Sebastia<\/strong>, petit village situ\u00e9 au c\u0153ur de la <strong>Samarie<\/strong>, cache parmi les maisons et les champs des <strong>vestiges de colonnes<\/strong>, des <strong>chapiteaux<\/strong>, des b\u00e2timents d&rsquo;anciens b\u00e2timents qui permettent de voir le pass\u00e9 florissant de cette ville qui, depuis l&rsquo;\u00e9poque de l<strong>&lsquo;histoire biblique<\/strong>, a jou\u00e9 un r\u00f4le de premier plan <strong>dans la r\u00e9gion<\/strong>. Habit\u00e9e avec certitude depuis l&rsquo;\u00e2ge du fer, Sebastia \u00e9tait la capitale du <strong>royaume d&rsquo;Omri<\/strong> et a connu une s\u00e9rie de dominations au cours des si\u00e8cles: assyrienne, <strong>grecque<\/strong>, <strong>asmon\u00e9enne<\/strong> et <strong>romaine<\/strong>. <strong>Octavianus Augustus<\/strong>, qui lui a donn\u00e9 son nom (Sebaste en grec signifie Augusta), l&rsquo;a attribu\u00e9 \u00e0 H\u00e9rode le Grand, qui a initi\u00e9 la construction de nombreux nouveaux <strong>b\u00e2timents<\/strong>. Avec H\u00e9rode avant et Septime S\u00e9v\u00e8re plus tard, la <strong>colonie romaine<\/strong> a atteint sa splendeur maximale: l&rsquo;Augusteum, le Th\u00e9\u00e2tre, le Temple de Kore et le Stade, dont les vestiges sont encore visibles aujourd&rsquo;hui, appartiennent \u00e0 cette \u00e9poque.<\/p>\n<p>Avec l\u2019arriv\u00e9e du <strong>christianisme<\/strong>, il est connu de la source que c\u2019est le lieu de l\u2019inhumation de <strong>saint Jean-Baptiste<\/strong>. Le sanctuaire <strong>byzantin<\/strong> d\u00e9di\u00e9 au baptiste, construit sur la tombe, a ensuite \u00e9t\u00e9 r\u00e9nov\u00e9 et agrandi pendant le royaume des crois\u00e9s. Les crois\u00e9s ont construit une basilique monumentale, deuxi\u00e8me derri\u00e8re le <strong>Saint-S\u00e9pulcre de J\u00e9rusalem<\/strong>, tandis que le neveu de Saladin, apr\u00e8s avoir conquis la ville, en a fait une mosqu\u00e9e encore utilis\u00e9e aujourd&rsquo;hui.<\/p>\n<p>Le pass\u00e9 grandiose de Sebastia et son pr\u00e9cieux patrimoine artistique ont \u00e9t\u00e9 mis au jour par de nombreuses campagnes de fouilles men\u00e9es au cours des ann\u00e9es par <strong>des Anglais<\/strong> et des <strong>Am\u00e9ricains<\/strong>. C\u2019est certainement au cours des derni\u00e8res ann\u00e9es, \u00e0 partir de 2005, gr\u00e2ce \u00e0 la contribution de la <strong>Coop\u00e9ration italienne<\/strong>, la <strong>Mosac Centre Jericho<\/strong>, de <strong>ATS pro Terra Sancta<\/strong> en collaboration avec l\u2019<strong>Universit\u00e9 Al Quds<\/strong> et la <strong>municipalit\u00e9 de Sabastia<\/strong>, l\u2019ancienne ville a repris vie.<\/p>\n<p>Un exemple de ce travail fondamental de r\u00e9am\u00e9nagement est la d\u00e9couverte de \u00ab\u00a0La salle du <strong>Grand Crois\u00e9<\/strong>\u00ab\u00a0. Apr\u00e8s un an et demi de c<strong>ampagne de fouilles<\/strong>, de <strong>2011 \u00e0 2012<\/strong>, avec plus de 25 <strong>employ\u00e9s locaux<\/strong> engag\u00e9s dans les travaux, des d\u00e9combres et des d\u00e9bris accumul\u00e9s au cours des si\u00e8cles ont \u00e9merg\u00e9 une salle de l&rsquo;\u00e9poque des crois\u00e9s de <strong>7 m\u00e8tres<\/strong> de haut et de <strong>7 m\u00e8tres de long.<\/strong> , mais \u00e0 l\u2019origine, il devait d\u00e9passer 60 m\u00e8tres. Selon les <strong>arch\u00e9ologues<\/strong>, la salle, situ\u00e9e dans le <strong>sud-est du pays<\/strong>, \u00e9tait la plus basse des trois structures superpos\u00e9es, probablement utilis\u00e9es pour la <strong>conservation et le stockage<\/strong> des produits agricoles. De plus, lors des fouilles, des vestiges des p\u00e9riodes pr\u00e9c\u00e9dentes ont \u00e9merg\u00e9: une partie de ce qui \u00e9tait probablement l&rsquo;aqueduc romain et un ancien mur datant des murs de la ville byzantine.<\/p>\n<p>Le b\u00e2timent r\u00e9nov\u00e9 a \u00e9t\u00e9 con\u00e7u comme un centre polyvalent \u00e0 la disposition de la communaut\u00e9 locale, mais la gestion de la municipalit\u00e9 pendant longtemps n&rsquo;a pas \u00e9t\u00e9 am\u00e9lior\u00e9e dans toutes ses fonctions. En ao\u00fbt dernier, <strong>Mosaic Center<\/strong> et<strong>\u00a0pro Terra Sancta<\/strong> ont conclu un <strong>accord<\/strong> avec la municipalit\u00e9: la salle a \u00e9t\u00e9 remise aux mains de ceux qui lui ont donn\u00e9 la vie; \u00e0 l&rsquo;occasion du <strong>festival de S\u00e9bastia<\/strong> de septembre, le <strong>jardin d&rsquo;<em>Al Badd<\/em><\/strong> (la presse) et l&rsquo;ensemble de la salle ont \u00e9t\u00e9 nettoy\u00e9s et rendus accessibles au public. L&rsquo;espace culturel de \u00ab\u00a0la grande <strong>salle des crois\u00e9s<\/strong>\u00a0\u00bb sera utilis\u00e9 pour des ateliers, des expositions, des projections multim\u00e9dias de films et des documentaires. Avec les guesthouses de Sebastia et <strong>Nisf Jubeil<\/strong>, l&rsquo;atelier de poterie et de cuisine de Nisf Jubeil, cet endroit s&rsquo;inscrit dans un itin\u00e9raire touristique plus large autour de <strong>Naplouse<\/strong>. \u00ab\u00a0Prendre soin du pass\u00e9 est un moyen d&rsquo;aider les habitants de ces terres \u00e0 conna\u00eetre la valeur de leur tradition, de dessiner et d&rsquo;en tirer profit\u00a0\u00bb, explique l&rsquo;architecte responsable du projet et promoteur de l&rsquo;accord avec la municipalit\u00e9, <strong>Osama Hamdan<\/strong>. \u00ab\u00a0Cette action de r\u00e9am\u00e9nagement s&rsquo;inscrit dans le cadre du projet plus vaste de conservation et de protection du patrimoine arch\u00e9ologique, historique, culturel et social palestinien\u00a0\u00bb.<\/p>\n","protected":false},"excerpt":{"rendered":"<p>\u00c0 premi\u00e8re vue, le petit village nich\u00e9 entre les collines d\u2019oliviers et d\u2019amandiers ne semble pas se diff\u00e9rencier des nombreux villages de la campagne palestinienne. Cependant, Sebastia, petit village situ\u00e9 au c\u0153ur de la Samarie, cache parmi les maisons et les champs des vestiges de colonnes, des chapiteaux, des b\u00e2timents d&rsquo;anciens b\u00e2timents qui permettent de [&hellip;]<\/p>\n","protected":false},"author":35,"featured_media":105193,"comment_status":"closed","ping_status":"closed","sticky":false,"template":"","format":"standard","meta":{"_acf_changed":false,"inline_featured_image":false,"footnotes":""},"categories":[9722],"tags":[],"campaign_code":[],"class_list":["post-105201","post","type-post","status-publish","format-standard","has-post-thumbnail","hentry","category-non-classifiee"],"acf":[],"yoast_head":"<!-- This site is optimized with the Yoast SEO Premium plugin v17.7 (Yoast SEO v19.14) - https:\/\/yoast.com\/wordpress\/plugins\/seo\/ -->\n<title>Sebastia: la salle des croisades, trop oubli\u00e9e, retrouve sa splendeur | Pro Terra Sancta<\/title>\n<meta name=\"robots\" content=\"noindex, follow, max-snippet:-1, max-image-preview:large, max-video-preview:-1\" \/>\n<meta property=\"og:locale\" content=\"fr_FR\" \/>\n<meta property=\"og:type\" content=\"article\" \/>\n<meta property=\"og:title\" content=\"Sebastia: la salle des croisades, trop oubli\u00e9e, retrouve sa splendeur\" \/>\n<meta property=\"og:description\" content=\"\u00c0 premi\u00e8re vue, le petit village nich\u00e9 entre les collines d\u2019oliviers et d\u2019amandiers ne semble pas se diff\u00e9rencier des nombreux villages de la campagne palestinienne. Cependant, Sebastia, petit village situ\u00e9 au c\u0153ur de la Samarie, cache parmi les maisons et les champs des vestiges de colonnes, des chapiteaux, des b\u00e2timents d&rsquo;anciens b\u00e2timents qui permettent de [&hellip;]\" \/>\n<meta property=\"og:url\" content=\"https:\/\/preprod.proterrasancta.org\/fr\/sebastia-la-salle-des-croisades-trop-oubliee-retrouve-sa-splendeur\/\" \/>\n<meta property=\"og:site_name\" content=\"Pro Terra Sancta\" \/>\n<meta property=\"article:publisher\" content=\"https:\/\/www.facebook.com\/proterrasancta\/\" \/>\n<meta property=\"article:published_time\" content=\"2018-10-30T08:20:37+00:00\" \/>\n<meta property=\"article:modified_time\" content=\"2021-09-09T14:45:36+00:00\" \/>\n<meta property=\"og:image\" content=\"https:\/\/preprod.proterrasancta.org\/wp-content\/uploads\/DSC_0015.jpg\" \/>\n\t<meta property=\"og:image:width\" content=\"1000\" \/>\n\t<meta property=\"og:image:height\" content=\"664\" \/>\n\t<meta property=\"og:image:type\" content=\"image\/jpeg\" \/>\n<meta name=\"author\" content=\"Giacomo Pizzi\" \/>\n<meta name=\"twitter:card\" content=\"summary_large_image\" \/>\n<meta name=\"twitter:creator\" content=\"@proterrasancta\" \/>\n<meta name=\"twitter:site\" content=\"@proterrasancta\" \/>\n<meta name=\"twitter:label1\" content=\"\u00c9crit par\" \/>\n\t<meta name=\"twitter:data1\" content=\"Giacomo Pizzi\" \/>\n\t<meta name=\"twitter:label2\" content=\"Dur\u00e9e de lecture est.\" \/>\n\t<meta name=\"twitter:data2\" content=\"4 minutes\" \/>\n<script type=\"application\/ld+json\" class=\"yoast-schema-graph\">{\"@context\":\"https:\/\/schema.org\",\"@graph\":[{\"@type\":\"Article\",\"@id\":\"https:\/\/preprod.proterrasancta.org\/fr\/sebastia-la-salle-des-croisades-trop-oubliee-retrouve-sa-splendeur\/#article\",\"isPartOf\":{\"@id\":\"https:\/\/preprod.proterrasancta.org\/fr\/sebastia-la-salle-des-croisades-trop-oubliee-retrouve-sa-splendeur\/\"},\"author\":{\"name\":\"Giacomo Pizzi\",\"@id\":\"https:\/\/preprod.proterrasancta.org\/it\/#\/schema\/person\/c03a0c97a2c22a2681d54e29de17430c\"},\"headline\":\"Sebastia: la salle des croisades, trop oubli\u00e9e, retrouve sa splendeur\",\"datePublished\":\"2018-10-30T08:20:37+00:00\",\"dateModified\":\"2021-09-09T14:45:36+00:00\",\"mainEntityOfPage\":{\"@id\":\"https:\/\/preprod.proterrasancta.org\/fr\/sebastia-la-salle-des-croisades-trop-oubliee-retrouve-sa-splendeur\/\"},\"wordCount\":768,\"publisher\":{\"@id\":\"https:\/\/preprod.proterrasancta.org\/it\/#organization\"},\"articleSection\":[\"Non classifi\u00e9(e)\"],\"inLanguage\":\"fr-FR\"},{\"@type\":\"WebPage\",\"@id\":\"https:\/\/preprod.proterrasancta.org\/fr\/sebastia-la-salle-des-croisades-trop-oubliee-retrouve-sa-splendeur\/\",\"url\":\"https:\/\/preprod.proterrasancta.org\/fr\/sebastia-la-salle-des-croisades-trop-oubliee-retrouve-sa-splendeur\/\",\"name\":\"Sebastia: la salle des croisades, trop oubli\u00e9e, retrouve sa splendeur | Pro Terra Sancta\",\"isPartOf\":{\"@id\":\"https:\/\/preprod.proterrasancta.org\/it\/#website\"},\"datePublished\":\"2018-10-30T08:20:37+00:00\",\"dateModified\":\"2021-09-09T14:45:36+00:00\",\"breadcrumb\":{\"@id\":\"https:\/\/preprod.proterrasancta.org\/fr\/sebastia-la-salle-des-croisades-trop-oubliee-retrouve-sa-splendeur\/#breadcrumb\"},\"inLanguage\":\"fr-FR\",\"potentialAction\":[{\"@type\":\"ReadAction\",\"target\":[\"https:\/\/preprod.proterrasancta.org\/fr\/sebastia-la-salle-des-croisades-trop-oubliee-retrouve-sa-splendeur\/\"]}]},{\"@type\":\"BreadcrumbList\",\"@id\":\"https:\/\/preprod.proterrasancta.org\/fr\/sebastia-la-salle-des-croisades-trop-oubliee-retrouve-sa-splendeur\/#breadcrumb\",\"itemListElement\":[{\"@type\":\"ListItem\",\"position\":1,\"name\":\"Home\",\"item\":\"https:\/\/preprod.proterrasancta.org\/it\/\"},{\"@type\":\"ListItem\",\"position\":2,\"name\":\"Sebastia: la salle des croisades, trop oubli\u00e9e, retrouve sa splendeur\"}]},{\"@type\":\"WebSite\",\"@id\":\"https:\/\/preprod.proterrasancta.org\/it\/#website\",\"url\":\"https:\/\/preprod.proterrasancta.org\/it\/\",\"name\":\"Pro Terra Sancta\",\"description\":\"To foster bonds between the Holy Land and the world\",\"publisher\":{\"@id\":\"https:\/\/preprod.proterrasancta.org\/it\/#organization\"},\"potentialAction\":[{\"@type\":\"SearchAction\",\"target\":{\"@type\":\"EntryPoint\",\"urlTemplate\":\"https:\/\/preprod.proterrasancta.org\/it\/?s={search_term_string}\"},\"query-input\":\"required name=search_term_string\"}],\"inLanguage\":\"fr-FR\"},{\"@type\":\"Organization\",\"@id\":\"https:\/\/preprod.proterrasancta.org\/it\/#organization\",\"name\":\"Associazione Pro Terra Sancta\",\"url\":\"https:\/\/preprod.proterrasancta.org\/it\/\",\"logo\":{\"@type\":\"ImageObject\",\"inLanguage\":\"fr-FR\",\"@id\":\"https:\/\/preprod.proterrasancta.org\/it\/#\/schema\/logo\/image\/\",\"url\":\"https:\/\/www.proterrasancta.org\/wp-content\/uploads\/Logo_ProTerraSancta_Colori_web_high_modificato.jpg\",\"contentUrl\":\"https:\/\/www.proterrasancta.org\/wp-content\/uploads\/Logo_ProTerraSancta_Colori_web_high_modificato.jpg\",\"width\":1018,\"height\":576,\"caption\":\"Associazione Pro Terra Sancta\"},\"image\":{\"@id\":\"https:\/\/preprod.proterrasancta.org\/it\/#\/schema\/logo\/image\/\"},\"sameAs\":[\"https:\/\/www.instagram.com\/proterrasancta\/\",\"https:\/\/www.linkedin.com\/company\/pro-terra-sancta\/\",\"https:\/\/www.youtube.com\/user\/proterrasancta\",\"https:\/\/www.facebook.com\/proterrasancta\/\",\"https:\/\/twitter.com\/proterrasancta\"]},{\"@type\":\"Person\",\"@id\":\"https:\/\/preprod.proterrasancta.org\/it\/#\/schema\/person\/c03a0c97a2c22a2681d54e29de17430c\",\"name\":\"Giacomo Pizzi\",\"image\":{\"@type\":\"ImageObject\",\"inLanguage\":\"fr-FR\",\"@id\":\"https:\/\/preprod.proterrasancta.org\/it\/#\/schema\/person\/image\/\",\"url\":\"https:\/\/secure.gravatar.com\/avatar\/900c575219bd8bb5f7711ce33f0e43ea?s=96&d=mm&r=g\",\"contentUrl\":\"https:\/\/secure.gravatar.com\/avatar\/900c575219bd8bb5f7711ce33f0e43ea?s=96&d=mm&r=g\",\"caption\":\"Giacomo Pizzi\"},\"url\":\"https:\/\/preprod.proterrasancta.org\/fr\/author\/pizzi\/\"}]}<\/script>\n<!-- \/ Yoast SEO Premium plugin. -->","yoast_head_json":{"title":"Sebastia: la salle des croisades, trop oubli\u00e9e, retrouve sa splendeur | Pro Terra Sancta","robots":{"index":"noindex","follow":"follow","max-snippet":"max-snippet:-1","max-image-preview":"max-image-preview:large","max-video-preview":"max-video-preview:-1"},"og_locale":"fr_FR","og_type":"article","og_title":"Sebastia: la salle des croisades, trop oubli\u00e9e, retrouve sa splendeur","og_description":"\u00c0 premi\u00e8re vue, le petit village nich\u00e9 entre les collines d\u2019oliviers et d\u2019amandiers ne semble pas se diff\u00e9rencier des nombreux villages de la campagne palestinienne. Cependant, Sebastia, petit village situ\u00e9 au c\u0153ur de la Samarie, cache parmi les maisons et les champs des vestiges de colonnes, des chapiteaux, des b\u00e2timents d&rsquo;anciens b\u00e2timents qui permettent de [&hellip;]","og_url":"https:\/\/preprod.proterrasancta.org\/fr\/sebastia-la-salle-des-croisades-trop-oubliee-retrouve-sa-splendeur\/","og_site_name":"Pro Terra Sancta","article_publisher":"https:\/\/www.facebook.com\/proterrasancta\/","article_published_time":"2018-10-30T08:20:37+00:00","article_modified_time":"2021-09-09T14:45:36+00:00","og_image":[{"width":1000,"height":664,"url":"https:\/\/preprod.proterrasancta.org\/wp-content\/uploads\/DSC_0015.jpg","type":"image\/jpeg"}],"author":"Giacomo Pizzi","twitter_card":"summary_large_image","twitter_creator":"@proterrasancta","twitter_site":"@proterrasancta","twitter_misc":{"\u00c9crit par":"Giacomo Pizzi","Dur\u00e9e de lecture est.":"4 minutes"},"schema":{"@context":"https:\/\/schema.org","@graph":[{"@type":"Article","@id":"https:\/\/preprod.proterrasancta.org\/fr\/sebastia-la-salle-des-croisades-trop-oubliee-retrouve-sa-splendeur\/#article","isPartOf":{"@id":"https:\/\/preprod.proterrasancta.org\/fr\/sebastia-la-salle-des-croisades-trop-oubliee-retrouve-sa-splendeur\/"},"author":{"name":"Giacomo Pizzi","@id":"https:\/\/preprod.proterrasancta.org\/it\/#\/schema\/person\/c03a0c97a2c22a2681d54e29de17430c"},"headline":"Sebastia: la salle des croisades, trop oubli\u00e9e, retrouve sa splendeur","datePublished":"2018-10-30T08:20:37+00:00","dateModified":"2021-09-09T14:45:36+00:00","mainEntityOfPage":{"@id":"https:\/\/preprod.proterrasancta.org\/fr\/sebastia-la-salle-des-croisades-trop-oubliee-retrouve-sa-splendeur\/"},"wordCount":768,"publisher":{"@id":"https:\/\/preprod.proterrasancta.org\/it\/#organization"},"articleSection":["Non classifi\u00e9(e)"],"inLanguage":"fr-FR"},{"@type":"WebPage","@id":"https:\/\/preprod.proterrasancta.org\/fr\/sebastia-la-salle-des-croisades-trop-oubliee-retrouve-sa-splendeur\/","url":"https:\/\/preprod.proterrasancta.org\/fr\/sebastia-la-salle-des-croisades-trop-oubliee-retrouve-sa-splendeur\/","name":"Sebastia: la salle des croisades, trop oubli\u00e9e, retrouve sa splendeur | Pro Terra Sancta","isPartOf":{"@id":"https:\/\/preprod.proterrasancta.org\/it\/#website"},"datePublished":"2018-10-30T08:20:37+00:00","dateModified":"2021-09-09T14:45:36+00:00","breadcrumb":{"@id":"https:\/\/preprod.proterrasancta.org\/fr\/sebastia-la-salle-des-croisades-trop-oubliee-retrouve-sa-splendeur\/#breadcrumb"},"inLanguage":"fr-FR","potentialAction":[{"@type":"ReadAction","target":["https:\/\/preprod.proterrasancta.org\/fr\/sebastia-la-salle-des-croisades-trop-oubliee-retrouve-sa-splendeur\/"]}]},{"@type":"BreadcrumbList","@id":"https:\/\/preprod.proterrasancta.org\/fr\/sebastia-la-salle-des-croisades-trop-oubliee-retrouve-sa-splendeur\/#breadcrumb","itemListElement":[{"@type":"ListItem","position":1,"name":"Home","item":"https:\/\/preprod.proterrasancta.org\/it\/"},{"@type":"ListItem","position":2,"name":"Sebastia: la salle des croisades, trop oubli\u00e9e, retrouve sa splendeur"}]},{"@type":"WebSite","@id":"https:\/\/preprod.proterrasancta.org\/it\/#website","url":"https:\/\/preprod.proterrasancta.org\/it\/","name":"Pro Terra Sancta","description":"To foster bonds between the Holy Land and the world","publisher":{"@id":"https:\/\/preprod.proterrasancta.org\/it\/#organization"},"potentialAction":[{"@type":"SearchAction","target":{"@type":"EntryPoint","urlTemplate":"https:\/\/preprod.proterrasancta.org\/it\/?s={search_term_string}"},"query-input":"required name=search_term_string"}],"inLanguage":"fr-FR"},{"@type":"Organization","@id":"https:\/\/preprod.proterrasancta.org\/it\/#organization","name":"Associazione Pro Terra Sancta","url":"https:\/\/preprod.proterrasancta.org\/it\/","logo":{"@type":"ImageObject","inLanguage":"fr-FR","@id":"https:\/\/preprod.proterrasancta.org\/it\/#\/schema\/logo\/image\/","url":"https:\/\/www.proterrasancta.org\/wp-content\/uploads\/Logo_ProTerraSancta_Colori_web_high_modificato.jpg","contentUrl":"https:\/\/www.proterrasancta.org\/wp-content\/uploads\/Logo_ProTerraSancta_Colori_web_high_modificato.jpg","width":1018,"height":576,"caption":"Associazione Pro Terra Sancta"},"image":{"@id":"https:\/\/preprod.proterrasancta.org\/it\/#\/schema\/logo\/image\/"},"sameAs":["https:\/\/www.instagram.com\/proterrasancta\/","https:\/\/www.linkedin.com\/company\/pro-terra-sancta\/","https:\/\/www.youtube.com\/user\/proterrasancta","https:\/\/www.facebook.com\/proterrasancta\/","https:\/\/twitter.com\/proterrasancta"]},{"@type":"Person","@id":"https:\/\/preprod.proterrasancta.org\/it\/#\/schema\/person\/c03a0c97a2c22a2681d54e29de17430c","name":"Giacomo Pizzi","image":{"@type":"ImageObject","inLanguage":"fr-FR","@id":"https:\/\/preprod.proterrasancta.org\/it\/#\/schema\/person\/image\/","url":"https:\/\/secure.gravatar.com\/avatar\/900c575219bd8bb5f7711ce33f0e43ea?s=96&d=mm&r=g","contentUrl":"https:\/\/secure.gravatar.com\/avatar\/900c575219bd8bb5f7711ce33f0e43ea?s=96&d=mm&r=g","caption":"Giacomo Pizzi"},"url":"https:\/\/preprod.proterrasancta.org\/fr\/author\/pizzi\/"}]}},"_links":{"self":[{"href":"https:\/\/preprod.proterrasancta.org\/fr\/wp-json\/wp\/v2\/posts\/105201"}],"collection":[{"href":"https:\/\/preprod.proterrasancta.org\/fr\/wp-json\/wp\/v2\/posts"}],"about":[{"href":"https:\/\/preprod.proterrasancta.org\/fr\/wp-json\/wp\/v2\/types\/post"}],"author":[{"embeddable":true,"href":"https:\/\/preprod.proterrasancta.org\/fr\/wp-json\/wp\/v2\/users\/35"}],"replies":[{"embeddable":true,"href":"https:\/\/preprod.proterrasancta.org\/fr\/wp-json\/wp\/v2\/comments?post=105201"}],"version-history":[{"count":0,"href":"https:\/\/preprod.proterrasancta.org\/fr\/wp-json\/wp\/v2\/posts\/105201\/revisions"}],"wp:featuredmedia":[{"embeddable":true,"href":"https:\/\/preprod.proterrasancta.org\/fr\/wp-json\/wp\/v2\/media\/105193"}],"wp:attachment":[{"href":"https:\/\/preprod.proterrasancta.org\/fr\/wp-json\/wp\/v2\/media?parent=105201"}],"wp:term":[{"taxonomy":"category","embeddable":true,"href":"https:\/\/preprod.proterrasancta.org\/fr\/wp-json\/wp\/v2\/categories?post=105201"},{"taxonomy":"post_tag","embeddable":true,"href":"https:\/\/preprod.proterrasancta.org\/fr\/wp-json\/wp\/v2\/tags?post=105201"},{"taxonomy":"campaign_code","embeddable":true,"href":"https:\/\/preprod.proterrasancta.org\/fr\/wp-json\/wp\/v2\/campaign_code?post=105201"}],"curies":[{"name":"wp","href":"https:\/\/api.w.org\/{rel}","templated":true}]}}