{"id":105183,"date":"2018-10-24T09:55:09","date_gmt":"2018-10-24T07:55:09","guid":{"rendered":"https:\/\/www.proterrasancta.org\/?post_type=fr-post&#038;p=105183"},"modified":"2021-09-09T16:45:36","modified_gmt":"2021-09-09T14:45:36","slug":"recit-dun-voyage-en-syrie-dernier-arret-alep-entre-poussiere-et-gravats-mais-envie-de-tout-recommencer","status":"publish","type":"post","link":"https:\/\/preprod.proterrasancta.org\/fr\/recit-dun-voyage-en-syrie-dernier-arret-alep-entre-poussiere-et-gravats-mais-envie-de-tout-recommencer\/","title":{"rendered":"R\u00e9cit d&rsquo;un voyage en Syrie. Dernier arr\u00eat: Alep entre poussi\u00e8re et gravats, mais envie de tout recommencer"},"content":{"rendered":"<p>Une \u00e9paisse couche de poussi\u00e8re enveloppe la ville d\u2019<strong>Alep<\/strong>, derni\u00e8re \u00e9tape de notre <strong>voyage en Syrie<\/strong>, afin de nous prot\u00e9ger du soleil. Du sable et de la poussi\u00e8re qui &#8211; selon certains &#8211; viennent de l\u2019est, des <strong>d\u00e9bris<\/strong> et rendent l\u2019<strong>air irrespirable<\/strong>, veulent presque suffoquer de nouveau cette ville si douloureusement tourment\u00e9e et qui a repris sa respiration.<\/p>\n<p>En fait, la vie est revenue \u00e0 Alep. Dans de nombreuses r\u00e9gions, d\u2019importants<strong> travaux de reconstruction<\/strong> ont \u00e9t\u00e9 entrepris et certains <strong>magasins ont rouvert<\/strong> leurs portes. Tout comme l\u2019<strong>ancienne citadelle<\/strong> a \u00e9t\u00e9 r\u00e9cemment rouverte, la fiert\u00e9 de la ville \u00e9tait autrefois une destination pris\u00e9e des touristes du monde entier. Bonne nouvelle, car jusqu&rsquo;\u00e0 r\u00e9cemment, cet endroit \u00e9tait une <strong>garnison militaire<\/strong>: une <strong>cinquantaine de soldats<\/strong> de cette colline ont r\u00e9sist\u00e9 \u00e0 l&rsquo;avance inexorable des miliciens de l&rsquo;<strong>Etat islamique<\/strong> qui avaient d\u00e9j\u00e0 envahi l&rsquo;est de Alep et les avaient entour\u00e9s de partout.<\/p>\n<p>\u00ab\u00a0Si elle \u00e9tait tomb\u00e9e, la citadelle aurait \u00e9t\u00e9 la fin, car \u00e0 partir d&rsquo;ici, il y a une s\u00e9rie de <strong>tunnels souterrains<\/strong> qui se divisent dans toute la ville et arrivent partout\u00a0\u00bb. <strong>Yorgo<\/strong> nous dit que nous grimpons dans les <strong>anciennes ruines<\/strong> derri\u00e8re une rang\u00e9e d\u2019enfants qui visitent l\u2019\u00e9cole; c&rsquo;est aussi quelque chose de nouveau ces jours-ci. Yorgo est le technicien responsable de la coordination des projets de distribution de colis alimentaires et m\u00e9dicaux, soutenu par <strong>ATS pro Terra Sancta<\/strong> dans la <strong>paroisse de Saint-Fran\u00e7ois \u00e0 Alep<\/strong>, dans le district d&rsquo;Azizieh. Une activit\u00e9 qui a aid\u00e9 de nombreuses familles dans les ann\u00e9es les plus difficiles du conflit et qui continue de soutenir environ <strong>12 000 personnes<\/strong> chaque mois.<\/p>\n<p>Yorgo a \u00e9galement b\u00e9n\u00e9fici\u00e9 d\u2019un des nombreux projets ATS \u00e0 Alep au cours de ces huit ann\u00e9es de guerre. \u00ab\u00a0J&rsquo;avais <strong>tout perdu<\/strong> &#8211; nous dit-il &#8211; nous n&rsquo;avions plus d&rsquo;eau et tr\u00e8s peu de nourriture. On m&rsquo;a dit qu&rsquo;\u00e0 la <strong>paroisse des Franciscains<\/strong> l&rsquo;eau \u00e9tait distribu\u00e9e depuis les puits, alors je me suis tourn\u00e9e vers eux. \u00c0 partir de l\u00e0, mon histoire a commenc\u00e9 avec les franciscains et les ATS \u00ab\u00a0. Ce jour-l\u00e0, Yorgo a rencontr\u00e9<strong> Ibrahim Alsabagh<\/strong>, cur\u00e9 de l&rsquo;\u00e9glise de San Francesco \u00e0 <strong>Alep Azizieh<\/strong>, qui lui a demand\u00e9 de suivre la logistique des projets en cours. \u00ab\u00a0Il m&rsquo;a litt\u00e9ralement sauv\u00e9 la vie\u00a0\u00bb, nous dit-il encore, \u00ab\u00a0avant la guerre, j&rsquo;avais une cha\u00eene de magasins d&rsquo;antiquit\u00e9s, j&rsquo;ai parcouru le monde pour r\u00e9cup\u00e9rer meubles et antiquit\u00e9s, mais au jour le jour, je me suis retrouv\u00e9 sans rien : ils ont cass\u00e9 les magasins et tout vol\u00e9. Je n&rsquo;avais plus de travail et ma famille et moi avions faim. \u00a0\u00bb Yorgo est vraiment reconnaissant, comme en t\u00e9moignent sa disponibilit\u00e9 infatigable et son excellent travail. \u00ab\u00a0Croyez-moi &#8211; nous r\u00e9p\u00e9tons sans cesse &#8211; sans nous, les chr\u00e9tiens n&rsquo;existeraient plus ici\u00a0\u00bb.<\/p>\n<p>Entre temps, nous arrivons <strong>aux murs de la citadelle<\/strong>, couverts de <strong>postes militaires<\/strong> faits de sacs de jute et de couvertures et entour\u00e9s de poubelles en m\u00e9tal, le sol toujours recouvert d&rsquo;un tapis d&rsquo;obus et d&rsquo;obus de mortier. Il <strong>n\u2019est pas difficile d\u2019imaginer les soldats stationn\u00e9s<\/strong> ici pendant deux ans sans jamais sortir, approvisionn\u00e9s en nourriture et en munitions \u00e0 partir d\u2019un h\u00e9licopt\u00e8re une fois par mois. Mais ce qui nous impressionne le plus, c\u2019est la vue qui nous vient \u00e0 l\u2019oeil lorsque nous observons l\u2019un des poteaux de la balustrade: \u00e0 l\u2019horizon, <strong>seuls des d\u00e9combres<\/strong> et des d\u00e9combres. Nous les regardons en silence, alors que la poussi\u00e8re semble vraiment s\u2019\u00e9lever de l\u00e0, des copropri\u00e9t\u00e9s, des h\u00f4tels et m\u00eame des mosqu\u00e9es d\u00e9truites.<\/p>\n<p>\u00ab\u00a0Il faudra plus de <strong>20 ans pour reconstruire<\/strong> ce d\u00e9sastre\u00a0\u00bb, nous dit Yorgo. Et il faudra encore plus de temps pour reconstruire les d\u00e9combres d&rsquo;une <strong>humanit\u00e9 bless\u00e9e<\/strong>, celle que chaque homme, femme ou enfant porte \u00e0 l&rsquo;int\u00e9rieur. Surtout des enfants, comme <strong>Hani<\/strong>, <strong>six ans<\/strong>, qui a <strong>tent\u00e9 de se suicider<\/strong> il y a un mois. \u00ab\u00a0Nous suivons plus de cinquante cas d&rsquo;enfants comme lui, souffrant de d\u00e9pression infantile due \u00e0 un conflit\u00a0\u00bb, explique <strong>Binan<\/strong>, psychologue et coordinateur des activit\u00e9s du <strong>Coll\u00e8ge Terra Sancta<\/strong>, la structure franciscaine (soutenue par <strong>ATS pro Terra Sancta<\/strong> en collaboration avec <strong>MISEREOR<\/strong>) que nous visitons dans l\u2019apr\u00e8s-midi. Ici, diff\u00e9rentes activit\u00e9s sont propos\u00e9es pour l\u2019entra\u00eenement, du jeu \u00e0 l\u2019aide psychologique pour <strong>250 enfants<\/strong> dans le besoin. \u00ab\u00a0Il n&rsquo;y a aucune structure de ce type ailleurs \u00e0 Alep, mais je ne pense pas m\u00eame dans toute la <strong>Syrie<\/strong>\u00ab\u00a0, poursuit Binan, \u00ab\u00a0et je suis reconnaissant de pouvoir participer avec les fr\u00e8res \u00e0 cette initiative importante, particuli\u00e8rement en ce moment\u00a0\u00bb.<\/p>\n<p>ATS pro Terra Sancta \u00e0 Alep soutient de nombreuses activit\u00e9s de <strong>reconstruction d&rsquo;immeubles<\/strong> et de maisons, ainsi que celles d&rsquo;assistance de ce type. Pendant les jours que nous avons pass\u00e9s ici, nous visitons beaucoup et nous voyons dans tous un espoir croissant pour l\u2019avenir, en plus de l\u2019immense <strong>gratitude de tous<\/strong>, qui ne manque jamais.<\/p>\n<p>Pendant ce temps, \u00e0 quelques kilom\u00e8tres d&rsquo;ici, \u00e0 <strong>Idlib<\/strong>, o\u00f9 les rebelles en fuite sont perch\u00e9s, le <strong>spectre de la guerre<\/strong> plane avec insistance sur toute la province. Et m\u00eame au <strong>sud d\u2019Alep<\/strong>, l\u2019\u00e9tincelle de violents combats jaillit parfois. \u00ab\u00a0Personne <strong>ne sait ce qui va arriver \u00e0 Idlib<\/strong> &#8211; ils commentent &#8211; nous ne savons pas comment cela va se terminer, il y a toujours la crainte que la terreur revienne \u00e0 Alep\u00a0\u00bb.<\/p>\n<p>Cependant, compte tenu de la grande <strong>reconstruction en cours<\/strong>, nous comprenons que quelque chose a chang\u00e9, m\u00eame si l\u2019<strong>urgence est toujours l\u00e0<\/strong>: ceux qui ont tout perdu ne le retrouvent pas du jour au lendemain, comme ceux qui n\u2019avaient pas de travail et qui n\u2019ont pu obtenir le la nourriture a encore du mal \u00e0 se payer les n\u00e9cessit\u00e9s de base. Il faudra encore longtemps avant qu&rsquo;Alep puisse enfin enfin se lever au dessus de la poussi\u00e8re. <em>Shuai Shuai &#8230; Inchallah<\/em>, ils disent ici: \u00ab\u00a0lentement, si Dieu le veut\u00a0\u00bb.<\/p>\n<h2 style=\"text-align: center;\"><a href=\"https:\/\/www.proterrasancta.org\/project\/fr\/syrie-alep-le-centre-durgence\/\" target=\"_blank\" rel=\"noopener noreferrer\"><span style=\"text-decoration: underline;\"><strong>Soutenez nos projets \u00e0 Alep!<\/strong><\/span><\/a><\/h2>\n","protected":false},"excerpt":{"rendered":"<p>Une \u00e9paisse couche de poussi\u00e8re enveloppe la ville d\u2019Alep, derni\u00e8re \u00e9tape de notre voyage en Syrie, afin de nous prot\u00e9ger du soleil. Du sable et de la poussi\u00e8re qui &#8211; selon certains &#8211; viennent de l\u2019est, des d\u00e9bris et rendent l\u2019air irrespirable, veulent presque suffoquer de nouveau cette ville si douloureusement tourment\u00e9e et qui a [&hellip;]<\/p>\n","protected":false},"author":35,"featured_media":105167,"comment_status":"closed","ping_status":"closed","sticky":false,"template":"","format":"standard","meta":{"_acf_changed":false,"inline_featured_image":false,"footnotes":""},"categories":[9722],"tags":[],"campaign_code":[],"class_list":["post-105183","post","type-post","status-publish","format-standard","has-post-thumbnail","hentry","category-non-classifiee"],"acf":[],"yoast_head":"<!-- This site is optimized with the Yoast SEO Premium plugin v17.7 (Yoast SEO v19.14) - https:\/\/yoast.com\/wordpress\/plugins\/seo\/ -->\n<title>R\u00e9cit d&#039;un voyage en Syrie. Dernier arr\u00eat: Alep entre poussi\u00e8re et gravats, mais envie de tout recommencer | Pro Terra Sancta<\/title>\n<meta name=\"robots\" content=\"noindex, follow, max-snippet:-1, max-image-preview:large, max-video-preview:-1\" \/>\n<meta property=\"og:locale\" content=\"fr_FR\" \/>\n<meta property=\"og:type\" content=\"article\" \/>\n<meta property=\"og:title\" content=\"R\u00e9cit d&#039;un voyage en Syrie. Dernier arr\u00eat: Alep entre poussi\u00e8re et gravats, mais envie de tout recommencer\" \/>\n<meta property=\"og:description\" content=\"Une \u00e9paisse couche de poussi\u00e8re enveloppe la ville d\u2019Alep, derni\u00e8re \u00e9tape de notre voyage en Syrie, afin de nous prot\u00e9ger du soleil. Du sable et de la poussi\u00e8re qui &#8211; selon certains &#8211; viennent de l\u2019est, des d\u00e9bris et rendent l\u2019air irrespirable, veulent presque suffoquer de nouveau cette ville si douloureusement tourment\u00e9e et qui a [&hellip;]\" \/>\n<meta property=\"og:url\" content=\"https:\/\/preprod.proterrasancta.org\/fr\/recit-dun-voyage-en-syrie-dernier-arret-alep-entre-poussiere-et-gravats-mais-envie-de-tout-recommencer\/\" \/>\n<meta property=\"og:site_name\" content=\"Pro Terra Sancta\" \/>\n<meta property=\"article:publisher\" content=\"https:\/\/www.facebook.com\/proterrasancta\/\" \/>\n<meta property=\"article:published_time\" content=\"2018-10-24T07:55:09+00:00\" \/>\n<meta property=\"article:modified_time\" content=\"2021-09-09T14:45:36+00:00\" \/>\n<meta property=\"og:image\" content=\"https:\/\/preprod.proterrasancta.org\/wp-content\/uploads\/DSC_0040-1.jpg\" \/>\n\t<meta property=\"og:image:width\" content=\"1000\" \/>\n\t<meta property=\"og:image:height\" content=\"664\" \/>\n\t<meta property=\"og:image:type\" content=\"image\/jpeg\" \/>\n<meta name=\"author\" content=\"Giacomo Pizzi\" \/>\n<meta name=\"twitter:card\" content=\"summary_large_image\" \/>\n<meta name=\"twitter:creator\" content=\"@proterrasancta\" \/>\n<meta name=\"twitter:site\" content=\"@proterrasancta\" \/>\n<meta name=\"twitter:label1\" content=\"\u00c9crit par\" \/>\n\t<meta name=\"twitter:data1\" content=\"Giacomo Pizzi\" \/>\n\t<meta name=\"twitter:label2\" content=\"Dur\u00e9e de lecture est.\" \/>\n\t<meta name=\"twitter:data2\" content=\"5 minutes\" \/>\n<script type=\"application\/ld+json\" class=\"yoast-schema-graph\">{\"@context\":\"https:\/\/schema.org\",\"@graph\":[{\"@type\":\"Article\",\"@id\":\"https:\/\/preprod.proterrasancta.org\/fr\/recit-dun-voyage-en-syrie-dernier-arret-alep-entre-poussiere-et-gravats-mais-envie-de-tout-recommencer\/#article\",\"isPartOf\":{\"@id\":\"https:\/\/preprod.proterrasancta.org\/fr\/recit-dun-voyage-en-syrie-dernier-arret-alep-entre-poussiere-et-gravats-mais-envie-de-tout-recommencer\/\"},\"author\":{\"name\":\"Giacomo Pizzi\",\"@id\":\"https:\/\/preprod.proterrasancta.org\/it\/#\/schema\/person\/c03a0c97a2c22a2681d54e29de17430c\"},\"headline\":\"R\u00e9cit d&rsquo;un voyage en Syrie. Dernier arr\u00eat: Alep entre poussi\u00e8re et gravats, mais envie de tout recommencer\",\"datePublished\":\"2018-10-24T07:55:09+00:00\",\"dateModified\":\"2021-09-09T14:45:36+00:00\",\"mainEntityOfPage\":{\"@id\":\"https:\/\/preprod.proterrasancta.org\/fr\/recit-dun-voyage-en-syrie-dernier-arret-alep-entre-poussiere-et-gravats-mais-envie-de-tout-recommencer\/\"},\"wordCount\":1078,\"publisher\":{\"@id\":\"https:\/\/preprod.proterrasancta.org\/it\/#organization\"},\"articleSection\":[\"Non classifi\u00e9(e)\"],\"inLanguage\":\"fr-FR\"},{\"@type\":\"WebPage\",\"@id\":\"https:\/\/preprod.proterrasancta.org\/fr\/recit-dun-voyage-en-syrie-dernier-arret-alep-entre-poussiere-et-gravats-mais-envie-de-tout-recommencer\/\",\"url\":\"https:\/\/preprod.proterrasancta.org\/fr\/recit-dun-voyage-en-syrie-dernier-arret-alep-entre-poussiere-et-gravats-mais-envie-de-tout-recommencer\/\",\"name\":\"R\u00e9cit d'un voyage en Syrie. Dernier arr\u00eat: Alep entre poussi\u00e8re et gravats, mais envie de tout recommencer | Pro Terra Sancta\",\"isPartOf\":{\"@id\":\"https:\/\/preprod.proterrasancta.org\/it\/#website\"},\"datePublished\":\"2018-10-24T07:55:09+00:00\",\"dateModified\":\"2021-09-09T14:45:36+00:00\",\"breadcrumb\":{\"@id\":\"https:\/\/preprod.proterrasancta.org\/fr\/recit-dun-voyage-en-syrie-dernier-arret-alep-entre-poussiere-et-gravats-mais-envie-de-tout-recommencer\/#breadcrumb\"},\"inLanguage\":\"fr-FR\",\"potentialAction\":[{\"@type\":\"ReadAction\",\"target\":[\"https:\/\/preprod.proterrasancta.org\/fr\/recit-dun-voyage-en-syrie-dernier-arret-alep-entre-poussiere-et-gravats-mais-envie-de-tout-recommencer\/\"]}]},{\"@type\":\"BreadcrumbList\",\"@id\":\"https:\/\/preprod.proterrasancta.org\/fr\/recit-dun-voyage-en-syrie-dernier-arret-alep-entre-poussiere-et-gravats-mais-envie-de-tout-recommencer\/#breadcrumb\",\"itemListElement\":[{\"@type\":\"ListItem\",\"position\":1,\"name\":\"Home\",\"item\":\"https:\/\/preprod.proterrasancta.org\/it\/\"},{\"@type\":\"ListItem\",\"position\":2,\"name\":\"R\u00e9cit d&rsquo;un voyage en Syrie. Dernier arr\u00eat: Alep entre poussi\u00e8re et gravats, mais envie de tout recommencer\"}]},{\"@type\":\"WebSite\",\"@id\":\"https:\/\/preprod.proterrasancta.org\/it\/#website\",\"url\":\"https:\/\/preprod.proterrasancta.org\/it\/\",\"name\":\"Pro Terra Sancta\",\"description\":\"To foster bonds between the Holy Land and the world\",\"publisher\":{\"@id\":\"https:\/\/preprod.proterrasancta.org\/it\/#organization\"},\"potentialAction\":[{\"@type\":\"SearchAction\",\"target\":{\"@type\":\"EntryPoint\",\"urlTemplate\":\"https:\/\/preprod.proterrasancta.org\/it\/?s={search_term_string}\"},\"query-input\":\"required name=search_term_string\"}],\"inLanguage\":\"fr-FR\"},{\"@type\":\"Organization\",\"@id\":\"https:\/\/preprod.proterrasancta.org\/it\/#organization\",\"name\":\"Associazione Pro Terra Sancta\",\"url\":\"https:\/\/preprod.proterrasancta.org\/it\/\",\"logo\":{\"@type\":\"ImageObject\",\"inLanguage\":\"fr-FR\",\"@id\":\"https:\/\/preprod.proterrasancta.org\/it\/#\/schema\/logo\/image\/\",\"url\":\"https:\/\/www.proterrasancta.org\/wp-content\/uploads\/Logo_ProTerraSancta_Colori_web_high_modificato.jpg\",\"contentUrl\":\"https:\/\/www.proterrasancta.org\/wp-content\/uploads\/Logo_ProTerraSancta_Colori_web_high_modificato.jpg\",\"width\":1018,\"height\":576,\"caption\":\"Associazione Pro Terra Sancta\"},\"image\":{\"@id\":\"https:\/\/preprod.proterrasancta.org\/it\/#\/schema\/logo\/image\/\"},\"sameAs\":[\"https:\/\/www.instagram.com\/proterrasancta\/\",\"https:\/\/www.linkedin.com\/company\/pro-terra-sancta\/\",\"https:\/\/www.youtube.com\/user\/proterrasancta\",\"https:\/\/www.facebook.com\/proterrasancta\/\",\"https:\/\/twitter.com\/proterrasancta\"]},{\"@type\":\"Person\",\"@id\":\"https:\/\/preprod.proterrasancta.org\/it\/#\/schema\/person\/c03a0c97a2c22a2681d54e29de17430c\",\"name\":\"Giacomo Pizzi\",\"image\":{\"@type\":\"ImageObject\",\"inLanguage\":\"fr-FR\",\"@id\":\"https:\/\/preprod.proterrasancta.org\/it\/#\/schema\/person\/image\/\",\"url\":\"https:\/\/secure.gravatar.com\/avatar\/900c575219bd8bb5f7711ce33f0e43ea?s=96&d=mm&r=g\",\"contentUrl\":\"https:\/\/secure.gravatar.com\/avatar\/900c575219bd8bb5f7711ce33f0e43ea?s=96&d=mm&r=g\",\"caption\":\"Giacomo Pizzi\"},\"url\":\"https:\/\/preprod.proterrasancta.org\/fr\/author\/pizzi\/\"}]}<\/script>\n<!-- \/ Yoast SEO Premium plugin. -->","yoast_head_json":{"title":"R\u00e9cit d'un voyage en Syrie. Dernier arr\u00eat: Alep entre poussi\u00e8re et gravats, mais envie de tout recommencer | Pro Terra Sancta","robots":{"index":"noindex","follow":"follow","max-snippet":"max-snippet:-1","max-image-preview":"max-image-preview:large","max-video-preview":"max-video-preview:-1"},"og_locale":"fr_FR","og_type":"article","og_title":"R\u00e9cit d'un voyage en Syrie. Dernier arr\u00eat: Alep entre poussi\u00e8re et gravats, mais envie de tout recommencer","og_description":"Une \u00e9paisse couche de poussi\u00e8re enveloppe la ville d\u2019Alep, derni\u00e8re \u00e9tape de notre voyage en Syrie, afin de nous prot\u00e9ger du soleil. Du sable et de la poussi\u00e8re qui &#8211; selon certains &#8211; viennent de l\u2019est, des d\u00e9bris et rendent l\u2019air irrespirable, veulent presque suffoquer de nouveau cette ville si douloureusement tourment\u00e9e et qui a [&hellip;]","og_url":"https:\/\/preprod.proterrasancta.org\/fr\/recit-dun-voyage-en-syrie-dernier-arret-alep-entre-poussiere-et-gravats-mais-envie-de-tout-recommencer\/","og_site_name":"Pro Terra Sancta","article_publisher":"https:\/\/www.facebook.com\/proterrasancta\/","article_published_time":"2018-10-24T07:55:09+00:00","article_modified_time":"2021-09-09T14:45:36+00:00","og_image":[{"width":1000,"height":664,"url":"https:\/\/preprod.proterrasancta.org\/wp-content\/uploads\/DSC_0040-1.jpg","type":"image\/jpeg"}],"author":"Giacomo Pizzi","twitter_card":"summary_large_image","twitter_creator":"@proterrasancta","twitter_site":"@proterrasancta","twitter_misc":{"\u00c9crit par":"Giacomo Pizzi","Dur\u00e9e de lecture est.":"5 minutes"},"schema":{"@context":"https:\/\/schema.org","@graph":[{"@type":"Article","@id":"https:\/\/preprod.proterrasancta.org\/fr\/recit-dun-voyage-en-syrie-dernier-arret-alep-entre-poussiere-et-gravats-mais-envie-de-tout-recommencer\/#article","isPartOf":{"@id":"https:\/\/preprod.proterrasancta.org\/fr\/recit-dun-voyage-en-syrie-dernier-arret-alep-entre-poussiere-et-gravats-mais-envie-de-tout-recommencer\/"},"author":{"name":"Giacomo Pizzi","@id":"https:\/\/preprod.proterrasancta.org\/it\/#\/schema\/person\/c03a0c97a2c22a2681d54e29de17430c"},"headline":"R\u00e9cit d&rsquo;un voyage en Syrie. Dernier arr\u00eat: Alep entre poussi\u00e8re et gravats, mais envie de tout recommencer","datePublished":"2018-10-24T07:55:09+00:00","dateModified":"2021-09-09T14:45:36+00:00","mainEntityOfPage":{"@id":"https:\/\/preprod.proterrasancta.org\/fr\/recit-dun-voyage-en-syrie-dernier-arret-alep-entre-poussiere-et-gravats-mais-envie-de-tout-recommencer\/"},"wordCount":1078,"publisher":{"@id":"https:\/\/preprod.proterrasancta.org\/it\/#organization"},"articleSection":["Non classifi\u00e9(e)"],"inLanguage":"fr-FR"},{"@type":"WebPage","@id":"https:\/\/preprod.proterrasancta.org\/fr\/recit-dun-voyage-en-syrie-dernier-arret-alep-entre-poussiere-et-gravats-mais-envie-de-tout-recommencer\/","url":"https:\/\/preprod.proterrasancta.org\/fr\/recit-dun-voyage-en-syrie-dernier-arret-alep-entre-poussiere-et-gravats-mais-envie-de-tout-recommencer\/","name":"R\u00e9cit d'un voyage en Syrie. Dernier arr\u00eat: Alep entre poussi\u00e8re et gravats, mais envie de tout recommencer | Pro Terra Sancta","isPartOf":{"@id":"https:\/\/preprod.proterrasancta.org\/it\/#website"},"datePublished":"2018-10-24T07:55:09+00:00","dateModified":"2021-09-09T14:45:36+00:00","breadcrumb":{"@id":"https:\/\/preprod.proterrasancta.org\/fr\/recit-dun-voyage-en-syrie-dernier-arret-alep-entre-poussiere-et-gravats-mais-envie-de-tout-recommencer\/#breadcrumb"},"inLanguage":"fr-FR","potentialAction":[{"@type":"ReadAction","target":["https:\/\/preprod.proterrasancta.org\/fr\/recit-dun-voyage-en-syrie-dernier-arret-alep-entre-poussiere-et-gravats-mais-envie-de-tout-recommencer\/"]}]},{"@type":"BreadcrumbList","@id":"https:\/\/preprod.proterrasancta.org\/fr\/recit-dun-voyage-en-syrie-dernier-arret-alep-entre-poussiere-et-gravats-mais-envie-de-tout-recommencer\/#breadcrumb","itemListElement":[{"@type":"ListItem","position":1,"name":"Home","item":"https:\/\/preprod.proterrasancta.org\/it\/"},{"@type":"ListItem","position":2,"name":"R\u00e9cit d&rsquo;un voyage en Syrie. Dernier arr\u00eat: Alep entre poussi\u00e8re et gravats, mais envie de tout recommencer"}]},{"@type":"WebSite","@id":"https:\/\/preprod.proterrasancta.org\/it\/#website","url":"https:\/\/preprod.proterrasancta.org\/it\/","name":"Pro Terra Sancta","description":"To foster bonds between the Holy Land and the world","publisher":{"@id":"https:\/\/preprod.proterrasancta.org\/it\/#organization"},"potentialAction":[{"@type":"SearchAction","target":{"@type":"EntryPoint","urlTemplate":"https:\/\/preprod.proterrasancta.org\/it\/?s={search_term_string}"},"query-input":"required name=search_term_string"}],"inLanguage":"fr-FR"},{"@type":"Organization","@id":"https:\/\/preprod.proterrasancta.org\/it\/#organization","name":"Associazione Pro Terra Sancta","url":"https:\/\/preprod.proterrasancta.org\/it\/","logo":{"@type":"ImageObject","inLanguage":"fr-FR","@id":"https:\/\/preprod.proterrasancta.org\/it\/#\/schema\/logo\/image\/","url":"https:\/\/www.proterrasancta.org\/wp-content\/uploads\/Logo_ProTerraSancta_Colori_web_high_modificato.jpg","contentUrl":"https:\/\/www.proterrasancta.org\/wp-content\/uploads\/Logo_ProTerraSancta_Colori_web_high_modificato.jpg","width":1018,"height":576,"caption":"Associazione Pro Terra Sancta"},"image":{"@id":"https:\/\/preprod.proterrasancta.org\/it\/#\/schema\/logo\/image\/"},"sameAs":["https:\/\/www.instagram.com\/proterrasancta\/","https:\/\/www.linkedin.com\/company\/pro-terra-sancta\/","https:\/\/www.youtube.com\/user\/proterrasancta","https:\/\/www.facebook.com\/proterrasancta\/","https:\/\/twitter.com\/proterrasancta"]},{"@type":"Person","@id":"https:\/\/preprod.proterrasancta.org\/it\/#\/schema\/person\/c03a0c97a2c22a2681d54e29de17430c","name":"Giacomo Pizzi","image":{"@type":"ImageObject","inLanguage":"fr-FR","@id":"https:\/\/preprod.proterrasancta.org\/it\/#\/schema\/person\/image\/","url":"https:\/\/secure.gravatar.com\/avatar\/900c575219bd8bb5f7711ce33f0e43ea?s=96&d=mm&r=g","contentUrl":"https:\/\/secure.gravatar.com\/avatar\/900c575219bd8bb5f7711ce33f0e43ea?s=96&d=mm&r=g","caption":"Giacomo Pizzi"},"url":"https:\/\/preprod.proterrasancta.org\/fr\/author\/pizzi\/"}]}},"_links":{"self":[{"href":"https:\/\/preprod.proterrasancta.org\/fr\/wp-json\/wp\/v2\/posts\/105183"}],"collection":[{"href":"https:\/\/preprod.proterrasancta.org\/fr\/wp-json\/wp\/v2\/posts"}],"about":[{"href":"https:\/\/preprod.proterrasancta.org\/fr\/wp-json\/wp\/v2\/types\/post"}],"author":[{"embeddable":true,"href":"https:\/\/preprod.proterrasancta.org\/fr\/wp-json\/wp\/v2\/users\/35"}],"replies":[{"embeddable":true,"href":"https:\/\/preprod.proterrasancta.org\/fr\/wp-json\/wp\/v2\/comments?post=105183"}],"version-history":[{"count":0,"href":"https:\/\/preprod.proterrasancta.org\/fr\/wp-json\/wp\/v2\/posts\/105183\/revisions"}],"wp:featuredmedia":[{"embeddable":true,"href":"https:\/\/preprod.proterrasancta.org\/fr\/wp-json\/wp\/v2\/media\/105167"}],"wp:attachment":[{"href":"https:\/\/preprod.proterrasancta.org\/fr\/wp-json\/wp\/v2\/media?parent=105183"}],"wp:term":[{"taxonomy":"category","embeddable":true,"href":"https:\/\/preprod.proterrasancta.org\/fr\/wp-json\/wp\/v2\/categories?post=105183"},{"taxonomy":"post_tag","embeddable":true,"href":"https:\/\/preprod.proterrasancta.org\/fr\/wp-json\/wp\/v2\/tags?post=105183"},{"taxonomy":"campaign_code","embeddable":true,"href":"https:\/\/preprod.proterrasancta.org\/fr\/wp-json\/wp\/v2\/campaign_code?post=105183"}],"curies":[{"name":"wp","href":"https:\/\/api.w.org\/{rel}","templated":true}]}}