{"id":105158,"date":"2018-10-22T09:54:26","date_gmt":"2018-10-22T07:54:26","guid":{"rendered":"https:\/\/www.proterrasancta.org\/?post_type=fr-post&#038;p=105158"},"modified":"2021-09-09T16:45:36","modified_gmt":"2021-09-09T14:45:36","slug":"recit-dun-voyage-en-syrie-premiere-etape-lattaquie-et-aide-aux-personnes-deplacees-didlib","status":"publish","type":"post","link":"https:\/\/preprod.proterrasancta.org\/fr\/recit-dun-voyage-en-syrie-premiere-etape-lattaquie-et-aide-aux-personnes-deplacees-didlib\/","title":{"rendered":"R\u00e9cit d&rsquo;un voyage en Syrie. Premi\u00e8re \u00e9tape: Lattaqui\u00e9 et aide aux personnes d\u00e9plac\u00e9es d&rsquo;Idlib"},"content":{"rendered":"<p><strong>Syrie<\/strong>.\u00a0Nous arrivons \u00e0 <strong>Latakia<\/strong> tard dans la nuit.\u00a0Le trajet de <strong>Beyrouth<\/strong> \u00e0 cet endroit a dur\u00e9 pr\u00e8s de sept heures, avant plong\u00e9s dans le trafic intense de la capitale libanaise entre d\u2019\u00e9normes b\u00e2timents et d&rsquo;immenses avenues, puis sur les sombres routes de campagne ou long de la c\u00f4te syrienne.\u00a0Latakia dort paisiblement, berc\u00e9e par la mer calme qui caresse doucement le grand port de commerce avec ses \u00e9normes grues suspendues, immobiles dans l&rsquo;air frais de la nuit.\u00a0Et m\u00eame pendant le voyage, seuls les <strong>check points<\/strong> long de la route et les \u00e9clairs dans le noir nous rappellent que la guerre n\u2019est pas encore termin\u00e9e, m\u00eame si ici, vous semblez si loin.<\/p>\n<p>En <strong>2014<\/strong>, il semblait que cette ville aurait \u00e9t\u00e9 le th\u00e9\u00e2tre d&rsquo;<strong>affrontements violents<\/strong>, mais la guerre n&rsquo;a jamais vraiment \u00e9clat\u00e9 et rien ne permet apparemment de penser le contraire.\u00a0Apparemment, \u00e9tant donn\u00e9 que m\u00eame ici la plupart des gens vivent sous le seuil de pauvret\u00e9, il n\u2019y a pas de travail et l\u2019\u00e9conomie traverse une crise grave.\u00a0\u00ab\u00a0Certes, on vit plus en s\u00e9curit\u00e9 qu&rsquo;ailleurs et il y a encore plus de possibilit\u00e9s de b\u00e2tir un avenir\u00a0\u00bb, explique le lendemain matin <strong>fr\u00e9re\u00a0Atef<\/strong>, <strong>cur\u00e9 franciscain de la Custodie de Terre Sainte<\/strong>.\u00a0\u00ab\u00a0Pour cette raison, poursuit-il, nombreux de chr\u00e9tiens se sont r\u00e9fugi\u00e9s \u00e0 Latakia de la province d&rsquo;Idlib, des villages chr\u00e9tiens de <strong>Knayeh<\/strong> et de <strong>Yacoubieh<\/strong>, situ\u00e9s \u00e0 environ 90 kilom\u00e8tres d&rsquo;ici\u00a0\u00bb.\u00a0Ils sont des personnes auxquelles tout a \u00e9t\u00e9 vol\u00e9 par la fureur des djihadistes d\u2019<strong>Al-Nusra<\/strong>, des gens riches qui ont men\u00e9 une vie digne associ\u00e9e \u00e0 la culture d\u2019oliviers et d\u2019arbres fruitiers ; des gens chass\u00e9s du jour au lendemain chez eux par des voisins envieux ou des collaborateurs qui profitaient des amiti\u00e9s avec les rebelles pour les voler et occuper leurs terres.\u00a0P\u00e9nalit\u00e9 de rejet : la mort.\u00a0Ce sont avant tout ces gens qui constituent la communaut\u00e9 chr\u00e9tienne de Latakia.<\/p>\n<p><strong>Association Pro Terra Sancta<\/strong> leur offre de l&rsquo;aide depuis 2014, notamment par la distribution de vivres et une aide financi\u00e8re qui permet de payer les loyers \u00e0 environ <strong>350 familles<\/strong>. En outre, ATS fournit du <strong>lait en poudre \u00e0 50 enfants<\/strong> et divers types d\u2019aide \u00e0 leurs m\u00e8res.\u00a0Apr\u00e8s la br\u00e8ve conversation introductive avec <strong>p\u00e8re Atef<\/strong>, nous nous dirigeons vers le bureau d&rsquo;ATS, situ\u00e9 dans le complexe du couvent des franciscains.\u00a0Nous rencontrons ici <strong>Eva<\/strong>, qui travaille pour l&rsquo;Association depuis l&rsquo;ouverture de notre bureau il y a un an, et <strong>Henryt<\/strong>, une jeune b\u00e9n\u00e9vole de 27 ans.\u00a0Elle travaille avec nous depuis cet \u00e9t\u00e9, lorsqu\u2019on lui a demand\u00e9 de coordonner les activit\u00e9s des camps de vacances pour des adolescents et des enfants de la communaut\u00e9 (une activit\u00e9 \u00e9ducative tr\u00e8s importante soutenue par la fondation allemande<strong> MISEREOR<\/strong> en collaboration avec ATS).\u00a0\u00ab\u00a0Vous pensez que beaucoup d&rsquo;enfants &#8211; nous explique Eva &#8211; n&rsquo;ont<strong> jamais mang\u00e9 de vrai fromage<\/strong> et qu&rsquo;ils ne savaient g\u00e9n\u00e9ralement pas comment jouer entre eux parce qu&rsquo;ils \u00e9taient habitu\u00e9s \u00e0 un comportement violent &#8230; Il y a beaucoup de cas de violence domestique dus \u00e0 la frustration et au d\u00e9couragement et les enfants se comportent en cons\u00e9quence \u00ab\u00a0.\u00a0Les camps d&rsquo;\u00e9t\u00e9 ont donc \u00e9t\u00e9 l&rsquo;occasion de d\u00e9couvrir une mani\u00e8re diff\u00e9rente, ordonn\u00e9e et belle de s&rsquo;amuser.<\/p>\n<p>Eva est d&rsquo;origine <strong>arm\u00e9nienne<\/strong>, mais elle est n\u00e9e et a grandi ici, tandis que <strong>Henryt vient de Knayeh<\/strong>.\u00a0Elle et sa famille ont \u00e9galement \u00e9t\u00e9 forc\u00e9es de fuir la pers\u00e9cution d&rsquo;Al-Nusra.\u00a0\u00ab\u00a0Mon p\u00e8re avait un <strong>restaurant<\/strong>, dit-elle, qui accueillait beaucoup de gens, beaucoup de personnes disaient que c\u2019\u00e9tait le meilleur de Knayeh.\u00a0Ici, en plus de la nourriture d\u00e9licieuse, il servit du vin et de l&rsquo;Arak [une boisson alcoolis\u00e9e \u00e0 base d&rsquo;anis tr\u00e8s appr\u00e9ci\u00e9 au Moyen-Orient] de sa production.\u00a0Un jour, deux hommes sont venus \u00e0 la porte en nous demandant une somme impossible.\u00a0Mon p\u00e8re a refus\u00e9 et nous avons \u00e9t\u00e9 oblig\u00e9s de partir &#8230; \u00ab\u00a0.\u00a0Pendant que Henryt raconte, l&rsquo;impression eue la nuit pr\u00e9c\u00e9dente commence lentement \u00e0 s&rsquo;estomper : la guerre n&rsquo;est pas encore termin\u00e9e et, en effet, nous avons devant une des milliers de personnes qui ne peuvent pas rentrer chez elles car dans la province de Idlib, o\u00f9 se trouve Knayeh, les <strong>30.000 djihadistes<\/strong> qui se sont r\u00e9fugi\u00e9s ici commandent.\u00a0Et bien que l&rsquo;arm\u00e9e r\u00e9guli\u00e8re et ses alli\u00e9s aient r\u00e9cemment rel\u00e2ch\u00e9 la pression autour de la r\u00e9gion, les routes sont toujours ferm\u00e9es dans l&rsquo;attente d&rsquo;une d\u00e9cision finale tardive.\u00a0\u00ab\u00a0Et m\u00eame si nous pourrons revenir un jour, je ne sais pas ce que nous trouverions &#8230;\u00a0\u00bb.<\/p>\n<p>L&rsquo;histoire de Henryt est semblable \u00e0 celle de nombreuses d\u2019<strong>autres familles<\/strong> rencontr\u00e9es \u00e0 Latakia.\u00a0Semblable \u00e0 celui de <strong>Hania<\/strong> et de <strong>Yussef<\/strong> qui vivent dans une maison dans des conditions \u00e9pouvantables, convaincus que leur fils, enlev\u00e9 il y a cinq ans par les rebelles \u00e0 <strong>Yacoubieh<\/strong>, reviendra un jour d&rsquo;ici \u00e0 Latakia.\u00a0Personne n&rsquo;a plus le courage de r\u00e9p\u00e9ter que leur fils n&rsquo;est probablement plus l\u00e0 parce que la ran\u00e7on pour payer sa lib\u00e9ration \u00e9tait trop \u00e9lev\u00e9e.\u00a0Pas m\u00eame <strong>Maruoa,<\/strong> leur fille, qui \u00e9pousera malgr\u00e9 tout Hani en novembre : une merveilleuse nouvelle, une <strong>fleur d&rsquo;espoir,<\/strong> qui interrompt pour un instant les r\u00e9cits des trag\u00e9dies qui se succ\u00e8dent devant nous.\u00a0Semblable \u00e0 celui de <strong>Fateh<\/strong>, le chauffeur qui nous accompagnera \u00e0 notre prochain arr\u00eat : <strong>Damas<\/strong>.\u00a0Il parle italien parce qu\u2019avant la guerre, il avait fait de nombreux voyages d\u2019affaires pour les huileries italiennes.\u00a0Il avait aussi un pressoir, qui a \u00e9t\u00e9 enlev\u00e9 pi\u00e8ce par pi\u00e8ce par les rebelles et reconstitu\u00e9 qui sait o\u00f9.\u00a0Il y a quelques mois, un missile a d\u00e9truit sa maison.<\/p>\n<p>Au milieu de cette mer de trag\u00e9die, ce qui nous frappe plus particuli\u00e8rement, c\u2019est qu\u2019ils remercient toujours Dieu \u00e0 la fin de chaque r\u00e9union : \u00ab\u00a0<strong>Gr\u00e2ce \u00e0 Dieu<\/strong>, nous sommes en vie, ils nous disent, et nous pouvons encore esp\u00e9rer\u00a0\u00bb.\u00a0Et puis ils nous remercient de notre visite, ils <strong>remercient ATS et les franciscains<\/strong> de l\u2019aide vitale pour beaucoup d\u2019entre eux.\u00a0Notre volont\u00e9 de ne les pas oublier et notre accompagnement continu est d\u00e9j\u00e0 une raison d\u2019esp\u00e9rer, de continuer \u00e0 vivre.<\/p>\n<p>&nbsp;<\/p>\n","protected":false},"excerpt":{"rendered":"<p>Syrie.\u00a0Nous arrivons \u00e0 Latakia tard dans la nuit.\u00a0Le trajet de Beyrouth \u00e0 cet endroit a dur\u00e9 pr\u00e8s de sept heures, avant plong\u00e9s dans le trafic intense de la capitale libanaise entre d\u2019\u00e9normes b\u00e2timents et d&rsquo;immenses avenues, puis sur les sombres routes de campagne ou long de la c\u00f4te syrienne.\u00a0Latakia dort paisiblement, berc\u00e9e par la mer [&hellip;]<\/p>\n","protected":false},"author":35,"featured_media":105145,"comment_status":"closed","ping_status":"closed","sticky":false,"template":"","format":"standard","meta":{"_acf_changed":false,"inline_featured_image":false,"footnotes":""},"categories":[9722],"tags":[],"campaign_code":[],"class_list":["post-105158","post","type-post","status-publish","format-standard","has-post-thumbnail","hentry","category-non-classifiee"],"acf":[],"yoast_head":"<!-- This site is optimized with the Yoast SEO Premium plugin v17.7 (Yoast SEO v19.14) - https:\/\/yoast.com\/wordpress\/plugins\/seo\/ -->\n<title>R\u00e9cit d&#039;un voyage en Syrie. Premi\u00e8re \u00e9tape: Lattaqui\u00e9 et aide aux personnes d\u00e9plac\u00e9es d&#039;Idlib | Pro Terra Sancta<\/title>\n<meta name=\"robots\" content=\"noindex, follow, max-snippet:-1, max-image-preview:large, max-video-preview:-1\" \/>\n<meta property=\"og:locale\" content=\"fr_FR\" \/>\n<meta property=\"og:type\" content=\"article\" \/>\n<meta property=\"og:title\" content=\"R\u00e9cit d&#039;un voyage en Syrie. Premi\u00e8re \u00e9tape: Lattaqui\u00e9 et aide aux personnes d\u00e9plac\u00e9es d&#039;Idlib\" \/>\n<meta property=\"og:description\" content=\"Syrie.\u00a0Nous arrivons \u00e0 Latakia tard dans la nuit.\u00a0Le trajet de Beyrouth \u00e0 cet endroit a dur\u00e9 pr\u00e8s de sept heures, avant plong\u00e9s dans le trafic intense de la capitale libanaise entre d\u2019\u00e9normes b\u00e2timents et d&rsquo;immenses avenues, puis sur les sombres routes de campagne ou long de la c\u00f4te syrienne.\u00a0Latakia dort paisiblement, berc\u00e9e par la mer [&hellip;]\" \/>\n<meta property=\"og:url\" content=\"https:\/\/preprod.proterrasancta.org\/fr\/recit-dun-voyage-en-syrie-premiere-etape-lattaquie-et-aide-aux-personnes-deplacees-didlib\/\" \/>\n<meta property=\"og:site_name\" content=\"Pro Terra Sancta\" \/>\n<meta property=\"article:publisher\" content=\"https:\/\/www.facebook.com\/proterrasancta\/\" \/>\n<meta property=\"article:published_time\" content=\"2018-10-22T07:54:26+00:00\" \/>\n<meta property=\"article:modified_time\" content=\"2021-09-09T14:45:36+00:00\" \/>\n<meta property=\"og:image\" content=\"https:\/\/preprod.proterrasancta.org\/wp-content\/uploads\/WhatsApp-Image-2018-10-17-at-10.15.03.jpeg\" \/>\n\t<meta property=\"og:image:width\" content=\"1000\" \/>\n\t<meta property=\"og:image:height\" content=\"749\" \/>\n\t<meta property=\"og:image:type\" content=\"image\/jpeg\" \/>\n<meta name=\"author\" content=\"Giacomo Pizzi\" \/>\n<meta name=\"twitter:card\" content=\"summary_large_image\" \/>\n<meta name=\"twitter:creator\" content=\"@proterrasancta\" \/>\n<meta name=\"twitter:site\" content=\"@proterrasancta\" \/>\n<meta name=\"twitter:label1\" content=\"\u00c9crit par\" \/>\n\t<meta name=\"twitter:data1\" content=\"Giacomo Pizzi\" \/>\n\t<meta name=\"twitter:label2\" content=\"Dur\u00e9e de lecture est.\" \/>\n\t<meta name=\"twitter:data2\" content=\"5 minutes\" \/>\n<script type=\"application\/ld+json\" class=\"yoast-schema-graph\">{\"@context\":\"https:\/\/schema.org\",\"@graph\":[{\"@type\":\"Article\",\"@id\":\"https:\/\/preprod.proterrasancta.org\/fr\/recit-dun-voyage-en-syrie-premiere-etape-lattaquie-et-aide-aux-personnes-deplacees-didlib\/#article\",\"isPartOf\":{\"@id\":\"https:\/\/preprod.proterrasancta.org\/fr\/recit-dun-voyage-en-syrie-premiere-etape-lattaquie-et-aide-aux-personnes-deplacees-didlib\/\"},\"author\":{\"name\":\"Giacomo Pizzi\",\"@id\":\"https:\/\/preprod.proterrasancta.org\/it\/#\/schema\/person\/c03a0c97a2c22a2681d54e29de17430c\"},\"headline\":\"R\u00e9cit d&rsquo;un voyage en Syrie. Premi\u00e8re \u00e9tape: Lattaqui\u00e9 et aide aux personnes d\u00e9plac\u00e9es d&rsquo;Idlib\",\"datePublished\":\"2018-10-22T07:54:26+00:00\",\"dateModified\":\"2021-09-09T14:45:36+00:00\",\"mainEntityOfPage\":{\"@id\":\"https:\/\/preprod.proterrasancta.org\/fr\/recit-dun-voyage-en-syrie-premiere-etape-lattaquie-et-aide-aux-personnes-deplacees-didlib\/\"},\"wordCount\":1118,\"publisher\":{\"@id\":\"https:\/\/preprod.proterrasancta.org\/it\/#organization\"},\"articleSection\":[\"Non classifi\u00e9(e)\"],\"inLanguage\":\"fr-FR\"},{\"@type\":\"WebPage\",\"@id\":\"https:\/\/preprod.proterrasancta.org\/fr\/recit-dun-voyage-en-syrie-premiere-etape-lattaquie-et-aide-aux-personnes-deplacees-didlib\/\",\"url\":\"https:\/\/preprod.proterrasancta.org\/fr\/recit-dun-voyage-en-syrie-premiere-etape-lattaquie-et-aide-aux-personnes-deplacees-didlib\/\",\"name\":\"R\u00e9cit d'un voyage en Syrie. Premi\u00e8re \u00e9tape: Lattaqui\u00e9 et aide aux personnes d\u00e9plac\u00e9es d'Idlib | Pro Terra Sancta\",\"isPartOf\":{\"@id\":\"https:\/\/preprod.proterrasancta.org\/it\/#website\"},\"datePublished\":\"2018-10-22T07:54:26+00:00\",\"dateModified\":\"2021-09-09T14:45:36+00:00\",\"breadcrumb\":{\"@id\":\"https:\/\/preprod.proterrasancta.org\/fr\/recit-dun-voyage-en-syrie-premiere-etape-lattaquie-et-aide-aux-personnes-deplacees-didlib\/#breadcrumb\"},\"inLanguage\":\"fr-FR\",\"potentialAction\":[{\"@type\":\"ReadAction\",\"target\":[\"https:\/\/preprod.proterrasancta.org\/fr\/recit-dun-voyage-en-syrie-premiere-etape-lattaquie-et-aide-aux-personnes-deplacees-didlib\/\"]}]},{\"@type\":\"BreadcrumbList\",\"@id\":\"https:\/\/preprod.proterrasancta.org\/fr\/recit-dun-voyage-en-syrie-premiere-etape-lattaquie-et-aide-aux-personnes-deplacees-didlib\/#breadcrumb\",\"itemListElement\":[{\"@type\":\"ListItem\",\"position\":1,\"name\":\"Home\",\"item\":\"https:\/\/preprod.proterrasancta.org\/it\/\"},{\"@type\":\"ListItem\",\"position\":2,\"name\":\"R\u00e9cit d&rsquo;un voyage en Syrie. Premi\u00e8re \u00e9tape: Lattaqui\u00e9 et aide aux personnes d\u00e9plac\u00e9es d&rsquo;Idlib\"}]},{\"@type\":\"WebSite\",\"@id\":\"https:\/\/preprod.proterrasancta.org\/it\/#website\",\"url\":\"https:\/\/preprod.proterrasancta.org\/it\/\",\"name\":\"Pro Terra Sancta\",\"description\":\"To foster bonds between the Holy Land and the world\",\"publisher\":{\"@id\":\"https:\/\/preprod.proterrasancta.org\/it\/#organization\"},\"potentialAction\":[{\"@type\":\"SearchAction\",\"target\":{\"@type\":\"EntryPoint\",\"urlTemplate\":\"https:\/\/preprod.proterrasancta.org\/it\/?s={search_term_string}\"},\"query-input\":\"required name=search_term_string\"}],\"inLanguage\":\"fr-FR\"},{\"@type\":\"Organization\",\"@id\":\"https:\/\/preprod.proterrasancta.org\/it\/#organization\",\"name\":\"Associazione Pro Terra Sancta\",\"url\":\"https:\/\/preprod.proterrasancta.org\/it\/\",\"logo\":{\"@type\":\"ImageObject\",\"inLanguage\":\"fr-FR\",\"@id\":\"https:\/\/preprod.proterrasancta.org\/it\/#\/schema\/logo\/image\/\",\"url\":\"https:\/\/www.proterrasancta.org\/wp-content\/uploads\/Logo_ProTerraSancta_Colori_web_high_modificato.jpg\",\"contentUrl\":\"https:\/\/www.proterrasancta.org\/wp-content\/uploads\/Logo_ProTerraSancta_Colori_web_high_modificato.jpg\",\"width\":1018,\"height\":576,\"caption\":\"Associazione Pro Terra Sancta\"},\"image\":{\"@id\":\"https:\/\/preprod.proterrasancta.org\/it\/#\/schema\/logo\/image\/\"},\"sameAs\":[\"https:\/\/www.instagram.com\/proterrasancta\/\",\"https:\/\/www.linkedin.com\/company\/pro-terra-sancta\/\",\"https:\/\/www.youtube.com\/user\/proterrasancta\",\"https:\/\/www.facebook.com\/proterrasancta\/\",\"https:\/\/twitter.com\/proterrasancta\"]},{\"@type\":\"Person\",\"@id\":\"https:\/\/preprod.proterrasancta.org\/it\/#\/schema\/person\/c03a0c97a2c22a2681d54e29de17430c\",\"name\":\"Giacomo Pizzi\",\"image\":{\"@type\":\"ImageObject\",\"inLanguage\":\"fr-FR\",\"@id\":\"https:\/\/preprod.proterrasancta.org\/it\/#\/schema\/person\/image\/\",\"url\":\"https:\/\/secure.gravatar.com\/avatar\/900c575219bd8bb5f7711ce33f0e43ea?s=96&d=mm&r=g\",\"contentUrl\":\"https:\/\/secure.gravatar.com\/avatar\/900c575219bd8bb5f7711ce33f0e43ea?s=96&d=mm&r=g\",\"caption\":\"Giacomo Pizzi\"},\"url\":\"https:\/\/preprod.proterrasancta.org\/fr\/author\/pizzi\/\"}]}<\/script>\n<!-- \/ Yoast SEO Premium plugin. -->","yoast_head_json":{"title":"R\u00e9cit d'un voyage en Syrie. Premi\u00e8re \u00e9tape: Lattaqui\u00e9 et aide aux personnes d\u00e9plac\u00e9es d'Idlib | Pro Terra Sancta","robots":{"index":"noindex","follow":"follow","max-snippet":"max-snippet:-1","max-image-preview":"max-image-preview:large","max-video-preview":"max-video-preview:-1"},"og_locale":"fr_FR","og_type":"article","og_title":"R\u00e9cit d'un voyage en Syrie. Premi\u00e8re \u00e9tape: Lattaqui\u00e9 et aide aux personnes d\u00e9plac\u00e9es d'Idlib","og_description":"Syrie.\u00a0Nous arrivons \u00e0 Latakia tard dans la nuit.\u00a0Le trajet de Beyrouth \u00e0 cet endroit a dur\u00e9 pr\u00e8s de sept heures, avant plong\u00e9s dans le trafic intense de la capitale libanaise entre d\u2019\u00e9normes b\u00e2timents et d&rsquo;immenses avenues, puis sur les sombres routes de campagne ou long de la c\u00f4te syrienne.\u00a0Latakia dort paisiblement, berc\u00e9e par la mer [&hellip;]","og_url":"https:\/\/preprod.proterrasancta.org\/fr\/recit-dun-voyage-en-syrie-premiere-etape-lattaquie-et-aide-aux-personnes-deplacees-didlib\/","og_site_name":"Pro Terra Sancta","article_publisher":"https:\/\/www.facebook.com\/proterrasancta\/","article_published_time":"2018-10-22T07:54:26+00:00","article_modified_time":"2021-09-09T14:45:36+00:00","og_image":[{"width":1000,"height":749,"url":"https:\/\/preprod.proterrasancta.org\/wp-content\/uploads\/WhatsApp-Image-2018-10-17-at-10.15.03.jpeg","type":"image\/jpeg"}],"author":"Giacomo Pizzi","twitter_card":"summary_large_image","twitter_creator":"@proterrasancta","twitter_site":"@proterrasancta","twitter_misc":{"\u00c9crit par":"Giacomo Pizzi","Dur\u00e9e de lecture est.":"5 minutes"},"schema":{"@context":"https:\/\/schema.org","@graph":[{"@type":"Article","@id":"https:\/\/preprod.proterrasancta.org\/fr\/recit-dun-voyage-en-syrie-premiere-etape-lattaquie-et-aide-aux-personnes-deplacees-didlib\/#article","isPartOf":{"@id":"https:\/\/preprod.proterrasancta.org\/fr\/recit-dun-voyage-en-syrie-premiere-etape-lattaquie-et-aide-aux-personnes-deplacees-didlib\/"},"author":{"name":"Giacomo Pizzi","@id":"https:\/\/preprod.proterrasancta.org\/it\/#\/schema\/person\/c03a0c97a2c22a2681d54e29de17430c"},"headline":"R\u00e9cit d&rsquo;un voyage en Syrie. Premi\u00e8re \u00e9tape: Lattaqui\u00e9 et aide aux personnes d\u00e9plac\u00e9es d&rsquo;Idlib","datePublished":"2018-10-22T07:54:26+00:00","dateModified":"2021-09-09T14:45:36+00:00","mainEntityOfPage":{"@id":"https:\/\/preprod.proterrasancta.org\/fr\/recit-dun-voyage-en-syrie-premiere-etape-lattaquie-et-aide-aux-personnes-deplacees-didlib\/"},"wordCount":1118,"publisher":{"@id":"https:\/\/preprod.proterrasancta.org\/it\/#organization"},"articleSection":["Non classifi\u00e9(e)"],"inLanguage":"fr-FR"},{"@type":"WebPage","@id":"https:\/\/preprod.proterrasancta.org\/fr\/recit-dun-voyage-en-syrie-premiere-etape-lattaquie-et-aide-aux-personnes-deplacees-didlib\/","url":"https:\/\/preprod.proterrasancta.org\/fr\/recit-dun-voyage-en-syrie-premiere-etape-lattaquie-et-aide-aux-personnes-deplacees-didlib\/","name":"R\u00e9cit d'un voyage en Syrie. Premi\u00e8re \u00e9tape: Lattaqui\u00e9 et aide aux personnes d\u00e9plac\u00e9es d'Idlib | Pro Terra Sancta","isPartOf":{"@id":"https:\/\/preprod.proterrasancta.org\/it\/#website"},"datePublished":"2018-10-22T07:54:26+00:00","dateModified":"2021-09-09T14:45:36+00:00","breadcrumb":{"@id":"https:\/\/preprod.proterrasancta.org\/fr\/recit-dun-voyage-en-syrie-premiere-etape-lattaquie-et-aide-aux-personnes-deplacees-didlib\/#breadcrumb"},"inLanguage":"fr-FR","potentialAction":[{"@type":"ReadAction","target":["https:\/\/preprod.proterrasancta.org\/fr\/recit-dun-voyage-en-syrie-premiere-etape-lattaquie-et-aide-aux-personnes-deplacees-didlib\/"]}]},{"@type":"BreadcrumbList","@id":"https:\/\/preprod.proterrasancta.org\/fr\/recit-dun-voyage-en-syrie-premiere-etape-lattaquie-et-aide-aux-personnes-deplacees-didlib\/#breadcrumb","itemListElement":[{"@type":"ListItem","position":1,"name":"Home","item":"https:\/\/preprod.proterrasancta.org\/it\/"},{"@type":"ListItem","position":2,"name":"R\u00e9cit d&rsquo;un voyage en Syrie. Premi\u00e8re \u00e9tape: Lattaqui\u00e9 et aide aux personnes d\u00e9plac\u00e9es d&rsquo;Idlib"}]},{"@type":"WebSite","@id":"https:\/\/preprod.proterrasancta.org\/it\/#website","url":"https:\/\/preprod.proterrasancta.org\/it\/","name":"Pro Terra Sancta","description":"To foster bonds between the Holy Land and the world","publisher":{"@id":"https:\/\/preprod.proterrasancta.org\/it\/#organization"},"potentialAction":[{"@type":"SearchAction","target":{"@type":"EntryPoint","urlTemplate":"https:\/\/preprod.proterrasancta.org\/it\/?s={search_term_string}"},"query-input":"required name=search_term_string"}],"inLanguage":"fr-FR"},{"@type":"Organization","@id":"https:\/\/preprod.proterrasancta.org\/it\/#organization","name":"Associazione Pro Terra Sancta","url":"https:\/\/preprod.proterrasancta.org\/it\/","logo":{"@type":"ImageObject","inLanguage":"fr-FR","@id":"https:\/\/preprod.proterrasancta.org\/it\/#\/schema\/logo\/image\/","url":"https:\/\/www.proterrasancta.org\/wp-content\/uploads\/Logo_ProTerraSancta_Colori_web_high_modificato.jpg","contentUrl":"https:\/\/www.proterrasancta.org\/wp-content\/uploads\/Logo_ProTerraSancta_Colori_web_high_modificato.jpg","width":1018,"height":576,"caption":"Associazione Pro Terra Sancta"},"image":{"@id":"https:\/\/preprod.proterrasancta.org\/it\/#\/schema\/logo\/image\/"},"sameAs":["https:\/\/www.instagram.com\/proterrasancta\/","https:\/\/www.linkedin.com\/company\/pro-terra-sancta\/","https:\/\/www.youtube.com\/user\/proterrasancta","https:\/\/www.facebook.com\/proterrasancta\/","https:\/\/twitter.com\/proterrasancta"]},{"@type":"Person","@id":"https:\/\/preprod.proterrasancta.org\/it\/#\/schema\/person\/c03a0c97a2c22a2681d54e29de17430c","name":"Giacomo Pizzi","image":{"@type":"ImageObject","inLanguage":"fr-FR","@id":"https:\/\/preprod.proterrasancta.org\/it\/#\/schema\/person\/image\/","url":"https:\/\/secure.gravatar.com\/avatar\/900c575219bd8bb5f7711ce33f0e43ea?s=96&d=mm&r=g","contentUrl":"https:\/\/secure.gravatar.com\/avatar\/900c575219bd8bb5f7711ce33f0e43ea?s=96&d=mm&r=g","caption":"Giacomo Pizzi"},"url":"https:\/\/preprod.proterrasancta.org\/fr\/author\/pizzi\/"}]}},"_links":{"self":[{"href":"https:\/\/preprod.proterrasancta.org\/fr\/wp-json\/wp\/v2\/posts\/105158"}],"collection":[{"href":"https:\/\/preprod.proterrasancta.org\/fr\/wp-json\/wp\/v2\/posts"}],"about":[{"href":"https:\/\/preprod.proterrasancta.org\/fr\/wp-json\/wp\/v2\/types\/post"}],"author":[{"embeddable":true,"href":"https:\/\/preprod.proterrasancta.org\/fr\/wp-json\/wp\/v2\/users\/35"}],"replies":[{"embeddable":true,"href":"https:\/\/preprod.proterrasancta.org\/fr\/wp-json\/wp\/v2\/comments?post=105158"}],"version-history":[{"count":0,"href":"https:\/\/preprod.proterrasancta.org\/fr\/wp-json\/wp\/v2\/posts\/105158\/revisions"}],"wp:featuredmedia":[{"embeddable":true,"href":"https:\/\/preprod.proterrasancta.org\/fr\/wp-json\/wp\/v2\/media\/105145"}],"wp:attachment":[{"href":"https:\/\/preprod.proterrasancta.org\/fr\/wp-json\/wp\/v2\/media?parent=105158"}],"wp:term":[{"taxonomy":"category","embeddable":true,"href":"https:\/\/preprod.proterrasancta.org\/fr\/wp-json\/wp\/v2\/categories?post=105158"},{"taxonomy":"post_tag","embeddable":true,"href":"https:\/\/preprod.proterrasancta.org\/fr\/wp-json\/wp\/v2\/tags?post=105158"},{"taxonomy":"campaign_code","embeddable":true,"href":"https:\/\/preprod.proterrasancta.org\/fr\/wp-json\/wp\/v2\/campaign_code?post=105158"}],"curies":[{"name":"wp","href":"https:\/\/api.w.org\/{rel}","templated":true}]}}