{"id":105140,"date":"2018-10-17T09:23:03","date_gmt":"2018-10-17T07:23:03","guid":{"rendered":"https:\/\/www.proterrasancta.org\/?post_type=fr-post&#038;p=105140"},"modified":"2021-09-09T16:45:36","modified_gmt":"2021-09-09T14:45:36","slug":"bethleem-lexposition-mille-fois-noel-dans-la-ville-ou-se-deroule-noel-tous-les-jours","status":"publish","type":"post","link":"https:\/\/preprod.proterrasancta.org\/fr\/bethleem-lexposition-mille-fois-noel-dans-la-ville-ou-se-deroule-noel-tous-les-jours\/","title":{"rendered":"Bethl\u00e9em: l&rsquo;exposition \u00ab\u00a0Mille fois No\u00ebl\u00a0\u00bb dans la ville o\u00f9 se d\u00e9roule No\u00ebl tous les jours"},"content":{"rendered":"<h4 style=\"text-align: center;\">\u00ab\u00a0Le r\u00eave d&rsquo;une vie qui se d\u00e9roule dans la ville qui a inspir\u00e9 le peintre de Cribs: Bethl\u00e9em\u00a0\u00bb<br \/>\nInauguration de l&rsquo;exposition \u00ab\u00a0Mille volte Natale\u00a0\u00bb de Tonino Maurizi \u00e0 la galerie Bab idDeir \u00e0 Bethl\u00e9em<\/h4>\n<p>Le 2 octobre, en pr\u00e9sence du consul g\u00e9n\u00e9ral d&rsquo;Italie, du maire de Bethl\u00e9em, des repr\u00e9sentants de la Custodie de Terre Sainte et de l&rsquo;artiste Tonino Maurizi, l&rsquo;exposition \u00ab\u00a0Mille volte Natale\u00a0\u00bb a \u00e9t\u00e9 inaugur\u00e9e \u00e0 Bethl\u00e9em \u00e0 la galerie d&rsquo;art Bab idDeir. un espace culturel vivant proche de la basilique de la Nativit\u00e9.<\/p>\n<p>\u00ab\u00a0La d\u00e9cision d&rsquo;inaugurer une exposition de peintures repr\u00e9sentant la Sainte Famille et No\u00ebl d&rsquo;octobre peut appara\u00eetre \u00e0 premi\u00e8re vue\u00a0\u00bb, observe St\u00e9phane, tr\u00e9sorier adjoint et responsable du Patrimoine culturel de la Custodie, \u00ab\u00a0en r\u00e9alit\u00e9, il y a souligne-t-il: le deux octobre est la veille des c\u00e9l\u00e9brations en l&rsquo;honneur de saint Fran\u00e7ois: la premi\u00e8re \u00e0 No\u00ebl de 1223 \u00e0 Greccio a donn\u00e9 naissance \u00e0 la tradition de la cr\u00e8che vivante \u00ab\u00a0.<\/p>\n<p>L\u2019exposition Tonino Maurizi, pr\u00e9sent\u00e9e pour la premi\u00e8re fois \u00e0 J\u00e9rusalem en d\u00e9cembre dernier dans les locaux de la curie du couvent de San Salvatore, a trouv\u00e9 un nouvel emplacement en Terre Sainte avant de partir pour d\u2019autres destinations dans le monde entier. ATS Pro Terra Sancta souhaitait vivement que ce projet puisse atteindre Bethl\u00e9em, tant pour concr\u00e9tiser le d\u00e9sir de l&rsquo;artiste de voir ses peintures expos\u00e9es du lieu de son inspiration, que pour tailler pour la premi\u00e8re fois \u00e0 Bethl\u00e9em une repr\u00e9sentation religieuse li\u00e9e \u00e0 l&rsquo;exp\u00e9rience de l&rsquo;art contemporain. L&rsquo;auteur, \u00e0 travers l&rsquo;utilisation inhabituelle de formes, de lignes et de couleurs, d\u00e9crit la naissance du Christ sous toutes ses facettes.<\/p>\n<p>Depuis 1963, date du premier ouvrage, la passion pour cette famille n&rsquo;a jamais abandonn\u00e9 l&rsquo;auteur: les nombreuses repr\u00e9sentations de ce miracle qui se sont d\u00e9roul\u00e9es \u00e0 Bethl\u00e9em dans une grotte, sont le projet de toute une vie dans laquelle vous pourrez lire le parcours artistique. et le personnel d&rsquo;un homme passionn\u00e9 et fascin\u00e9 par l&rsquo;\u00e9v\u00e9nement. \u00ab\u00a0Avec cette exposition, mon plus grand r\u00eave devient r\u00e9alit\u00e9\u00a0\u00bb, affirme Maurizi: \u00ab\u00a0D\u00e8s le d\u00e9but, je voulais pouvoir exposer mon travail \u00e0 Bethl\u00e9em. Avec mes \u0153uvres, j&rsquo;ai parcouru le monde \u00e0 Bangkok, en Cor\u00e9e, \u00e0 Singapour, mais \u00eatre ici aujourd&rsquo;hui avec tous ces gens \u00e0 deux pas de la basilique me remplit le c\u0153ur de joie \u00a0\u00bb<\/p>\n<p>\u00ab\u00a0Les personnes qui ont contribu\u00e9 \u00e0 la r\u00e9alisation de ce projet pour Bethl\u00e9em sont des passionn\u00e9s &#8211; explique le Consul g\u00e9n\u00e9ral Fabio Sokolovich &#8211; C&rsquo;est un pays o\u00f9 la passion peut parfois devenir un probl\u00e8me, mais c&rsquo;est aussi une excellente ressource\u00a0\u00bb. L&rsquo;exposition est en effet une grande opportunit\u00e9 pour Bethl\u00e9em et la population locale a r\u00e9pondu avec enthousiasme et assist\u00e9 \u00e0 l&rsquo;inauguration. Maurizi se retrouva tr\u00e8s vite serr\u00e9 la main, posant pour une photo avec des visiteurs, fier de pouvoir admirer les \u0153uvres d&rsquo;un peintre italien si attach\u00e9 \u00e0 sa ville. \u00ab\u00a0C&rsquo;est la premi\u00e8re fois que nous accueillons un artiste international dans notre galerie. Gr\u00e2ce \u00e0 la collaboration avec ATS, nous avons r\u00e9ussi \u00e0 organiser une exposition relatant l&rsquo;\u00e9v\u00e9nement le plus important pour les habitants de Bethl\u00e9em\u00a0\u00bb, a d\u00e9clar\u00e9 Rula Dughnan, directrice de Bab idDeir.<\/p>\n<p>En fait, cette exposition fait partie du projet plus vaste d&rsquo;ATS visant \u00e0 revaloriser et \u00e0 revitaliser le centre historique de Bethl\u00e9em, qui, comme le rappelait Vincenzo Bellomo, directeur de l&rsquo;ATS \u00e0 Bethl\u00e9em, \u00ab\u00a0est un outil permettant de s&rsquo;assurer que les nombreux touristes et p\u00e8lerins \u00e0 Bethl\u00e9em pour v\u00e9n\u00e9rer la Grotte, ils peuvent trouver une offre culturelle valable et int\u00e9ressante dans toute la ville \u00ab\u00a0. Les \u00ab\u00a0mille visages de No\u00ebl\u00a0\u00bb sont le moyen de transmettre \u00e0 travers l&rsquo;art que vous trouvez \u00e0 la place o\u00f9 chaque jour de l&rsquo;ann\u00e9e est toujours No\u00ebl.<\/p>\n","protected":false},"excerpt":{"rendered":"<p>\u00ab\u00a0Le r\u00eave d&rsquo;une vie qui se d\u00e9roule dans la ville qui a inspir\u00e9 le peintre de Cribs: Bethl\u00e9em\u00a0\u00bb Inauguration de l&rsquo;exposition \u00ab\u00a0Mille volte Natale\u00a0\u00bb de Tonino Maurizi \u00e0 la galerie Bab idDeir \u00e0 Bethl\u00e9em Le 2 octobre, en pr\u00e9sence du consul g\u00e9n\u00e9ral d&rsquo;Italie, du maire de Bethl\u00e9em, des repr\u00e9sentants de la Custodie de Terre Sainte [&hellip;]<\/p>\n","protected":false},"author":35,"featured_media":105132,"comment_status":"closed","ping_status":"closed","sticky":false,"template":"","format":"standard","meta":{"_acf_changed":false,"inline_featured_image":false,"footnotes":""},"categories":[9722],"tags":[],"campaign_code":[],"class_list":["post-105140","post","type-post","status-publish","format-standard","has-post-thumbnail","hentry","category-non-classifiee"],"acf":[],"yoast_head":"<!-- This site is optimized with the Yoast SEO Premium plugin v17.7 (Yoast SEO v19.14) - https:\/\/yoast.com\/wordpress\/plugins\/seo\/ -->\n<title>Bethl\u00e9em: l&#039;exposition &quot;Mille fois No\u00ebl&quot; dans la ville o\u00f9 se d\u00e9roule No\u00ebl tous les jours | Pro Terra Sancta<\/title>\n<meta name=\"robots\" content=\"noindex, follow, max-snippet:-1, max-image-preview:large, max-video-preview:-1\" \/>\n<meta property=\"og:locale\" content=\"fr_FR\" \/>\n<meta property=\"og:type\" content=\"article\" \/>\n<meta property=\"og:title\" content=\"Bethl\u00e9em: l&#039;exposition &quot;Mille fois No\u00ebl&quot; dans la ville o\u00f9 se d\u00e9roule No\u00ebl tous les jours\" \/>\n<meta property=\"og:description\" content=\"\u00ab\u00a0Le r\u00eave d&rsquo;une vie qui se d\u00e9roule dans la ville qui a inspir\u00e9 le peintre de Cribs: Bethl\u00e9em\u00a0\u00bb Inauguration de l&rsquo;exposition \u00ab\u00a0Mille volte Natale\u00a0\u00bb de Tonino Maurizi \u00e0 la galerie Bab idDeir \u00e0 Bethl\u00e9em Le 2 octobre, en pr\u00e9sence du consul g\u00e9n\u00e9ral d&rsquo;Italie, du maire de Bethl\u00e9em, des repr\u00e9sentants de la Custodie de Terre Sainte [&hellip;]\" \/>\n<meta property=\"og:url\" content=\"https:\/\/preprod.proterrasancta.org\/fr\/bethleem-lexposition-mille-fois-noel-dans-la-ville-ou-se-deroule-noel-tous-les-jours\/\" \/>\n<meta property=\"og:site_name\" content=\"Pro Terra Sancta\" \/>\n<meta property=\"article:publisher\" content=\"https:\/\/www.facebook.com\/proterrasancta\/\" \/>\n<meta property=\"article:published_time\" content=\"2018-10-17T07:23:03+00:00\" \/>\n<meta property=\"article:modified_time\" content=\"2021-09-09T14:45:36+00:00\" \/>\n<meta property=\"og:image\" content=\"https:\/\/preprod.proterrasancta.org\/wp-content\/uploads\/42996761_2275699859137887_645233014187491328_n.jpg\" \/>\n\t<meta property=\"og:image:width\" content=\"960\" \/>\n\t<meta property=\"og:image:height\" content=\"720\" \/>\n\t<meta property=\"og:image:type\" content=\"image\/jpeg\" \/>\n<meta name=\"author\" content=\"Giacomo Pizzi\" \/>\n<meta name=\"twitter:card\" content=\"summary_large_image\" \/>\n<meta name=\"twitter:creator\" content=\"@proterrasancta\" \/>\n<meta name=\"twitter:site\" content=\"@proterrasancta\" \/>\n<meta name=\"twitter:label1\" content=\"\u00c9crit par\" \/>\n\t<meta name=\"twitter:data1\" content=\"Giacomo Pizzi\" \/>\n\t<meta name=\"twitter:label2\" content=\"Dur\u00e9e de lecture est.\" \/>\n\t<meta name=\"twitter:data2\" content=\"3 minutes\" \/>\n<script type=\"application\/ld+json\" class=\"yoast-schema-graph\">{\"@context\":\"https:\/\/schema.org\",\"@graph\":[{\"@type\":\"Article\",\"@id\":\"https:\/\/preprod.proterrasancta.org\/fr\/bethleem-lexposition-mille-fois-noel-dans-la-ville-ou-se-deroule-noel-tous-les-jours\/#article\",\"isPartOf\":{\"@id\":\"https:\/\/preprod.proterrasancta.org\/fr\/bethleem-lexposition-mille-fois-noel-dans-la-ville-ou-se-deroule-noel-tous-les-jours\/\"},\"author\":{\"name\":\"Giacomo Pizzi\",\"@id\":\"https:\/\/preprod.proterrasancta.org\/it\/#\/schema\/person\/c03a0c97a2c22a2681d54e29de17430c\"},\"headline\":\"Bethl\u00e9em: l&rsquo;exposition \u00ab\u00a0Mille fois No\u00ebl\u00a0\u00bb dans la ville o\u00f9 se d\u00e9roule No\u00ebl tous les jours\",\"datePublished\":\"2018-10-17T07:23:03+00:00\",\"dateModified\":\"2021-09-09T14:45:36+00:00\",\"mainEntityOfPage\":{\"@id\":\"https:\/\/preprod.proterrasancta.org\/fr\/bethleem-lexposition-mille-fois-noel-dans-la-ville-ou-se-deroule-noel-tous-les-jours\/\"},\"wordCount\":700,\"publisher\":{\"@id\":\"https:\/\/preprod.proterrasancta.org\/it\/#organization\"},\"articleSection\":[\"Non classifi\u00e9(e)\"],\"inLanguage\":\"fr-FR\"},{\"@type\":\"WebPage\",\"@id\":\"https:\/\/preprod.proterrasancta.org\/fr\/bethleem-lexposition-mille-fois-noel-dans-la-ville-ou-se-deroule-noel-tous-les-jours\/\",\"url\":\"https:\/\/preprod.proterrasancta.org\/fr\/bethleem-lexposition-mille-fois-noel-dans-la-ville-ou-se-deroule-noel-tous-les-jours\/\",\"name\":\"Bethl\u00e9em: l'exposition \\\"Mille fois No\u00ebl\\\" dans la ville o\u00f9 se d\u00e9roule No\u00ebl tous les jours | Pro Terra Sancta\",\"isPartOf\":{\"@id\":\"https:\/\/preprod.proterrasancta.org\/it\/#website\"},\"datePublished\":\"2018-10-17T07:23:03+00:00\",\"dateModified\":\"2021-09-09T14:45:36+00:00\",\"breadcrumb\":{\"@id\":\"https:\/\/preprod.proterrasancta.org\/fr\/bethleem-lexposition-mille-fois-noel-dans-la-ville-ou-se-deroule-noel-tous-les-jours\/#breadcrumb\"},\"inLanguage\":\"fr-FR\",\"potentialAction\":[{\"@type\":\"ReadAction\",\"target\":[\"https:\/\/preprod.proterrasancta.org\/fr\/bethleem-lexposition-mille-fois-noel-dans-la-ville-ou-se-deroule-noel-tous-les-jours\/\"]}]},{\"@type\":\"BreadcrumbList\",\"@id\":\"https:\/\/preprod.proterrasancta.org\/fr\/bethleem-lexposition-mille-fois-noel-dans-la-ville-ou-se-deroule-noel-tous-les-jours\/#breadcrumb\",\"itemListElement\":[{\"@type\":\"ListItem\",\"position\":1,\"name\":\"Home\",\"item\":\"https:\/\/preprod.proterrasancta.org\/it\/\"},{\"@type\":\"ListItem\",\"position\":2,\"name\":\"Bethl\u00e9em: l&rsquo;exposition \u00ab\u00a0Mille fois No\u00ebl\u00a0\u00bb dans la ville o\u00f9 se d\u00e9roule No\u00ebl tous les jours\"}]},{\"@type\":\"WebSite\",\"@id\":\"https:\/\/preprod.proterrasancta.org\/it\/#website\",\"url\":\"https:\/\/preprod.proterrasancta.org\/it\/\",\"name\":\"Pro Terra Sancta\",\"description\":\"To foster bonds between the Holy Land and the world\",\"publisher\":{\"@id\":\"https:\/\/preprod.proterrasancta.org\/it\/#organization\"},\"potentialAction\":[{\"@type\":\"SearchAction\",\"target\":{\"@type\":\"EntryPoint\",\"urlTemplate\":\"https:\/\/preprod.proterrasancta.org\/it\/?s={search_term_string}\"},\"query-input\":\"required name=search_term_string\"}],\"inLanguage\":\"fr-FR\"},{\"@type\":\"Organization\",\"@id\":\"https:\/\/preprod.proterrasancta.org\/it\/#organization\",\"name\":\"Associazione Pro Terra Sancta\",\"url\":\"https:\/\/preprod.proterrasancta.org\/it\/\",\"logo\":{\"@type\":\"ImageObject\",\"inLanguage\":\"fr-FR\",\"@id\":\"https:\/\/preprod.proterrasancta.org\/it\/#\/schema\/logo\/image\/\",\"url\":\"https:\/\/www.proterrasancta.org\/wp-content\/uploads\/Logo_ProTerraSancta_Colori_web_high_modificato.jpg\",\"contentUrl\":\"https:\/\/www.proterrasancta.org\/wp-content\/uploads\/Logo_ProTerraSancta_Colori_web_high_modificato.jpg\",\"width\":1018,\"height\":576,\"caption\":\"Associazione Pro Terra Sancta\"},\"image\":{\"@id\":\"https:\/\/preprod.proterrasancta.org\/it\/#\/schema\/logo\/image\/\"},\"sameAs\":[\"https:\/\/www.instagram.com\/proterrasancta\/\",\"https:\/\/www.linkedin.com\/company\/pro-terra-sancta\/\",\"https:\/\/www.youtube.com\/user\/proterrasancta\",\"https:\/\/www.facebook.com\/proterrasancta\/\",\"https:\/\/twitter.com\/proterrasancta\"]},{\"@type\":\"Person\",\"@id\":\"https:\/\/preprod.proterrasancta.org\/it\/#\/schema\/person\/c03a0c97a2c22a2681d54e29de17430c\",\"name\":\"Giacomo Pizzi\",\"image\":{\"@type\":\"ImageObject\",\"inLanguage\":\"fr-FR\",\"@id\":\"https:\/\/preprod.proterrasancta.org\/it\/#\/schema\/person\/image\/\",\"url\":\"https:\/\/secure.gravatar.com\/avatar\/900c575219bd8bb5f7711ce33f0e43ea?s=96&d=mm&r=g\",\"contentUrl\":\"https:\/\/secure.gravatar.com\/avatar\/900c575219bd8bb5f7711ce33f0e43ea?s=96&d=mm&r=g\",\"caption\":\"Giacomo Pizzi\"},\"url\":\"https:\/\/preprod.proterrasancta.org\/fr\/author\/pizzi\/\"}]}<\/script>\n<!-- \/ Yoast SEO Premium plugin. -->","yoast_head_json":{"title":"Bethl\u00e9em: l'exposition \"Mille fois No\u00ebl\" dans la ville o\u00f9 se d\u00e9roule No\u00ebl tous les jours | Pro Terra Sancta","robots":{"index":"noindex","follow":"follow","max-snippet":"max-snippet:-1","max-image-preview":"max-image-preview:large","max-video-preview":"max-video-preview:-1"},"og_locale":"fr_FR","og_type":"article","og_title":"Bethl\u00e9em: l'exposition \"Mille fois No\u00ebl\" dans la ville o\u00f9 se d\u00e9roule No\u00ebl tous les jours","og_description":"\u00ab\u00a0Le r\u00eave d&rsquo;une vie qui se d\u00e9roule dans la ville qui a inspir\u00e9 le peintre de Cribs: Bethl\u00e9em\u00a0\u00bb Inauguration de l&rsquo;exposition \u00ab\u00a0Mille volte Natale\u00a0\u00bb de Tonino Maurizi \u00e0 la galerie Bab idDeir \u00e0 Bethl\u00e9em Le 2 octobre, en pr\u00e9sence du consul g\u00e9n\u00e9ral d&rsquo;Italie, du maire de Bethl\u00e9em, des repr\u00e9sentants de la Custodie de Terre Sainte [&hellip;]","og_url":"https:\/\/preprod.proterrasancta.org\/fr\/bethleem-lexposition-mille-fois-noel-dans-la-ville-ou-se-deroule-noel-tous-les-jours\/","og_site_name":"Pro Terra Sancta","article_publisher":"https:\/\/www.facebook.com\/proterrasancta\/","article_published_time":"2018-10-17T07:23:03+00:00","article_modified_time":"2021-09-09T14:45:36+00:00","og_image":[{"width":960,"height":720,"url":"https:\/\/preprod.proterrasancta.org\/wp-content\/uploads\/42996761_2275699859137887_645233014187491328_n.jpg","type":"image\/jpeg"}],"author":"Giacomo Pizzi","twitter_card":"summary_large_image","twitter_creator":"@proterrasancta","twitter_site":"@proterrasancta","twitter_misc":{"\u00c9crit par":"Giacomo Pizzi","Dur\u00e9e de lecture est.":"3 minutes"},"schema":{"@context":"https:\/\/schema.org","@graph":[{"@type":"Article","@id":"https:\/\/preprod.proterrasancta.org\/fr\/bethleem-lexposition-mille-fois-noel-dans-la-ville-ou-se-deroule-noel-tous-les-jours\/#article","isPartOf":{"@id":"https:\/\/preprod.proterrasancta.org\/fr\/bethleem-lexposition-mille-fois-noel-dans-la-ville-ou-se-deroule-noel-tous-les-jours\/"},"author":{"name":"Giacomo Pizzi","@id":"https:\/\/preprod.proterrasancta.org\/it\/#\/schema\/person\/c03a0c97a2c22a2681d54e29de17430c"},"headline":"Bethl\u00e9em: l&rsquo;exposition \u00ab\u00a0Mille fois No\u00ebl\u00a0\u00bb dans la ville o\u00f9 se d\u00e9roule No\u00ebl tous les jours","datePublished":"2018-10-17T07:23:03+00:00","dateModified":"2021-09-09T14:45:36+00:00","mainEntityOfPage":{"@id":"https:\/\/preprod.proterrasancta.org\/fr\/bethleem-lexposition-mille-fois-noel-dans-la-ville-ou-se-deroule-noel-tous-les-jours\/"},"wordCount":700,"publisher":{"@id":"https:\/\/preprod.proterrasancta.org\/it\/#organization"},"articleSection":["Non classifi\u00e9(e)"],"inLanguage":"fr-FR"},{"@type":"WebPage","@id":"https:\/\/preprod.proterrasancta.org\/fr\/bethleem-lexposition-mille-fois-noel-dans-la-ville-ou-se-deroule-noel-tous-les-jours\/","url":"https:\/\/preprod.proterrasancta.org\/fr\/bethleem-lexposition-mille-fois-noel-dans-la-ville-ou-se-deroule-noel-tous-les-jours\/","name":"Bethl\u00e9em: l'exposition \"Mille fois No\u00ebl\" dans la ville o\u00f9 se d\u00e9roule No\u00ebl tous les jours | Pro Terra Sancta","isPartOf":{"@id":"https:\/\/preprod.proterrasancta.org\/it\/#website"},"datePublished":"2018-10-17T07:23:03+00:00","dateModified":"2021-09-09T14:45:36+00:00","breadcrumb":{"@id":"https:\/\/preprod.proterrasancta.org\/fr\/bethleem-lexposition-mille-fois-noel-dans-la-ville-ou-se-deroule-noel-tous-les-jours\/#breadcrumb"},"inLanguage":"fr-FR","potentialAction":[{"@type":"ReadAction","target":["https:\/\/preprod.proterrasancta.org\/fr\/bethleem-lexposition-mille-fois-noel-dans-la-ville-ou-se-deroule-noel-tous-les-jours\/"]}]},{"@type":"BreadcrumbList","@id":"https:\/\/preprod.proterrasancta.org\/fr\/bethleem-lexposition-mille-fois-noel-dans-la-ville-ou-se-deroule-noel-tous-les-jours\/#breadcrumb","itemListElement":[{"@type":"ListItem","position":1,"name":"Home","item":"https:\/\/preprod.proterrasancta.org\/it\/"},{"@type":"ListItem","position":2,"name":"Bethl\u00e9em: l&rsquo;exposition \u00ab\u00a0Mille fois No\u00ebl\u00a0\u00bb dans la ville o\u00f9 se d\u00e9roule No\u00ebl tous les jours"}]},{"@type":"WebSite","@id":"https:\/\/preprod.proterrasancta.org\/it\/#website","url":"https:\/\/preprod.proterrasancta.org\/it\/","name":"Pro Terra Sancta","description":"To foster bonds between the Holy Land and the world","publisher":{"@id":"https:\/\/preprod.proterrasancta.org\/it\/#organization"},"potentialAction":[{"@type":"SearchAction","target":{"@type":"EntryPoint","urlTemplate":"https:\/\/preprod.proterrasancta.org\/it\/?s={search_term_string}"},"query-input":"required name=search_term_string"}],"inLanguage":"fr-FR"},{"@type":"Organization","@id":"https:\/\/preprod.proterrasancta.org\/it\/#organization","name":"Associazione Pro Terra Sancta","url":"https:\/\/preprod.proterrasancta.org\/it\/","logo":{"@type":"ImageObject","inLanguage":"fr-FR","@id":"https:\/\/preprod.proterrasancta.org\/it\/#\/schema\/logo\/image\/","url":"https:\/\/www.proterrasancta.org\/wp-content\/uploads\/Logo_ProTerraSancta_Colori_web_high_modificato.jpg","contentUrl":"https:\/\/www.proterrasancta.org\/wp-content\/uploads\/Logo_ProTerraSancta_Colori_web_high_modificato.jpg","width":1018,"height":576,"caption":"Associazione Pro Terra Sancta"},"image":{"@id":"https:\/\/preprod.proterrasancta.org\/it\/#\/schema\/logo\/image\/"},"sameAs":["https:\/\/www.instagram.com\/proterrasancta\/","https:\/\/www.linkedin.com\/company\/pro-terra-sancta\/","https:\/\/www.youtube.com\/user\/proterrasancta","https:\/\/www.facebook.com\/proterrasancta\/","https:\/\/twitter.com\/proterrasancta"]},{"@type":"Person","@id":"https:\/\/preprod.proterrasancta.org\/it\/#\/schema\/person\/c03a0c97a2c22a2681d54e29de17430c","name":"Giacomo Pizzi","image":{"@type":"ImageObject","inLanguage":"fr-FR","@id":"https:\/\/preprod.proterrasancta.org\/it\/#\/schema\/person\/image\/","url":"https:\/\/secure.gravatar.com\/avatar\/900c575219bd8bb5f7711ce33f0e43ea?s=96&d=mm&r=g","contentUrl":"https:\/\/secure.gravatar.com\/avatar\/900c575219bd8bb5f7711ce33f0e43ea?s=96&d=mm&r=g","caption":"Giacomo Pizzi"},"url":"https:\/\/preprod.proterrasancta.org\/fr\/author\/pizzi\/"}]}},"_links":{"self":[{"href":"https:\/\/preprod.proterrasancta.org\/fr\/wp-json\/wp\/v2\/posts\/105140"}],"collection":[{"href":"https:\/\/preprod.proterrasancta.org\/fr\/wp-json\/wp\/v2\/posts"}],"about":[{"href":"https:\/\/preprod.proterrasancta.org\/fr\/wp-json\/wp\/v2\/types\/post"}],"author":[{"embeddable":true,"href":"https:\/\/preprod.proterrasancta.org\/fr\/wp-json\/wp\/v2\/users\/35"}],"replies":[{"embeddable":true,"href":"https:\/\/preprod.proterrasancta.org\/fr\/wp-json\/wp\/v2\/comments?post=105140"}],"version-history":[{"count":0,"href":"https:\/\/preprod.proterrasancta.org\/fr\/wp-json\/wp\/v2\/posts\/105140\/revisions"}],"wp:featuredmedia":[{"embeddable":true,"href":"https:\/\/preprod.proterrasancta.org\/fr\/wp-json\/wp\/v2\/media\/105132"}],"wp:attachment":[{"href":"https:\/\/preprod.proterrasancta.org\/fr\/wp-json\/wp\/v2\/media?parent=105140"}],"wp:term":[{"taxonomy":"category","embeddable":true,"href":"https:\/\/preprod.proterrasancta.org\/fr\/wp-json\/wp\/v2\/categories?post=105140"},{"taxonomy":"post_tag","embeddable":true,"href":"https:\/\/preprod.proterrasancta.org\/fr\/wp-json\/wp\/v2\/tags?post=105140"},{"taxonomy":"campaign_code","embeddable":true,"href":"https:\/\/preprod.proterrasancta.org\/fr\/wp-json\/wp\/v2\/campaign_code?post=105140"}],"curies":[{"name":"wp","href":"https:\/\/api.w.org\/{rel}","templated":true}]}}