{"id":105100,"date":"2018-09-24T03:21:22","date_gmt":"2018-09-24T00:21:22","guid":{"rendered":"https:\/\/www.proterrasancta.org\/?post_type=fr-post&#038;p=105100"},"modified":"2021-09-09T16:45:36","modified_gmt":"2021-09-09T14:45:36","slug":"lecole-commence-a-bethleem","status":"publish","type":"post","link":"https:\/\/preprod.proterrasancta.org\/fr\/lecole-commence-a-bethleem\/","title":{"rendered":"L&rsquo;\u00e9cole commence \u00e0 Bethl\u00e9em!"},"content":{"rendered":"<p>M\u00eame en Septembre pour les \u00e9tudiants de <strong>Bethl\u00e9em<\/strong> a commenc\u00e9 l&rsquo;ann\u00e9e scolaire avec des nouvelles importantes pour deux institutions historiques de la <strong>Custodie de Terre Sainte<\/strong>, gr\u00e2ce \u00e0 la g\u00e9n\u00e9reuse contribution dell&rsquo;ONLUS \u00ab <strong>Gabriele Allegra Fr\u00e8re des Fr\u00e8res Mineurs de Sicile<\/strong> \u00bb en collaboration avec l&rsquo;<strong>ATS pro Terra Sancta<\/strong>.<\/p>\n<p>La premi\u00e8re &#8211;<strong>Terra Sancta Boys School<\/strong>&#8211; est un college m\u00e2le qui a \u00e9t\u00e9 fond\u00e9e par des moines <strong>franciscains<\/strong> \u00e0 la fin du XVIe si\u00e8cle, et cette ann\u00e9e, accueille 1.183 \u00e9l\u00e8ves de la maternelle \u00e0 l&rsquo;\u00e2ge adulte, la Tawjihi. Mais la seconde &#8211; <strong>Terra Sancta Girls School<\/strong> &#8211; est une \u00e9cole pour les filles, fond\u00e9 par les <strong>S\u0153urs de Saint-Joseph<\/strong> au milieu du XIXe si\u00e8cle, qui abrite actuellement environ 800 \u00e9tudiants et joue un r\u00f4le central dans la t\u00e2che ardue de la promotion du r\u00f4le et de la pr\u00e9sence des femmes dans la communaut\u00e9 de Bethl\u00e9em.<\/p>\n<p>Il est bon de rappeler que l\u2019\u00e9ducation a toujours rev\u00eatu une importance fondamentale pour les familles palestiniennes, comme en t\u00e9moigne le taux \u00e9lev\u00e9 d\u2019alphab\u00e9tisation par rapport aux autres pays du <strong>Moyen-Orient<\/strong>. Cependant, en raison de la situation politique pr\u00e9caire et le syst\u00e8me d&rsquo;\u00e9ducation socio-\u00e9conomique, gouvernementale est en crise, marqu\u00e9e par un manque d&rsquo;infrastructures ad\u00e9quates et des enseignants bien form\u00e9s, sur les m\u00e9thodes d&rsquo;enseignement dat\u00e9s et difficiles d&rsquo;acc\u00e8s par p\u00e9riph\u00e9rique et marginalis\u00e9e.<\/p>\n<p>Par cons\u00e9quent, en vertu de l&rsquo;excellent niveau de pr\u00e9paration et reconnu la pr\u00e9sence de programmes de soutien \u00e0 distance, les Terra Sancta College et Terra Sancta Girls School sont inscrits plus de 2000 enfants et -latini ortodossi- les <strong>chr\u00e9tiens et les musulmans<\/strong>, qui constituent un excellent exemple de coexistence efficace paisible.<\/p>\n<p>ATS pro Terra Sancta est fier et reconnaissant de signaler que gr\u00e2ce au soutien de dell&rsquo;ONLUS \u00ab Fr\u00e8re Gabriele Allegra des Fr\u00e8res Mineurs de la Sicile \u00bb ont \u00e9t\u00e9 r\u00e9alis\u00e9es pour cette nouvelle ann\u00e9e, la construction d&rsquo;un <strong>terrain de basket<\/strong> pour l&rsquo;\u00e9cole Terra Sancta Boys School, un grand espace ouvert pour les \u00e9tudiants pendant l&rsquo;entracte et l&rsquo;installation \u00e0 l&rsquo;Institut des S\u0153urs de Saint-Joseph d&rsquo;un nouveau <strong>syst\u00e8me de collecte<\/strong> et de chauffage de l&rsquo;<strong>eau solaire<\/strong>: l&rsquo;\u00e9cole est il situ\u00e9 dans la vieille ville de <strong>Bethl\u00e9em<\/strong>, qui sont touch\u00e9s par la question de l&rsquo;eau (comme cela a \u00e9t\u00e9 rapport\u00e9 dans un pr\u00e9c\u00e9dent article) et ceux-ci pourraient \u00eatre att\u00e9nu\u00e9s ont \u00e9t\u00e9 install\u00e9s 10 nouveaux jerrycans en plastique blanc et un \u00e9tat du syst\u00e8me de panneau solaire de pointe pour assurer chauffage de l&rsquo;eau.<\/p>\n<p><strong>Prendre soin des \u00e9coles signifie prendre soin des jeunes, de l&rsquo;avenir de ce pays et les aider \u00e0 cultiver l&rsquo;espoir.<\/strong><\/p>\n","protected":false},"excerpt":{"rendered":"<p>M\u00eame en Septembre pour les \u00e9tudiants de Bethl\u00e9em a commenc\u00e9 l&rsquo;ann\u00e9e scolaire avec des nouvelles importantes pour deux institutions historiques de la Custodie de Terre Sainte, gr\u00e2ce \u00e0 la g\u00e9n\u00e9reuse contribution dell&rsquo;ONLUS \u00ab Gabriele Allegra Fr\u00e8re des Fr\u00e8res Mineurs de Sicile \u00bb en collaboration avec l&rsquo;ATS pro Terra Sancta. La premi\u00e8re &#8211;Terra Sancta Boys School&#8211; [&hellip;]<\/p>\n","protected":false},"author":35,"featured_media":105083,"comment_status":"closed","ping_status":"closed","sticky":false,"template":"","format":"standard","meta":{"_acf_changed":false,"inline_featured_image":false,"footnotes":""},"categories":[9722],"tags":[],"campaign_code":[],"class_list":["post-105100","post","type-post","status-publish","format-standard","has-post-thumbnail","hentry","category-non-classifiee"],"acf":[],"yoast_head":"<!-- This site is optimized with the Yoast SEO Premium plugin v17.7 (Yoast SEO v19.14) - https:\/\/yoast.com\/wordpress\/plugins\/seo\/ -->\n<title>L&#039;\u00e9cole commence \u00e0 Bethl\u00e9em! | Pro Terra Sancta<\/title>\n<meta name=\"robots\" content=\"noindex, follow, max-snippet:-1, max-image-preview:large, max-video-preview:-1\" \/>\n<meta property=\"og:locale\" content=\"fr_FR\" \/>\n<meta property=\"og:type\" content=\"article\" \/>\n<meta property=\"og:title\" content=\"L&#039;\u00e9cole commence \u00e0 Bethl\u00e9em!\" \/>\n<meta property=\"og:description\" content=\"M\u00eame en Septembre pour les \u00e9tudiants de Bethl\u00e9em a commenc\u00e9 l&rsquo;ann\u00e9e scolaire avec des nouvelles importantes pour deux institutions historiques de la Custodie de Terre Sainte, gr\u00e2ce \u00e0 la g\u00e9n\u00e9reuse contribution dell&rsquo;ONLUS \u00ab Gabriele Allegra Fr\u00e8re des Fr\u00e8res Mineurs de Sicile \u00bb en collaboration avec l&rsquo;ATS pro Terra Sancta. La premi\u00e8re &#8211;Terra Sancta Boys School&#8211; [&hellip;]\" \/>\n<meta property=\"og:url\" content=\"https:\/\/preprod.proterrasancta.org\/fr\/lecole-commence-a-bethleem\/\" \/>\n<meta property=\"og:site_name\" content=\"Pro Terra Sancta\" \/>\n<meta property=\"article:publisher\" content=\"https:\/\/www.facebook.com\/proterrasancta\/\" \/>\n<meta property=\"article:published_time\" content=\"2018-09-24T00:21:22+00:00\" \/>\n<meta property=\"article:modified_time\" content=\"2021-09-09T14:45:36+00:00\" \/>\n<meta property=\"og:image\" content=\"https:\/\/preprod.proterrasancta.org\/wp-content\/uploads\/sjs.jpg\" \/>\n\t<meta property=\"og:image:width\" content=\"1000\" \/>\n\t<meta property=\"og:image:height\" content=\"668\" \/>\n\t<meta property=\"og:image:type\" content=\"image\/jpeg\" \/>\n<meta name=\"author\" content=\"Giacomo Pizzi\" \/>\n<meta name=\"twitter:card\" content=\"summary_large_image\" \/>\n<meta name=\"twitter:creator\" content=\"@proterrasancta\" \/>\n<meta name=\"twitter:site\" content=\"@proterrasancta\" \/>\n<meta name=\"twitter:label1\" content=\"\u00c9crit par\" \/>\n\t<meta name=\"twitter:data1\" content=\"Giacomo Pizzi\" \/>\n\t<meta name=\"twitter:label2\" content=\"Dur\u00e9e de lecture est.\" \/>\n\t<meta name=\"twitter:data2\" content=\"2 minutes\" \/>\n<script type=\"application\/ld+json\" class=\"yoast-schema-graph\">{\"@context\":\"https:\/\/schema.org\",\"@graph\":[{\"@type\":\"Article\",\"@id\":\"https:\/\/preprod.proterrasancta.org\/fr\/lecole-commence-a-bethleem\/#article\",\"isPartOf\":{\"@id\":\"https:\/\/preprod.proterrasancta.org\/fr\/lecole-commence-a-bethleem\/\"},\"author\":{\"name\":\"Giacomo Pizzi\",\"@id\":\"https:\/\/preprod.proterrasancta.org\/it\/#\/schema\/person\/c03a0c97a2c22a2681d54e29de17430c\"},\"headline\":\"L&rsquo;\u00e9cole commence \u00e0 Bethl\u00e9em!\",\"datePublished\":\"2018-09-24T00:21:22+00:00\",\"dateModified\":\"2021-09-09T14:45:36+00:00\",\"mainEntityOfPage\":{\"@id\":\"https:\/\/preprod.proterrasancta.org\/fr\/lecole-commence-a-bethleem\/\"},\"wordCount\":487,\"publisher\":{\"@id\":\"https:\/\/preprod.proterrasancta.org\/it\/#organization\"},\"articleSection\":[\"Non classifi\u00e9(e)\"],\"inLanguage\":\"fr-FR\"},{\"@type\":\"WebPage\",\"@id\":\"https:\/\/preprod.proterrasancta.org\/fr\/lecole-commence-a-bethleem\/\",\"url\":\"https:\/\/preprod.proterrasancta.org\/fr\/lecole-commence-a-bethleem\/\",\"name\":\"L'\u00e9cole commence \u00e0 Bethl\u00e9em! | Pro Terra Sancta\",\"isPartOf\":{\"@id\":\"https:\/\/preprod.proterrasancta.org\/it\/#website\"},\"datePublished\":\"2018-09-24T00:21:22+00:00\",\"dateModified\":\"2021-09-09T14:45:36+00:00\",\"breadcrumb\":{\"@id\":\"https:\/\/preprod.proterrasancta.org\/fr\/lecole-commence-a-bethleem\/#breadcrumb\"},\"inLanguage\":\"fr-FR\",\"potentialAction\":[{\"@type\":\"ReadAction\",\"target\":[\"https:\/\/preprod.proterrasancta.org\/fr\/lecole-commence-a-bethleem\/\"]}]},{\"@type\":\"BreadcrumbList\",\"@id\":\"https:\/\/preprod.proterrasancta.org\/fr\/lecole-commence-a-bethleem\/#breadcrumb\",\"itemListElement\":[{\"@type\":\"ListItem\",\"position\":1,\"name\":\"Home\",\"item\":\"https:\/\/preprod.proterrasancta.org\/it\/\"},{\"@type\":\"ListItem\",\"position\":2,\"name\":\"L&rsquo;\u00e9cole commence \u00e0 Bethl\u00e9em!\"}]},{\"@type\":\"WebSite\",\"@id\":\"https:\/\/preprod.proterrasancta.org\/it\/#website\",\"url\":\"https:\/\/preprod.proterrasancta.org\/it\/\",\"name\":\"Pro Terra Sancta\",\"description\":\"To foster bonds between the Holy Land and the world\",\"publisher\":{\"@id\":\"https:\/\/preprod.proterrasancta.org\/it\/#organization\"},\"potentialAction\":[{\"@type\":\"SearchAction\",\"target\":{\"@type\":\"EntryPoint\",\"urlTemplate\":\"https:\/\/preprod.proterrasancta.org\/it\/?s={search_term_string}\"},\"query-input\":\"required name=search_term_string\"}],\"inLanguage\":\"fr-FR\"},{\"@type\":\"Organization\",\"@id\":\"https:\/\/preprod.proterrasancta.org\/it\/#organization\",\"name\":\"Associazione Pro Terra Sancta\",\"url\":\"https:\/\/preprod.proterrasancta.org\/it\/\",\"logo\":{\"@type\":\"ImageObject\",\"inLanguage\":\"fr-FR\",\"@id\":\"https:\/\/preprod.proterrasancta.org\/it\/#\/schema\/logo\/image\/\",\"url\":\"https:\/\/www.proterrasancta.org\/wp-content\/uploads\/Logo_ProTerraSancta_Colori_web_high_modificato.jpg\",\"contentUrl\":\"https:\/\/www.proterrasancta.org\/wp-content\/uploads\/Logo_ProTerraSancta_Colori_web_high_modificato.jpg\",\"width\":1018,\"height\":576,\"caption\":\"Associazione Pro Terra Sancta\"},\"image\":{\"@id\":\"https:\/\/preprod.proterrasancta.org\/it\/#\/schema\/logo\/image\/\"},\"sameAs\":[\"https:\/\/www.instagram.com\/proterrasancta\/\",\"https:\/\/www.linkedin.com\/company\/pro-terra-sancta\/\",\"https:\/\/www.youtube.com\/user\/proterrasancta\",\"https:\/\/www.facebook.com\/proterrasancta\/\",\"https:\/\/twitter.com\/proterrasancta\"]},{\"@type\":\"Person\",\"@id\":\"https:\/\/preprod.proterrasancta.org\/it\/#\/schema\/person\/c03a0c97a2c22a2681d54e29de17430c\",\"name\":\"Giacomo Pizzi\",\"image\":{\"@type\":\"ImageObject\",\"inLanguage\":\"fr-FR\",\"@id\":\"https:\/\/preprod.proterrasancta.org\/it\/#\/schema\/person\/image\/\",\"url\":\"https:\/\/secure.gravatar.com\/avatar\/900c575219bd8bb5f7711ce33f0e43ea?s=96&d=mm&r=g\",\"contentUrl\":\"https:\/\/secure.gravatar.com\/avatar\/900c575219bd8bb5f7711ce33f0e43ea?s=96&d=mm&r=g\",\"caption\":\"Giacomo Pizzi\"},\"url\":\"https:\/\/preprod.proterrasancta.org\/fr\/author\/pizzi\/\"}]}<\/script>\n<!-- \/ Yoast SEO Premium plugin. -->","yoast_head_json":{"title":"L'\u00e9cole commence \u00e0 Bethl\u00e9em! | Pro Terra Sancta","robots":{"index":"noindex","follow":"follow","max-snippet":"max-snippet:-1","max-image-preview":"max-image-preview:large","max-video-preview":"max-video-preview:-1"},"og_locale":"fr_FR","og_type":"article","og_title":"L'\u00e9cole commence \u00e0 Bethl\u00e9em!","og_description":"M\u00eame en Septembre pour les \u00e9tudiants de Bethl\u00e9em a commenc\u00e9 l&rsquo;ann\u00e9e scolaire avec des nouvelles importantes pour deux institutions historiques de la Custodie de Terre Sainte, gr\u00e2ce \u00e0 la g\u00e9n\u00e9reuse contribution dell&rsquo;ONLUS \u00ab Gabriele Allegra Fr\u00e8re des Fr\u00e8res Mineurs de Sicile \u00bb en collaboration avec l&rsquo;ATS pro Terra Sancta. La premi\u00e8re &#8211;Terra Sancta Boys School&#8211; [&hellip;]","og_url":"https:\/\/preprod.proterrasancta.org\/fr\/lecole-commence-a-bethleem\/","og_site_name":"Pro Terra Sancta","article_publisher":"https:\/\/www.facebook.com\/proterrasancta\/","article_published_time":"2018-09-24T00:21:22+00:00","article_modified_time":"2021-09-09T14:45:36+00:00","og_image":[{"width":1000,"height":668,"url":"https:\/\/preprod.proterrasancta.org\/wp-content\/uploads\/sjs.jpg","type":"image\/jpeg"}],"author":"Giacomo Pizzi","twitter_card":"summary_large_image","twitter_creator":"@proterrasancta","twitter_site":"@proterrasancta","twitter_misc":{"\u00c9crit par":"Giacomo Pizzi","Dur\u00e9e de lecture est.":"2 minutes"},"schema":{"@context":"https:\/\/schema.org","@graph":[{"@type":"Article","@id":"https:\/\/preprod.proterrasancta.org\/fr\/lecole-commence-a-bethleem\/#article","isPartOf":{"@id":"https:\/\/preprod.proterrasancta.org\/fr\/lecole-commence-a-bethleem\/"},"author":{"name":"Giacomo Pizzi","@id":"https:\/\/preprod.proterrasancta.org\/it\/#\/schema\/person\/c03a0c97a2c22a2681d54e29de17430c"},"headline":"L&rsquo;\u00e9cole commence \u00e0 Bethl\u00e9em!","datePublished":"2018-09-24T00:21:22+00:00","dateModified":"2021-09-09T14:45:36+00:00","mainEntityOfPage":{"@id":"https:\/\/preprod.proterrasancta.org\/fr\/lecole-commence-a-bethleem\/"},"wordCount":487,"publisher":{"@id":"https:\/\/preprod.proterrasancta.org\/it\/#organization"},"articleSection":["Non classifi\u00e9(e)"],"inLanguage":"fr-FR"},{"@type":"WebPage","@id":"https:\/\/preprod.proterrasancta.org\/fr\/lecole-commence-a-bethleem\/","url":"https:\/\/preprod.proterrasancta.org\/fr\/lecole-commence-a-bethleem\/","name":"L'\u00e9cole commence \u00e0 Bethl\u00e9em! | Pro Terra Sancta","isPartOf":{"@id":"https:\/\/preprod.proterrasancta.org\/it\/#website"},"datePublished":"2018-09-24T00:21:22+00:00","dateModified":"2021-09-09T14:45:36+00:00","breadcrumb":{"@id":"https:\/\/preprod.proterrasancta.org\/fr\/lecole-commence-a-bethleem\/#breadcrumb"},"inLanguage":"fr-FR","potentialAction":[{"@type":"ReadAction","target":["https:\/\/preprod.proterrasancta.org\/fr\/lecole-commence-a-bethleem\/"]}]},{"@type":"BreadcrumbList","@id":"https:\/\/preprod.proterrasancta.org\/fr\/lecole-commence-a-bethleem\/#breadcrumb","itemListElement":[{"@type":"ListItem","position":1,"name":"Home","item":"https:\/\/preprod.proterrasancta.org\/it\/"},{"@type":"ListItem","position":2,"name":"L&rsquo;\u00e9cole commence \u00e0 Bethl\u00e9em!"}]},{"@type":"WebSite","@id":"https:\/\/preprod.proterrasancta.org\/it\/#website","url":"https:\/\/preprod.proterrasancta.org\/it\/","name":"Pro Terra Sancta","description":"To foster bonds between the Holy Land and the world","publisher":{"@id":"https:\/\/preprod.proterrasancta.org\/it\/#organization"},"potentialAction":[{"@type":"SearchAction","target":{"@type":"EntryPoint","urlTemplate":"https:\/\/preprod.proterrasancta.org\/it\/?s={search_term_string}"},"query-input":"required name=search_term_string"}],"inLanguage":"fr-FR"},{"@type":"Organization","@id":"https:\/\/preprod.proterrasancta.org\/it\/#organization","name":"Associazione Pro Terra Sancta","url":"https:\/\/preprod.proterrasancta.org\/it\/","logo":{"@type":"ImageObject","inLanguage":"fr-FR","@id":"https:\/\/preprod.proterrasancta.org\/it\/#\/schema\/logo\/image\/","url":"https:\/\/www.proterrasancta.org\/wp-content\/uploads\/Logo_ProTerraSancta_Colori_web_high_modificato.jpg","contentUrl":"https:\/\/www.proterrasancta.org\/wp-content\/uploads\/Logo_ProTerraSancta_Colori_web_high_modificato.jpg","width":1018,"height":576,"caption":"Associazione Pro Terra Sancta"},"image":{"@id":"https:\/\/preprod.proterrasancta.org\/it\/#\/schema\/logo\/image\/"},"sameAs":["https:\/\/www.instagram.com\/proterrasancta\/","https:\/\/www.linkedin.com\/company\/pro-terra-sancta\/","https:\/\/www.youtube.com\/user\/proterrasancta","https:\/\/www.facebook.com\/proterrasancta\/","https:\/\/twitter.com\/proterrasancta"]},{"@type":"Person","@id":"https:\/\/preprod.proterrasancta.org\/it\/#\/schema\/person\/c03a0c97a2c22a2681d54e29de17430c","name":"Giacomo Pizzi","image":{"@type":"ImageObject","inLanguage":"fr-FR","@id":"https:\/\/preprod.proterrasancta.org\/it\/#\/schema\/person\/image\/","url":"https:\/\/secure.gravatar.com\/avatar\/900c575219bd8bb5f7711ce33f0e43ea?s=96&d=mm&r=g","contentUrl":"https:\/\/secure.gravatar.com\/avatar\/900c575219bd8bb5f7711ce33f0e43ea?s=96&d=mm&r=g","caption":"Giacomo Pizzi"},"url":"https:\/\/preprod.proterrasancta.org\/fr\/author\/pizzi\/"}]}},"_links":{"self":[{"href":"https:\/\/preprod.proterrasancta.org\/fr\/wp-json\/wp\/v2\/posts\/105100"}],"collection":[{"href":"https:\/\/preprod.proterrasancta.org\/fr\/wp-json\/wp\/v2\/posts"}],"about":[{"href":"https:\/\/preprod.proterrasancta.org\/fr\/wp-json\/wp\/v2\/types\/post"}],"author":[{"embeddable":true,"href":"https:\/\/preprod.proterrasancta.org\/fr\/wp-json\/wp\/v2\/users\/35"}],"replies":[{"embeddable":true,"href":"https:\/\/preprod.proterrasancta.org\/fr\/wp-json\/wp\/v2\/comments?post=105100"}],"version-history":[{"count":0,"href":"https:\/\/preprod.proterrasancta.org\/fr\/wp-json\/wp\/v2\/posts\/105100\/revisions"}],"wp:featuredmedia":[{"embeddable":true,"href":"https:\/\/preprod.proterrasancta.org\/fr\/wp-json\/wp\/v2\/media\/105083"}],"wp:attachment":[{"href":"https:\/\/preprod.proterrasancta.org\/fr\/wp-json\/wp\/v2\/media?parent=105100"}],"wp:term":[{"taxonomy":"category","embeddable":true,"href":"https:\/\/preprod.proterrasancta.org\/fr\/wp-json\/wp\/v2\/categories?post=105100"},{"taxonomy":"post_tag","embeddable":true,"href":"https:\/\/preprod.proterrasancta.org\/fr\/wp-json\/wp\/v2\/tags?post=105100"},{"taxonomy":"campaign_code","embeddable":true,"href":"https:\/\/preprod.proterrasancta.org\/fr\/wp-json\/wp\/v2\/campaign_code?post=105100"}],"curies":[{"name":"wp","href":"https:\/\/api.w.org\/{rel}","templated":true}]}}