{"id":105075,"date":"2018-09-10T12:39:45","date_gmt":"2018-09-10T09:39:45","guid":{"rendered":"https:\/\/www.proterrasancta.org\/?post_type=fr-post&#038;p=105075"},"modified":"2021-09-09T16:45:36","modified_gmt":"2021-09-09T14:45:36","slug":"syrie-du-nord-grande-crainte-a-knayeh-et-yacoubieh-voici-lanarchie-la-plus-totale","status":"publish","type":"post","link":"https:\/\/preprod.proterrasancta.org\/fr\/syrie-du-nord-grande-crainte-a-knayeh-et-yacoubieh-voici-lanarchie-la-plus-totale\/","title":{"rendered":"Syrie du nord. Grande crainte \u00e0 Knaye et Yacoubieh: \u00ab\u00a0Ici c&rsquo;est l&rsquo;anarchie la plus totale\u00a0\u00bb"},"content":{"rendered":"<p><em>L\u2019arm\u00e9e de <strong>Damas<\/strong>, soutenue par la <strong>Russie et l\u2019Iran<\/strong>, se pr\u00e9pare \u00e0 une action militaire dans la <strong>r\u00e9gion d\u2019Idlib<\/strong>, dans le <strong>nord de la Syrie<\/strong>, le dernier sac de r\u00e9sistance des groupes rebelles qui se disent pr\u00eats \u00e0 r\u00e9sister jusqu\u2019au dernier sang . Une action militaire pourrait provoquer un <strong>carnage de civils<\/strong>. C&rsquo;est pourquoi les dirigeants des acteurs \u00e9trangers impliqu\u00e9s, la Russie, l&rsquo;Iran et la <strong>Turquie<\/strong>, ont organis\u00e9 une r\u00e9union \u00e0 <strong>T\u00e9h\u00e9ran<\/strong> pour trouver une solution pacifique. En attendant, nous entendons des nouvelles inqui\u00e9tantes des couvents<strong> franciscains de Knayeh et Yacoubieh<\/strong> qui se trouvent dans la r\u00e9gion. Des nouvelles d&rsquo;enl\u00e8vements, d&rsquo;abus et beaucoup de peur pour l&rsquo;avenir.<\/em><\/p>\n<p>\u00ab\u00a0Nous sommes sous pression, voici l&rsquo;anarchie la plus totale et nous avons peur d&rsquo;\u00eatre <strong>kidnapp\u00e9s ou tu\u00e9s<\/strong> \u00e0 tout moment\u00a0\u00bb. Les <strong>chr\u00e9tiens<\/strong> de <strong>Knayeh et Yacoubieh<\/strong> ont \u00e9t\u00e9 enferm\u00e9s dans la maison pendant un mois, terrifi\u00e9s par la tension croissante dans le nord de la <strong>Syrie<\/strong>. Certains d\u2019entre eux ont d\u00e9j\u00e0 \u00e9t\u00e9 kidnapp\u00e9s par les rebelles jihadistes lors de leur derni\u00e8re tentative d\u00e9sesp\u00e9r\u00e9e de r\u00e9sister, et ils demandent des prix trop \u00e9lev\u00e9s pour risquer de d\u00e9clencher une s\u00e9rie d\u2019enl\u00e8vements.<\/p>\n<p>Knayeh et Yacoubieh sont situ\u00e9s dans la r\u00e9gion d&rsquo;Idlib o\u00f9, \u00e0 <strong>ATS Pro Terra Sancta<\/strong> a ouvert deux <strong>centres d&rsquo;urgence<\/strong> au cours de ces ann\u00e9es. La situation est difficile et les nouvelles qui nous parviennent des deux couvents de la <strong>Custodie de Terre Sainte<\/strong> dans les deux villes sont pr\u00e9occupantes.<\/p>\n<p>Les <strong>Franciscains<\/strong> de la Custodie de Terre Sainte sont les seuls religieux chr\u00e9tiens \u00e0 <strong>Kanyeh<\/strong> et \u00e0 <strong>Yacoubieh<\/strong>. Qui aurait pu s&rsquo;\u00e9chapper. Maintenant, ce n&rsquo;est plus possible parce que l&rsquo;arm\u00e9e du gouvernement ferme ses portes: les routes sont bloqu\u00e9es par des checkpoints et les premiers <strong>raids a\u00e9riens russes<\/strong> ont commenc\u00e9 \u00e0 <strong>bombarder<\/strong> les points strat\u00e9giques des rebelles.<\/p>\n<p>Avec les <strong>fr\u00e8res de la Custodie<\/strong>, l&rsquo;Association\u00a0 pro Terra Sancta a pendant des ann\u00e9es soutenu <strong>260 familles<\/strong> (<strong>environ 1.000 personnes<\/strong>), par la distribution r\u00e9guli\u00e8re de la<strong> nourriture<\/strong>, du lait en poudre pour les enfants, des <strong>m\u00e9dicaments<\/strong>, des bons pour acheter du diesel pour eletticit\u00e0 et le chauffage, des v\u00eatements et d&rsquo;autres produits de n\u00e9cessit\u00e9. Beaucoup sont des r\u00e9fugi\u00e9s et certains vivent dans les deux couvents.<\/p>\n<p>Pour beaucoup de ces personnes, l&rsquo;aide fournie par les deux couvents est vraiment la <strong>seule chance de survie<\/strong>. C\u2019est pourquoi nous continuons \u00e0 suivre de pr\u00e8s l\u2019\u00e9volution de la situation, en continuant, tant que la situation le permet, la <strong>distribution de colis et de m\u00e9dicaments<\/strong>. Nous ne pouvons pas les laisser seuls maintenant, tout comme une trag\u00e9die potentielle immense est sur le point d&rsquo;\u00eatre consomm\u00e9e.<\/p>\n<p>Le dernier d&rsquo;une s\u00e9rie infinie, dans un conflit interminable.<\/p>\n<h3 style=\"text-align: center;\"><strong><a href=\"https:\/\/www.proterrasancta.org\/project\/fr\/syrie-knaye-et-yacoubieh-le-centre-durgence\/\"><span style=\"text-decoration: underline;\">Aidez les chr\u00e9tiens de Kanye et Yacoubieh!<\/span><\/a><\/strong><\/h3>\n","protected":false},"excerpt":{"rendered":"<p>L\u2019arm\u00e9e de Damas, soutenue par la Russie et l\u2019Iran, se pr\u00e9pare \u00e0 une action militaire dans la r\u00e9gion d\u2019Idlib, dans le nord de la Syrie, le dernier sac de r\u00e9sistance des groupes rebelles qui se disent pr\u00eats \u00e0 r\u00e9sister jusqu\u2019au dernier sang . Une action militaire pourrait provoquer un carnage de civils. C&rsquo;est pourquoi les [&hellip;]<\/p>\n","protected":false},"author":35,"featured_media":105068,"comment_status":"closed","ping_status":"closed","sticky":false,"template":"","format":"standard","meta":{"_acf_changed":false,"inline_featured_image":false,"footnotes":""},"categories":[9722],"tags":[],"campaign_code":[],"class_list":["post-105075","post","type-post","status-publish","format-standard","has-post-thumbnail","hentry","category-non-classifiee"],"acf":[],"yoast_head":"<!-- This site is optimized with the Yoast SEO Premium plugin v17.7 (Yoast SEO v19.14) - https:\/\/yoast.com\/wordpress\/plugins\/seo\/ -->\n<title>Syrie du nord. Grande crainte \u00e0 Knaye et Yacoubieh: &quot;Ici c&#039;est l&#039;anarchie la plus totale&quot; | Pro Terra Sancta<\/title>\n<meta name=\"robots\" content=\"noindex, follow, max-snippet:-1, max-image-preview:large, max-video-preview:-1\" \/>\n<meta property=\"og:locale\" content=\"fr_FR\" \/>\n<meta property=\"og:type\" content=\"article\" \/>\n<meta property=\"og:title\" content=\"Syrie du nord. Grande crainte \u00e0 Knaye et Yacoubieh: &quot;Ici c&#039;est l&#039;anarchie la plus totale&quot;\" \/>\n<meta property=\"og:description\" content=\"L\u2019arm\u00e9e de Damas, soutenue par la Russie et l\u2019Iran, se pr\u00e9pare \u00e0 une action militaire dans la r\u00e9gion d\u2019Idlib, dans le nord de la Syrie, le dernier sac de r\u00e9sistance des groupes rebelles qui se disent pr\u00eats \u00e0 r\u00e9sister jusqu\u2019au dernier sang . Une action militaire pourrait provoquer un carnage de civils. C&rsquo;est pourquoi les [&hellip;]\" \/>\n<meta property=\"og:url\" content=\"https:\/\/preprod.proterrasancta.org\/fr\/syrie-du-nord-grande-crainte-a-knayeh-et-yacoubieh-voici-lanarchie-la-plus-totale\/\" \/>\n<meta property=\"og:site_name\" content=\"Pro Terra Sancta\" \/>\n<meta property=\"article:publisher\" content=\"https:\/\/www.facebook.com\/proterrasancta\/\" \/>\n<meta property=\"article:published_time\" content=\"2018-09-10T09:39:45+00:00\" \/>\n<meta property=\"article:modified_time\" content=\"2021-09-09T14:45:36+00:00\" \/>\n<meta property=\"og:image\" content=\"https:\/\/preprod.proterrasancta.org\/wp-content\/uploads\/P1100680.jpg\" \/>\n\t<meta property=\"og:image:width\" content=\"1000\" \/>\n\t<meta property=\"og:image:height\" content=\"750\" \/>\n\t<meta property=\"og:image:type\" content=\"image\/jpeg\" \/>\n<meta name=\"author\" content=\"Giacomo Pizzi\" \/>\n<meta name=\"twitter:card\" content=\"summary_large_image\" \/>\n<meta name=\"twitter:creator\" content=\"@proterrasancta\" \/>\n<meta name=\"twitter:site\" content=\"@proterrasancta\" \/>\n<meta name=\"twitter:label1\" content=\"\u00c9crit par\" \/>\n\t<meta name=\"twitter:data1\" content=\"Giacomo Pizzi\" \/>\n\t<meta name=\"twitter:label2\" content=\"Dur\u00e9e de lecture est.\" \/>\n\t<meta name=\"twitter:data2\" content=\"2 minutes\" \/>\n<script type=\"application\/ld+json\" class=\"yoast-schema-graph\">{\"@context\":\"https:\/\/schema.org\",\"@graph\":[{\"@type\":\"Article\",\"@id\":\"https:\/\/preprod.proterrasancta.org\/fr\/syrie-du-nord-grande-crainte-a-knayeh-et-yacoubieh-voici-lanarchie-la-plus-totale\/#article\",\"isPartOf\":{\"@id\":\"https:\/\/preprod.proterrasancta.org\/fr\/syrie-du-nord-grande-crainte-a-knayeh-et-yacoubieh-voici-lanarchie-la-plus-totale\/\"},\"author\":{\"name\":\"Giacomo Pizzi\",\"@id\":\"https:\/\/preprod.proterrasancta.org\/it\/#\/schema\/person\/c03a0c97a2c22a2681d54e29de17430c\"},\"headline\":\"Syrie du nord. Grande crainte \u00e0 Knaye et Yacoubieh: \u00ab\u00a0Ici c&rsquo;est l&rsquo;anarchie la plus totale\u00a0\u00bb\",\"datePublished\":\"2018-09-10T09:39:45+00:00\",\"dateModified\":\"2021-09-09T14:45:36+00:00\",\"mainEntityOfPage\":{\"@id\":\"https:\/\/preprod.proterrasancta.org\/fr\/syrie-du-nord-grande-crainte-a-knayeh-et-yacoubieh-voici-lanarchie-la-plus-totale\/\"},\"wordCount\":521,\"publisher\":{\"@id\":\"https:\/\/preprod.proterrasancta.org\/it\/#organization\"},\"articleSection\":[\"Non classifi\u00e9(e)\"],\"inLanguage\":\"fr-FR\"},{\"@type\":\"WebPage\",\"@id\":\"https:\/\/preprod.proterrasancta.org\/fr\/syrie-du-nord-grande-crainte-a-knayeh-et-yacoubieh-voici-lanarchie-la-plus-totale\/\",\"url\":\"https:\/\/preprod.proterrasancta.org\/fr\/syrie-du-nord-grande-crainte-a-knayeh-et-yacoubieh-voici-lanarchie-la-plus-totale\/\",\"name\":\"Syrie du nord. Grande crainte \u00e0 Knaye et Yacoubieh: \\\"Ici c'est l'anarchie la plus totale\\\" | Pro Terra Sancta\",\"isPartOf\":{\"@id\":\"https:\/\/preprod.proterrasancta.org\/it\/#website\"},\"datePublished\":\"2018-09-10T09:39:45+00:00\",\"dateModified\":\"2021-09-09T14:45:36+00:00\",\"breadcrumb\":{\"@id\":\"https:\/\/preprod.proterrasancta.org\/fr\/syrie-du-nord-grande-crainte-a-knayeh-et-yacoubieh-voici-lanarchie-la-plus-totale\/#breadcrumb\"},\"inLanguage\":\"fr-FR\",\"potentialAction\":[{\"@type\":\"ReadAction\",\"target\":[\"https:\/\/preprod.proterrasancta.org\/fr\/syrie-du-nord-grande-crainte-a-knayeh-et-yacoubieh-voici-lanarchie-la-plus-totale\/\"]}]},{\"@type\":\"BreadcrumbList\",\"@id\":\"https:\/\/preprod.proterrasancta.org\/fr\/syrie-du-nord-grande-crainte-a-knayeh-et-yacoubieh-voici-lanarchie-la-plus-totale\/#breadcrumb\",\"itemListElement\":[{\"@type\":\"ListItem\",\"position\":1,\"name\":\"Home\",\"item\":\"https:\/\/preprod.proterrasancta.org\/it\/\"},{\"@type\":\"ListItem\",\"position\":2,\"name\":\"Syrie du nord. Grande crainte \u00e0 Knaye et Yacoubieh: \u00ab\u00a0Ici c&rsquo;est l&rsquo;anarchie la plus totale\u00a0\u00bb\"}]},{\"@type\":\"WebSite\",\"@id\":\"https:\/\/preprod.proterrasancta.org\/it\/#website\",\"url\":\"https:\/\/preprod.proterrasancta.org\/it\/\",\"name\":\"Pro Terra Sancta\",\"description\":\"To foster bonds between the Holy Land and the world\",\"publisher\":{\"@id\":\"https:\/\/preprod.proterrasancta.org\/it\/#organization\"},\"potentialAction\":[{\"@type\":\"SearchAction\",\"target\":{\"@type\":\"EntryPoint\",\"urlTemplate\":\"https:\/\/preprod.proterrasancta.org\/it\/?s={search_term_string}\"},\"query-input\":\"required name=search_term_string\"}],\"inLanguage\":\"fr-FR\"},{\"@type\":\"Organization\",\"@id\":\"https:\/\/preprod.proterrasancta.org\/it\/#organization\",\"name\":\"Associazione Pro Terra Sancta\",\"url\":\"https:\/\/preprod.proterrasancta.org\/it\/\",\"logo\":{\"@type\":\"ImageObject\",\"inLanguage\":\"fr-FR\",\"@id\":\"https:\/\/preprod.proterrasancta.org\/it\/#\/schema\/logo\/image\/\",\"url\":\"https:\/\/www.proterrasancta.org\/wp-content\/uploads\/Logo_ProTerraSancta_Colori_web_high_modificato.jpg\",\"contentUrl\":\"https:\/\/www.proterrasancta.org\/wp-content\/uploads\/Logo_ProTerraSancta_Colori_web_high_modificato.jpg\",\"width\":1018,\"height\":576,\"caption\":\"Associazione Pro Terra Sancta\"},\"image\":{\"@id\":\"https:\/\/preprod.proterrasancta.org\/it\/#\/schema\/logo\/image\/\"},\"sameAs\":[\"https:\/\/www.instagram.com\/proterrasancta\/\",\"https:\/\/www.linkedin.com\/company\/pro-terra-sancta\/\",\"https:\/\/www.youtube.com\/user\/proterrasancta\",\"https:\/\/www.facebook.com\/proterrasancta\/\",\"https:\/\/twitter.com\/proterrasancta\"]},{\"@type\":\"Person\",\"@id\":\"https:\/\/preprod.proterrasancta.org\/it\/#\/schema\/person\/c03a0c97a2c22a2681d54e29de17430c\",\"name\":\"Giacomo Pizzi\",\"image\":{\"@type\":\"ImageObject\",\"inLanguage\":\"fr-FR\",\"@id\":\"https:\/\/preprod.proterrasancta.org\/it\/#\/schema\/person\/image\/\",\"url\":\"https:\/\/secure.gravatar.com\/avatar\/900c575219bd8bb5f7711ce33f0e43ea?s=96&d=mm&r=g\",\"contentUrl\":\"https:\/\/secure.gravatar.com\/avatar\/900c575219bd8bb5f7711ce33f0e43ea?s=96&d=mm&r=g\",\"caption\":\"Giacomo Pizzi\"},\"url\":\"https:\/\/preprod.proterrasancta.org\/fr\/author\/pizzi\/\"}]}<\/script>\n<!-- \/ Yoast SEO Premium plugin. -->","yoast_head_json":{"title":"Syrie du nord. Grande crainte \u00e0 Knaye et Yacoubieh: \"Ici c'est l'anarchie la plus totale\" | Pro Terra Sancta","robots":{"index":"noindex","follow":"follow","max-snippet":"max-snippet:-1","max-image-preview":"max-image-preview:large","max-video-preview":"max-video-preview:-1"},"og_locale":"fr_FR","og_type":"article","og_title":"Syrie du nord. Grande crainte \u00e0 Knaye et Yacoubieh: \"Ici c'est l'anarchie la plus totale\"","og_description":"L\u2019arm\u00e9e de Damas, soutenue par la Russie et l\u2019Iran, se pr\u00e9pare \u00e0 une action militaire dans la r\u00e9gion d\u2019Idlib, dans le nord de la Syrie, le dernier sac de r\u00e9sistance des groupes rebelles qui se disent pr\u00eats \u00e0 r\u00e9sister jusqu\u2019au dernier sang . Une action militaire pourrait provoquer un carnage de civils. C&rsquo;est pourquoi les [&hellip;]","og_url":"https:\/\/preprod.proterrasancta.org\/fr\/syrie-du-nord-grande-crainte-a-knayeh-et-yacoubieh-voici-lanarchie-la-plus-totale\/","og_site_name":"Pro Terra Sancta","article_publisher":"https:\/\/www.facebook.com\/proterrasancta\/","article_published_time":"2018-09-10T09:39:45+00:00","article_modified_time":"2021-09-09T14:45:36+00:00","og_image":[{"width":1000,"height":750,"url":"https:\/\/preprod.proterrasancta.org\/wp-content\/uploads\/P1100680.jpg","type":"image\/jpeg"}],"author":"Giacomo Pizzi","twitter_card":"summary_large_image","twitter_creator":"@proterrasancta","twitter_site":"@proterrasancta","twitter_misc":{"\u00c9crit par":"Giacomo Pizzi","Dur\u00e9e de lecture est.":"2 minutes"},"schema":{"@context":"https:\/\/schema.org","@graph":[{"@type":"Article","@id":"https:\/\/preprod.proterrasancta.org\/fr\/syrie-du-nord-grande-crainte-a-knayeh-et-yacoubieh-voici-lanarchie-la-plus-totale\/#article","isPartOf":{"@id":"https:\/\/preprod.proterrasancta.org\/fr\/syrie-du-nord-grande-crainte-a-knayeh-et-yacoubieh-voici-lanarchie-la-plus-totale\/"},"author":{"name":"Giacomo Pizzi","@id":"https:\/\/preprod.proterrasancta.org\/it\/#\/schema\/person\/c03a0c97a2c22a2681d54e29de17430c"},"headline":"Syrie du nord. Grande crainte \u00e0 Knaye et Yacoubieh: \u00ab\u00a0Ici c&rsquo;est l&rsquo;anarchie la plus totale\u00a0\u00bb","datePublished":"2018-09-10T09:39:45+00:00","dateModified":"2021-09-09T14:45:36+00:00","mainEntityOfPage":{"@id":"https:\/\/preprod.proterrasancta.org\/fr\/syrie-du-nord-grande-crainte-a-knayeh-et-yacoubieh-voici-lanarchie-la-plus-totale\/"},"wordCount":521,"publisher":{"@id":"https:\/\/preprod.proterrasancta.org\/it\/#organization"},"articleSection":["Non classifi\u00e9(e)"],"inLanguage":"fr-FR"},{"@type":"WebPage","@id":"https:\/\/preprod.proterrasancta.org\/fr\/syrie-du-nord-grande-crainte-a-knayeh-et-yacoubieh-voici-lanarchie-la-plus-totale\/","url":"https:\/\/preprod.proterrasancta.org\/fr\/syrie-du-nord-grande-crainte-a-knayeh-et-yacoubieh-voici-lanarchie-la-plus-totale\/","name":"Syrie du nord. Grande crainte \u00e0 Knaye et Yacoubieh: \"Ici c'est l'anarchie la plus totale\" | Pro Terra Sancta","isPartOf":{"@id":"https:\/\/preprod.proterrasancta.org\/it\/#website"},"datePublished":"2018-09-10T09:39:45+00:00","dateModified":"2021-09-09T14:45:36+00:00","breadcrumb":{"@id":"https:\/\/preprod.proterrasancta.org\/fr\/syrie-du-nord-grande-crainte-a-knayeh-et-yacoubieh-voici-lanarchie-la-plus-totale\/#breadcrumb"},"inLanguage":"fr-FR","potentialAction":[{"@type":"ReadAction","target":["https:\/\/preprod.proterrasancta.org\/fr\/syrie-du-nord-grande-crainte-a-knayeh-et-yacoubieh-voici-lanarchie-la-plus-totale\/"]}]},{"@type":"BreadcrumbList","@id":"https:\/\/preprod.proterrasancta.org\/fr\/syrie-du-nord-grande-crainte-a-knayeh-et-yacoubieh-voici-lanarchie-la-plus-totale\/#breadcrumb","itemListElement":[{"@type":"ListItem","position":1,"name":"Home","item":"https:\/\/preprod.proterrasancta.org\/it\/"},{"@type":"ListItem","position":2,"name":"Syrie du nord. Grande crainte \u00e0 Knaye et Yacoubieh: \u00ab\u00a0Ici c&rsquo;est l&rsquo;anarchie la plus totale\u00a0\u00bb"}]},{"@type":"WebSite","@id":"https:\/\/preprod.proterrasancta.org\/it\/#website","url":"https:\/\/preprod.proterrasancta.org\/it\/","name":"Pro Terra Sancta","description":"To foster bonds between the Holy Land and the world","publisher":{"@id":"https:\/\/preprod.proterrasancta.org\/it\/#organization"},"potentialAction":[{"@type":"SearchAction","target":{"@type":"EntryPoint","urlTemplate":"https:\/\/preprod.proterrasancta.org\/it\/?s={search_term_string}"},"query-input":"required name=search_term_string"}],"inLanguage":"fr-FR"},{"@type":"Organization","@id":"https:\/\/preprod.proterrasancta.org\/it\/#organization","name":"Associazione Pro Terra Sancta","url":"https:\/\/preprod.proterrasancta.org\/it\/","logo":{"@type":"ImageObject","inLanguage":"fr-FR","@id":"https:\/\/preprod.proterrasancta.org\/it\/#\/schema\/logo\/image\/","url":"https:\/\/www.proterrasancta.org\/wp-content\/uploads\/Logo_ProTerraSancta_Colori_web_high_modificato.jpg","contentUrl":"https:\/\/www.proterrasancta.org\/wp-content\/uploads\/Logo_ProTerraSancta_Colori_web_high_modificato.jpg","width":1018,"height":576,"caption":"Associazione Pro Terra Sancta"},"image":{"@id":"https:\/\/preprod.proterrasancta.org\/it\/#\/schema\/logo\/image\/"},"sameAs":["https:\/\/www.instagram.com\/proterrasancta\/","https:\/\/www.linkedin.com\/company\/pro-terra-sancta\/","https:\/\/www.youtube.com\/user\/proterrasancta","https:\/\/www.facebook.com\/proterrasancta\/","https:\/\/twitter.com\/proterrasancta"]},{"@type":"Person","@id":"https:\/\/preprod.proterrasancta.org\/it\/#\/schema\/person\/c03a0c97a2c22a2681d54e29de17430c","name":"Giacomo Pizzi","image":{"@type":"ImageObject","inLanguage":"fr-FR","@id":"https:\/\/preprod.proterrasancta.org\/it\/#\/schema\/person\/image\/","url":"https:\/\/secure.gravatar.com\/avatar\/900c575219bd8bb5f7711ce33f0e43ea?s=96&d=mm&r=g","contentUrl":"https:\/\/secure.gravatar.com\/avatar\/900c575219bd8bb5f7711ce33f0e43ea?s=96&d=mm&r=g","caption":"Giacomo Pizzi"},"url":"https:\/\/preprod.proterrasancta.org\/fr\/author\/pizzi\/"}]}},"_links":{"self":[{"href":"https:\/\/preprod.proterrasancta.org\/fr\/wp-json\/wp\/v2\/posts\/105075"}],"collection":[{"href":"https:\/\/preprod.proterrasancta.org\/fr\/wp-json\/wp\/v2\/posts"}],"about":[{"href":"https:\/\/preprod.proterrasancta.org\/fr\/wp-json\/wp\/v2\/types\/post"}],"author":[{"embeddable":true,"href":"https:\/\/preprod.proterrasancta.org\/fr\/wp-json\/wp\/v2\/users\/35"}],"replies":[{"embeddable":true,"href":"https:\/\/preprod.proterrasancta.org\/fr\/wp-json\/wp\/v2\/comments?post=105075"}],"version-history":[{"count":0,"href":"https:\/\/preprod.proterrasancta.org\/fr\/wp-json\/wp\/v2\/posts\/105075\/revisions"}],"wp:featuredmedia":[{"embeddable":true,"href":"https:\/\/preprod.proterrasancta.org\/fr\/wp-json\/wp\/v2\/media\/105068"}],"wp:attachment":[{"href":"https:\/\/preprod.proterrasancta.org\/fr\/wp-json\/wp\/v2\/media?parent=105075"}],"wp:term":[{"taxonomy":"category","embeddable":true,"href":"https:\/\/preprod.proterrasancta.org\/fr\/wp-json\/wp\/v2\/categories?post=105075"},{"taxonomy":"post_tag","embeddable":true,"href":"https:\/\/preprod.proterrasancta.org\/fr\/wp-json\/wp\/v2\/tags?post=105075"},{"taxonomy":"campaign_code","embeddable":true,"href":"https:\/\/preprod.proterrasancta.org\/fr\/wp-json\/wp\/v2\/campaign_code?post=105075"}],"curies":[{"name":"wp","href":"https:\/\/api.w.org\/{rel}","templated":true}]}}