{"id":105022,"date":"2018-08-27T09:55:03","date_gmt":"2018-08-27T06:55:03","guid":{"rendered":"https:\/\/www.proterrasancta.org\/?post_type=fr-post&#038;p=105022"},"modified":"2021-09-09T16:45:37","modified_gmt":"2021-09-09T14:45:37","slug":"nouvelles-mosaistes-pour-bethleem-lhistoire-des-garcons","status":"publish","type":"post","link":"https:\/\/preprod.proterrasancta.org\/fr\/nouvelles-mosaistes-pour-bethleem-lhistoire-des-garcons\/","title":{"rendered":"Nouvelles mosa\u00efstes pour Bethl\u00e9em: l&rsquo;histoire des gar\u00e7ons"},"content":{"rendered":"<p><strong>Nouvelle mosa\u00efque pour Bethl\u00e9em<\/strong> est le nom du projet promu et soutenu la <strong>province autonome de Trente<\/strong> et les <strong>Missions franciscaines Association Trente<\/strong> avec <strong>ATS pro Terra Sancta,\u00a0Mosaic Center<\/strong>, l&rsquo;<strong>Association des amis et P. Kaswalder <\/strong>et<strong> Aca de Vita<\/strong>, il a conduit \u00e0 l&rsquo;ouverture d&rsquo;une nouvelle production et r<strong>estauration de la mosa\u00efque<\/strong> au coeur de Bethl\u00e9em.<\/p>\n<p>\u00ab Nous avons commenc\u00e9 quatre jours ce premier cours de trois mois et vous pouvez d\u00e9j\u00e0 voir les premiers r\u00e9sultats \u00bb, explique <strong>Rafat<\/strong> (29 ans) qui, apr\u00e8s des ann\u00e9es de travail au Mosaic Centre\u00a0 Jericho, enseigne aujourd&rsquo;hui sept nouveaux jeunes cette ancienne et sp\u00e9ciale art. \u00ab\u00a0Rafat a les mains d&rsquo;or &#8211; explique <strong>Osama Hamdan<\/strong>, directeur du Mosaic Center &#8211; c&rsquo;est pourquoi je voulais qu&rsquo;il apprenne \u00e0 son peuple ce qu&rsquo;il a appris avec beaucoup de talent\u00a0\u00bb.<\/p>\n<p><strong>Osama et Rozan<\/strong> sont deux jeunes arch\u00e9ologues de l&rsquo;<strong>Universit\u00e9 Alquds<\/strong> qui ont d\u00e9j\u00e0 collabor\u00e9 au projet de l&rsquo;ATS pro Terra Sancta et du Mosaic Center Jericho, qui effectuent des fouilles sur le site de Betania. \u00ab\u00a0Je vis dans un village entre <strong>H\u00e9bron et Bethl\u00e9em<\/strong> et je viens de recevoir mon dipl\u00f4me; alors, d\u00e8s que j&rsquo;ai vu qu&rsquo;il y avait une nouvelle opportunit\u00e9, je me suis lanc\u00e9 dans cette nouvelle aventure \u00bb, d\u00e9clare Osama. \u00ab\u00a0L&rsquo;art de la mosa\u00efque &#8211; poursuit Rozan &#8211; est \u00e9troitement li\u00e9 \u00e0 ce que j&rsquo;ai \u00e9tudi\u00e9 dans les livres et sur le terrain. Maintenant, je peux vraiment comprendre comment les magnifiques dessins de pierre ont \u00e9t\u00e9 trouv\u00e9s ici \u00e0 <strong>Bethl\u00e9em<\/strong> (par exemple dans l&rsquo;<strong>\u00e9glise de la Nativit\u00e9<\/strong>) comme dans toute la Palestine \u00ab\u00a0. L\u2019un des objectifs du projet est en effet de faciliter l\u2019insertion dans le monde du travail et, dans ce cas, dans le domaine de la restauration et de la mise en valeur de son patrimoine.<\/p>\n<p><strong>Tania et Rulla<\/strong> sont deux anciens enseignants qui ont d\u00e9couvert ce cours via Facebook et leur communaut\u00e9 paroissiale. \u00ab\u00a0Nous sommes des m\u00e8res et des femmes au foyer et nous savons que travailler \u00e0 la maison et \u00eatre concentr\u00e9 pendant tant d\u2019heures est difficile, mais <strong>cette nouvelle activit\u00e9 nous ouvre l\u2019esprit<\/strong> et nous ne nous ennuyons pas parce que nous savons que nous cr\u00e9ons quelque chose de nouveau\u00a0\u00bb.<\/p>\n<p>Il y a ceux comme <strong>Tamara<\/strong>, 24 ans, qui \u00e9tudie l&rsquo;art et sait combien il est difficile de vivre si vous ne connaissez pas bien chaque technique. \u00ab\u00a0L&rsquo;art n&rsquo;est parfois enseign\u00e9 que dans les \u00e9coles et ici personne ne paye l&rsquo;art car il semble que personne n&rsquo;a besoin d&rsquo;art, mais je crois en ce projet et j&rsquo;esp\u00e8re me sp\u00e9cialiser de plus en plus\u00a0\u00bb.<\/p>\n<p>Cette nouvelle \u00e9quipe et cette g\u00e9n\u00e9ration de mosa\u00efstes, compos\u00e9s de chr\u00e9tiens et de musulmans, travaillent donc sur des motifs qui orneront la cuisine du nouveau centre Mosaic. \u00ab\u00a0Non seulement la technique mais aussi la fonction et la raison sont tr\u00e8s importantes\u00a0\u00bb explique le professeur. \u00abTout le monde veut d\u00e9corer leur maison &#8211; dit Tamara -, cela peut donc \u00eatre un investissement futur dans ma vie. Ensuite, nous dessinons un palmier et un oranger qui sont des symboles de notre ville, nous nous sentons donc comme faisant partie de notre identit\u00e9 \u00ab\u00a0.<\/p>\n<p>\u00ab\u00a0C&rsquo;est agr\u00e9able de travailler ensemble et de constater imm\u00e9diatement que tout le monde a une main diff\u00e9rente, quelqu&rsquo;un utilise des cartes plus petites et plus grosses\u00a0\u00bb, conclut Rulla. \u00ab\u00a0Nous \u00e9changeons des places parce qu&rsquo;\u00eatre ensemble est toujours la meilleure chose dans l&rsquo;art comme dans la vie! \u00bb.<\/p>\n","protected":false},"excerpt":{"rendered":"<p>Nouvelle mosa\u00efque pour Bethl\u00e9em est le nom du projet promu et soutenu la province autonome de Trente et les Missions franciscaines Association Trente avec ATS pro Terra Sancta,\u00a0Mosaic Center, l&rsquo;Association des amis et P. Kaswalder et Aca de Vita, il a conduit \u00e0 l&rsquo;ouverture d&rsquo;une nouvelle production et restauration de la mosa\u00efque au coeur de [&hellip;]<\/p>\n","protected":false},"author":35,"featured_media":105007,"comment_status":"closed","ping_status":"closed","sticky":false,"template":"","format":"standard","meta":{"_acf_changed":false,"inline_featured_image":false,"footnotes":""},"categories":[9722],"tags":[],"campaign_code":[],"class_list":["post-105022","post","type-post","status-publish","format-standard","has-post-thumbnail","hentry","category-non-classifiee"],"acf":[],"yoast_head":"<!-- This site is optimized with the Yoast SEO Premium plugin v17.7 (Yoast SEO v19.14) - https:\/\/yoast.com\/wordpress\/plugins\/seo\/ -->\n<title>Nouvelles mosa\u00efstes pour Bethl\u00e9em: l&#039;histoire des gar\u00e7ons | Pro Terra Sancta<\/title>\n<meta name=\"robots\" content=\"noindex, follow, max-snippet:-1, max-image-preview:large, max-video-preview:-1\" \/>\n<meta property=\"og:locale\" content=\"fr_FR\" \/>\n<meta property=\"og:type\" content=\"article\" \/>\n<meta property=\"og:title\" content=\"Nouvelles mosa\u00efstes pour Bethl\u00e9em: l&#039;histoire des gar\u00e7ons\" \/>\n<meta property=\"og:description\" content=\"Nouvelle mosa\u00efque pour Bethl\u00e9em est le nom du projet promu et soutenu la province autonome de Trente et les Missions franciscaines Association Trente avec ATS pro Terra Sancta,\u00a0Mosaic Center, l&rsquo;Association des amis et P. Kaswalder et Aca de Vita, il a conduit \u00e0 l&rsquo;ouverture d&rsquo;une nouvelle production et restauration de la mosa\u00efque au coeur de [&hellip;]\" \/>\n<meta property=\"og:url\" content=\"https:\/\/preprod.proterrasancta.org\/fr\/nouvelles-mosaistes-pour-bethleem-lhistoire-des-garcons\/\" \/>\n<meta property=\"og:site_name\" content=\"Pro Terra Sancta\" \/>\n<meta property=\"article:publisher\" content=\"https:\/\/www.facebook.com\/proterrasancta\/\" \/>\n<meta property=\"article:published_time\" content=\"2018-08-27T06:55:03+00:00\" \/>\n<meta property=\"article:modified_time\" content=\"2021-09-09T14:45:37+00:00\" \/>\n<meta property=\"og:image\" content=\"https:\/\/preprod.proterrasancta.org\/wp-content\/uploads\/IMG_6699.jpg\" \/>\n\t<meta property=\"og:image:width\" content=\"1000\" \/>\n\t<meta property=\"og:image:height\" content=\"750\" \/>\n\t<meta property=\"og:image:type\" content=\"image\/jpeg\" \/>\n<meta name=\"author\" content=\"Giacomo Pizzi\" \/>\n<meta name=\"twitter:card\" content=\"summary_large_image\" \/>\n<meta name=\"twitter:creator\" content=\"@proterrasancta\" \/>\n<meta name=\"twitter:site\" content=\"@proterrasancta\" \/>\n<meta name=\"twitter:label1\" content=\"\u00c9crit par\" \/>\n\t<meta name=\"twitter:data1\" content=\"Giacomo Pizzi\" \/>\n\t<meta name=\"twitter:label2\" content=\"Dur\u00e9e de lecture est.\" \/>\n\t<meta name=\"twitter:data2\" content=\"3 minutes\" \/>\n<script type=\"application\/ld+json\" class=\"yoast-schema-graph\">{\"@context\":\"https:\/\/schema.org\",\"@graph\":[{\"@type\":\"Article\",\"@id\":\"https:\/\/preprod.proterrasancta.org\/fr\/nouvelles-mosaistes-pour-bethleem-lhistoire-des-garcons\/#article\",\"isPartOf\":{\"@id\":\"https:\/\/preprod.proterrasancta.org\/fr\/nouvelles-mosaistes-pour-bethleem-lhistoire-des-garcons\/\"},\"author\":{\"name\":\"Giacomo Pizzi\",\"@id\":\"https:\/\/preprod.proterrasancta.org\/it\/#\/schema\/person\/c03a0c97a2c22a2681d54e29de17430c\"},\"headline\":\"Nouvelles mosa\u00efstes pour Bethl\u00e9em: l&rsquo;histoire des gar\u00e7ons\",\"datePublished\":\"2018-08-27T06:55:03+00:00\",\"dateModified\":\"2021-09-09T14:45:37+00:00\",\"mainEntityOfPage\":{\"@id\":\"https:\/\/preprod.proterrasancta.org\/fr\/nouvelles-mosaistes-pour-bethleem-lhistoire-des-garcons\/\"},\"wordCount\":624,\"publisher\":{\"@id\":\"https:\/\/preprod.proterrasancta.org\/it\/#organization\"},\"articleSection\":[\"Non classifi\u00e9(e)\"],\"inLanguage\":\"fr-FR\"},{\"@type\":\"WebPage\",\"@id\":\"https:\/\/preprod.proterrasancta.org\/fr\/nouvelles-mosaistes-pour-bethleem-lhistoire-des-garcons\/\",\"url\":\"https:\/\/preprod.proterrasancta.org\/fr\/nouvelles-mosaistes-pour-bethleem-lhistoire-des-garcons\/\",\"name\":\"Nouvelles mosa\u00efstes pour Bethl\u00e9em: l'histoire des gar\u00e7ons | Pro Terra Sancta\",\"isPartOf\":{\"@id\":\"https:\/\/preprod.proterrasancta.org\/it\/#website\"},\"datePublished\":\"2018-08-27T06:55:03+00:00\",\"dateModified\":\"2021-09-09T14:45:37+00:00\",\"breadcrumb\":{\"@id\":\"https:\/\/preprod.proterrasancta.org\/fr\/nouvelles-mosaistes-pour-bethleem-lhistoire-des-garcons\/#breadcrumb\"},\"inLanguage\":\"fr-FR\",\"potentialAction\":[{\"@type\":\"ReadAction\",\"target\":[\"https:\/\/preprod.proterrasancta.org\/fr\/nouvelles-mosaistes-pour-bethleem-lhistoire-des-garcons\/\"]}]},{\"@type\":\"BreadcrumbList\",\"@id\":\"https:\/\/preprod.proterrasancta.org\/fr\/nouvelles-mosaistes-pour-bethleem-lhistoire-des-garcons\/#breadcrumb\",\"itemListElement\":[{\"@type\":\"ListItem\",\"position\":1,\"name\":\"Home\",\"item\":\"https:\/\/preprod.proterrasancta.org\/it\/\"},{\"@type\":\"ListItem\",\"position\":2,\"name\":\"Nouvelles mosa\u00efstes pour Bethl\u00e9em: l&rsquo;histoire des gar\u00e7ons\"}]},{\"@type\":\"WebSite\",\"@id\":\"https:\/\/preprod.proterrasancta.org\/it\/#website\",\"url\":\"https:\/\/preprod.proterrasancta.org\/it\/\",\"name\":\"Pro Terra Sancta\",\"description\":\"To foster bonds between the Holy Land and the world\",\"publisher\":{\"@id\":\"https:\/\/preprod.proterrasancta.org\/it\/#organization\"},\"potentialAction\":[{\"@type\":\"SearchAction\",\"target\":{\"@type\":\"EntryPoint\",\"urlTemplate\":\"https:\/\/preprod.proterrasancta.org\/it\/?s={search_term_string}\"},\"query-input\":\"required name=search_term_string\"}],\"inLanguage\":\"fr-FR\"},{\"@type\":\"Organization\",\"@id\":\"https:\/\/preprod.proterrasancta.org\/it\/#organization\",\"name\":\"Associazione Pro Terra Sancta\",\"url\":\"https:\/\/preprod.proterrasancta.org\/it\/\",\"logo\":{\"@type\":\"ImageObject\",\"inLanguage\":\"fr-FR\",\"@id\":\"https:\/\/preprod.proterrasancta.org\/it\/#\/schema\/logo\/image\/\",\"url\":\"https:\/\/www.proterrasancta.org\/wp-content\/uploads\/Logo_ProTerraSancta_Colori_web_high_modificato.jpg\",\"contentUrl\":\"https:\/\/www.proterrasancta.org\/wp-content\/uploads\/Logo_ProTerraSancta_Colori_web_high_modificato.jpg\",\"width\":1018,\"height\":576,\"caption\":\"Associazione Pro Terra Sancta\"},\"image\":{\"@id\":\"https:\/\/preprod.proterrasancta.org\/it\/#\/schema\/logo\/image\/\"},\"sameAs\":[\"https:\/\/www.instagram.com\/proterrasancta\/\",\"https:\/\/www.linkedin.com\/company\/pro-terra-sancta\/\",\"https:\/\/www.youtube.com\/user\/proterrasancta\",\"https:\/\/www.facebook.com\/proterrasancta\/\",\"https:\/\/twitter.com\/proterrasancta\"]},{\"@type\":\"Person\",\"@id\":\"https:\/\/preprod.proterrasancta.org\/it\/#\/schema\/person\/c03a0c97a2c22a2681d54e29de17430c\",\"name\":\"Giacomo Pizzi\",\"image\":{\"@type\":\"ImageObject\",\"inLanguage\":\"fr-FR\",\"@id\":\"https:\/\/preprod.proterrasancta.org\/it\/#\/schema\/person\/image\/\",\"url\":\"https:\/\/secure.gravatar.com\/avatar\/900c575219bd8bb5f7711ce33f0e43ea?s=96&d=mm&r=g\",\"contentUrl\":\"https:\/\/secure.gravatar.com\/avatar\/900c575219bd8bb5f7711ce33f0e43ea?s=96&d=mm&r=g\",\"caption\":\"Giacomo Pizzi\"},\"url\":\"https:\/\/preprod.proterrasancta.org\/fr\/author\/pizzi\/\"}]}<\/script>\n<!-- \/ Yoast SEO Premium plugin. -->","yoast_head_json":{"title":"Nouvelles mosa\u00efstes pour Bethl\u00e9em: l'histoire des gar\u00e7ons | Pro Terra Sancta","robots":{"index":"noindex","follow":"follow","max-snippet":"max-snippet:-1","max-image-preview":"max-image-preview:large","max-video-preview":"max-video-preview:-1"},"og_locale":"fr_FR","og_type":"article","og_title":"Nouvelles mosa\u00efstes pour Bethl\u00e9em: l'histoire des gar\u00e7ons","og_description":"Nouvelle mosa\u00efque pour Bethl\u00e9em est le nom du projet promu et soutenu la province autonome de Trente et les Missions franciscaines Association Trente avec ATS pro Terra Sancta,\u00a0Mosaic Center, l&rsquo;Association des amis et P. Kaswalder et Aca de Vita, il a conduit \u00e0 l&rsquo;ouverture d&rsquo;une nouvelle production et restauration de la mosa\u00efque au coeur de [&hellip;]","og_url":"https:\/\/preprod.proterrasancta.org\/fr\/nouvelles-mosaistes-pour-bethleem-lhistoire-des-garcons\/","og_site_name":"Pro Terra Sancta","article_publisher":"https:\/\/www.facebook.com\/proterrasancta\/","article_published_time":"2018-08-27T06:55:03+00:00","article_modified_time":"2021-09-09T14:45:37+00:00","og_image":[{"width":1000,"height":750,"url":"https:\/\/preprod.proterrasancta.org\/wp-content\/uploads\/IMG_6699.jpg","type":"image\/jpeg"}],"author":"Giacomo Pizzi","twitter_card":"summary_large_image","twitter_creator":"@proterrasancta","twitter_site":"@proterrasancta","twitter_misc":{"\u00c9crit par":"Giacomo Pizzi","Dur\u00e9e de lecture est.":"3 minutes"},"schema":{"@context":"https:\/\/schema.org","@graph":[{"@type":"Article","@id":"https:\/\/preprod.proterrasancta.org\/fr\/nouvelles-mosaistes-pour-bethleem-lhistoire-des-garcons\/#article","isPartOf":{"@id":"https:\/\/preprod.proterrasancta.org\/fr\/nouvelles-mosaistes-pour-bethleem-lhistoire-des-garcons\/"},"author":{"name":"Giacomo Pizzi","@id":"https:\/\/preprod.proterrasancta.org\/it\/#\/schema\/person\/c03a0c97a2c22a2681d54e29de17430c"},"headline":"Nouvelles mosa\u00efstes pour Bethl\u00e9em: l&rsquo;histoire des gar\u00e7ons","datePublished":"2018-08-27T06:55:03+00:00","dateModified":"2021-09-09T14:45:37+00:00","mainEntityOfPage":{"@id":"https:\/\/preprod.proterrasancta.org\/fr\/nouvelles-mosaistes-pour-bethleem-lhistoire-des-garcons\/"},"wordCount":624,"publisher":{"@id":"https:\/\/preprod.proterrasancta.org\/it\/#organization"},"articleSection":["Non classifi\u00e9(e)"],"inLanguage":"fr-FR"},{"@type":"WebPage","@id":"https:\/\/preprod.proterrasancta.org\/fr\/nouvelles-mosaistes-pour-bethleem-lhistoire-des-garcons\/","url":"https:\/\/preprod.proterrasancta.org\/fr\/nouvelles-mosaistes-pour-bethleem-lhistoire-des-garcons\/","name":"Nouvelles mosa\u00efstes pour Bethl\u00e9em: l'histoire des gar\u00e7ons | Pro Terra Sancta","isPartOf":{"@id":"https:\/\/preprod.proterrasancta.org\/it\/#website"},"datePublished":"2018-08-27T06:55:03+00:00","dateModified":"2021-09-09T14:45:37+00:00","breadcrumb":{"@id":"https:\/\/preprod.proterrasancta.org\/fr\/nouvelles-mosaistes-pour-bethleem-lhistoire-des-garcons\/#breadcrumb"},"inLanguage":"fr-FR","potentialAction":[{"@type":"ReadAction","target":["https:\/\/preprod.proterrasancta.org\/fr\/nouvelles-mosaistes-pour-bethleem-lhistoire-des-garcons\/"]}]},{"@type":"BreadcrumbList","@id":"https:\/\/preprod.proterrasancta.org\/fr\/nouvelles-mosaistes-pour-bethleem-lhistoire-des-garcons\/#breadcrumb","itemListElement":[{"@type":"ListItem","position":1,"name":"Home","item":"https:\/\/preprod.proterrasancta.org\/it\/"},{"@type":"ListItem","position":2,"name":"Nouvelles mosa\u00efstes pour Bethl\u00e9em: l&rsquo;histoire des gar\u00e7ons"}]},{"@type":"WebSite","@id":"https:\/\/preprod.proterrasancta.org\/it\/#website","url":"https:\/\/preprod.proterrasancta.org\/it\/","name":"Pro Terra Sancta","description":"To foster bonds between the Holy Land and the world","publisher":{"@id":"https:\/\/preprod.proterrasancta.org\/it\/#organization"},"potentialAction":[{"@type":"SearchAction","target":{"@type":"EntryPoint","urlTemplate":"https:\/\/preprod.proterrasancta.org\/it\/?s={search_term_string}"},"query-input":"required name=search_term_string"}],"inLanguage":"fr-FR"},{"@type":"Organization","@id":"https:\/\/preprod.proterrasancta.org\/it\/#organization","name":"Associazione Pro Terra Sancta","url":"https:\/\/preprod.proterrasancta.org\/it\/","logo":{"@type":"ImageObject","inLanguage":"fr-FR","@id":"https:\/\/preprod.proterrasancta.org\/it\/#\/schema\/logo\/image\/","url":"https:\/\/www.proterrasancta.org\/wp-content\/uploads\/Logo_ProTerraSancta_Colori_web_high_modificato.jpg","contentUrl":"https:\/\/www.proterrasancta.org\/wp-content\/uploads\/Logo_ProTerraSancta_Colori_web_high_modificato.jpg","width":1018,"height":576,"caption":"Associazione Pro Terra Sancta"},"image":{"@id":"https:\/\/preprod.proterrasancta.org\/it\/#\/schema\/logo\/image\/"},"sameAs":["https:\/\/www.instagram.com\/proterrasancta\/","https:\/\/www.linkedin.com\/company\/pro-terra-sancta\/","https:\/\/www.youtube.com\/user\/proterrasancta","https:\/\/www.facebook.com\/proterrasancta\/","https:\/\/twitter.com\/proterrasancta"]},{"@type":"Person","@id":"https:\/\/preprod.proterrasancta.org\/it\/#\/schema\/person\/c03a0c97a2c22a2681d54e29de17430c","name":"Giacomo Pizzi","image":{"@type":"ImageObject","inLanguage":"fr-FR","@id":"https:\/\/preprod.proterrasancta.org\/it\/#\/schema\/person\/image\/","url":"https:\/\/secure.gravatar.com\/avatar\/900c575219bd8bb5f7711ce33f0e43ea?s=96&d=mm&r=g","contentUrl":"https:\/\/secure.gravatar.com\/avatar\/900c575219bd8bb5f7711ce33f0e43ea?s=96&d=mm&r=g","caption":"Giacomo Pizzi"},"url":"https:\/\/preprod.proterrasancta.org\/fr\/author\/pizzi\/"}]}},"_links":{"self":[{"href":"https:\/\/preprod.proterrasancta.org\/fr\/wp-json\/wp\/v2\/posts\/105022"}],"collection":[{"href":"https:\/\/preprod.proterrasancta.org\/fr\/wp-json\/wp\/v2\/posts"}],"about":[{"href":"https:\/\/preprod.proterrasancta.org\/fr\/wp-json\/wp\/v2\/types\/post"}],"author":[{"embeddable":true,"href":"https:\/\/preprod.proterrasancta.org\/fr\/wp-json\/wp\/v2\/users\/35"}],"replies":[{"embeddable":true,"href":"https:\/\/preprod.proterrasancta.org\/fr\/wp-json\/wp\/v2\/comments?post=105022"}],"version-history":[{"count":0,"href":"https:\/\/preprod.proterrasancta.org\/fr\/wp-json\/wp\/v2\/posts\/105022\/revisions"}],"wp:featuredmedia":[{"embeddable":true,"href":"https:\/\/preprod.proterrasancta.org\/fr\/wp-json\/wp\/v2\/media\/105007"}],"wp:attachment":[{"href":"https:\/\/preprod.proterrasancta.org\/fr\/wp-json\/wp\/v2\/media?parent=105022"}],"wp:term":[{"taxonomy":"category","embeddable":true,"href":"https:\/\/preprod.proterrasancta.org\/fr\/wp-json\/wp\/v2\/categories?post=105022"},{"taxonomy":"post_tag","embeddable":true,"href":"https:\/\/preprod.proterrasancta.org\/fr\/wp-json\/wp\/v2\/tags?post=105022"},{"taxonomy":"campaign_code","embeddable":true,"href":"https:\/\/preprod.proterrasancta.org\/fr\/wp-json\/wp\/v2\/campaign_code?post=105022"}],"curies":[{"name":"wp","href":"https:\/\/api.w.org\/{rel}","templated":true}]}}