{"id":104969,"date":"2018-07-17T10:56:33","date_gmt":"2018-07-17T07:56:33","guid":{"rendered":"https:\/\/www.proterrasancta.org\/?post_type=fr-post&#038;p=104969"},"modified":"2021-09-09T16:45:37","modified_gmt":"2021-09-09T14:45:37","slug":"femmes-bethanie-travail","status":"publish","type":"post","link":"https:\/\/preprod.proterrasancta.org\/fr\/femmes-bethanie-travail\/","title":{"rendered":"Les femmes au travail: d\u00e9veloppement et amiti\u00e9 \u00e0 B\u00e9thanie"},"content":{"rendered":"<p>La ville de <strong>B\u00e9thanie<\/strong> est c\u00e9l\u00e8bre pour le <strong>tombeau de Lazare<\/strong>, li\u00e9 \u00e0 l&rsquo;\u00e9pisode de sa <strong>r\u00e9surrection<\/strong>, mais aussi pour les diff\u00e9rentes figures f\u00e9minines qui ont \u00e9crit l&rsquo;histoire. Dans les Evangiles, <strong>Marie et Marthe<\/strong> (les deux s\u0153urs de Lazare) ont \u00e9t\u00e9 paradigme d<strong>&lsquo;h\u00e9bergement et l&rsquo;hospitalit\u00e9<\/strong> envers <strong>J\u00e9sus<\/strong>, quand Marie oignit le Seigneur de parfum et lui essuya les pieds avec ses cheveux (Jn 12: 1-2). De cet \u00e9pisode l&rsquo;id\u00e9e d&rsquo;encourager la production de savons et d&rsquo;huiles pour les p\u00e8lerins et les visiteurs, faites par les femmes d&rsquo;une ville qui aujourd&rsquo;hui, en raison de la situation politique, traverse une graves difficult\u00e9s \u00e9conomiques, sociales et environnementales. Pour cela dans le projet de d\u00e9veloppement historique, la vie sociale et culturelle de la ville d\u00e9velopp\u00e9e autour du sanctuaire de Lazare, <strong>ATS pro Terra Sancta<\/strong> avec le <strong>Mosaic Center de J\u00e9richo<\/strong>, il a d\u00e9cid\u00e9 de soutenir des femmes <strong>Shorouq Society Association pour les femmes<\/strong>, dans le but d&rsquo;am\u00e9liorer conditions de vie de la population. L&rsquo;objectif est d&rsquo;offrir des opportunit\u00e9s de d\u00e9veloppement \u00e9conomique durable telles que de nouvelles opportunit\u00e9s de march\u00e9 et la commercialisation de produits de qualit\u00e9 li\u00e9s au lieu.<\/p>\n<p>\u00ab Face \u00e0 la d\u00e9gradation de l&rsquo;environnement doit r\u00e9cup\u00e9rer le facteur &lsquo;terrestre&rsquo;, \u00bb, dit <strong>Andrea Primavera<\/strong>, ing\u00e9nieur agronome qui pendant trois jours a enseign\u00e9 un cours sur la production de savon et d&rsquo;autres produits cosm\u00e9tiques fait naturellement. \u00ab\u00a0La Palestine est riche en deux mat\u00e9riaux principaux pour la production de<strong> savon<\/strong>: l<strong>&lsquo;huile et la cire d&rsquo;abeille<\/strong>, \u00e0 laquelle est ajout\u00e9 le soda\u00a0\u00bb, explique-t-il. \u00ab\u00a0Mais pour cr\u00e9er un <strong>produit \u00e0 valeur ajout\u00e9e<\/strong>, nous avons pens\u00e9 \u00e0 utiliser des <strong>ressources naturelles uniques<\/strong>\u00ab\u00a0. Chaque plante est une source de substance, donc apr\u00e8s une premi\u00e8re production de savons, trois filles ont appris \u00e0 produire une cr\u00e8me pour les mains avec de la cire d&rsquo;abeille, de l&rsquo;extrait d&rsquo;olive et des huiles essentielles de plantes aromatiques locales.<\/p>\n<p>\u00abJ&rsquo;ai \u00e9tudi\u00e9 la pharmacie &#8211; dit <strong>Angan<\/strong> &#8211; et j&rsquo;ai toujours voulu d\u00e9velopper de nouveaux produits pour le <strong>soin du corps<\/strong> et c&rsquo;est une grande opportunit\u00e9 pour moi de grandir\u00bb. Pour <strong>Wean<\/strong>, un jeune cuisinier qui a \u00e9tudi\u00e9 la <strong>science alimentaire<\/strong>, la nourriture c&rsquo;est la vie. \u00ab\u00a0J&rsquo;aime m\u00e9langer les<strong> odeurs, les couleurs et les saveurs<\/strong> naturelles typiques de la tradition culinaire de ma terre\u00a0\u00bb. Elle a \u00e9galement suivi le cours, en se concentrant principalement sur les le\u00e7ons th\u00e9oriques: \u00ab\u00a0ces jours &#8211; elle explique &#8211; j&rsquo;ai appris \u00e0 reconna\u00eetre l&rsquo;importance de l&rsquo;huile, pas seulement dans la cuisine. Il \u00e9tait fondamental pour moi de reconna\u00eetre les odeurs et les propri\u00e9t\u00e9s de nombreuses plantes qui sont tr\u00e8s importantes pour ceux qui veulent bien manger et de mani\u00e8re saine \u00ab\u00a0. Avec eux travaillait \u00e9galement <strong>Deema<\/strong>, une jeune femme de ce centre situ\u00e9e \u00e0 deux pas de l&rsquo;\u00e9glise orthodoxe grecque qui rappelle la rencontre de J\u00e9sus avec Marthe et Marie et aussi pour elle des journ\u00e9es d&rsquo;\u00e9changes culturels intenses.<\/p>\n<p>\u00ab Ce partenariat est bas\u00e9 sur la force des femmes \u00bb, dit <strong>Fatma<\/strong>, une femme \u00e9nergique qui depuis des ann\u00e9es cherche \u00e0 d\u00e9velopper les talents, les passions et les \u00e9tudes de nombreuses femmes dans sa ville, gr\u00e2ce \u00e0 la collaboration avec d&rsquo;autres associations. \u00ab En <strong>am\u00e9liorant les techniques<\/strong> de production et de meilleurs outils, en se concentrant \u00e9galement sur les emballages et les modalit\u00e9s de vente, nous aimerions recevoir de nombreux p\u00e8lerins et visiteurs, car nous ne pouvons briser les murs qui cr\u00e9ent la souffrance et qui nous divisent. \u00bb Et gr\u00e2ce \u00e0 ces activit\u00e9s, B\u00e9thanie peut redevenir une <strong>ville d&rsquo;acceptation fraternelle<\/strong> sur le mod\u00e8le de ces femmes qui, il y a deux mille ans, ont accueilli <strong>J\u00e9sus<\/strong> dans sa maison en tant que <strong>fr\u00e8re et Messie<\/strong>.<\/p>\n<h3 style=\"text-align: center;\"><a href=\"https:\/\/www.proterrasancta.org\/project\/fr\/palestine-bethanie-ensemble-pour-garder-la-maison-de-lazare-marthe-et-marie\/\"><span style=\"text-decoration: underline;\"><strong>D\u00e9couvrez nos activit\u00e9s \u00e0 B\u00e9thanie!<\/strong><\/span><\/a><\/h3>\n","protected":false},"excerpt":{"rendered":"<p>La ville de B\u00e9thanie est c\u00e9l\u00e8bre pour le tombeau de Lazare, li\u00e9 \u00e0 l&rsquo;\u00e9pisode de sa r\u00e9surrection, mais aussi pour les diff\u00e9rentes figures f\u00e9minines qui ont \u00e9crit l&rsquo;histoire. Dans les Evangiles, Marie et Marthe (les deux s\u0153urs de Lazare) ont \u00e9t\u00e9 paradigme d&lsquo;h\u00e9bergement et l&rsquo;hospitalit\u00e9 envers J\u00e9sus, quand Marie oignit le Seigneur de parfum et [&hellip;]<\/p>\n","protected":false},"author":35,"featured_media":104960,"comment_status":"closed","ping_status":"closed","sticky":false,"template":"","format":"standard","meta":{"_acf_changed":false,"inline_featured_image":false,"footnotes":""},"categories":[9722],"tags":[],"campaign_code":[],"class_list":["post-104969","post","type-post","status-publish","format-standard","has-post-thumbnail","hentry","category-non-classifiee"],"acf":[],"yoast_head":"<!-- This site is optimized with the Yoast SEO Premium plugin v17.7 (Yoast SEO v19.14) - https:\/\/yoast.com\/wordpress\/plugins\/seo\/ -->\n<title>Les femmes au travail: d\u00e9veloppement et amiti\u00e9 \u00e0 B\u00e9thanie | Pro Terra Sancta<\/title>\n<meta name=\"robots\" content=\"noindex, follow, max-snippet:-1, max-image-preview:large, max-video-preview:-1\" \/>\n<meta property=\"og:locale\" content=\"fr_FR\" \/>\n<meta property=\"og:type\" content=\"article\" \/>\n<meta property=\"og:title\" content=\"Les femmes au travail: d\u00e9veloppement et amiti\u00e9 \u00e0 B\u00e9thanie\" \/>\n<meta property=\"og:description\" content=\"La ville de B\u00e9thanie est c\u00e9l\u00e8bre pour le tombeau de Lazare, li\u00e9 \u00e0 l&rsquo;\u00e9pisode de sa r\u00e9surrection, mais aussi pour les diff\u00e9rentes figures f\u00e9minines qui ont \u00e9crit l&rsquo;histoire. Dans les Evangiles, Marie et Marthe (les deux s\u0153urs de Lazare) ont \u00e9t\u00e9 paradigme d&lsquo;h\u00e9bergement et l&rsquo;hospitalit\u00e9 envers J\u00e9sus, quand Marie oignit le Seigneur de parfum et [&hellip;]\" \/>\n<meta property=\"og:url\" content=\"https:\/\/preprod.proterrasancta.org\/fr\/femmes-bethanie-travail\/\" \/>\n<meta property=\"og:site_name\" content=\"Pro Terra Sancta\" \/>\n<meta property=\"article:publisher\" content=\"https:\/\/www.facebook.com\/proterrasancta\/\" \/>\n<meta property=\"article:published_time\" content=\"2018-07-17T07:56:33+00:00\" \/>\n<meta property=\"article:modified_time\" content=\"2021-09-09T14:45:37+00:00\" \/>\n<meta property=\"og:image\" content=\"https:\/\/preprod.proterrasancta.org\/wp-content\/uploads\/IMG_5135-e1531756610405.jpg\" \/>\n\t<meta property=\"og:image:width\" content=\"890\" \/>\n\t<meta property=\"og:image:height\" content=\"750\" \/>\n\t<meta property=\"og:image:type\" content=\"image\/jpeg\" \/>\n<meta name=\"author\" content=\"Giacomo Pizzi\" \/>\n<meta name=\"twitter:card\" content=\"summary_large_image\" \/>\n<meta name=\"twitter:creator\" content=\"@proterrasancta\" \/>\n<meta name=\"twitter:site\" content=\"@proterrasancta\" \/>\n<meta name=\"twitter:label1\" content=\"\u00c9crit par\" \/>\n\t<meta name=\"twitter:data1\" content=\"Giacomo Pizzi\" \/>\n\t<meta name=\"twitter:label2\" content=\"Dur\u00e9e de lecture est.\" \/>\n\t<meta name=\"twitter:data2\" content=\"3 minutes\" \/>\n<script type=\"application\/ld+json\" class=\"yoast-schema-graph\">{\"@context\":\"https:\/\/schema.org\",\"@graph\":[{\"@type\":\"Article\",\"@id\":\"https:\/\/preprod.proterrasancta.org\/fr\/femmes-bethanie-travail\/#article\",\"isPartOf\":{\"@id\":\"https:\/\/preprod.proterrasancta.org\/fr\/femmes-bethanie-travail\/\"},\"author\":{\"name\":\"Giacomo Pizzi\",\"@id\":\"https:\/\/preprod.proterrasancta.org\/it\/#\/schema\/person\/c03a0c97a2c22a2681d54e29de17430c\"},\"headline\":\"Les femmes au travail: d\u00e9veloppement et amiti\u00e9 \u00e0 B\u00e9thanie\",\"datePublished\":\"2018-07-17T07:56:33+00:00\",\"dateModified\":\"2021-09-09T14:45:37+00:00\",\"mainEntityOfPage\":{\"@id\":\"https:\/\/preprod.proterrasancta.org\/fr\/femmes-bethanie-travail\/\"},\"wordCount\":684,\"publisher\":{\"@id\":\"https:\/\/preprod.proterrasancta.org\/it\/#organization\"},\"articleSection\":[\"Non classifi\u00e9(e)\"],\"inLanguage\":\"fr-FR\"},{\"@type\":\"WebPage\",\"@id\":\"https:\/\/preprod.proterrasancta.org\/fr\/femmes-bethanie-travail\/\",\"url\":\"https:\/\/preprod.proterrasancta.org\/fr\/femmes-bethanie-travail\/\",\"name\":\"Les femmes au travail: d\u00e9veloppement et amiti\u00e9 \u00e0 B\u00e9thanie | Pro Terra Sancta\",\"isPartOf\":{\"@id\":\"https:\/\/preprod.proterrasancta.org\/it\/#website\"},\"datePublished\":\"2018-07-17T07:56:33+00:00\",\"dateModified\":\"2021-09-09T14:45:37+00:00\",\"breadcrumb\":{\"@id\":\"https:\/\/preprod.proterrasancta.org\/fr\/femmes-bethanie-travail\/#breadcrumb\"},\"inLanguage\":\"fr-FR\",\"potentialAction\":[{\"@type\":\"ReadAction\",\"target\":[\"https:\/\/preprod.proterrasancta.org\/fr\/femmes-bethanie-travail\/\"]}]},{\"@type\":\"BreadcrumbList\",\"@id\":\"https:\/\/preprod.proterrasancta.org\/fr\/femmes-bethanie-travail\/#breadcrumb\",\"itemListElement\":[{\"@type\":\"ListItem\",\"position\":1,\"name\":\"Home\",\"item\":\"https:\/\/preprod.proterrasancta.org\/it\/\"},{\"@type\":\"ListItem\",\"position\":2,\"name\":\"Les femmes au travail: d\u00e9veloppement et amiti\u00e9 \u00e0 B\u00e9thanie\"}]},{\"@type\":\"WebSite\",\"@id\":\"https:\/\/preprod.proterrasancta.org\/it\/#website\",\"url\":\"https:\/\/preprod.proterrasancta.org\/it\/\",\"name\":\"Pro Terra Sancta\",\"description\":\"To foster bonds between the Holy Land and the world\",\"publisher\":{\"@id\":\"https:\/\/preprod.proterrasancta.org\/it\/#organization\"},\"potentialAction\":[{\"@type\":\"SearchAction\",\"target\":{\"@type\":\"EntryPoint\",\"urlTemplate\":\"https:\/\/preprod.proterrasancta.org\/it\/?s={search_term_string}\"},\"query-input\":\"required name=search_term_string\"}],\"inLanguage\":\"fr-FR\"},{\"@type\":\"Organization\",\"@id\":\"https:\/\/preprod.proterrasancta.org\/it\/#organization\",\"name\":\"Associazione Pro Terra Sancta\",\"url\":\"https:\/\/preprod.proterrasancta.org\/it\/\",\"logo\":{\"@type\":\"ImageObject\",\"inLanguage\":\"fr-FR\",\"@id\":\"https:\/\/preprod.proterrasancta.org\/it\/#\/schema\/logo\/image\/\",\"url\":\"https:\/\/www.proterrasancta.org\/wp-content\/uploads\/Logo_ProTerraSancta_Colori_web_high_modificato.jpg\",\"contentUrl\":\"https:\/\/www.proterrasancta.org\/wp-content\/uploads\/Logo_ProTerraSancta_Colori_web_high_modificato.jpg\",\"width\":1018,\"height\":576,\"caption\":\"Associazione Pro Terra Sancta\"},\"image\":{\"@id\":\"https:\/\/preprod.proterrasancta.org\/it\/#\/schema\/logo\/image\/\"},\"sameAs\":[\"https:\/\/www.instagram.com\/proterrasancta\/\",\"https:\/\/www.linkedin.com\/company\/pro-terra-sancta\/\",\"https:\/\/www.youtube.com\/user\/proterrasancta\",\"https:\/\/www.facebook.com\/proterrasancta\/\",\"https:\/\/twitter.com\/proterrasancta\"]},{\"@type\":\"Person\",\"@id\":\"https:\/\/preprod.proterrasancta.org\/it\/#\/schema\/person\/c03a0c97a2c22a2681d54e29de17430c\",\"name\":\"Giacomo Pizzi\",\"image\":{\"@type\":\"ImageObject\",\"inLanguage\":\"fr-FR\",\"@id\":\"https:\/\/preprod.proterrasancta.org\/it\/#\/schema\/person\/image\/\",\"url\":\"https:\/\/secure.gravatar.com\/avatar\/900c575219bd8bb5f7711ce33f0e43ea?s=96&d=mm&r=g\",\"contentUrl\":\"https:\/\/secure.gravatar.com\/avatar\/900c575219bd8bb5f7711ce33f0e43ea?s=96&d=mm&r=g\",\"caption\":\"Giacomo Pizzi\"},\"url\":\"https:\/\/preprod.proterrasancta.org\/fr\/author\/pizzi\/\"}]}<\/script>\n<!-- \/ Yoast SEO Premium plugin. -->","yoast_head_json":{"title":"Les femmes au travail: d\u00e9veloppement et amiti\u00e9 \u00e0 B\u00e9thanie | Pro Terra Sancta","robots":{"index":"noindex","follow":"follow","max-snippet":"max-snippet:-1","max-image-preview":"max-image-preview:large","max-video-preview":"max-video-preview:-1"},"og_locale":"fr_FR","og_type":"article","og_title":"Les femmes au travail: d\u00e9veloppement et amiti\u00e9 \u00e0 B\u00e9thanie","og_description":"La ville de B\u00e9thanie est c\u00e9l\u00e8bre pour le tombeau de Lazare, li\u00e9 \u00e0 l&rsquo;\u00e9pisode de sa r\u00e9surrection, mais aussi pour les diff\u00e9rentes figures f\u00e9minines qui ont \u00e9crit l&rsquo;histoire. Dans les Evangiles, Marie et Marthe (les deux s\u0153urs de Lazare) ont \u00e9t\u00e9 paradigme d&lsquo;h\u00e9bergement et l&rsquo;hospitalit\u00e9 envers J\u00e9sus, quand Marie oignit le Seigneur de parfum et [&hellip;]","og_url":"https:\/\/preprod.proterrasancta.org\/fr\/femmes-bethanie-travail\/","og_site_name":"Pro Terra Sancta","article_publisher":"https:\/\/www.facebook.com\/proterrasancta\/","article_published_time":"2018-07-17T07:56:33+00:00","article_modified_time":"2021-09-09T14:45:37+00:00","og_image":[{"width":890,"height":750,"url":"https:\/\/preprod.proterrasancta.org\/wp-content\/uploads\/IMG_5135-e1531756610405.jpg","type":"image\/jpeg"}],"author":"Giacomo Pizzi","twitter_card":"summary_large_image","twitter_creator":"@proterrasancta","twitter_site":"@proterrasancta","twitter_misc":{"\u00c9crit par":"Giacomo Pizzi","Dur\u00e9e de lecture est.":"3 minutes"},"schema":{"@context":"https:\/\/schema.org","@graph":[{"@type":"Article","@id":"https:\/\/preprod.proterrasancta.org\/fr\/femmes-bethanie-travail\/#article","isPartOf":{"@id":"https:\/\/preprod.proterrasancta.org\/fr\/femmes-bethanie-travail\/"},"author":{"name":"Giacomo Pizzi","@id":"https:\/\/preprod.proterrasancta.org\/it\/#\/schema\/person\/c03a0c97a2c22a2681d54e29de17430c"},"headline":"Les femmes au travail: d\u00e9veloppement et amiti\u00e9 \u00e0 B\u00e9thanie","datePublished":"2018-07-17T07:56:33+00:00","dateModified":"2021-09-09T14:45:37+00:00","mainEntityOfPage":{"@id":"https:\/\/preprod.proterrasancta.org\/fr\/femmes-bethanie-travail\/"},"wordCount":684,"publisher":{"@id":"https:\/\/preprod.proterrasancta.org\/it\/#organization"},"articleSection":["Non classifi\u00e9(e)"],"inLanguage":"fr-FR"},{"@type":"WebPage","@id":"https:\/\/preprod.proterrasancta.org\/fr\/femmes-bethanie-travail\/","url":"https:\/\/preprod.proterrasancta.org\/fr\/femmes-bethanie-travail\/","name":"Les femmes au travail: d\u00e9veloppement et amiti\u00e9 \u00e0 B\u00e9thanie | Pro Terra Sancta","isPartOf":{"@id":"https:\/\/preprod.proterrasancta.org\/it\/#website"},"datePublished":"2018-07-17T07:56:33+00:00","dateModified":"2021-09-09T14:45:37+00:00","breadcrumb":{"@id":"https:\/\/preprod.proterrasancta.org\/fr\/femmes-bethanie-travail\/#breadcrumb"},"inLanguage":"fr-FR","potentialAction":[{"@type":"ReadAction","target":["https:\/\/preprod.proterrasancta.org\/fr\/femmes-bethanie-travail\/"]}]},{"@type":"BreadcrumbList","@id":"https:\/\/preprod.proterrasancta.org\/fr\/femmes-bethanie-travail\/#breadcrumb","itemListElement":[{"@type":"ListItem","position":1,"name":"Home","item":"https:\/\/preprod.proterrasancta.org\/it\/"},{"@type":"ListItem","position":2,"name":"Les femmes au travail: d\u00e9veloppement et amiti\u00e9 \u00e0 B\u00e9thanie"}]},{"@type":"WebSite","@id":"https:\/\/preprod.proterrasancta.org\/it\/#website","url":"https:\/\/preprod.proterrasancta.org\/it\/","name":"Pro Terra Sancta","description":"To foster bonds between the Holy Land and the world","publisher":{"@id":"https:\/\/preprod.proterrasancta.org\/it\/#organization"},"potentialAction":[{"@type":"SearchAction","target":{"@type":"EntryPoint","urlTemplate":"https:\/\/preprod.proterrasancta.org\/it\/?s={search_term_string}"},"query-input":"required name=search_term_string"}],"inLanguage":"fr-FR"},{"@type":"Organization","@id":"https:\/\/preprod.proterrasancta.org\/it\/#organization","name":"Associazione Pro Terra Sancta","url":"https:\/\/preprod.proterrasancta.org\/it\/","logo":{"@type":"ImageObject","inLanguage":"fr-FR","@id":"https:\/\/preprod.proterrasancta.org\/it\/#\/schema\/logo\/image\/","url":"https:\/\/www.proterrasancta.org\/wp-content\/uploads\/Logo_ProTerraSancta_Colori_web_high_modificato.jpg","contentUrl":"https:\/\/www.proterrasancta.org\/wp-content\/uploads\/Logo_ProTerraSancta_Colori_web_high_modificato.jpg","width":1018,"height":576,"caption":"Associazione Pro Terra Sancta"},"image":{"@id":"https:\/\/preprod.proterrasancta.org\/it\/#\/schema\/logo\/image\/"},"sameAs":["https:\/\/www.instagram.com\/proterrasancta\/","https:\/\/www.linkedin.com\/company\/pro-terra-sancta\/","https:\/\/www.youtube.com\/user\/proterrasancta","https:\/\/www.facebook.com\/proterrasancta\/","https:\/\/twitter.com\/proterrasancta"]},{"@type":"Person","@id":"https:\/\/preprod.proterrasancta.org\/it\/#\/schema\/person\/c03a0c97a2c22a2681d54e29de17430c","name":"Giacomo Pizzi","image":{"@type":"ImageObject","inLanguage":"fr-FR","@id":"https:\/\/preprod.proterrasancta.org\/it\/#\/schema\/person\/image\/","url":"https:\/\/secure.gravatar.com\/avatar\/900c575219bd8bb5f7711ce33f0e43ea?s=96&d=mm&r=g","contentUrl":"https:\/\/secure.gravatar.com\/avatar\/900c575219bd8bb5f7711ce33f0e43ea?s=96&d=mm&r=g","caption":"Giacomo Pizzi"},"url":"https:\/\/preprod.proterrasancta.org\/fr\/author\/pizzi\/"}]}},"_links":{"self":[{"href":"https:\/\/preprod.proterrasancta.org\/fr\/wp-json\/wp\/v2\/posts\/104969"}],"collection":[{"href":"https:\/\/preprod.proterrasancta.org\/fr\/wp-json\/wp\/v2\/posts"}],"about":[{"href":"https:\/\/preprod.proterrasancta.org\/fr\/wp-json\/wp\/v2\/types\/post"}],"author":[{"embeddable":true,"href":"https:\/\/preprod.proterrasancta.org\/fr\/wp-json\/wp\/v2\/users\/35"}],"replies":[{"embeddable":true,"href":"https:\/\/preprod.proterrasancta.org\/fr\/wp-json\/wp\/v2\/comments?post=104969"}],"version-history":[{"count":0,"href":"https:\/\/preprod.proterrasancta.org\/fr\/wp-json\/wp\/v2\/posts\/104969\/revisions"}],"wp:featuredmedia":[{"embeddable":true,"href":"https:\/\/preprod.proterrasancta.org\/fr\/wp-json\/wp\/v2\/media\/104960"}],"wp:attachment":[{"href":"https:\/\/preprod.proterrasancta.org\/fr\/wp-json\/wp\/v2\/media?parent=104969"}],"wp:term":[{"taxonomy":"category","embeddable":true,"href":"https:\/\/preprod.proterrasancta.org\/fr\/wp-json\/wp\/v2\/categories?post=104969"},{"taxonomy":"post_tag","embeddable":true,"href":"https:\/\/preprod.proterrasancta.org\/fr\/wp-json\/wp\/v2\/tags?post=104969"},{"taxonomy":"campaign_code","embeddable":true,"href":"https:\/\/preprod.proterrasancta.org\/fr\/wp-json\/wp\/v2\/campaign_code?post=104969"}],"curies":[{"name":"wp","href":"https:\/\/api.w.org\/{rel}","templated":true}]}}