{"id":104943,"date":"2018-07-11T10:41:27","date_gmt":"2018-07-11T07:41:27","guid":{"rendered":"https:\/\/www.proterrasancta.org\/?post_type=fr-post&#038;p=104943"},"modified":"2021-09-09T16:45:37","modified_gmt":"2021-09-09T14:45:37","slug":"lassociation-des-gelmini-une-aide-aux-peuples-de-terre-sainte","status":"publish","type":"post","link":"https:\/\/preprod.proterrasancta.org\/fr\/lassociation-des-gelmini-une-aide-aux-peuples-de-terre-sainte\/","title":{"rendered":"L&rsquo;Association des Gelmini, une aide aux peuples de Terre Sainte"},"content":{"rendered":"<p>\u00ab\u00a0Nous ne faisons pas de gros travaux sur l&rsquo;infrastructure, seulement des emplois simples et humbles, sans enlever le travail aux r\u00e9sidents.\u00a0Avec certaines personnes, nous sommes \u00e9galement devenus amis et nous sommes appr\u00e9ci\u00e9s parce que &#8211; comme ils nous l&rsquo;ont dit &#8211; nous n&rsquo;allons pas \u00e0 commander mais nous les soutenons dans des petits besoins\u00a0\u00bb. <strong>Gabriele Casadei<\/strong> part d&rsquo;ici pour parler de son exp\u00e9rience avec l&rsquo;<strong>Association Romano Gelmini<\/strong>, dont il est pr\u00e9sident. \u00ab\u00a0En 2006, <strong>Ettore Soranzo<\/strong> a \u00e9t\u00e9 appel\u00e9 par le gardien des <strong>Franciscains<\/strong>, le p\u00e8re <strong>Pizzaballa<\/strong>, \u00e0 travailler \u00e0 la Custodie avec la mission de cr\u00e9er un v\u00e9ritable Bureau technique bas\u00e9 \u00e0 <strong>J\u00e9rusalem<\/strong>.\u00a0A cette occasion, nous nous sommes \u00e9galement rendus disponibles pour le suivre et pour effectuer notre service aupr\u00e8s des <strong>Fr\u00e8res de la Custodie<\/strong>, dans les lieux qui leur ont \u00e9t\u00e9 confi\u00e9s pendant 800 ans\u00a0\u00bb.<\/p>\n<p>Tout a commenc\u00e9 de cette fa\u00e7on, tr\u00e8s simplement. Depuis lors, environ <strong>80 volontaires<\/strong> viennent chaque ann\u00e9e pour donner leur temps et leur \u00e9nergie pour aider la <span style=\"text-decoration: underline;\"><a href=\"http:\/\/fr.custodia.org\/\"><strong>Custodie de Terre Sainte<\/strong><\/a><\/span> dans tout travail utile.\u00a0Afin d\u2019accomplir le m\u00eame service que l&rsquo;<strong>ing\u00e9nieur v\u00e9ronais<\/strong>, d\u00e9c\u00e9d\u00e9 subitement, <strong>Romano Gelmini<\/strong>, dont il porte le nom, devait offrir.\u00a0Avec quatre \u00e9quipes par saison, dans les <strong>couvents<\/strong>, les <strong>\u00e9coles<\/strong>, les <strong>h\u00f4pitaux<\/strong>, certains <strong>repeignent les murs<\/strong>, d&rsquo;autres installent des panneaux \u00e9lectriques, d&rsquo;autres sont d\u00e9di\u00e9s \u00e0 la menuiserie et \u00e0 la soudure ; puis il y a ceux qui se consacrent au jardinage, et d&rsquo;autres au nettoyage du mobilier sacr\u00e9 ou du Terra Sancta Museum.\u00a0\u00ab\u00a0En cela &#8211; dit Gabriele \u2013les amis d\u2019<strong>ATS pro Terra Sancta<\/strong> aussi, avec leur engagement et leur activit\u00e9, essayent de valoriser non seulement les lieux et l&rsquo;arch\u00e9ologie, mais \u00e0 travers les projets, ils s&rsquo;adressent aux locaux, en leur proposant de travailler, pour les aider \u00e0 retrouver le caract\u00e8re pr\u00e9cieux de leur personne, de leur travail ou de leurs projets, de <strong>prendre la vie entre leurs mains<\/strong>\u00ab\u00a0.<\/p>\n<p>Selon <strong>Casadei<\/strong>, c&rsquo;est un aspect tr\u00e8s important : \u00ab\u00a0Ces <strong>t\u00e9moignages<\/strong> sont ceux qui, plus que d&rsquo;autres, peuvent rendre \u00e9vidents aux gens de <strong>Terre Sainte<\/strong>, que l&rsquo;enseignement de J\u00e9sus est tr\u00e8s actuel et nous, en faisant ce que nous faisons, nous r\u00e9alisons que nous n&rsquo;allons pas enseigner rien, nous allons apprendre \u00e0 aimer davantage <strong>J\u00e9sus-Christ<\/strong>, qui est le sens, l&rsquo;id\u00e9al que notre c\u0153ur d\u00e9sire rencontrer, suivre et servir \u00ab\u00a0.\u00a0Les t\u00e9moignages de ceux qui peuvent passer quelques jours en Terre Sainte sont enthousiastes : \u00ab\u00a0C&rsquo;est ma quatri\u00e8me ann\u00e9e ici &#8211; dit <strong>Adolfo Buffo<\/strong> (chef de la derni\u00e8re ronde de jungle) &#8211; et chaque fois que je ne sais pas ce que je ferai. Parfois, je me suis demand\u00e9 pourquoi je le fais parce que tu ne sais pas comment ton travail se terminera, mais apr\u00e8s des ann\u00e9es j&rsquo;ai compris que tu le fais pour toi-m\u00eame, pas pour une fin\u00a0\u00bb.<\/p>\n<p>Quelqu&rsquo;un comme<strong> Chiara<\/strong> est venu pour la premi\u00e8re fois conduit par un grand d\u00e9sir de <strong>venir en Terre Sainte pas comme un touriste<\/strong>.\u00a0\u00ab\u00a0Je voulais savoir comment tu vis ici. &#8211; elle dit &#8211; La premi\u00e8re impression est que je marche o\u00f9 J\u00e9sus a march\u00e9, et ainsi en travaillant, en priant et en vivant dans la <strong>Maria Bambina de J\u00e9rusalem<\/strong> avec des gens qui souvent tu ne conna\u00eet pas, je fais une exp\u00e9rience extraordinaire \u00ab\u00a0. \u00ab\u00a0Le week-end, nous avons l&rsquo;opportunit\u00e9 d&rsquo;explorer les <strong>lieux<\/strong> de la Terre Sainte &#8211; dit Ido &#8211; mais la plus forte exp\u00e9rience est avec les gens, les fr\u00e8res, les nonnes et avec ceux qui ont v\u00e9cu ces lieux pendant des ann\u00e9es appel\u00e9s le <strong>Cinqui\u00e8me \u00c9vangile<\/strong>\u00ab\u00a0.\u00a0Ido a \u00e9t\u00e9 fortement frapp\u00e9 par l&rsquo;exp\u00e9rience de l&rsquo;orphelinat de <strong>Bethl\u00e9em<\/strong>, l&rsquo;Institut <strong>Hogar Ni\u00f1os<\/strong>, tandis qu&rsquo;Adolfo d&rsquo;une \u00e9cole de <strong>Ha\u00effa<\/strong>, et Chiara d\u2019une l&rsquo;\u00e9cole maternelle de Keil\u00e0 avec des enfants chr\u00e9tiens r\u00e9fugi\u00e9s aujourd\u2019hui.<\/p>\n<p>Et Gabriele, \u00e0 la fin, dresse un bilan: \u00ab\u00a0Aujourd&rsquo;hui, apr\u00e8s une quinzaine d&rsquo;ann\u00e9es d&rsquo;initiative, beaucoup d&rsquo;entre nous ne vont pas en Terre Sainte uniquement pour des quarts de travail, mais reviennent aussi pour de courtes p\u00e9riodes juste pour <strong>trouver des amis<\/strong>, \u00eatre avec eux, comme nous le faisons avec des amis en <strong>Italie<\/strong>, peut-\u00eatre pour prendre un caf\u00e9, parce que l&rsquo;amiti\u00e9 est l&rsquo;un des principaux \u00e9v\u00e9nements que <strong>J\u00e9sus<\/strong> lui-m\u00eame nous a enseign\u00e9 \u00eatre un \u00ab\u00a0tr\u00e9sor\u00a0\u00bb, que lorsque vous le trouverez, vous ne voudrez plus le perdre et vous ferez n\u2019importe quoi pour le regarder et le cultiver.\u00a0\u00a0Cela a \u00e9galement frapp\u00e9 de nombreux amis en Terre Sainte qui, bien que forc\u00e9s de vivre parmi les nombreux murs qui les entourent, ont d\u00e9couvert la <strong>\u00ablibert\u00e9\u00bb du c\u0153ur<\/strong>, cette graine <strong>qu&rsquo;aucun mur ne peut jamais supprimer<\/strong>.\u00a0C&rsquo;\u00e9tait impressionnant de constater que tout cela est vrai pour nous, non seulement quand nous rencontrons des amis en Terre Sainte, mais c&rsquo;est vrai parce que c&rsquo;est ce que le c\u0153ur de chaque homme d\u00e9sire pour lui-m\u00eame, dans n&rsquo;importe quelle situation ou condition de vie.\u00a0<strong>\u00a0Ils ont un mur de b\u00e9ton arm\u00e9 de huit m\u00e8tres, nous avons beaucoup de murs, qui ne sont pas en b\u00e9ton arm\u00e9 mais qui sont plus hauts et plus denses et qui nous emp\u00eachent d&rsquo;\u00eatre \u00e9galement libres, d&rsquo;abord nos pr\u00e9jug\u00e9s.<\/strong>\u00a0\u00a0Pour cette raison, nous n&rsquo;allons pas enseigner quoi que ce soit, nous partageons l&rsquo;exp\u00e9rience d&rsquo;un tr\u00e9sor qui nous a \u00e9t\u00e9 montr\u00e9 il y a 2000 ans et qui doit \u00eatre red\u00e9couvert et conserv\u00e9, \u00e0 partir des endroits o\u00f9 tout a commenc\u00e9 et des gens que dans ces lieux aujourd&rsquo;hui ils vivent encore \u00ab\u00a0.<\/p>\n","protected":false},"excerpt":{"rendered":"<p>\u00ab\u00a0Nous ne faisons pas de gros travaux sur l&rsquo;infrastructure, seulement des emplois simples et humbles, sans enlever le travail aux r\u00e9sidents.\u00a0Avec certaines personnes, nous sommes \u00e9galement devenus amis et nous sommes appr\u00e9ci\u00e9s parce que &#8211; comme ils nous l&rsquo;ont dit &#8211; nous n&rsquo;allons pas \u00e0 commander mais nous les soutenons dans des petits besoins\u00a0\u00bb. Gabriele [&hellip;]<\/p>\n","protected":false},"author":35,"featured_media":104927,"comment_status":"closed","ping_status":"closed","sticky":false,"template":"","format":"standard","meta":{"_acf_changed":false,"inline_featured_image":false,"footnotes":""},"categories":[9722],"tags":[],"campaign_code":[],"class_list":["post-104943","post","type-post","status-publish","format-standard","has-post-thumbnail","hentry","category-non-classifiee"],"acf":[],"yoast_head":"<!-- This site is optimized with the Yoast SEO Premium plugin v17.7 (Yoast SEO v19.14) - https:\/\/yoast.com\/wordpress\/plugins\/seo\/ -->\n<title>L&#039;Association des Gelmini, une aide aux peuples de Terre Sainte | Pro Terra Sancta<\/title>\n<meta name=\"robots\" content=\"noindex, follow, max-snippet:-1, max-image-preview:large, max-video-preview:-1\" \/>\n<meta property=\"og:locale\" content=\"fr_FR\" \/>\n<meta property=\"og:type\" content=\"article\" \/>\n<meta property=\"og:title\" content=\"L&#039;Association des Gelmini, une aide aux peuples de Terre Sainte\" \/>\n<meta property=\"og:description\" content=\"\u00ab\u00a0Nous ne faisons pas de gros travaux sur l&rsquo;infrastructure, seulement des emplois simples et humbles, sans enlever le travail aux r\u00e9sidents.\u00a0Avec certaines personnes, nous sommes \u00e9galement devenus amis et nous sommes appr\u00e9ci\u00e9s parce que &#8211; comme ils nous l&rsquo;ont dit &#8211; nous n&rsquo;allons pas \u00e0 commander mais nous les soutenons dans des petits besoins\u00a0\u00bb. Gabriele [&hellip;]\" \/>\n<meta property=\"og:url\" content=\"https:\/\/preprod.proterrasancta.org\/fr\/lassociation-des-gelmini-une-aide-aux-peuples-de-terre-sainte\/\" \/>\n<meta property=\"og:site_name\" content=\"Pro Terra Sancta\" \/>\n<meta property=\"article:publisher\" content=\"https:\/\/www.facebook.com\/proterrasancta\/\" \/>\n<meta property=\"article:published_time\" content=\"2018-07-11T07:41:27+00:00\" \/>\n<meta property=\"article:modified_time\" content=\"2021-09-09T14:45:37+00:00\" \/>\n<meta property=\"og:image\" content=\"https:\/\/preprod.proterrasancta.org\/wp-content\/uploads\/DSC_0896.jpg\" \/>\n\t<meta property=\"og:image:width\" content=\"1000\" \/>\n\t<meta property=\"og:image:height\" content=\"663\" \/>\n\t<meta property=\"og:image:type\" content=\"image\/jpeg\" \/>\n<meta name=\"author\" content=\"Giacomo Pizzi\" \/>\n<meta name=\"twitter:card\" content=\"summary_large_image\" \/>\n<meta name=\"twitter:creator\" content=\"@proterrasancta\" \/>\n<meta name=\"twitter:site\" content=\"@proterrasancta\" \/>\n<meta name=\"twitter:label1\" content=\"\u00c9crit par\" \/>\n\t<meta name=\"twitter:data1\" content=\"Giacomo Pizzi\" \/>\n\t<meta name=\"twitter:label2\" content=\"Dur\u00e9e de lecture est.\" \/>\n\t<meta name=\"twitter:data2\" content=\"5 minutes\" \/>\n<script type=\"application\/ld+json\" class=\"yoast-schema-graph\">{\"@context\":\"https:\/\/schema.org\",\"@graph\":[{\"@type\":\"Article\",\"@id\":\"https:\/\/preprod.proterrasancta.org\/fr\/lassociation-des-gelmini-une-aide-aux-peuples-de-terre-sainte\/#article\",\"isPartOf\":{\"@id\":\"https:\/\/preprod.proterrasancta.org\/fr\/lassociation-des-gelmini-une-aide-aux-peuples-de-terre-sainte\/\"},\"author\":{\"name\":\"Giacomo Pizzi\",\"@id\":\"https:\/\/preprod.proterrasancta.org\/it\/#\/schema\/person\/c03a0c97a2c22a2681d54e29de17430c\"},\"headline\":\"L&rsquo;Association des Gelmini, une aide aux peuples de Terre Sainte\",\"datePublished\":\"2018-07-11T07:41:27+00:00\",\"dateModified\":\"2021-09-09T14:45:37+00:00\",\"mainEntityOfPage\":{\"@id\":\"https:\/\/preprod.proterrasancta.org\/fr\/lassociation-des-gelmini-une-aide-aux-peuples-de-terre-sainte\/\"},\"wordCount\":1007,\"publisher\":{\"@id\":\"https:\/\/preprod.proterrasancta.org\/it\/#organization\"},\"articleSection\":[\"Non classifi\u00e9(e)\"],\"inLanguage\":\"fr-FR\"},{\"@type\":\"WebPage\",\"@id\":\"https:\/\/preprod.proterrasancta.org\/fr\/lassociation-des-gelmini-une-aide-aux-peuples-de-terre-sainte\/\",\"url\":\"https:\/\/preprod.proterrasancta.org\/fr\/lassociation-des-gelmini-une-aide-aux-peuples-de-terre-sainte\/\",\"name\":\"L'Association des Gelmini, une aide aux peuples de Terre Sainte | Pro Terra Sancta\",\"isPartOf\":{\"@id\":\"https:\/\/preprod.proterrasancta.org\/it\/#website\"},\"datePublished\":\"2018-07-11T07:41:27+00:00\",\"dateModified\":\"2021-09-09T14:45:37+00:00\",\"breadcrumb\":{\"@id\":\"https:\/\/preprod.proterrasancta.org\/fr\/lassociation-des-gelmini-une-aide-aux-peuples-de-terre-sainte\/#breadcrumb\"},\"inLanguage\":\"fr-FR\",\"potentialAction\":[{\"@type\":\"ReadAction\",\"target\":[\"https:\/\/preprod.proterrasancta.org\/fr\/lassociation-des-gelmini-une-aide-aux-peuples-de-terre-sainte\/\"]}]},{\"@type\":\"BreadcrumbList\",\"@id\":\"https:\/\/preprod.proterrasancta.org\/fr\/lassociation-des-gelmini-une-aide-aux-peuples-de-terre-sainte\/#breadcrumb\",\"itemListElement\":[{\"@type\":\"ListItem\",\"position\":1,\"name\":\"Home\",\"item\":\"https:\/\/preprod.proterrasancta.org\/it\/\"},{\"@type\":\"ListItem\",\"position\":2,\"name\":\"L&rsquo;Association des Gelmini, une aide aux peuples de Terre Sainte\"}]},{\"@type\":\"WebSite\",\"@id\":\"https:\/\/preprod.proterrasancta.org\/it\/#website\",\"url\":\"https:\/\/preprod.proterrasancta.org\/it\/\",\"name\":\"Pro Terra Sancta\",\"description\":\"To foster bonds between the Holy Land and the world\",\"publisher\":{\"@id\":\"https:\/\/preprod.proterrasancta.org\/it\/#organization\"},\"potentialAction\":[{\"@type\":\"SearchAction\",\"target\":{\"@type\":\"EntryPoint\",\"urlTemplate\":\"https:\/\/preprod.proterrasancta.org\/it\/?s={search_term_string}\"},\"query-input\":\"required name=search_term_string\"}],\"inLanguage\":\"fr-FR\"},{\"@type\":\"Organization\",\"@id\":\"https:\/\/preprod.proterrasancta.org\/it\/#organization\",\"name\":\"Associazione Pro Terra Sancta\",\"url\":\"https:\/\/preprod.proterrasancta.org\/it\/\",\"logo\":{\"@type\":\"ImageObject\",\"inLanguage\":\"fr-FR\",\"@id\":\"https:\/\/preprod.proterrasancta.org\/it\/#\/schema\/logo\/image\/\",\"url\":\"https:\/\/www.proterrasancta.org\/wp-content\/uploads\/Logo_ProTerraSancta_Colori_web_high_modificato.jpg\",\"contentUrl\":\"https:\/\/www.proterrasancta.org\/wp-content\/uploads\/Logo_ProTerraSancta_Colori_web_high_modificato.jpg\",\"width\":1018,\"height\":576,\"caption\":\"Associazione Pro Terra Sancta\"},\"image\":{\"@id\":\"https:\/\/preprod.proterrasancta.org\/it\/#\/schema\/logo\/image\/\"},\"sameAs\":[\"https:\/\/www.instagram.com\/proterrasancta\/\",\"https:\/\/www.linkedin.com\/company\/pro-terra-sancta\/\",\"https:\/\/www.youtube.com\/user\/proterrasancta\",\"https:\/\/www.facebook.com\/proterrasancta\/\",\"https:\/\/twitter.com\/proterrasancta\"]},{\"@type\":\"Person\",\"@id\":\"https:\/\/preprod.proterrasancta.org\/it\/#\/schema\/person\/c03a0c97a2c22a2681d54e29de17430c\",\"name\":\"Giacomo Pizzi\",\"image\":{\"@type\":\"ImageObject\",\"inLanguage\":\"fr-FR\",\"@id\":\"https:\/\/preprod.proterrasancta.org\/it\/#\/schema\/person\/image\/\",\"url\":\"https:\/\/secure.gravatar.com\/avatar\/900c575219bd8bb5f7711ce33f0e43ea?s=96&d=mm&r=g\",\"contentUrl\":\"https:\/\/secure.gravatar.com\/avatar\/900c575219bd8bb5f7711ce33f0e43ea?s=96&d=mm&r=g\",\"caption\":\"Giacomo Pizzi\"},\"url\":\"https:\/\/preprod.proterrasancta.org\/fr\/author\/pizzi\/\"}]}<\/script>\n<!-- \/ Yoast SEO Premium plugin. -->","yoast_head_json":{"title":"L'Association des Gelmini, une aide aux peuples de Terre Sainte | Pro Terra Sancta","robots":{"index":"noindex","follow":"follow","max-snippet":"max-snippet:-1","max-image-preview":"max-image-preview:large","max-video-preview":"max-video-preview:-1"},"og_locale":"fr_FR","og_type":"article","og_title":"L'Association des Gelmini, une aide aux peuples de Terre Sainte","og_description":"\u00ab\u00a0Nous ne faisons pas de gros travaux sur l&rsquo;infrastructure, seulement des emplois simples et humbles, sans enlever le travail aux r\u00e9sidents.\u00a0Avec certaines personnes, nous sommes \u00e9galement devenus amis et nous sommes appr\u00e9ci\u00e9s parce que &#8211; comme ils nous l&rsquo;ont dit &#8211; nous n&rsquo;allons pas \u00e0 commander mais nous les soutenons dans des petits besoins\u00a0\u00bb. Gabriele [&hellip;]","og_url":"https:\/\/preprod.proterrasancta.org\/fr\/lassociation-des-gelmini-une-aide-aux-peuples-de-terre-sainte\/","og_site_name":"Pro Terra Sancta","article_publisher":"https:\/\/www.facebook.com\/proterrasancta\/","article_published_time":"2018-07-11T07:41:27+00:00","article_modified_time":"2021-09-09T14:45:37+00:00","og_image":[{"width":1000,"height":663,"url":"https:\/\/preprod.proterrasancta.org\/wp-content\/uploads\/DSC_0896.jpg","type":"image\/jpeg"}],"author":"Giacomo Pizzi","twitter_card":"summary_large_image","twitter_creator":"@proterrasancta","twitter_site":"@proterrasancta","twitter_misc":{"\u00c9crit par":"Giacomo Pizzi","Dur\u00e9e de lecture est.":"5 minutes"},"schema":{"@context":"https:\/\/schema.org","@graph":[{"@type":"Article","@id":"https:\/\/preprod.proterrasancta.org\/fr\/lassociation-des-gelmini-une-aide-aux-peuples-de-terre-sainte\/#article","isPartOf":{"@id":"https:\/\/preprod.proterrasancta.org\/fr\/lassociation-des-gelmini-une-aide-aux-peuples-de-terre-sainte\/"},"author":{"name":"Giacomo Pizzi","@id":"https:\/\/preprod.proterrasancta.org\/it\/#\/schema\/person\/c03a0c97a2c22a2681d54e29de17430c"},"headline":"L&rsquo;Association des Gelmini, une aide aux peuples de Terre Sainte","datePublished":"2018-07-11T07:41:27+00:00","dateModified":"2021-09-09T14:45:37+00:00","mainEntityOfPage":{"@id":"https:\/\/preprod.proterrasancta.org\/fr\/lassociation-des-gelmini-une-aide-aux-peuples-de-terre-sainte\/"},"wordCount":1007,"publisher":{"@id":"https:\/\/preprod.proterrasancta.org\/it\/#organization"},"articleSection":["Non classifi\u00e9(e)"],"inLanguage":"fr-FR"},{"@type":"WebPage","@id":"https:\/\/preprod.proterrasancta.org\/fr\/lassociation-des-gelmini-une-aide-aux-peuples-de-terre-sainte\/","url":"https:\/\/preprod.proterrasancta.org\/fr\/lassociation-des-gelmini-une-aide-aux-peuples-de-terre-sainte\/","name":"L'Association des Gelmini, une aide aux peuples de Terre Sainte | Pro Terra Sancta","isPartOf":{"@id":"https:\/\/preprod.proterrasancta.org\/it\/#website"},"datePublished":"2018-07-11T07:41:27+00:00","dateModified":"2021-09-09T14:45:37+00:00","breadcrumb":{"@id":"https:\/\/preprod.proterrasancta.org\/fr\/lassociation-des-gelmini-une-aide-aux-peuples-de-terre-sainte\/#breadcrumb"},"inLanguage":"fr-FR","potentialAction":[{"@type":"ReadAction","target":["https:\/\/preprod.proterrasancta.org\/fr\/lassociation-des-gelmini-une-aide-aux-peuples-de-terre-sainte\/"]}]},{"@type":"BreadcrumbList","@id":"https:\/\/preprod.proterrasancta.org\/fr\/lassociation-des-gelmini-une-aide-aux-peuples-de-terre-sainte\/#breadcrumb","itemListElement":[{"@type":"ListItem","position":1,"name":"Home","item":"https:\/\/preprod.proterrasancta.org\/it\/"},{"@type":"ListItem","position":2,"name":"L&rsquo;Association des Gelmini, une aide aux peuples de Terre Sainte"}]},{"@type":"WebSite","@id":"https:\/\/preprod.proterrasancta.org\/it\/#website","url":"https:\/\/preprod.proterrasancta.org\/it\/","name":"Pro Terra Sancta","description":"To foster bonds between the Holy Land and the world","publisher":{"@id":"https:\/\/preprod.proterrasancta.org\/it\/#organization"},"potentialAction":[{"@type":"SearchAction","target":{"@type":"EntryPoint","urlTemplate":"https:\/\/preprod.proterrasancta.org\/it\/?s={search_term_string}"},"query-input":"required name=search_term_string"}],"inLanguage":"fr-FR"},{"@type":"Organization","@id":"https:\/\/preprod.proterrasancta.org\/it\/#organization","name":"Associazione Pro Terra Sancta","url":"https:\/\/preprod.proterrasancta.org\/it\/","logo":{"@type":"ImageObject","inLanguage":"fr-FR","@id":"https:\/\/preprod.proterrasancta.org\/it\/#\/schema\/logo\/image\/","url":"https:\/\/www.proterrasancta.org\/wp-content\/uploads\/Logo_ProTerraSancta_Colori_web_high_modificato.jpg","contentUrl":"https:\/\/www.proterrasancta.org\/wp-content\/uploads\/Logo_ProTerraSancta_Colori_web_high_modificato.jpg","width":1018,"height":576,"caption":"Associazione Pro Terra Sancta"},"image":{"@id":"https:\/\/preprod.proterrasancta.org\/it\/#\/schema\/logo\/image\/"},"sameAs":["https:\/\/www.instagram.com\/proterrasancta\/","https:\/\/www.linkedin.com\/company\/pro-terra-sancta\/","https:\/\/www.youtube.com\/user\/proterrasancta","https:\/\/www.facebook.com\/proterrasancta\/","https:\/\/twitter.com\/proterrasancta"]},{"@type":"Person","@id":"https:\/\/preprod.proterrasancta.org\/it\/#\/schema\/person\/c03a0c97a2c22a2681d54e29de17430c","name":"Giacomo Pizzi","image":{"@type":"ImageObject","inLanguage":"fr-FR","@id":"https:\/\/preprod.proterrasancta.org\/it\/#\/schema\/person\/image\/","url":"https:\/\/secure.gravatar.com\/avatar\/900c575219bd8bb5f7711ce33f0e43ea?s=96&d=mm&r=g","contentUrl":"https:\/\/secure.gravatar.com\/avatar\/900c575219bd8bb5f7711ce33f0e43ea?s=96&d=mm&r=g","caption":"Giacomo Pizzi"},"url":"https:\/\/preprod.proterrasancta.org\/fr\/author\/pizzi\/"}]}},"_links":{"self":[{"href":"https:\/\/preprod.proterrasancta.org\/fr\/wp-json\/wp\/v2\/posts\/104943"}],"collection":[{"href":"https:\/\/preprod.proterrasancta.org\/fr\/wp-json\/wp\/v2\/posts"}],"about":[{"href":"https:\/\/preprod.proterrasancta.org\/fr\/wp-json\/wp\/v2\/types\/post"}],"author":[{"embeddable":true,"href":"https:\/\/preprod.proterrasancta.org\/fr\/wp-json\/wp\/v2\/users\/35"}],"replies":[{"embeddable":true,"href":"https:\/\/preprod.proterrasancta.org\/fr\/wp-json\/wp\/v2\/comments?post=104943"}],"version-history":[{"count":0,"href":"https:\/\/preprod.proterrasancta.org\/fr\/wp-json\/wp\/v2\/posts\/104943\/revisions"}],"wp:featuredmedia":[{"embeddable":true,"href":"https:\/\/preprod.proterrasancta.org\/fr\/wp-json\/wp\/v2\/media\/104927"}],"wp:attachment":[{"href":"https:\/\/preprod.proterrasancta.org\/fr\/wp-json\/wp\/v2\/media?parent=104943"}],"wp:term":[{"taxonomy":"category","embeddable":true,"href":"https:\/\/preprod.proterrasancta.org\/fr\/wp-json\/wp\/v2\/categories?post=104943"},{"taxonomy":"post_tag","embeddable":true,"href":"https:\/\/preprod.proterrasancta.org\/fr\/wp-json\/wp\/v2\/tags?post=104943"},{"taxonomy":"campaign_code","embeddable":true,"href":"https:\/\/preprod.proterrasancta.org\/fr\/wp-json\/wp\/v2\/campaign_code?post=104943"}],"curies":[{"name":"wp","href":"https:\/\/api.w.org\/{rel}","templated":true}]}}