{"id":104924,"date":"2018-07-03T00:32:51","date_gmt":"2018-07-02T21:32:51","guid":{"rendered":"https:\/\/www.proterrasancta.org\/?post_type=fr-post&#038;p=104924"},"modified":"2021-09-09T16:45:37","modified_gmt":"2021-09-09T14:45:37","slug":"de-babylone-a-rhodes-le-voyage-dahmed-et-de-sa-famille","status":"publish","type":"post","link":"https:\/\/preprod.proterrasancta.org\/fr\/de-babylone-a-rhodes-le-voyage-dahmed-et-de-sa-famille\/","title":{"rendered":"De Babylone \u00e0 Rhodes, le voyage d&rsquo;Ahmed et de sa famille"},"content":{"rendered":"<p><em>L&rsquo;universit\u00e9, le travail avec une compagnie am\u00e9ricaine et le refus de rejoindre la <strong>milice islamique<\/strong>. Donc, le vol de <strong>l&rsquo;Irak<\/strong> \u00e0 la <strong>Turquie<\/strong> \u00e0 <strong>Rhodes<\/strong>, pour la libert\u00e9. Et puis la rencontre avec le fr\u00e8re Luke Gregory, l&rsquo;aide de l&rsquo;Association pro Terra Sancta et le voyage vers la conversion avec les franciscains de la <strong>Custodie de Terre Sainte<\/strong>. L&rsquo;histoire d&rsquo;Ahmed et de sa belle famille.<\/em><\/p>\n<p><strong>Ahmed<\/strong> est n\u00e9 dans la province de <strong>Babylone en Irak<\/strong>, en 1984. Depuis 2006, il \u00e9tudie les math\u00e9matiques \u00e0 l&rsquo;universit\u00e9 o\u00f9 il rencontre Ameena, sa future \u00e9pouse. L&rsquo;ann\u00e9e suivante, ils se mari\u00e8rent et les deux premiers fils, Fatma et Hassan, arriv\u00e8rent.<\/p>\n<p>Depuis l&rsquo;\u00e9poque de l&rsquo;Universit\u00e9 Ahmed, un <strong>musulman<\/strong> de naissance, il a toujours ressenti une forte attirance pour le <strong>christianisme<\/strong>. Le dialogue libre et sinc\u00e8re avec quelques amis chr\u00e9tiens de l&rsquo;universit\u00e9 et avec le voisin catholique, n&rsquo;a pas augment\u00e9 en lui ce grand d\u00e9sir, d\u00e9sir que sa femme et sa famille ont toujours partag\u00e9. Sa grande ouverture et son travail dans une compagnie p\u00e9troli\u00e8re am\u00e9ricaine sont, cependant, parmi les principales raisons pour lesquelles il sera alors forc\u00e9 de fuir. Imm\u00e9diatement, Ahmed <strong>refuse de rejoindre le Hezbollah<\/strong> et cela ennuie beaucoup de fanatiques islamistes de la r\u00e9gion qui, connaissant son travail pour la compagnie am\u00e9ricaine, demandent la somme absurde de 50 000 dollars.<\/p>\n<p>En quelques mois, les pressions et les menaces augmentent: Ahmed et sa femme se sentent souvent suivis et observ\u00e9s. Il est contraint de fuir vers <strong>Samawa<\/strong>, une ville situ\u00e9e \u00e0 mi-chemin entre <strong>Bagdad et Bassorah<\/strong>, \u00e0 environ 150 kilom\u00e8tres de sa ville natale. Sa femme se r\u00e9fugie plut\u00f4t dans la maison des parents. Pendant ce temps, il contacte l&rsquo;ambassade des <strong>\u00c9tats-Unis<\/strong> pour demander <strong>un visa<\/strong> pour quitter le pays, mais ne peut pas l&rsquo;obtenir avant les v\u00e9rifications n\u00e9cessaires et le temps disponible est court. Aussi parce qu&rsquo;en 2017 les miliciens essaient de kidnapper sa fille.<\/p>\n<p>Ils sont contraints de <strong>quitter le pays<\/strong> imm\u00e9diatement \u00e0 destination d&rsquo;<strong>Ankara, en Turquie<\/strong>. De l\u00e0, ils vont dans l&rsquo;un des nombreux <strong>camps de r\u00e9fugi\u00e9s des Nations Unies<\/strong> dans le pays, o\u00f9 ils peuvent rester tranquilles pendant un certain temps et d\u00e9cider calmement de leurs futurs voyages. En attendant, cependant, l&rsquo;\u00e9tat physique de sa femme, d\u00e9j\u00e0 affect\u00e9 par l&rsquo;<strong>hypertension intracr\u00e2nienne<\/strong>, s&rsquo;aggrave. Ahmed aimerait l&#8217;emmener dans un h\u00f4pital d\u00e9cent \u00e0 Izmir, mais pour ce faire, il a <strong>besoin de fonds<\/strong>. Il s&rsquo;adresse \u00e0 la communaut\u00e9 Facebook o\u00f9, en plus de la <strong>demande d&rsquo;aide<\/strong>, il exprime \u00e9galement ses perplexit\u00e9s sur l&rsquo;islam. Waleed r\u00e9pond qu&rsquo;il offre 300 livres turques, l&rsquo;\u00e9quivalent de 100 euros, mais c&rsquo;est un pi\u00e8ge. Waleed, en fait, est \u00e9galement un partisan du <strong>Hezbollah<\/strong> et, apr\u00e8s leur rencontre, le suit avec d&rsquo;autres au camp de r\u00e9fugi\u00e9s pour l&rsquo;interroger et l&rsquo;inciter \u00e0 se repentir de ses d\u00e9clarations. Mais Ahmed refuse et est forc\u00e9 d&rsquo;organiser une autre \u00e9vasion.<\/p>\n<p>Il s&rsquo;enfuit sur un <strong>bateau vers l&rsquo;Europe<\/strong> avec 32 autres personnes et sa famille. Ils atterrissent sur l&rsquo;\u00eele grecque de Rhodes pour \u00eatre ensuite transf\u00e9r\u00e9s au centre de r\u00e9fugi\u00e9s temporaire de l&rsquo;\u00eele, un ancien abattoir dans de mauvaises conditions.<\/p>\n<p>Ici, il a rencontr\u00e9 le fr\u00e8re Luc Gr\u00e9goire, la <strong>Custodie franciscaine de Terre Sainte<\/strong> avec le soutien de l&rsquo;<strong>ATS pro Terra Sancta<\/strong> apporte des soins et de premi\u00e8re n\u00e9cessit\u00e9 aux r\u00e9fugi\u00e9s du centre. Une r\u00e9union qui am\u00e8ne Ahmed et sa famille \u00e0 la <strong>conversion et au bapt\u00eame<\/strong> le 24 janvier 2018. Aujourd&rsquo;hui, ils vivent en Cr\u00e8te o\u00f9 sa femme peut recevoir le traitement n\u00e9cessaire, mais ils nous \u00e9crivent souvent. Toujours remercier pour l&rsquo;aide et l&rsquo;accueil \u00e0 la fin d&rsquo;un voyage long et troubl\u00e9, <strong>de Babylone \u00e0 Rhodes, de l&rsquo;Islam au Christianisme<\/strong>.<\/p>\n","protected":false},"excerpt":{"rendered":"<p>L&rsquo;universit\u00e9, le travail avec une compagnie am\u00e9ricaine et le refus de rejoindre la milice islamique. Donc, le vol de l&rsquo;Irak \u00e0 la Turquie \u00e0 Rhodes, pour la libert\u00e9. Et puis la rencontre avec le fr\u00e8re Luke Gregory, l&rsquo;aide de l&rsquo;Association pro Terra Sancta et le voyage vers la conversion avec les franciscains de la Custodie [&hellip;]<\/p>\n","protected":false},"author":35,"featured_media":104913,"comment_status":"closed","ping_status":"closed","sticky":false,"template":"","format":"standard","meta":{"_acf_changed":false,"inline_featured_image":false,"footnotes":""},"categories":[9722],"tags":[],"campaign_code":[],"class_list":["post-104924","post","type-post","status-publish","format-standard","has-post-thumbnail","hentry","category-non-classifiee"],"acf":[],"yoast_head":"<!-- This site is optimized with the Yoast SEO Premium plugin v17.7 (Yoast SEO v19.14) - https:\/\/yoast.com\/wordpress\/plugins\/seo\/ -->\n<title>De Babylone \u00e0 Rhodes, le voyage d&#039;Ahmed et de sa famille | Pro Terra Sancta<\/title>\n<meta name=\"robots\" content=\"noindex, follow, max-snippet:-1, max-image-preview:large, max-video-preview:-1\" \/>\n<meta property=\"og:locale\" content=\"fr_FR\" \/>\n<meta property=\"og:type\" content=\"article\" \/>\n<meta property=\"og:title\" content=\"De Babylone \u00e0 Rhodes, le voyage d&#039;Ahmed et de sa famille\" \/>\n<meta property=\"og:description\" content=\"L&rsquo;universit\u00e9, le travail avec une compagnie am\u00e9ricaine et le refus de rejoindre la milice islamique. Donc, le vol de l&rsquo;Irak \u00e0 la Turquie \u00e0 Rhodes, pour la libert\u00e9. Et puis la rencontre avec le fr\u00e8re Luke Gregory, l&rsquo;aide de l&rsquo;Association pro Terra Sancta et le voyage vers la conversion avec les franciscains de la Custodie [&hellip;]\" \/>\n<meta property=\"og:url\" content=\"https:\/\/preprod.proterrasancta.org\/fr\/de-babylone-a-rhodes-le-voyage-dahmed-et-de-sa-famille\/\" \/>\n<meta property=\"og:site_name\" content=\"Pro Terra Sancta\" \/>\n<meta property=\"article:publisher\" content=\"https:\/\/www.facebook.com\/proterrasancta\/\" \/>\n<meta property=\"article:published_time\" content=\"2018-07-02T21:32:51+00:00\" \/>\n<meta property=\"article:modified_time\" content=\"2021-09-09T14:45:37+00:00\" \/>\n<meta property=\"og:image\" content=\"https:\/\/preprod.proterrasancta.org\/wp-content\/uploads\/Bimbo.jpg\" \/>\n\t<meta property=\"og:image:width\" content=\"1000\" \/>\n\t<meta property=\"og:image:height\" content=\"750\" \/>\n\t<meta property=\"og:image:type\" content=\"image\/jpeg\" \/>\n<meta name=\"author\" content=\"Giacomo Pizzi\" \/>\n<meta name=\"twitter:card\" content=\"summary_large_image\" \/>\n<meta name=\"twitter:creator\" content=\"@proterrasancta\" \/>\n<meta name=\"twitter:site\" content=\"@proterrasancta\" \/>\n<meta name=\"twitter:label1\" content=\"\u00c9crit par\" \/>\n\t<meta name=\"twitter:data1\" content=\"Giacomo Pizzi\" \/>\n\t<meta name=\"twitter:label2\" content=\"Dur\u00e9e de lecture est.\" \/>\n\t<meta name=\"twitter:data2\" content=\"3 minutes\" \/>\n<script type=\"application\/ld+json\" class=\"yoast-schema-graph\">{\"@context\":\"https:\/\/schema.org\",\"@graph\":[{\"@type\":\"Article\",\"@id\":\"https:\/\/preprod.proterrasancta.org\/fr\/de-babylone-a-rhodes-le-voyage-dahmed-et-de-sa-famille\/#article\",\"isPartOf\":{\"@id\":\"https:\/\/preprod.proterrasancta.org\/fr\/de-babylone-a-rhodes-le-voyage-dahmed-et-de-sa-famille\/\"},\"author\":{\"name\":\"Giacomo Pizzi\",\"@id\":\"https:\/\/preprod.proterrasancta.org\/it\/#\/schema\/person\/c03a0c97a2c22a2681d54e29de17430c\"},\"headline\":\"De Babylone \u00e0 Rhodes, le voyage d&rsquo;Ahmed et de sa famille\",\"datePublished\":\"2018-07-02T21:32:51+00:00\",\"dateModified\":\"2021-09-09T14:45:37+00:00\",\"mainEntityOfPage\":{\"@id\":\"https:\/\/preprod.proterrasancta.org\/fr\/de-babylone-a-rhodes-le-voyage-dahmed-et-de-sa-famille\/\"},\"wordCount\":678,\"publisher\":{\"@id\":\"https:\/\/preprod.proterrasancta.org\/it\/#organization\"},\"articleSection\":[\"Non classifi\u00e9(e)\"],\"inLanguage\":\"fr-FR\"},{\"@type\":\"WebPage\",\"@id\":\"https:\/\/preprod.proterrasancta.org\/fr\/de-babylone-a-rhodes-le-voyage-dahmed-et-de-sa-famille\/\",\"url\":\"https:\/\/preprod.proterrasancta.org\/fr\/de-babylone-a-rhodes-le-voyage-dahmed-et-de-sa-famille\/\",\"name\":\"De Babylone \u00e0 Rhodes, le voyage d'Ahmed et de sa famille | Pro Terra Sancta\",\"isPartOf\":{\"@id\":\"https:\/\/preprod.proterrasancta.org\/it\/#website\"},\"datePublished\":\"2018-07-02T21:32:51+00:00\",\"dateModified\":\"2021-09-09T14:45:37+00:00\",\"breadcrumb\":{\"@id\":\"https:\/\/preprod.proterrasancta.org\/fr\/de-babylone-a-rhodes-le-voyage-dahmed-et-de-sa-famille\/#breadcrumb\"},\"inLanguage\":\"fr-FR\",\"potentialAction\":[{\"@type\":\"ReadAction\",\"target\":[\"https:\/\/preprod.proterrasancta.org\/fr\/de-babylone-a-rhodes-le-voyage-dahmed-et-de-sa-famille\/\"]}]},{\"@type\":\"BreadcrumbList\",\"@id\":\"https:\/\/preprod.proterrasancta.org\/fr\/de-babylone-a-rhodes-le-voyage-dahmed-et-de-sa-famille\/#breadcrumb\",\"itemListElement\":[{\"@type\":\"ListItem\",\"position\":1,\"name\":\"Home\",\"item\":\"https:\/\/preprod.proterrasancta.org\/it\/\"},{\"@type\":\"ListItem\",\"position\":2,\"name\":\"De Babylone \u00e0 Rhodes, le voyage d&rsquo;Ahmed et de sa famille\"}]},{\"@type\":\"WebSite\",\"@id\":\"https:\/\/preprod.proterrasancta.org\/it\/#website\",\"url\":\"https:\/\/preprod.proterrasancta.org\/it\/\",\"name\":\"Pro Terra Sancta\",\"description\":\"To foster bonds between the Holy Land and the world\",\"publisher\":{\"@id\":\"https:\/\/preprod.proterrasancta.org\/it\/#organization\"},\"potentialAction\":[{\"@type\":\"SearchAction\",\"target\":{\"@type\":\"EntryPoint\",\"urlTemplate\":\"https:\/\/preprod.proterrasancta.org\/it\/?s={search_term_string}\"},\"query-input\":\"required name=search_term_string\"}],\"inLanguage\":\"fr-FR\"},{\"@type\":\"Organization\",\"@id\":\"https:\/\/preprod.proterrasancta.org\/it\/#organization\",\"name\":\"Associazione Pro Terra Sancta\",\"url\":\"https:\/\/preprod.proterrasancta.org\/it\/\",\"logo\":{\"@type\":\"ImageObject\",\"inLanguage\":\"fr-FR\",\"@id\":\"https:\/\/preprod.proterrasancta.org\/it\/#\/schema\/logo\/image\/\",\"url\":\"https:\/\/www.proterrasancta.org\/wp-content\/uploads\/Logo_ProTerraSancta_Colori_web_high_modificato.jpg\",\"contentUrl\":\"https:\/\/www.proterrasancta.org\/wp-content\/uploads\/Logo_ProTerraSancta_Colori_web_high_modificato.jpg\",\"width\":1018,\"height\":576,\"caption\":\"Associazione Pro Terra Sancta\"},\"image\":{\"@id\":\"https:\/\/preprod.proterrasancta.org\/it\/#\/schema\/logo\/image\/\"},\"sameAs\":[\"https:\/\/www.instagram.com\/proterrasancta\/\",\"https:\/\/www.linkedin.com\/company\/pro-terra-sancta\/\",\"https:\/\/www.youtube.com\/user\/proterrasancta\",\"https:\/\/www.facebook.com\/proterrasancta\/\",\"https:\/\/twitter.com\/proterrasancta\"]},{\"@type\":\"Person\",\"@id\":\"https:\/\/preprod.proterrasancta.org\/it\/#\/schema\/person\/c03a0c97a2c22a2681d54e29de17430c\",\"name\":\"Giacomo Pizzi\",\"image\":{\"@type\":\"ImageObject\",\"inLanguage\":\"fr-FR\",\"@id\":\"https:\/\/preprod.proterrasancta.org\/it\/#\/schema\/person\/image\/\",\"url\":\"https:\/\/secure.gravatar.com\/avatar\/900c575219bd8bb5f7711ce33f0e43ea?s=96&d=mm&r=g\",\"contentUrl\":\"https:\/\/secure.gravatar.com\/avatar\/900c575219bd8bb5f7711ce33f0e43ea?s=96&d=mm&r=g\",\"caption\":\"Giacomo Pizzi\"},\"url\":\"https:\/\/preprod.proterrasancta.org\/fr\/author\/pizzi\/\"}]}<\/script>\n<!-- \/ Yoast SEO Premium plugin. -->","yoast_head_json":{"title":"De Babylone \u00e0 Rhodes, le voyage d'Ahmed et de sa famille | Pro Terra Sancta","robots":{"index":"noindex","follow":"follow","max-snippet":"max-snippet:-1","max-image-preview":"max-image-preview:large","max-video-preview":"max-video-preview:-1"},"og_locale":"fr_FR","og_type":"article","og_title":"De Babylone \u00e0 Rhodes, le voyage d'Ahmed et de sa famille","og_description":"L&rsquo;universit\u00e9, le travail avec une compagnie am\u00e9ricaine et le refus de rejoindre la milice islamique. Donc, le vol de l&rsquo;Irak \u00e0 la Turquie \u00e0 Rhodes, pour la libert\u00e9. Et puis la rencontre avec le fr\u00e8re Luke Gregory, l&rsquo;aide de l&rsquo;Association pro Terra Sancta et le voyage vers la conversion avec les franciscains de la Custodie [&hellip;]","og_url":"https:\/\/preprod.proterrasancta.org\/fr\/de-babylone-a-rhodes-le-voyage-dahmed-et-de-sa-famille\/","og_site_name":"Pro Terra Sancta","article_publisher":"https:\/\/www.facebook.com\/proterrasancta\/","article_published_time":"2018-07-02T21:32:51+00:00","article_modified_time":"2021-09-09T14:45:37+00:00","og_image":[{"width":1000,"height":750,"url":"https:\/\/preprod.proterrasancta.org\/wp-content\/uploads\/Bimbo.jpg","type":"image\/jpeg"}],"author":"Giacomo Pizzi","twitter_card":"summary_large_image","twitter_creator":"@proterrasancta","twitter_site":"@proterrasancta","twitter_misc":{"\u00c9crit par":"Giacomo Pizzi","Dur\u00e9e de lecture est.":"3 minutes"},"schema":{"@context":"https:\/\/schema.org","@graph":[{"@type":"Article","@id":"https:\/\/preprod.proterrasancta.org\/fr\/de-babylone-a-rhodes-le-voyage-dahmed-et-de-sa-famille\/#article","isPartOf":{"@id":"https:\/\/preprod.proterrasancta.org\/fr\/de-babylone-a-rhodes-le-voyage-dahmed-et-de-sa-famille\/"},"author":{"name":"Giacomo Pizzi","@id":"https:\/\/preprod.proterrasancta.org\/it\/#\/schema\/person\/c03a0c97a2c22a2681d54e29de17430c"},"headline":"De Babylone \u00e0 Rhodes, le voyage d&rsquo;Ahmed et de sa famille","datePublished":"2018-07-02T21:32:51+00:00","dateModified":"2021-09-09T14:45:37+00:00","mainEntityOfPage":{"@id":"https:\/\/preprod.proterrasancta.org\/fr\/de-babylone-a-rhodes-le-voyage-dahmed-et-de-sa-famille\/"},"wordCount":678,"publisher":{"@id":"https:\/\/preprod.proterrasancta.org\/it\/#organization"},"articleSection":["Non classifi\u00e9(e)"],"inLanguage":"fr-FR"},{"@type":"WebPage","@id":"https:\/\/preprod.proterrasancta.org\/fr\/de-babylone-a-rhodes-le-voyage-dahmed-et-de-sa-famille\/","url":"https:\/\/preprod.proterrasancta.org\/fr\/de-babylone-a-rhodes-le-voyage-dahmed-et-de-sa-famille\/","name":"De Babylone \u00e0 Rhodes, le voyage d'Ahmed et de sa famille | Pro Terra Sancta","isPartOf":{"@id":"https:\/\/preprod.proterrasancta.org\/it\/#website"},"datePublished":"2018-07-02T21:32:51+00:00","dateModified":"2021-09-09T14:45:37+00:00","breadcrumb":{"@id":"https:\/\/preprod.proterrasancta.org\/fr\/de-babylone-a-rhodes-le-voyage-dahmed-et-de-sa-famille\/#breadcrumb"},"inLanguage":"fr-FR","potentialAction":[{"@type":"ReadAction","target":["https:\/\/preprod.proterrasancta.org\/fr\/de-babylone-a-rhodes-le-voyage-dahmed-et-de-sa-famille\/"]}]},{"@type":"BreadcrumbList","@id":"https:\/\/preprod.proterrasancta.org\/fr\/de-babylone-a-rhodes-le-voyage-dahmed-et-de-sa-famille\/#breadcrumb","itemListElement":[{"@type":"ListItem","position":1,"name":"Home","item":"https:\/\/preprod.proterrasancta.org\/it\/"},{"@type":"ListItem","position":2,"name":"De Babylone \u00e0 Rhodes, le voyage d&rsquo;Ahmed et de sa famille"}]},{"@type":"WebSite","@id":"https:\/\/preprod.proterrasancta.org\/it\/#website","url":"https:\/\/preprod.proterrasancta.org\/it\/","name":"Pro Terra Sancta","description":"To foster bonds between the Holy Land and the world","publisher":{"@id":"https:\/\/preprod.proterrasancta.org\/it\/#organization"},"potentialAction":[{"@type":"SearchAction","target":{"@type":"EntryPoint","urlTemplate":"https:\/\/preprod.proterrasancta.org\/it\/?s={search_term_string}"},"query-input":"required name=search_term_string"}],"inLanguage":"fr-FR"},{"@type":"Organization","@id":"https:\/\/preprod.proterrasancta.org\/it\/#organization","name":"Associazione Pro Terra Sancta","url":"https:\/\/preprod.proterrasancta.org\/it\/","logo":{"@type":"ImageObject","inLanguage":"fr-FR","@id":"https:\/\/preprod.proterrasancta.org\/it\/#\/schema\/logo\/image\/","url":"https:\/\/www.proterrasancta.org\/wp-content\/uploads\/Logo_ProTerraSancta_Colori_web_high_modificato.jpg","contentUrl":"https:\/\/www.proterrasancta.org\/wp-content\/uploads\/Logo_ProTerraSancta_Colori_web_high_modificato.jpg","width":1018,"height":576,"caption":"Associazione Pro Terra Sancta"},"image":{"@id":"https:\/\/preprod.proterrasancta.org\/it\/#\/schema\/logo\/image\/"},"sameAs":["https:\/\/www.instagram.com\/proterrasancta\/","https:\/\/www.linkedin.com\/company\/pro-terra-sancta\/","https:\/\/www.youtube.com\/user\/proterrasancta","https:\/\/www.facebook.com\/proterrasancta\/","https:\/\/twitter.com\/proterrasancta"]},{"@type":"Person","@id":"https:\/\/preprod.proterrasancta.org\/it\/#\/schema\/person\/c03a0c97a2c22a2681d54e29de17430c","name":"Giacomo Pizzi","image":{"@type":"ImageObject","inLanguage":"fr-FR","@id":"https:\/\/preprod.proterrasancta.org\/it\/#\/schema\/person\/image\/","url":"https:\/\/secure.gravatar.com\/avatar\/900c575219bd8bb5f7711ce33f0e43ea?s=96&d=mm&r=g","contentUrl":"https:\/\/secure.gravatar.com\/avatar\/900c575219bd8bb5f7711ce33f0e43ea?s=96&d=mm&r=g","caption":"Giacomo Pizzi"},"url":"https:\/\/preprod.proterrasancta.org\/fr\/author\/pizzi\/"}]}},"_links":{"self":[{"href":"https:\/\/preprod.proterrasancta.org\/fr\/wp-json\/wp\/v2\/posts\/104924"}],"collection":[{"href":"https:\/\/preprod.proterrasancta.org\/fr\/wp-json\/wp\/v2\/posts"}],"about":[{"href":"https:\/\/preprod.proterrasancta.org\/fr\/wp-json\/wp\/v2\/types\/post"}],"author":[{"embeddable":true,"href":"https:\/\/preprod.proterrasancta.org\/fr\/wp-json\/wp\/v2\/users\/35"}],"replies":[{"embeddable":true,"href":"https:\/\/preprod.proterrasancta.org\/fr\/wp-json\/wp\/v2\/comments?post=104924"}],"version-history":[{"count":0,"href":"https:\/\/preprod.proterrasancta.org\/fr\/wp-json\/wp\/v2\/posts\/104924\/revisions"}],"wp:featuredmedia":[{"embeddable":true,"href":"https:\/\/preprod.proterrasancta.org\/fr\/wp-json\/wp\/v2\/media\/104913"}],"wp:attachment":[{"href":"https:\/\/preprod.proterrasancta.org\/fr\/wp-json\/wp\/v2\/media?parent=104924"}],"wp:term":[{"taxonomy":"category","embeddable":true,"href":"https:\/\/preprod.proterrasancta.org\/fr\/wp-json\/wp\/v2\/categories?post=104924"},{"taxonomy":"post_tag","embeddable":true,"href":"https:\/\/preprod.proterrasancta.org\/fr\/wp-json\/wp\/v2\/tags?post=104924"},{"taxonomy":"campaign_code","embeddable":true,"href":"https:\/\/preprod.proterrasancta.org\/fr\/wp-json\/wp\/v2\/campaign_code?post=104924"}],"curies":[{"name":"wp","href":"https:\/\/api.w.org\/{rel}","templated":true}]}}