{"id":104864,"date":"2018-06-14T18:48:21","date_gmt":"2018-06-14T15:48:21","guid":{"rendered":"https:\/\/www.proterrasancta.org\/?post_type=fr-post&#038;p=104864"},"modified":"2021-09-09T16:45:38","modified_gmt":"2021-09-09T14:45:38","slug":"le-mosaique-centre-une-nouvelle-opportunite-pour-bethleem","status":"publish","type":"post","link":"https:\/\/preprod.proterrasancta.org\/fr\/le-mosaique-centre-une-nouvelle-opportunite-pour-bethleem\/","title":{"rendered":"Le Mosa\u00efque Centre : une nouvelle opportunit\u00e9 pour Bethl\u00e9em"},"content":{"rendered":"<p>Un nouveau centre de mosa\u00efques a \u00e9t\u00e9 inaugur\u00e9 \u00e0 Bethl\u00e9em pour pr\u00e9server la beaut\u00e9 de la vieille ville et pour promouvoir de nouvelles opportunit\u00e9s d&#8217;emploi pour la jeunesse locale.\u00a0Le centre est n\u00e9 dans le projet \u00ab\u00a0<strong>Nouveaux Mosa\u00efstes pour Bethl\u00e9em<\/strong>\u00a0\u00bb et est promu par <strong>ATS pro Terra Sancta<\/strong> gr\u00e2ce au soutien de l&rsquo;Association Amis de P. Kaswalder, de l\u2019Association des Artisans de Trente, de l\u2019Association des Missions Franciscaines de Trente, d\u2019Aca de Vita avec le patronage de la Province autonome de Trente.<\/p>\n<p>\u00ab\u00a0La mosa\u00efque fait partie de notre culture !\u00a0\u00bb\u00a0explique Oussama Hamdan, directeur du <strong>Jerico Mosaic Centre<\/strong>, qui promeut depuis des ann\u00e9es le patrimoine culturel palestinien \u00e0 travers la conservation, la restauration et la production artistique.\u00a0Sur la base de cette exp\u00e9rience, ce projet vise \u00e0 am\u00e9liorer les conditions \u00e9conomiques et sociales de la population de Bethl\u00e9em (o\u00f9 le ch\u00f4mage atteint 26% et les chiffres augmentent pour les femmes).\u00a0\u00ab\u00a0Bethl\u00e9em m\u00e9rite beaucoup plus, &#8211; continue le directeur du Centre Mosaic &#8211; m\u00e9rite surtout d&rsquo;am\u00e9liorer la tradition de son m\u00e9tier d&rsquo;un point de vue qualitatif.\u00a0Il y a 500 ans, les Franciscains de la Custodie de Terre Sainte enseignaient aux chr\u00e9tiens locaux l&rsquo;art de travailler avec la nacre et le bois d&rsquo;olivier, mais l&rsquo;art de la mosa\u00efque a des racines encore plus fortes avec Bethl\u00e9em et son territoire (Champ de Bergers et H\u00e9rodion) \u00bb.<br \/>\nPendant le discours d&rsquo;inauguration du 27 mai dernier, le Custode de Terre Sainte Fr. Francesco Patton, a affirm\u00e9 : \u00ab\u00a0Il faut donner la vie en partant des racines!\u00a0Si vous pensez aux c\u00e9l\u00e8bres et splendides mosa\u00efques byzantines de la basilique de la Nativit\u00e9, r\u00e9cemment restaur\u00e9e, le nouveau centre de mosa\u00efque se connecte fortement avec l&rsquo;histoire et la tradition ancienne de cette ville \u00ab\u00a0.<\/p>\n<p>La structure permettra d&rsquo;am\u00e9liorer Star Street, l&rsquo;ancienne et principale route de la basilique de la Nativit\u00e9.\u00a0Et sous la direction de l&rsquo;architecte Osama Hamdan, une ancienne boulangerie appartenant \u00e0 la Custodie de Terre Sainte, aujourd&rsquo;hui abandonn\u00e9e dans le cadre du centre historique, a \u00e9t\u00e9 restaur\u00e9e apr\u00e8s huit mois.\u00a0\u00a0\u00ab\u00a0Notre id\u00e9e est de pr\u00e9server l&rsquo;histoire et la vie d&rsquo;un lieu !\u00a0Ainsi &#8211; poursuit Hamdan &#8211; nous avons conserv\u00e9 tous les \u00e9l\u00e9ments architecturaux anciens, y compris le four et le pl\u00e2tre noirci \u00ab\u00a0.<br \/>\nPour maintenir ces nouveaux locaux, douze jeunes gar\u00e7ons et filles de Bethl\u00e9em, provenant de contextes familiaux avec conditions \u00e9conomiques pr\u00e9caires ou au ch\u00f4mage, apprendront l&rsquo;art ancien de la mosa\u00efque \u00e0 travers deux formations de trois mois chacune.\u00a0\u00ab Certains des gars que nous avons choisis &#8211; explique le coordinateur du projet Melania Roma (ATS) &#8211; avaient d\u00e9j\u00e0 suivi des cours de mosa\u00efque en 2016 gr\u00e2ce \u00e0 un projet financ\u00e9 par la CEI. Ce sont aussi de jeunes dipl\u00f4m\u00e9s afin que ce centre puisse faciliter leur int\u00e9gration dans le monde du travail dans le domaine de la restauration \u00ab\u00a0.<\/p>\n<p>Le centre sera \u00e9galement un atelier culturel pour des centaines de jeunes \u00e9tudiants et leurs enseignants, qui pourront participer \u00e0 des visites et des ateliers, mais aussi un lieu de formation pour les promoteurs touristiques.<br \/>\nDans sa cour, les p\u00e8lerins, les visiteurs et les habitants eux-m\u00eames pourront lire aussi des livres sur l&rsquo;histoire de Bethl\u00e9em, assister \u00e0 l&rsquo;\u0153uvre et comprendre la vie de la mosa\u00efque.\u00a0En effet, \u00e0 l&rsquo;avenir, il y aura aussi des collaborations avec des restaurateurs italiens experts de la province de Trente, qui pourront aider les jeunes dans une formation de haute qualit\u00e9 et de nouvelles strat\u00e9gies de vente pour leurs produits \u00e0 l&rsquo;\u00e9tranger.<\/p>\n<p>\u00ab\u00a0Le travail &#8211; dit Vincenzo Bellomo, responsable des projets ATS \u00e0 Bethl\u00e9em &#8211; est aussi un hommage \u00e0 la figure du P. Michele Piccirillo, le grand arch\u00e9ologue qui a pass\u00e9 toute sa vie \u00e0 d\u00e9couvrir et valoriser ce grand tr\u00e9sor qu&rsquo;est la mosa\u00efque\u00a0\u00bb.\u00a0Selon le consul italien Fabio Sokolowicz, \u00ab\u00a0le centre est l&rsquo;occasion de pr\u00e9server le grand patrimoine culturel palestinien, de cr\u00e9er le d\u00e9veloppement et le travail, mais surtout de travailler pour le dialogue et la paix.\u00a0\u00a0Les mosa\u00efques sont et seront pour Bethl\u00e9em le symbole de la vie en harmonie ! \u00ab\u00a0.<\/p>\n<h3 style=\"text-align: center;\"><a href=\"https:\/\/www.proterrasancta.org\/project\/fr\/bethleem-dar-majus-community-home\/\"><span style=\"text-decoration: underline;\"><strong>En savoir plus sur nos activit\u00e9s \u00e0 Bethl\u00e9em !<\/strong><\/span><\/a><\/h3>\n","protected":false},"excerpt":{"rendered":"<p>Un nouveau centre de mosa\u00efques a \u00e9t\u00e9 inaugur\u00e9 \u00e0 Bethl\u00e9em pour pr\u00e9server la beaut\u00e9 de la vieille ville et pour promouvoir de nouvelles opportunit\u00e9s d&#8217;emploi pour la jeunesse locale.\u00a0Le centre est n\u00e9 dans le projet \u00ab\u00a0Nouveaux Mosa\u00efstes pour Bethl\u00e9em\u00a0\u00bb et est promu par ATS pro Terra Sancta gr\u00e2ce au soutien de l&rsquo;Association Amis de P. [&hellip;]<\/p>\n","protected":false},"author":35,"featured_media":104849,"comment_status":"closed","ping_status":"closed","sticky":false,"template":"","format":"standard","meta":{"_acf_changed":false,"inline_featured_image":false,"footnotes":""},"categories":[9722],"tags":[],"campaign_code":[],"class_list":["post-104864","post","type-post","status-publish","format-standard","has-post-thumbnail","hentry","category-non-classifiee"],"acf":[],"yoast_head":"<!-- This site is optimized with the Yoast SEO Premium plugin v17.7 (Yoast SEO v19.14) - https:\/\/yoast.com\/wordpress\/plugins\/seo\/ -->\n<title>Le Mosa\u00efque Centre : une nouvelle opportunit\u00e9 pour Bethl\u00e9em | Pro Terra Sancta<\/title>\n<meta name=\"robots\" content=\"noindex, follow, max-snippet:-1, max-image-preview:large, max-video-preview:-1\" \/>\n<meta property=\"og:locale\" content=\"fr_FR\" \/>\n<meta property=\"og:type\" content=\"article\" \/>\n<meta property=\"og:title\" content=\"Le Mosa\u00efque Centre : une nouvelle opportunit\u00e9 pour Bethl\u00e9em\" \/>\n<meta property=\"og:description\" content=\"Un nouveau centre de mosa\u00efques a \u00e9t\u00e9 inaugur\u00e9 \u00e0 Bethl\u00e9em pour pr\u00e9server la beaut\u00e9 de la vieille ville et pour promouvoir de nouvelles opportunit\u00e9s d&#8217;emploi pour la jeunesse locale.\u00a0Le centre est n\u00e9 dans le projet \u00ab\u00a0Nouveaux Mosa\u00efstes pour Bethl\u00e9em\u00a0\u00bb et est promu par ATS pro Terra Sancta gr\u00e2ce au soutien de l&rsquo;Association Amis de P. [&hellip;]\" \/>\n<meta property=\"og:url\" content=\"https:\/\/preprod.proterrasancta.org\/fr\/le-mosaique-centre-une-nouvelle-opportunite-pour-bethleem\/\" \/>\n<meta property=\"og:site_name\" content=\"Pro Terra Sancta\" \/>\n<meta property=\"article:publisher\" content=\"https:\/\/www.facebook.com\/proterrasancta\/\" \/>\n<meta property=\"article:published_time\" content=\"2018-06-14T15:48:21+00:00\" \/>\n<meta property=\"article:modified_time\" content=\"2021-09-09T14:45:38+00:00\" \/>\n<meta property=\"og:image\" content=\"https:\/\/preprod.proterrasancta.org\/wp-content\/uploads\/33662807_10160274406070265_4746580581733629952_n.jpg\" \/>\n\t<meta property=\"og:image:width\" content=\"960\" \/>\n\t<meta property=\"og:image:height\" content=\"720\" \/>\n\t<meta property=\"og:image:type\" content=\"image\/jpeg\" \/>\n<meta name=\"author\" content=\"Giacomo Pizzi\" \/>\n<meta name=\"twitter:card\" content=\"summary_large_image\" \/>\n<meta name=\"twitter:creator\" content=\"@proterrasancta\" \/>\n<meta name=\"twitter:site\" content=\"@proterrasancta\" \/>\n<meta name=\"twitter:label1\" content=\"\u00c9crit par\" \/>\n\t<meta name=\"twitter:data1\" content=\"Giacomo Pizzi\" \/>\n\t<meta name=\"twitter:label2\" content=\"Dur\u00e9e de lecture est.\" \/>\n\t<meta name=\"twitter:data2\" content=\"4 minutes\" \/>\n<script type=\"application\/ld+json\" class=\"yoast-schema-graph\">{\"@context\":\"https:\/\/schema.org\",\"@graph\":[{\"@type\":\"Article\",\"@id\":\"https:\/\/preprod.proterrasancta.org\/fr\/le-mosaique-centre-une-nouvelle-opportunite-pour-bethleem\/#article\",\"isPartOf\":{\"@id\":\"https:\/\/preprod.proterrasancta.org\/fr\/le-mosaique-centre-une-nouvelle-opportunite-pour-bethleem\/\"},\"author\":{\"name\":\"Giacomo Pizzi\",\"@id\":\"https:\/\/preprod.proterrasancta.org\/it\/#\/schema\/person\/c03a0c97a2c22a2681d54e29de17430c\"},\"headline\":\"Le Mosa\u00efque Centre : une nouvelle opportunit\u00e9 pour Bethl\u00e9em\",\"datePublished\":\"2018-06-14T15:48:21+00:00\",\"dateModified\":\"2021-09-09T14:45:38+00:00\",\"mainEntityOfPage\":{\"@id\":\"https:\/\/preprod.proterrasancta.org\/fr\/le-mosaique-centre-une-nouvelle-opportunite-pour-bethleem\/\"},\"wordCount\":746,\"publisher\":{\"@id\":\"https:\/\/preprod.proterrasancta.org\/it\/#organization\"},\"articleSection\":[\"Non classifi\u00e9(e)\"],\"inLanguage\":\"fr-FR\"},{\"@type\":\"WebPage\",\"@id\":\"https:\/\/preprod.proterrasancta.org\/fr\/le-mosaique-centre-une-nouvelle-opportunite-pour-bethleem\/\",\"url\":\"https:\/\/preprod.proterrasancta.org\/fr\/le-mosaique-centre-une-nouvelle-opportunite-pour-bethleem\/\",\"name\":\"Le Mosa\u00efque Centre : une nouvelle opportunit\u00e9 pour Bethl\u00e9em | Pro Terra Sancta\",\"isPartOf\":{\"@id\":\"https:\/\/preprod.proterrasancta.org\/it\/#website\"},\"datePublished\":\"2018-06-14T15:48:21+00:00\",\"dateModified\":\"2021-09-09T14:45:38+00:00\",\"breadcrumb\":{\"@id\":\"https:\/\/preprod.proterrasancta.org\/fr\/le-mosaique-centre-une-nouvelle-opportunite-pour-bethleem\/#breadcrumb\"},\"inLanguage\":\"fr-FR\",\"potentialAction\":[{\"@type\":\"ReadAction\",\"target\":[\"https:\/\/preprod.proterrasancta.org\/fr\/le-mosaique-centre-une-nouvelle-opportunite-pour-bethleem\/\"]}]},{\"@type\":\"BreadcrumbList\",\"@id\":\"https:\/\/preprod.proterrasancta.org\/fr\/le-mosaique-centre-une-nouvelle-opportunite-pour-bethleem\/#breadcrumb\",\"itemListElement\":[{\"@type\":\"ListItem\",\"position\":1,\"name\":\"Home\",\"item\":\"https:\/\/preprod.proterrasancta.org\/it\/\"},{\"@type\":\"ListItem\",\"position\":2,\"name\":\"Le Mosa\u00efque Centre : une nouvelle opportunit\u00e9 pour Bethl\u00e9em\"}]},{\"@type\":\"WebSite\",\"@id\":\"https:\/\/preprod.proterrasancta.org\/it\/#website\",\"url\":\"https:\/\/preprod.proterrasancta.org\/it\/\",\"name\":\"Pro Terra Sancta\",\"description\":\"To foster bonds between the Holy Land and the world\",\"publisher\":{\"@id\":\"https:\/\/preprod.proterrasancta.org\/it\/#organization\"},\"potentialAction\":[{\"@type\":\"SearchAction\",\"target\":{\"@type\":\"EntryPoint\",\"urlTemplate\":\"https:\/\/preprod.proterrasancta.org\/it\/?s={search_term_string}\"},\"query-input\":\"required name=search_term_string\"}],\"inLanguage\":\"fr-FR\"},{\"@type\":\"Organization\",\"@id\":\"https:\/\/preprod.proterrasancta.org\/it\/#organization\",\"name\":\"Associazione Pro Terra Sancta\",\"url\":\"https:\/\/preprod.proterrasancta.org\/it\/\",\"logo\":{\"@type\":\"ImageObject\",\"inLanguage\":\"fr-FR\",\"@id\":\"https:\/\/preprod.proterrasancta.org\/it\/#\/schema\/logo\/image\/\",\"url\":\"https:\/\/www.proterrasancta.org\/wp-content\/uploads\/Logo_ProTerraSancta_Colori_web_high_modificato.jpg\",\"contentUrl\":\"https:\/\/www.proterrasancta.org\/wp-content\/uploads\/Logo_ProTerraSancta_Colori_web_high_modificato.jpg\",\"width\":1018,\"height\":576,\"caption\":\"Associazione Pro Terra Sancta\"},\"image\":{\"@id\":\"https:\/\/preprod.proterrasancta.org\/it\/#\/schema\/logo\/image\/\"},\"sameAs\":[\"https:\/\/www.instagram.com\/proterrasancta\/\",\"https:\/\/www.linkedin.com\/company\/pro-terra-sancta\/\",\"https:\/\/www.youtube.com\/user\/proterrasancta\",\"https:\/\/www.facebook.com\/proterrasancta\/\",\"https:\/\/twitter.com\/proterrasancta\"]},{\"@type\":\"Person\",\"@id\":\"https:\/\/preprod.proterrasancta.org\/it\/#\/schema\/person\/c03a0c97a2c22a2681d54e29de17430c\",\"name\":\"Giacomo Pizzi\",\"image\":{\"@type\":\"ImageObject\",\"inLanguage\":\"fr-FR\",\"@id\":\"https:\/\/preprod.proterrasancta.org\/it\/#\/schema\/person\/image\/\",\"url\":\"https:\/\/secure.gravatar.com\/avatar\/900c575219bd8bb5f7711ce33f0e43ea?s=96&d=mm&r=g\",\"contentUrl\":\"https:\/\/secure.gravatar.com\/avatar\/900c575219bd8bb5f7711ce33f0e43ea?s=96&d=mm&r=g\",\"caption\":\"Giacomo Pizzi\"},\"url\":\"https:\/\/preprod.proterrasancta.org\/fr\/author\/pizzi\/\"}]}<\/script>\n<!-- \/ Yoast SEO Premium plugin. -->","yoast_head_json":{"title":"Le Mosa\u00efque Centre : une nouvelle opportunit\u00e9 pour Bethl\u00e9em | Pro Terra Sancta","robots":{"index":"noindex","follow":"follow","max-snippet":"max-snippet:-1","max-image-preview":"max-image-preview:large","max-video-preview":"max-video-preview:-1"},"og_locale":"fr_FR","og_type":"article","og_title":"Le Mosa\u00efque Centre : une nouvelle opportunit\u00e9 pour Bethl\u00e9em","og_description":"Un nouveau centre de mosa\u00efques a \u00e9t\u00e9 inaugur\u00e9 \u00e0 Bethl\u00e9em pour pr\u00e9server la beaut\u00e9 de la vieille ville et pour promouvoir de nouvelles opportunit\u00e9s d&#8217;emploi pour la jeunesse locale.\u00a0Le centre est n\u00e9 dans le projet \u00ab\u00a0Nouveaux Mosa\u00efstes pour Bethl\u00e9em\u00a0\u00bb et est promu par ATS pro Terra Sancta gr\u00e2ce au soutien de l&rsquo;Association Amis de P. [&hellip;]","og_url":"https:\/\/preprod.proterrasancta.org\/fr\/le-mosaique-centre-une-nouvelle-opportunite-pour-bethleem\/","og_site_name":"Pro Terra Sancta","article_publisher":"https:\/\/www.facebook.com\/proterrasancta\/","article_published_time":"2018-06-14T15:48:21+00:00","article_modified_time":"2021-09-09T14:45:38+00:00","og_image":[{"width":960,"height":720,"url":"https:\/\/preprod.proterrasancta.org\/wp-content\/uploads\/33662807_10160274406070265_4746580581733629952_n.jpg","type":"image\/jpeg"}],"author":"Giacomo Pizzi","twitter_card":"summary_large_image","twitter_creator":"@proterrasancta","twitter_site":"@proterrasancta","twitter_misc":{"\u00c9crit par":"Giacomo Pizzi","Dur\u00e9e de lecture est.":"4 minutes"},"schema":{"@context":"https:\/\/schema.org","@graph":[{"@type":"Article","@id":"https:\/\/preprod.proterrasancta.org\/fr\/le-mosaique-centre-une-nouvelle-opportunite-pour-bethleem\/#article","isPartOf":{"@id":"https:\/\/preprod.proterrasancta.org\/fr\/le-mosaique-centre-une-nouvelle-opportunite-pour-bethleem\/"},"author":{"name":"Giacomo Pizzi","@id":"https:\/\/preprod.proterrasancta.org\/it\/#\/schema\/person\/c03a0c97a2c22a2681d54e29de17430c"},"headline":"Le Mosa\u00efque Centre : une nouvelle opportunit\u00e9 pour Bethl\u00e9em","datePublished":"2018-06-14T15:48:21+00:00","dateModified":"2021-09-09T14:45:38+00:00","mainEntityOfPage":{"@id":"https:\/\/preprod.proterrasancta.org\/fr\/le-mosaique-centre-une-nouvelle-opportunite-pour-bethleem\/"},"wordCount":746,"publisher":{"@id":"https:\/\/preprod.proterrasancta.org\/it\/#organization"},"articleSection":["Non classifi\u00e9(e)"],"inLanguage":"fr-FR"},{"@type":"WebPage","@id":"https:\/\/preprod.proterrasancta.org\/fr\/le-mosaique-centre-une-nouvelle-opportunite-pour-bethleem\/","url":"https:\/\/preprod.proterrasancta.org\/fr\/le-mosaique-centre-une-nouvelle-opportunite-pour-bethleem\/","name":"Le Mosa\u00efque Centre : une nouvelle opportunit\u00e9 pour Bethl\u00e9em | Pro Terra Sancta","isPartOf":{"@id":"https:\/\/preprod.proterrasancta.org\/it\/#website"},"datePublished":"2018-06-14T15:48:21+00:00","dateModified":"2021-09-09T14:45:38+00:00","breadcrumb":{"@id":"https:\/\/preprod.proterrasancta.org\/fr\/le-mosaique-centre-une-nouvelle-opportunite-pour-bethleem\/#breadcrumb"},"inLanguage":"fr-FR","potentialAction":[{"@type":"ReadAction","target":["https:\/\/preprod.proterrasancta.org\/fr\/le-mosaique-centre-une-nouvelle-opportunite-pour-bethleem\/"]}]},{"@type":"BreadcrumbList","@id":"https:\/\/preprod.proterrasancta.org\/fr\/le-mosaique-centre-une-nouvelle-opportunite-pour-bethleem\/#breadcrumb","itemListElement":[{"@type":"ListItem","position":1,"name":"Home","item":"https:\/\/preprod.proterrasancta.org\/it\/"},{"@type":"ListItem","position":2,"name":"Le Mosa\u00efque Centre : une nouvelle opportunit\u00e9 pour Bethl\u00e9em"}]},{"@type":"WebSite","@id":"https:\/\/preprod.proterrasancta.org\/it\/#website","url":"https:\/\/preprod.proterrasancta.org\/it\/","name":"Pro Terra Sancta","description":"To foster bonds between the Holy Land and the world","publisher":{"@id":"https:\/\/preprod.proterrasancta.org\/it\/#organization"},"potentialAction":[{"@type":"SearchAction","target":{"@type":"EntryPoint","urlTemplate":"https:\/\/preprod.proterrasancta.org\/it\/?s={search_term_string}"},"query-input":"required name=search_term_string"}],"inLanguage":"fr-FR"},{"@type":"Organization","@id":"https:\/\/preprod.proterrasancta.org\/it\/#organization","name":"Associazione Pro Terra Sancta","url":"https:\/\/preprod.proterrasancta.org\/it\/","logo":{"@type":"ImageObject","inLanguage":"fr-FR","@id":"https:\/\/preprod.proterrasancta.org\/it\/#\/schema\/logo\/image\/","url":"https:\/\/www.proterrasancta.org\/wp-content\/uploads\/Logo_ProTerraSancta_Colori_web_high_modificato.jpg","contentUrl":"https:\/\/www.proterrasancta.org\/wp-content\/uploads\/Logo_ProTerraSancta_Colori_web_high_modificato.jpg","width":1018,"height":576,"caption":"Associazione Pro Terra Sancta"},"image":{"@id":"https:\/\/preprod.proterrasancta.org\/it\/#\/schema\/logo\/image\/"},"sameAs":["https:\/\/www.instagram.com\/proterrasancta\/","https:\/\/www.linkedin.com\/company\/pro-terra-sancta\/","https:\/\/www.youtube.com\/user\/proterrasancta","https:\/\/www.facebook.com\/proterrasancta\/","https:\/\/twitter.com\/proterrasancta"]},{"@type":"Person","@id":"https:\/\/preprod.proterrasancta.org\/it\/#\/schema\/person\/c03a0c97a2c22a2681d54e29de17430c","name":"Giacomo Pizzi","image":{"@type":"ImageObject","inLanguage":"fr-FR","@id":"https:\/\/preprod.proterrasancta.org\/it\/#\/schema\/person\/image\/","url":"https:\/\/secure.gravatar.com\/avatar\/900c575219bd8bb5f7711ce33f0e43ea?s=96&d=mm&r=g","contentUrl":"https:\/\/secure.gravatar.com\/avatar\/900c575219bd8bb5f7711ce33f0e43ea?s=96&d=mm&r=g","caption":"Giacomo Pizzi"},"url":"https:\/\/preprod.proterrasancta.org\/fr\/author\/pizzi\/"}]}},"_links":{"self":[{"href":"https:\/\/preprod.proterrasancta.org\/fr\/wp-json\/wp\/v2\/posts\/104864"}],"collection":[{"href":"https:\/\/preprod.proterrasancta.org\/fr\/wp-json\/wp\/v2\/posts"}],"about":[{"href":"https:\/\/preprod.proterrasancta.org\/fr\/wp-json\/wp\/v2\/types\/post"}],"author":[{"embeddable":true,"href":"https:\/\/preprod.proterrasancta.org\/fr\/wp-json\/wp\/v2\/users\/35"}],"replies":[{"embeddable":true,"href":"https:\/\/preprod.proterrasancta.org\/fr\/wp-json\/wp\/v2\/comments?post=104864"}],"version-history":[{"count":0,"href":"https:\/\/preprod.proterrasancta.org\/fr\/wp-json\/wp\/v2\/posts\/104864\/revisions"}],"wp:featuredmedia":[{"embeddable":true,"href":"https:\/\/preprod.proterrasancta.org\/fr\/wp-json\/wp\/v2\/media\/104849"}],"wp:attachment":[{"href":"https:\/\/preprod.proterrasancta.org\/fr\/wp-json\/wp\/v2\/media?parent=104864"}],"wp:term":[{"taxonomy":"category","embeddable":true,"href":"https:\/\/preprod.proterrasancta.org\/fr\/wp-json\/wp\/v2\/categories?post=104864"},{"taxonomy":"post_tag","embeddable":true,"href":"https:\/\/preprod.proterrasancta.org\/fr\/wp-json\/wp\/v2\/tags?post=104864"},{"taxonomy":"campaign_code","embeddable":true,"href":"https:\/\/preprod.proterrasancta.org\/fr\/wp-json\/wp\/v2\/campaign_code?post=104864"}],"curies":[{"name":"wp","href":"https:\/\/api.w.org\/{rel}","templated":true}]}}