{"id":104789,"date":"2018-06-05T11:20:02","date_gmt":"2018-06-05T08:20:02","guid":{"rendered":"https:\/\/www.proterrasancta.org\/?post_type=fr-post&#038;p=104789"},"modified":"2021-09-09T16:45:38","modified_gmt":"2021-09-09T14:45:38","slug":"les-terribles-histoires-du-jacc-a-jerusalem-et-le-soutien-de-lats-pro-terra-sancta","status":"publish","type":"post","link":"https:\/\/preprod.proterrasancta.org\/fr\/les-terribles-histoires-du-jacc-a-jerusalem-et-le-soutien-de-lats-pro-terra-sancta\/","title":{"rendered":"Les terribles histoires du JACC \u00e0 J\u00e9rusalem et le soutien de l&rsquo;ATS pro Terra Sancta"},"content":{"rendered":"<p>\u00ab\u00a0Pendant le voyage d&rsquo;<strong>Afrique<\/strong>, de nombreuses personnes ont souffert de violentes violences, parfois elles ont vu leurs proches mourir sous leurs yeux, alors elles vivent souvent, m\u00eame apr\u00e8s des ann\u00e9es, avec des traumatismes qui les emp\u00eachent de vivre et de travailler paisiblement\u00a0\u00bb. Il s&rsquo;agit de <strong>Rachel Gerbe<\/strong>r, coordinatrice du <strong>Jerusalem Community Center de J\u00e9rusalem<\/strong>, qui accueille des r\u00e9fugi\u00e9s d&rsquo;origine africaine <strong>d\u00e9barqu\u00e9s en Isra\u00ebl<\/strong>. Il a beaucoup d&rsquo;histoires comme celles-ci, de gens forc\u00e9s de quitter leur pays et victimes des atrocit\u00e9s les plus terribles.<\/p>\n<p>Aujourd&rsquo;hui, ils vivent difficilement dans un tissu social en constante \u00e9volution, ce que la <strong>Custodie de Terre Sainte<\/strong> ne voulait pas ignorer. En fait, depuis quelques mois, <strong>ATS pro Terra Sancta<\/strong> &#8211; sur l&rsquo;encouragement du <strong>Fr\u00e8re Custos Francesco Patton<\/strong> &#8211; soutient le centre pour r\u00e9fugi\u00e9s africains (environ <strong>3000<\/strong> seulement \u00e0 J\u00e9rusalem). La plupart d&rsquo;entre eux sont chr\u00e9tiens, et viennent de pays comme l&rsquo;<strong>Erythr\u00e9e, l&rsquo;Ethiopie et le Soudan<\/strong>, pays o\u00f9 le christianisme est les premiers si\u00e8cles, et se retrouvent souvent priv\u00e9s de leurs droits civils et politiques, des fant\u00f4mes dans une ville qui vit d\u00e9j\u00e0 une situation politico-sociale complexe.<\/p>\n<p>\u00ab\u00a0Nous ne demandons jamais d&rsquo;appartenance religieuse, explique Rachel, mais certains d&rsquo;entre eux peuvent aussi \u00eatre catholiques et appartenir \u00e0 l&rsquo;Eglise orthodoxe \u00e9thiopienne\u00a0\u00bb. Dans le petit bureau du JACC, au c\u0153ur de la <strong>rue Jaffa<\/strong>, il \u00e9tait possible de cr\u00e9er un espace o\u00f9 les <strong>enfants et les familles<\/strong> re\u00e7oivent chaque jour une assistance juridique, \u00e9ducative et sanitaire. ATS pro Terra Sancta offre de l&rsquo;aide pour ces projets, y compris des <strong>cours de langue anglaise et h\u00e9bra\u00efque<\/strong>, des projets pour les jeunes, une aide \u00e0 l&rsquo;\u00e9ducation scolaire, une <strong>aide humanitaire et psychologique<\/strong>.<\/p>\n<p>Au cours de ses trois ann\u00e9es avec les nombreux b\u00e9n\u00e9voles du JACC, Rachel se souvient qu&rsquo;un jour quelqu&rsquo;un a frapp\u00e9 \u00e0 la porte, a eu un accident d&rsquo;affaires, sa femme a perdu son emploi et \u00e9tait enceinte. L&rsquo;homme ne pouvait m\u00eame pas \u00eatre indemnis\u00e9 parce qu&rsquo;<strong>il n&rsquo;avait pas de compte en banque<\/strong> et les volontaires du centre ont essay\u00e9 de toutes les mani\u00e8res de l&rsquo;aider. \u00ab\u00a0Quand je suis revenu de mon voyage en Afrique &#8211; il dit &#8211; je l&rsquo;ai rencontr\u00e9 dans la rue et il \u00e9tait heureux, il est retourn\u00e9 au travail et ses enfants sont all\u00e9s \u00e0 l&rsquo;\u00e9cole\u00a0\u00bb.<\/p>\n","protected":false},"excerpt":{"rendered":"<p>\u00ab\u00a0Pendant le voyage d&rsquo;Afrique, de nombreuses personnes ont souffert de violentes violences, parfois elles ont vu leurs proches mourir sous leurs yeux, alors elles vivent souvent, m\u00eame apr\u00e8s des ann\u00e9es, avec des traumatismes qui les emp\u00eachent de vivre et de travailler paisiblement\u00a0\u00bb. Il s&rsquo;agit de Rachel Gerber, coordinatrice du Jerusalem Community Center de J\u00e9rusalem, qui [&hellip;]<\/p>\n","protected":false},"author":35,"featured_media":104781,"comment_status":"closed","ping_status":"closed","sticky":false,"template":"","format":"standard","meta":{"_acf_changed":false,"inline_featured_image":false,"footnotes":""},"categories":[9722],"tags":[],"campaign_code":[],"class_list":["post-104789","post","type-post","status-publish","format-standard","has-post-thumbnail","hentry","category-non-classifiee"],"acf":[],"yoast_head":"<!-- This site is optimized with the Yoast SEO Premium plugin v17.7 (Yoast SEO v19.14) - https:\/\/yoast.com\/wordpress\/plugins\/seo\/ -->\n<title>Les terribles histoires du JACC \u00e0 J\u00e9rusalem et le soutien de l&#039;ATS pro Terra Sancta | Pro Terra Sancta<\/title>\n<meta name=\"robots\" content=\"noindex, follow, max-snippet:-1, max-image-preview:large, max-video-preview:-1\" \/>\n<meta property=\"og:locale\" content=\"fr_FR\" \/>\n<meta property=\"og:type\" content=\"article\" \/>\n<meta property=\"og:title\" content=\"Les terribles histoires du JACC \u00e0 J\u00e9rusalem et le soutien de l&#039;ATS pro Terra Sancta\" \/>\n<meta property=\"og:description\" content=\"\u00ab\u00a0Pendant le voyage d&rsquo;Afrique, de nombreuses personnes ont souffert de violentes violences, parfois elles ont vu leurs proches mourir sous leurs yeux, alors elles vivent souvent, m\u00eame apr\u00e8s des ann\u00e9es, avec des traumatismes qui les emp\u00eachent de vivre et de travailler paisiblement\u00a0\u00bb. Il s&rsquo;agit de Rachel Gerber, coordinatrice du Jerusalem Community Center de J\u00e9rusalem, qui [&hellip;]\" \/>\n<meta property=\"og:url\" content=\"https:\/\/preprod.proterrasancta.org\/fr\/les-terribles-histoires-du-jacc-a-jerusalem-et-le-soutien-de-lats-pro-terra-sancta\/\" \/>\n<meta property=\"og:site_name\" content=\"Pro Terra Sancta\" \/>\n<meta property=\"article:publisher\" content=\"https:\/\/www.facebook.com\/proterrasancta\/\" \/>\n<meta property=\"article:published_time\" content=\"2018-06-05T08:20:02+00:00\" \/>\n<meta property=\"article:modified_time\" content=\"2021-09-09T14:45:38+00:00\" \/>\n<meta property=\"og:image\" content=\"https:\/\/preprod.proterrasancta.org\/wp-content\/uploads\/MAB_090410_0497.jpg\" \/>\n\t<meta property=\"og:image:width\" content=\"1000\" \/>\n\t<meta property=\"og:image:height\" content=\"784\" \/>\n\t<meta property=\"og:image:type\" content=\"image\/jpeg\" \/>\n<meta name=\"author\" content=\"Giacomo Pizzi\" \/>\n<meta name=\"twitter:card\" content=\"summary_large_image\" \/>\n<meta name=\"twitter:creator\" content=\"@proterrasancta\" \/>\n<meta name=\"twitter:site\" content=\"@proterrasancta\" \/>\n<meta name=\"twitter:label1\" content=\"\u00c9crit par\" \/>\n\t<meta name=\"twitter:data1\" content=\"Giacomo Pizzi\" \/>\n\t<meta name=\"twitter:label2\" content=\"Dur\u00e9e de lecture est.\" \/>\n\t<meta name=\"twitter:data2\" content=\"2 minutes\" \/>\n<script type=\"application\/ld+json\" class=\"yoast-schema-graph\">{\"@context\":\"https:\/\/schema.org\",\"@graph\":[{\"@type\":\"Article\",\"@id\":\"https:\/\/preprod.proterrasancta.org\/fr\/les-terribles-histoires-du-jacc-a-jerusalem-et-le-soutien-de-lats-pro-terra-sancta\/#article\",\"isPartOf\":{\"@id\":\"https:\/\/preprod.proterrasancta.org\/fr\/les-terribles-histoires-du-jacc-a-jerusalem-et-le-soutien-de-lats-pro-terra-sancta\/\"},\"author\":{\"name\":\"Giacomo Pizzi\",\"@id\":\"https:\/\/preprod.proterrasancta.org\/it\/#\/schema\/person\/c03a0c97a2c22a2681d54e29de17430c\"},\"headline\":\"Les terribles histoires du JACC \u00e0 J\u00e9rusalem et le soutien de l&rsquo;ATS pro Terra Sancta\",\"datePublished\":\"2018-06-05T08:20:02+00:00\",\"dateModified\":\"2021-09-09T14:45:38+00:00\",\"mainEntityOfPage\":{\"@id\":\"https:\/\/preprod.proterrasancta.org\/fr\/les-terribles-histoires-du-jacc-a-jerusalem-et-le-soutien-de-lats-pro-terra-sancta\/\"},\"wordCount\":437,\"publisher\":{\"@id\":\"https:\/\/preprod.proterrasancta.org\/it\/#organization\"},\"articleSection\":[\"Non classifi\u00e9(e)\"],\"inLanguage\":\"fr-FR\"},{\"@type\":\"WebPage\",\"@id\":\"https:\/\/preprod.proterrasancta.org\/fr\/les-terribles-histoires-du-jacc-a-jerusalem-et-le-soutien-de-lats-pro-terra-sancta\/\",\"url\":\"https:\/\/preprod.proterrasancta.org\/fr\/les-terribles-histoires-du-jacc-a-jerusalem-et-le-soutien-de-lats-pro-terra-sancta\/\",\"name\":\"Les terribles histoires du JACC \u00e0 J\u00e9rusalem et le soutien de l'ATS pro Terra Sancta | Pro Terra Sancta\",\"isPartOf\":{\"@id\":\"https:\/\/preprod.proterrasancta.org\/it\/#website\"},\"datePublished\":\"2018-06-05T08:20:02+00:00\",\"dateModified\":\"2021-09-09T14:45:38+00:00\",\"breadcrumb\":{\"@id\":\"https:\/\/preprod.proterrasancta.org\/fr\/les-terribles-histoires-du-jacc-a-jerusalem-et-le-soutien-de-lats-pro-terra-sancta\/#breadcrumb\"},\"inLanguage\":\"fr-FR\",\"potentialAction\":[{\"@type\":\"ReadAction\",\"target\":[\"https:\/\/preprod.proterrasancta.org\/fr\/les-terribles-histoires-du-jacc-a-jerusalem-et-le-soutien-de-lats-pro-terra-sancta\/\"]}]},{\"@type\":\"BreadcrumbList\",\"@id\":\"https:\/\/preprod.proterrasancta.org\/fr\/les-terribles-histoires-du-jacc-a-jerusalem-et-le-soutien-de-lats-pro-terra-sancta\/#breadcrumb\",\"itemListElement\":[{\"@type\":\"ListItem\",\"position\":1,\"name\":\"Home\",\"item\":\"https:\/\/preprod.proterrasancta.org\/it\/\"},{\"@type\":\"ListItem\",\"position\":2,\"name\":\"Les terribles histoires du JACC \u00e0 J\u00e9rusalem et le soutien de l&rsquo;ATS pro Terra Sancta\"}]},{\"@type\":\"WebSite\",\"@id\":\"https:\/\/preprod.proterrasancta.org\/it\/#website\",\"url\":\"https:\/\/preprod.proterrasancta.org\/it\/\",\"name\":\"Pro Terra Sancta\",\"description\":\"To foster bonds between the Holy Land and the world\",\"publisher\":{\"@id\":\"https:\/\/preprod.proterrasancta.org\/it\/#organization\"},\"potentialAction\":[{\"@type\":\"SearchAction\",\"target\":{\"@type\":\"EntryPoint\",\"urlTemplate\":\"https:\/\/preprod.proterrasancta.org\/it\/?s={search_term_string}\"},\"query-input\":\"required name=search_term_string\"}],\"inLanguage\":\"fr-FR\"},{\"@type\":\"Organization\",\"@id\":\"https:\/\/preprod.proterrasancta.org\/it\/#organization\",\"name\":\"Associazione Pro Terra Sancta\",\"url\":\"https:\/\/preprod.proterrasancta.org\/it\/\",\"logo\":{\"@type\":\"ImageObject\",\"inLanguage\":\"fr-FR\",\"@id\":\"https:\/\/preprod.proterrasancta.org\/it\/#\/schema\/logo\/image\/\",\"url\":\"https:\/\/www.proterrasancta.org\/wp-content\/uploads\/Logo_ProTerraSancta_Colori_web_high_modificato.jpg\",\"contentUrl\":\"https:\/\/www.proterrasancta.org\/wp-content\/uploads\/Logo_ProTerraSancta_Colori_web_high_modificato.jpg\",\"width\":1018,\"height\":576,\"caption\":\"Associazione Pro Terra Sancta\"},\"image\":{\"@id\":\"https:\/\/preprod.proterrasancta.org\/it\/#\/schema\/logo\/image\/\"},\"sameAs\":[\"https:\/\/www.instagram.com\/proterrasancta\/\",\"https:\/\/www.linkedin.com\/company\/pro-terra-sancta\/\",\"https:\/\/www.youtube.com\/user\/proterrasancta\",\"https:\/\/www.facebook.com\/proterrasancta\/\",\"https:\/\/twitter.com\/proterrasancta\"]},{\"@type\":\"Person\",\"@id\":\"https:\/\/preprod.proterrasancta.org\/it\/#\/schema\/person\/c03a0c97a2c22a2681d54e29de17430c\",\"name\":\"Giacomo Pizzi\",\"image\":{\"@type\":\"ImageObject\",\"inLanguage\":\"fr-FR\",\"@id\":\"https:\/\/preprod.proterrasancta.org\/it\/#\/schema\/person\/image\/\",\"url\":\"https:\/\/secure.gravatar.com\/avatar\/900c575219bd8bb5f7711ce33f0e43ea?s=96&d=mm&r=g\",\"contentUrl\":\"https:\/\/secure.gravatar.com\/avatar\/900c575219bd8bb5f7711ce33f0e43ea?s=96&d=mm&r=g\",\"caption\":\"Giacomo Pizzi\"},\"url\":\"https:\/\/preprod.proterrasancta.org\/fr\/author\/pizzi\/\"}]}<\/script>\n<!-- \/ Yoast SEO Premium plugin. -->","yoast_head_json":{"title":"Les terribles histoires du JACC \u00e0 J\u00e9rusalem et le soutien de l'ATS pro Terra Sancta | Pro Terra Sancta","robots":{"index":"noindex","follow":"follow","max-snippet":"max-snippet:-1","max-image-preview":"max-image-preview:large","max-video-preview":"max-video-preview:-1"},"og_locale":"fr_FR","og_type":"article","og_title":"Les terribles histoires du JACC \u00e0 J\u00e9rusalem et le soutien de l'ATS pro Terra Sancta","og_description":"\u00ab\u00a0Pendant le voyage d&rsquo;Afrique, de nombreuses personnes ont souffert de violentes violences, parfois elles ont vu leurs proches mourir sous leurs yeux, alors elles vivent souvent, m\u00eame apr\u00e8s des ann\u00e9es, avec des traumatismes qui les emp\u00eachent de vivre et de travailler paisiblement\u00a0\u00bb. Il s&rsquo;agit de Rachel Gerber, coordinatrice du Jerusalem Community Center de J\u00e9rusalem, qui [&hellip;]","og_url":"https:\/\/preprod.proterrasancta.org\/fr\/les-terribles-histoires-du-jacc-a-jerusalem-et-le-soutien-de-lats-pro-terra-sancta\/","og_site_name":"Pro Terra Sancta","article_publisher":"https:\/\/www.facebook.com\/proterrasancta\/","article_published_time":"2018-06-05T08:20:02+00:00","article_modified_time":"2021-09-09T14:45:38+00:00","og_image":[{"width":1000,"height":784,"url":"https:\/\/preprod.proterrasancta.org\/wp-content\/uploads\/MAB_090410_0497.jpg","type":"image\/jpeg"}],"author":"Giacomo Pizzi","twitter_card":"summary_large_image","twitter_creator":"@proterrasancta","twitter_site":"@proterrasancta","twitter_misc":{"\u00c9crit par":"Giacomo Pizzi","Dur\u00e9e de lecture est.":"2 minutes"},"schema":{"@context":"https:\/\/schema.org","@graph":[{"@type":"Article","@id":"https:\/\/preprod.proterrasancta.org\/fr\/les-terribles-histoires-du-jacc-a-jerusalem-et-le-soutien-de-lats-pro-terra-sancta\/#article","isPartOf":{"@id":"https:\/\/preprod.proterrasancta.org\/fr\/les-terribles-histoires-du-jacc-a-jerusalem-et-le-soutien-de-lats-pro-terra-sancta\/"},"author":{"name":"Giacomo Pizzi","@id":"https:\/\/preprod.proterrasancta.org\/it\/#\/schema\/person\/c03a0c97a2c22a2681d54e29de17430c"},"headline":"Les terribles histoires du JACC \u00e0 J\u00e9rusalem et le soutien de l&rsquo;ATS pro Terra Sancta","datePublished":"2018-06-05T08:20:02+00:00","dateModified":"2021-09-09T14:45:38+00:00","mainEntityOfPage":{"@id":"https:\/\/preprod.proterrasancta.org\/fr\/les-terribles-histoires-du-jacc-a-jerusalem-et-le-soutien-de-lats-pro-terra-sancta\/"},"wordCount":437,"publisher":{"@id":"https:\/\/preprod.proterrasancta.org\/it\/#organization"},"articleSection":["Non classifi\u00e9(e)"],"inLanguage":"fr-FR"},{"@type":"WebPage","@id":"https:\/\/preprod.proterrasancta.org\/fr\/les-terribles-histoires-du-jacc-a-jerusalem-et-le-soutien-de-lats-pro-terra-sancta\/","url":"https:\/\/preprod.proterrasancta.org\/fr\/les-terribles-histoires-du-jacc-a-jerusalem-et-le-soutien-de-lats-pro-terra-sancta\/","name":"Les terribles histoires du JACC \u00e0 J\u00e9rusalem et le soutien de l'ATS pro Terra Sancta | Pro Terra Sancta","isPartOf":{"@id":"https:\/\/preprod.proterrasancta.org\/it\/#website"},"datePublished":"2018-06-05T08:20:02+00:00","dateModified":"2021-09-09T14:45:38+00:00","breadcrumb":{"@id":"https:\/\/preprod.proterrasancta.org\/fr\/les-terribles-histoires-du-jacc-a-jerusalem-et-le-soutien-de-lats-pro-terra-sancta\/#breadcrumb"},"inLanguage":"fr-FR","potentialAction":[{"@type":"ReadAction","target":["https:\/\/preprod.proterrasancta.org\/fr\/les-terribles-histoires-du-jacc-a-jerusalem-et-le-soutien-de-lats-pro-terra-sancta\/"]}]},{"@type":"BreadcrumbList","@id":"https:\/\/preprod.proterrasancta.org\/fr\/les-terribles-histoires-du-jacc-a-jerusalem-et-le-soutien-de-lats-pro-terra-sancta\/#breadcrumb","itemListElement":[{"@type":"ListItem","position":1,"name":"Home","item":"https:\/\/preprod.proterrasancta.org\/it\/"},{"@type":"ListItem","position":2,"name":"Les terribles histoires du JACC \u00e0 J\u00e9rusalem et le soutien de l&rsquo;ATS pro Terra Sancta"}]},{"@type":"WebSite","@id":"https:\/\/preprod.proterrasancta.org\/it\/#website","url":"https:\/\/preprod.proterrasancta.org\/it\/","name":"Pro Terra Sancta","description":"To foster bonds between the Holy Land and the world","publisher":{"@id":"https:\/\/preprod.proterrasancta.org\/it\/#organization"},"potentialAction":[{"@type":"SearchAction","target":{"@type":"EntryPoint","urlTemplate":"https:\/\/preprod.proterrasancta.org\/it\/?s={search_term_string}"},"query-input":"required name=search_term_string"}],"inLanguage":"fr-FR"},{"@type":"Organization","@id":"https:\/\/preprod.proterrasancta.org\/it\/#organization","name":"Associazione Pro Terra Sancta","url":"https:\/\/preprod.proterrasancta.org\/it\/","logo":{"@type":"ImageObject","inLanguage":"fr-FR","@id":"https:\/\/preprod.proterrasancta.org\/it\/#\/schema\/logo\/image\/","url":"https:\/\/www.proterrasancta.org\/wp-content\/uploads\/Logo_ProTerraSancta_Colori_web_high_modificato.jpg","contentUrl":"https:\/\/www.proterrasancta.org\/wp-content\/uploads\/Logo_ProTerraSancta_Colori_web_high_modificato.jpg","width":1018,"height":576,"caption":"Associazione Pro Terra Sancta"},"image":{"@id":"https:\/\/preprod.proterrasancta.org\/it\/#\/schema\/logo\/image\/"},"sameAs":["https:\/\/www.instagram.com\/proterrasancta\/","https:\/\/www.linkedin.com\/company\/pro-terra-sancta\/","https:\/\/www.youtube.com\/user\/proterrasancta","https:\/\/www.facebook.com\/proterrasancta\/","https:\/\/twitter.com\/proterrasancta"]},{"@type":"Person","@id":"https:\/\/preprod.proterrasancta.org\/it\/#\/schema\/person\/c03a0c97a2c22a2681d54e29de17430c","name":"Giacomo Pizzi","image":{"@type":"ImageObject","inLanguage":"fr-FR","@id":"https:\/\/preprod.proterrasancta.org\/it\/#\/schema\/person\/image\/","url":"https:\/\/secure.gravatar.com\/avatar\/900c575219bd8bb5f7711ce33f0e43ea?s=96&d=mm&r=g","contentUrl":"https:\/\/secure.gravatar.com\/avatar\/900c575219bd8bb5f7711ce33f0e43ea?s=96&d=mm&r=g","caption":"Giacomo Pizzi"},"url":"https:\/\/preprod.proterrasancta.org\/fr\/author\/pizzi\/"}]}},"_links":{"self":[{"href":"https:\/\/preprod.proterrasancta.org\/fr\/wp-json\/wp\/v2\/posts\/104789"}],"collection":[{"href":"https:\/\/preprod.proterrasancta.org\/fr\/wp-json\/wp\/v2\/posts"}],"about":[{"href":"https:\/\/preprod.proterrasancta.org\/fr\/wp-json\/wp\/v2\/types\/post"}],"author":[{"embeddable":true,"href":"https:\/\/preprod.proterrasancta.org\/fr\/wp-json\/wp\/v2\/users\/35"}],"replies":[{"embeddable":true,"href":"https:\/\/preprod.proterrasancta.org\/fr\/wp-json\/wp\/v2\/comments?post=104789"}],"version-history":[{"count":0,"href":"https:\/\/preprod.proterrasancta.org\/fr\/wp-json\/wp\/v2\/posts\/104789\/revisions"}],"wp:featuredmedia":[{"embeddable":true,"href":"https:\/\/preprod.proterrasancta.org\/fr\/wp-json\/wp\/v2\/media\/104781"}],"wp:attachment":[{"href":"https:\/\/preprod.proterrasancta.org\/fr\/wp-json\/wp\/v2\/media?parent=104789"}],"wp:term":[{"taxonomy":"category","embeddable":true,"href":"https:\/\/preprod.proterrasancta.org\/fr\/wp-json\/wp\/v2\/categories?post=104789"},{"taxonomy":"post_tag","embeddable":true,"href":"https:\/\/preprod.proterrasancta.org\/fr\/wp-json\/wp\/v2\/tags?post=104789"},{"taxonomy":"campaign_code","embeddable":true,"href":"https:\/\/preprod.proterrasancta.org\/fr\/wp-json\/wp\/v2\/campaign_code?post=104789"}],"curies":[{"name":"wp","href":"https:\/\/api.w.org\/{rel}","templated":true}]}}