{"id":104730,"date":"2018-05-15T18:47:55","date_gmt":"2018-05-15T15:47:55","guid":{"rendered":"https:\/\/www.proterrasancta.org\/?post_type=fr-post&#038;p=104730"},"modified":"2021-09-09T16:45:38","modified_gmt":"2021-09-09T14:45:38","slug":"leducation-a-bethleem-histoire-de-jameela-et-reem","status":"publish","type":"post","link":"https:\/\/preprod.proterrasancta.org\/fr\/leducation-a-bethleem-histoire-de-jameela-et-reem\/","title":{"rendered":"L&rsquo;\u00e9ducation \u00e0 Bethl\u00e9em: histoire de Jameela et Reem"},"content":{"rendered":"<p><strong>Jameela et Reem<\/strong> sont deux cousins \u200b\u200bde 15 ans qui fr\u00e9quentent l<strong>&lsquo;\u00e9cole Saint Joseph<\/strong> pour filles, non loin du centre historique de <strong>Bethl\u00e9em<\/strong>. Jameela et Reem ne sont que deux des 238 filles de cette institution qui sont aid\u00e9es avec les frais, gr\u00e2ce au soutien de l&rsquo;<strong>ATS pro Terra Sancta<\/strong> \u00e0 travers les fonds de parrainage. Comme beaucoup d&rsquo;autres de la ville o\u00f9 J\u00e9sus est n\u00e9, ils \u00e9prouvent un fort <strong>malaise familial<\/strong> (alcool, violence domestique, drogue, divorce, ch\u00f4mage). Pour cette raison, ils ont besoin d&rsquo;une aide constante \u00e0 la fois pour l&rsquo;\u00e9ducation et pour vivre dans une vie d\u00e9cente.<\/p>\n<p>L&rsquo;histoire de ces deux filles, qui r\u00eavent de devenir avocate et m\u00e9decin, est en effet li\u00e9e \u00e0 un ange qui les prot\u00e8ge. Leur ange est nomm\u00e9 <strong>Soeur Stephany<\/strong>, directrice de la <strong>Maison de la Paix<\/strong> \u00e0 <strong>Bethl\u00e9em<\/strong>, une structure d&rsquo;accueil qui abrite<strong> 29 gar\u00e7ons<\/strong> palestiniens orphelins et avec de graves probl\u00e8mes familiaux, juste \u00e0 la fronti\u00e8re entre les territoires. Elle est en Terre Sainte depuis 19 ans, avec deux autres <em>S\u0153urs de Sainte Elisabeth<\/em>, elle accueille chaque jour ses enfants en tant que m\u00e8re \u00e0 leur retour de l&rsquo;\u00e9cole. \u00abLa chose importante est de leur fournir tout le n\u00e9cessaire pour qu&rsquo;ils se sentent chez eux\u00bb nous dit la s\u0153ur, non seulement des <strong>repas et un lit, mais aussi une aide scolaire suppl\u00e9mentaire<\/strong> gr\u00e2ce \u00e0 quatre enseignants et quelques b\u00e9n\u00e9voles auxquels s&rsquo;ajoute une aide spirituelle et psychologique quotidienne . \u00ab\u00a0Pour moi &#8211; ajoute-t-elle &#8211; il est essentiel de comprendre ce qu&rsquo;ils veulent vraiment pour leur avenir\u00a0\u00bb.<\/p>\n<p>Gr\u00e2ce \u00e0 l&rsquo;aide qu&rsquo;ils re\u00e7oivent, ces \u00e9tudiants peuvent \u00e9tudier. Certains d&rsquo;entre eux, ayant termin\u00e9 la <strong>Terra Sancta School<\/strong> ou l&rsquo;\u00e9cole <strong>Saint Joseph<\/strong>, fr\u00e9quentent l&rsquo;<strong>universit\u00e9 en Pologne<\/strong> ou d&rsquo;autres ont d\u00e9j\u00e0 fond\u00e9 une famille.<\/p>\n<p>Donc Soeur Stephany n&rsquo;est pas seulement une m\u00e8re mais aussi une \u00abgrand-m\u00e8re\u00bb pour ces gars. Les familles sont souvent invit\u00e9es \u00e0 participer aux activit\u00e9s de cette petite institution ou \u00e0 venir demander et recevoir des conseils. \u00ab\u00a0<strong>L&rsquo;\u00e9ducation<\/strong> est tr\u00e8s importante et non seulement apprise des livres mais aussi de la famille\u00a0\u00bb, conclut la m\u00e8re, il est donc favorable aux enfants de rencontrer leurs parents, car \u00ab\u00a0parfois il arrive que, m\u00eame avec l&rsquo;aide de Dieu, certains les probl\u00e8mes sont r\u00e9solus \u00ab\u00a0.<\/p>\n<p>L&rsquo;\u00e9ducation et les soins de ces s\u0153urs permettent \u00e0 ces jeunes de vivre, comme Jameela et Reem, dans leur terre difficile comme dans une <strong>maison de la Paix<\/strong> comme devrait l&rsquo;\u00eatre la Terre Sainte.<\/p>\n","protected":false},"excerpt":{"rendered":"<p>Jameela et Reem sont deux cousins \u200b\u200bde 15 ans qui fr\u00e9quentent l&lsquo;\u00e9cole Saint Joseph pour filles, non loin du centre historique de Bethl\u00e9em. Jameela et Reem ne sont que deux des 238 filles de cette institution qui sont aid\u00e9es avec les frais, gr\u00e2ce au soutien de l&rsquo;ATS pro Terra Sancta \u00e0 travers les fonds de [&hellip;]<\/p>\n","protected":false},"author":35,"featured_media":104720,"comment_status":"closed","ping_status":"closed","sticky":false,"template":"","format":"standard","meta":{"_acf_changed":false,"inline_featured_image":false,"footnotes":""},"categories":[9722],"tags":[],"campaign_code":[],"class_list":["post-104730","post","type-post","status-publish","format-standard","has-post-thumbnail","hentry","category-non-classifiee"],"acf":[],"yoast_head":"<!-- This site is optimized with the Yoast SEO Premium plugin v17.7 (Yoast SEO v19.14) - https:\/\/yoast.com\/wordpress\/plugins\/seo\/ -->\n<title>L&#039;\u00e9ducation \u00e0 Bethl\u00e9em: histoire de Jameela et Reem | Pro Terra Sancta<\/title>\n<meta name=\"robots\" content=\"noindex, follow, max-snippet:-1, max-image-preview:large, max-video-preview:-1\" \/>\n<meta property=\"og:locale\" content=\"fr_FR\" \/>\n<meta property=\"og:type\" content=\"article\" \/>\n<meta property=\"og:title\" content=\"L&#039;\u00e9ducation \u00e0 Bethl\u00e9em: histoire de Jameela et Reem\" \/>\n<meta property=\"og:description\" content=\"Jameela et Reem sont deux cousins \u200b\u200bde 15 ans qui fr\u00e9quentent l&lsquo;\u00e9cole Saint Joseph pour filles, non loin du centre historique de Bethl\u00e9em. Jameela et Reem ne sont que deux des 238 filles de cette institution qui sont aid\u00e9es avec les frais, gr\u00e2ce au soutien de l&rsquo;ATS pro Terra Sancta \u00e0 travers les fonds de [&hellip;]\" \/>\n<meta property=\"og:url\" content=\"https:\/\/preprod.proterrasancta.org\/fr\/leducation-a-bethleem-histoire-de-jameela-et-reem\/\" \/>\n<meta property=\"og:site_name\" content=\"Pro Terra Sancta\" \/>\n<meta property=\"article:publisher\" content=\"https:\/\/www.facebook.com\/proterrasancta\/\" \/>\n<meta property=\"article:published_time\" content=\"2018-05-15T15:47:55+00:00\" \/>\n<meta property=\"article:modified_time\" content=\"2021-09-09T14:45:38+00:00\" \/>\n<meta property=\"og:image\" content=\"https:\/\/preprod.proterrasancta.org\/wp-content\/uploads\/MAB_091023_4045.jpg\" \/>\n\t<meta property=\"og:image:width\" content=\"1000\" \/>\n\t<meta property=\"og:image:height\" content=\"709\" \/>\n\t<meta property=\"og:image:type\" content=\"image\/jpeg\" \/>\n<meta name=\"author\" content=\"Giacomo Pizzi\" \/>\n<meta name=\"twitter:card\" content=\"summary_large_image\" \/>\n<meta name=\"twitter:creator\" content=\"@proterrasancta\" \/>\n<meta name=\"twitter:site\" content=\"@proterrasancta\" \/>\n<meta name=\"twitter:label1\" content=\"\u00c9crit par\" \/>\n\t<meta name=\"twitter:data1\" content=\"Giacomo Pizzi\" \/>\n\t<meta name=\"twitter:label2\" content=\"Dur\u00e9e de lecture est.\" \/>\n\t<meta name=\"twitter:data2\" content=\"2 minutes\" \/>\n<script type=\"application\/ld+json\" class=\"yoast-schema-graph\">{\"@context\":\"https:\/\/schema.org\",\"@graph\":[{\"@type\":\"Article\",\"@id\":\"https:\/\/preprod.proterrasancta.org\/fr\/leducation-a-bethleem-histoire-de-jameela-et-reem\/#article\",\"isPartOf\":{\"@id\":\"https:\/\/preprod.proterrasancta.org\/fr\/leducation-a-bethleem-histoire-de-jameela-et-reem\/\"},\"author\":{\"name\":\"Giacomo Pizzi\",\"@id\":\"https:\/\/preprod.proterrasancta.org\/it\/#\/schema\/person\/c03a0c97a2c22a2681d54e29de17430c\"},\"headline\":\"L&rsquo;\u00e9ducation \u00e0 Bethl\u00e9em: histoire de Jameela et Reem\",\"datePublished\":\"2018-05-15T15:47:55+00:00\",\"dateModified\":\"2021-09-09T14:45:38+00:00\",\"mainEntityOfPage\":{\"@id\":\"https:\/\/preprod.proterrasancta.org\/fr\/leducation-a-bethleem-histoire-de-jameela-et-reem\/\"},\"wordCount\":452,\"publisher\":{\"@id\":\"https:\/\/preprod.proterrasancta.org\/it\/#organization\"},\"articleSection\":[\"Non classifi\u00e9(e)\"],\"inLanguage\":\"fr-FR\"},{\"@type\":\"WebPage\",\"@id\":\"https:\/\/preprod.proterrasancta.org\/fr\/leducation-a-bethleem-histoire-de-jameela-et-reem\/\",\"url\":\"https:\/\/preprod.proterrasancta.org\/fr\/leducation-a-bethleem-histoire-de-jameela-et-reem\/\",\"name\":\"L'\u00e9ducation \u00e0 Bethl\u00e9em: histoire de Jameela et Reem | Pro Terra Sancta\",\"isPartOf\":{\"@id\":\"https:\/\/preprod.proterrasancta.org\/it\/#website\"},\"datePublished\":\"2018-05-15T15:47:55+00:00\",\"dateModified\":\"2021-09-09T14:45:38+00:00\",\"breadcrumb\":{\"@id\":\"https:\/\/preprod.proterrasancta.org\/fr\/leducation-a-bethleem-histoire-de-jameela-et-reem\/#breadcrumb\"},\"inLanguage\":\"fr-FR\",\"potentialAction\":[{\"@type\":\"ReadAction\",\"target\":[\"https:\/\/preprod.proterrasancta.org\/fr\/leducation-a-bethleem-histoire-de-jameela-et-reem\/\"]}]},{\"@type\":\"BreadcrumbList\",\"@id\":\"https:\/\/preprod.proterrasancta.org\/fr\/leducation-a-bethleem-histoire-de-jameela-et-reem\/#breadcrumb\",\"itemListElement\":[{\"@type\":\"ListItem\",\"position\":1,\"name\":\"Home\",\"item\":\"https:\/\/preprod.proterrasancta.org\/it\/\"},{\"@type\":\"ListItem\",\"position\":2,\"name\":\"L&rsquo;\u00e9ducation \u00e0 Bethl\u00e9em: histoire de Jameela et Reem\"}]},{\"@type\":\"WebSite\",\"@id\":\"https:\/\/preprod.proterrasancta.org\/it\/#website\",\"url\":\"https:\/\/preprod.proterrasancta.org\/it\/\",\"name\":\"Pro Terra Sancta\",\"description\":\"To foster bonds between the Holy Land and the world\",\"publisher\":{\"@id\":\"https:\/\/preprod.proterrasancta.org\/it\/#organization\"},\"potentialAction\":[{\"@type\":\"SearchAction\",\"target\":{\"@type\":\"EntryPoint\",\"urlTemplate\":\"https:\/\/preprod.proterrasancta.org\/it\/?s={search_term_string}\"},\"query-input\":\"required name=search_term_string\"}],\"inLanguage\":\"fr-FR\"},{\"@type\":\"Organization\",\"@id\":\"https:\/\/preprod.proterrasancta.org\/it\/#organization\",\"name\":\"Associazione Pro Terra Sancta\",\"url\":\"https:\/\/preprod.proterrasancta.org\/it\/\",\"logo\":{\"@type\":\"ImageObject\",\"inLanguage\":\"fr-FR\",\"@id\":\"https:\/\/preprod.proterrasancta.org\/it\/#\/schema\/logo\/image\/\",\"url\":\"https:\/\/www.proterrasancta.org\/wp-content\/uploads\/Logo_ProTerraSancta_Colori_web_high_modificato.jpg\",\"contentUrl\":\"https:\/\/www.proterrasancta.org\/wp-content\/uploads\/Logo_ProTerraSancta_Colori_web_high_modificato.jpg\",\"width\":1018,\"height\":576,\"caption\":\"Associazione Pro Terra Sancta\"},\"image\":{\"@id\":\"https:\/\/preprod.proterrasancta.org\/it\/#\/schema\/logo\/image\/\"},\"sameAs\":[\"https:\/\/www.instagram.com\/proterrasancta\/\",\"https:\/\/www.linkedin.com\/company\/pro-terra-sancta\/\",\"https:\/\/www.youtube.com\/user\/proterrasancta\",\"https:\/\/www.facebook.com\/proterrasancta\/\",\"https:\/\/twitter.com\/proterrasancta\"]},{\"@type\":\"Person\",\"@id\":\"https:\/\/preprod.proterrasancta.org\/it\/#\/schema\/person\/c03a0c97a2c22a2681d54e29de17430c\",\"name\":\"Giacomo Pizzi\",\"image\":{\"@type\":\"ImageObject\",\"inLanguage\":\"fr-FR\",\"@id\":\"https:\/\/preprod.proterrasancta.org\/it\/#\/schema\/person\/image\/\",\"url\":\"https:\/\/secure.gravatar.com\/avatar\/900c575219bd8bb5f7711ce33f0e43ea?s=96&d=mm&r=g\",\"contentUrl\":\"https:\/\/secure.gravatar.com\/avatar\/900c575219bd8bb5f7711ce33f0e43ea?s=96&d=mm&r=g\",\"caption\":\"Giacomo Pizzi\"},\"url\":\"https:\/\/preprod.proterrasancta.org\/fr\/author\/pizzi\/\"}]}<\/script>\n<!-- \/ Yoast SEO Premium plugin. -->","yoast_head_json":{"title":"L'\u00e9ducation \u00e0 Bethl\u00e9em: histoire de Jameela et Reem | Pro Terra Sancta","robots":{"index":"noindex","follow":"follow","max-snippet":"max-snippet:-1","max-image-preview":"max-image-preview:large","max-video-preview":"max-video-preview:-1"},"og_locale":"fr_FR","og_type":"article","og_title":"L'\u00e9ducation \u00e0 Bethl\u00e9em: histoire de Jameela et Reem","og_description":"Jameela et Reem sont deux cousins \u200b\u200bde 15 ans qui fr\u00e9quentent l&lsquo;\u00e9cole Saint Joseph pour filles, non loin du centre historique de Bethl\u00e9em. Jameela et Reem ne sont que deux des 238 filles de cette institution qui sont aid\u00e9es avec les frais, gr\u00e2ce au soutien de l&rsquo;ATS pro Terra Sancta \u00e0 travers les fonds de [&hellip;]","og_url":"https:\/\/preprod.proterrasancta.org\/fr\/leducation-a-bethleem-histoire-de-jameela-et-reem\/","og_site_name":"Pro Terra Sancta","article_publisher":"https:\/\/www.facebook.com\/proterrasancta\/","article_published_time":"2018-05-15T15:47:55+00:00","article_modified_time":"2021-09-09T14:45:38+00:00","og_image":[{"width":1000,"height":709,"url":"https:\/\/preprod.proterrasancta.org\/wp-content\/uploads\/MAB_091023_4045.jpg","type":"image\/jpeg"}],"author":"Giacomo Pizzi","twitter_card":"summary_large_image","twitter_creator":"@proterrasancta","twitter_site":"@proterrasancta","twitter_misc":{"\u00c9crit par":"Giacomo Pizzi","Dur\u00e9e de lecture est.":"2 minutes"},"schema":{"@context":"https:\/\/schema.org","@graph":[{"@type":"Article","@id":"https:\/\/preprod.proterrasancta.org\/fr\/leducation-a-bethleem-histoire-de-jameela-et-reem\/#article","isPartOf":{"@id":"https:\/\/preprod.proterrasancta.org\/fr\/leducation-a-bethleem-histoire-de-jameela-et-reem\/"},"author":{"name":"Giacomo Pizzi","@id":"https:\/\/preprod.proterrasancta.org\/it\/#\/schema\/person\/c03a0c97a2c22a2681d54e29de17430c"},"headline":"L&rsquo;\u00e9ducation \u00e0 Bethl\u00e9em: histoire de Jameela et Reem","datePublished":"2018-05-15T15:47:55+00:00","dateModified":"2021-09-09T14:45:38+00:00","mainEntityOfPage":{"@id":"https:\/\/preprod.proterrasancta.org\/fr\/leducation-a-bethleem-histoire-de-jameela-et-reem\/"},"wordCount":452,"publisher":{"@id":"https:\/\/preprod.proterrasancta.org\/it\/#organization"},"articleSection":["Non classifi\u00e9(e)"],"inLanguage":"fr-FR"},{"@type":"WebPage","@id":"https:\/\/preprod.proterrasancta.org\/fr\/leducation-a-bethleem-histoire-de-jameela-et-reem\/","url":"https:\/\/preprod.proterrasancta.org\/fr\/leducation-a-bethleem-histoire-de-jameela-et-reem\/","name":"L'\u00e9ducation \u00e0 Bethl\u00e9em: histoire de Jameela et Reem | Pro Terra Sancta","isPartOf":{"@id":"https:\/\/preprod.proterrasancta.org\/it\/#website"},"datePublished":"2018-05-15T15:47:55+00:00","dateModified":"2021-09-09T14:45:38+00:00","breadcrumb":{"@id":"https:\/\/preprod.proterrasancta.org\/fr\/leducation-a-bethleem-histoire-de-jameela-et-reem\/#breadcrumb"},"inLanguage":"fr-FR","potentialAction":[{"@type":"ReadAction","target":["https:\/\/preprod.proterrasancta.org\/fr\/leducation-a-bethleem-histoire-de-jameela-et-reem\/"]}]},{"@type":"BreadcrumbList","@id":"https:\/\/preprod.proterrasancta.org\/fr\/leducation-a-bethleem-histoire-de-jameela-et-reem\/#breadcrumb","itemListElement":[{"@type":"ListItem","position":1,"name":"Home","item":"https:\/\/preprod.proterrasancta.org\/it\/"},{"@type":"ListItem","position":2,"name":"L&rsquo;\u00e9ducation \u00e0 Bethl\u00e9em: histoire de Jameela et Reem"}]},{"@type":"WebSite","@id":"https:\/\/preprod.proterrasancta.org\/it\/#website","url":"https:\/\/preprod.proterrasancta.org\/it\/","name":"Pro Terra Sancta","description":"To foster bonds between the Holy Land and the world","publisher":{"@id":"https:\/\/preprod.proterrasancta.org\/it\/#organization"},"potentialAction":[{"@type":"SearchAction","target":{"@type":"EntryPoint","urlTemplate":"https:\/\/preprod.proterrasancta.org\/it\/?s={search_term_string}"},"query-input":"required name=search_term_string"}],"inLanguage":"fr-FR"},{"@type":"Organization","@id":"https:\/\/preprod.proterrasancta.org\/it\/#organization","name":"Associazione Pro Terra Sancta","url":"https:\/\/preprod.proterrasancta.org\/it\/","logo":{"@type":"ImageObject","inLanguage":"fr-FR","@id":"https:\/\/preprod.proterrasancta.org\/it\/#\/schema\/logo\/image\/","url":"https:\/\/www.proterrasancta.org\/wp-content\/uploads\/Logo_ProTerraSancta_Colori_web_high_modificato.jpg","contentUrl":"https:\/\/www.proterrasancta.org\/wp-content\/uploads\/Logo_ProTerraSancta_Colori_web_high_modificato.jpg","width":1018,"height":576,"caption":"Associazione Pro Terra Sancta"},"image":{"@id":"https:\/\/preprod.proterrasancta.org\/it\/#\/schema\/logo\/image\/"},"sameAs":["https:\/\/www.instagram.com\/proterrasancta\/","https:\/\/www.linkedin.com\/company\/pro-terra-sancta\/","https:\/\/www.youtube.com\/user\/proterrasancta","https:\/\/www.facebook.com\/proterrasancta\/","https:\/\/twitter.com\/proterrasancta"]},{"@type":"Person","@id":"https:\/\/preprod.proterrasancta.org\/it\/#\/schema\/person\/c03a0c97a2c22a2681d54e29de17430c","name":"Giacomo Pizzi","image":{"@type":"ImageObject","inLanguage":"fr-FR","@id":"https:\/\/preprod.proterrasancta.org\/it\/#\/schema\/person\/image\/","url":"https:\/\/secure.gravatar.com\/avatar\/900c575219bd8bb5f7711ce33f0e43ea?s=96&d=mm&r=g","contentUrl":"https:\/\/secure.gravatar.com\/avatar\/900c575219bd8bb5f7711ce33f0e43ea?s=96&d=mm&r=g","caption":"Giacomo Pizzi"},"url":"https:\/\/preprod.proterrasancta.org\/fr\/author\/pizzi\/"}]}},"_links":{"self":[{"href":"https:\/\/preprod.proterrasancta.org\/fr\/wp-json\/wp\/v2\/posts\/104730"}],"collection":[{"href":"https:\/\/preprod.proterrasancta.org\/fr\/wp-json\/wp\/v2\/posts"}],"about":[{"href":"https:\/\/preprod.proterrasancta.org\/fr\/wp-json\/wp\/v2\/types\/post"}],"author":[{"embeddable":true,"href":"https:\/\/preprod.proterrasancta.org\/fr\/wp-json\/wp\/v2\/users\/35"}],"replies":[{"embeddable":true,"href":"https:\/\/preprod.proterrasancta.org\/fr\/wp-json\/wp\/v2\/comments?post=104730"}],"version-history":[{"count":0,"href":"https:\/\/preprod.proterrasancta.org\/fr\/wp-json\/wp\/v2\/posts\/104730\/revisions"}],"wp:featuredmedia":[{"embeddable":true,"href":"https:\/\/preprod.proterrasancta.org\/fr\/wp-json\/wp\/v2\/media\/104720"}],"wp:attachment":[{"href":"https:\/\/preprod.proterrasancta.org\/fr\/wp-json\/wp\/v2\/media?parent=104730"}],"wp:term":[{"taxonomy":"category","embeddable":true,"href":"https:\/\/preprod.proterrasancta.org\/fr\/wp-json\/wp\/v2\/categories?post=104730"},{"taxonomy":"post_tag","embeddable":true,"href":"https:\/\/preprod.proterrasancta.org\/fr\/wp-json\/wp\/v2\/tags?post=104730"},{"taxonomy":"campaign_code","embeddable":true,"href":"https:\/\/preprod.proterrasancta.org\/fr\/wp-json\/wp\/v2\/campaign_code?post=104730"}],"curies":[{"name":"wp","href":"https:\/\/api.w.org\/{rel}","templated":true}]}}