{"id":104710,"date":"2018-05-09T18:41:54","date_gmt":"2018-05-09T15:41:54","guid":{"rendered":"https:\/\/www.proterrasancta.org\/?post_type=fr-post&#038;p=104710"},"modified":"2021-09-09T16:45:38","modified_gmt":"2021-09-09T14:45:38","slug":"collections-archeologiques-sbf-du-terra-sancta-museum-mises-en-place-et-decouvertes-en-attente-de-louverture","status":"publish","type":"post","link":"https:\/\/preprod.proterrasancta.org\/fr\/collections-archeologiques-sbf-du-terra-sancta-museum-mises-en-place-et-decouvertes-en-attente-de-louverture\/","title":{"rendered":"SBF Archaelogical Collections du Terra Sancta Museum: pr\u00e9paration et d\u00e9couvertes en attente de l&rsquo;ouverture"},"content":{"rendered":"<p>Ceux qui entrent aujourd&rsquo;hui dans le <strong><u>Couvent de la Flagellation<\/u><\/strong> remarqueront un nouveau nom sur certaines portes : <strong>SBF Archaelogical Collections<\/strong>.\u00a0Ce sera le nom de la nouvelle section du Terra Sancta Museum qui, avec son nom, se rattache \u00e0 la longue tradition des arch\u00e9ologues franciscains du <strong>Studium Biblicum Franciscanum<\/strong> qui conservent les pr\u00e9cieuses d\u00e9couvertes des fouilles li\u00e9es aux Lieux Saints.<\/p>\n<p><a href=\"https:\/\/www.proterrasancta.org\/wp-content\/uploads\/DSC_0040.jpg\"><img loading=\"lazy\" decoding=\"async\" class=\" wp-image-104696 alignleft\" src=\"https:\/\/www.proterrasancta.org\/wp-content\/uploads\/DSC_0040-240x160.jpg\" alt=\"\" width=\"300\" height=\"200\" srcset=\"https:\/\/preprod.proterrasancta.org\/wp-content\/uploads\/DSC_0040-240x160.jpg 240w, https:\/\/preprod.proterrasancta.org\/wp-content\/uploads\/DSC_0040-400x267.jpg 400w, https:\/\/preprod.proterrasancta.org\/wp-content\/uploads\/DSC_0040-768x512.jpg 768w, https:\/\/preprod.proterrasancta.org\/wp-content\/uploads\/DSC_0040-980x654.jpg 980w, https:\/\/preprod.proterrasancta.org\/wp-content\/uploads\/DSC_0040-480x320.jpg 480w, https:\/\/preprod.proterrasancta.org\/wp-content\/uploads\/DSC_0040.jpg 1000w\" sizes=\"(max-width: 300px) 100vw, 300px\" \/><\/a><\/p>\n<p>Alors que les travaux pour l&rsquo;ouverture de cette nouvelle section de mus\u00e9e continuent, soutenus par <strong>ATS pro Terra Sancta<\/strong>, ces derni\u00e8res semaines la premi\u00e8re phase de la pr\u00e9paration des salles s\u2019est conclue.\u00a0\u00ab On s\u2019est assur\u00e9 le mobilier architectural de certaines zones &#8211; explique l&rsquo;architecte Vincenzo Zuppardo (volontaire d&rsquo;ATS pro Terra Sancta) -.\u00a0Tous les \u00e9l\u00e9ments assembl\u00e9s, des portes ext\u00e9rieures, aux ch\u00e2ssis, faux plafonds, passerelles sur les citernes, sont en m\u00e9tal \u00ab\u00a0poudr\u00e9\u00a0\u00bb selon la conception et le go\u00fbt de l&rsquo;architecte en chef Tortelli \u00bb.<\/p>\n<p>Les travaux ont \u00e9t\u00e9 r\u00e9alis\u00e9s par la soci\u00e9t\u00e9 <strong>Lamp Arredo Tailored Metal<\/strong>, une soci\u00e9t\u00e9 italienne qui s\u2019est distingu\u00e9e aussi dans la pr\u00e9paration d&rsquo;autres mus\u00e9es (Bergame, Milan, Cr\u00e9mone, V\u00e9rone, etc.) et qui est capable de travailler le m\u00e9tal et le verre de la structure architecturale \u00e0 la pi\u00e8ce de design.\u00a0Ainsi, pendant deux semaines, les travailleurs de la soci\u00e9t\u00e9 italienne et les travailleurs locaux de la Custodie de Terre Sainte ont travaill\u00e9 ensemble de mani\u00e8re totalement synergique.<\/p>\n<p>Entrant dans les salles anciennes en pierre, la premi\u00e8re salle du mus\u00e9e arch\u00e9ologique a \u00e9t\u00e9 achev\u00e9e, ce qui servira d&rsquo;introduction \u00e0 une partie consacr\u00e9e \u00e0 H\u00e9rode. Deux splendides chapiteaux provenant d&rsquo;<strong>H\u00e9rodion<\/strong> et du <strong>tombeau des H\u00e9rodes<\/strong> d\u00e9corent la salle et un panneau illustrant le contexte historique de la Palestine \u00e0 l&rsquo;\u00e9poque de J\u00e9sus.<\/p>\n<p>En outre, lors du nettoyage d&rsquo;une <strong>ancienne citerne<\/strong>, dans la zone traditionnellement appel\u00e9e \u00ab\u00a0<strong>maison d&rsquo;H\u00e9rode<\/strong>\u00ab\u00a0, une croix de ma\u00e7onnerie a \u00e9t\u00e9 d\u00e9couverte. \u00ab Personne ne la connaissait, et m\u00eame pas dans les \u00e9tudes P\u00e8re <strong>Bellarmino Bagatti<\/strong> &#8211; Parmi explique <strong>Eugenio Alliata<\/strong> (professeur d&rsquo;arch\u00e9ologie au Studium Biblicum Franciscanum et directeur du Mus\u00e9e Terra Sancta) -. La curiosit\u00e9 a surgi quand un de nos ouvriers pendant le travail de nettoyage nous a dit qu&rsquo;il a vu une croix \u00ab\u00a0. Ainsi, le savant franciscain, avec l&rsquo;architecte en chef du chantier <strong>Tortelli<\/strong> et le jeune architecte V. Zuppardo, est descendu dans la citerne de<strong> 5 m\u00e8tres de profondeur c.ca<\/strong>, pour une reconnaissance. \u00ab Si toutes les hypoth\u00e8ses sont ouvertes \u00e0 la <a href=\"https:\/\/www.proterrasancta.org\/wp-content\/uploads\/DSC_0310.jpg\"><img loading=\"lazy\" decoding=\"async\" class=\"size-thumbnail wp-image-104698 alignright\" src=\"https:\/\/www.proterrasancta.org\/wp-content\/uploads\/DSC_0310-240x269.jpg\" alt=\"\" width=\"240\" height=\"269\" srcset=\"https:\/\/preprod.proterrasancta.org\/wp-content\/uploads\/DSC_0310-240x269.jpg 240w, https:\/\/preprod.proterrasancta.org\/wp-content\/uploads\/DSC_0310-400x449.jpg 400w, https:\/\/preprod.proterrasancta.org\/wp-content\/uploads\/DSC_0310-480x538.jpg 480w, https:\/\/preprod.proterrasancta.org\/wp-content\/uploads\/DSC_0310.jpg 600w\" sizes=\"(max-width: 240px) 100vw, 240px\" \/><\/a>datation &#8211; dit le cordelier &#8211; certainement la d\u00e9couverte d&rsquo;une croix montre la pr\u00e9sence des chr\u00e9tiens dans cette r\u00e9gion probablement entre le quatorzi\u00e8me et seizi\u00e8me sec. Nel Juin 2017, dans le m\u00eame environnement avait \u00e9t\u00e9 trouv\u00e9 deux grandes dalles de l&rsquo;\u00e9poque romaine (I-II si\u00e8cle d. C.), mosa\u00efques de carreaux et une grande colonne de Bethl\u00e9em en pierre rouge, probablement de l&rsquo;\u00e9poque byzantine, utilis\u00e9s sous le plancher comme couverture d&rsquo;un r\u00e9servoir.<\/p>\n<p>Dans la deuxi\u00e8me phase de pr\u00e9paration, on se r\u00e9alisera les <strong>vitrines<\/strong> et les <strong>supports<\/strong> des objets.\u00a0\u00a0Les bases des fen\u00eatres seront en pierre locale comme celle qui sera pos\u00e9e sur le sol avec les noms de ceux qui ont contribu\u00e9 et qui contribueront \u00e0 soutenir le grand projet du <strong>Terra Sancta Museum<\/strong>.<\/p>\n<p>Le TSM sera aussi un mus\u00e9e \u00e0 l\u2019avant-garde au service des \u00e9rudits et des p\u00e8lerins.\u00a0Alors, en attendant la derni\u00e8re \u00e9tape de construction, dit <strong>Sara Cibin<\/strong> (chef du projet du TSM): \u00ab\u00a0On va d\u00e9velopper une <strong>App interactive<\/strong> avec des textes en arabe et en h\u00e9breu et avec des approfondissements sur les contenus (anglais-italien). En future elle sera traduite dans plus de langues, afin d\u2019aider les visiteurs.\u00a0\u00bb<\/p>\n<p><strong>Quelques mois avant l&rsquo;ouverture<\/strong> du nouveau mus\u00e9e, qui sera probablement en juin, les salles anciennes r\u00e9v\u00e8lent des nouvelles pi\u00e8ces de l&rsquo;histoire chr\u00e9tienne d&rsquo;un territoire, traditionnellement li\u00e9e \u00e0 la condamnation et \u00e0 la flagellation de J\u00e9sus, encore \u00e0 d\u00e9couvrir et \u00e0 reconstruire !<\/p>\n","protected":false},"excerpt":{"rendered":"<p>Ceux qui entrent aujourd&rsquo;hui dans le Couvent de la Flagellation remarqueront un nouveau nom sur certaines portes : SBF Archaelogical Collections.\u00a0Ce sera le nom de la nouvelle section du Terra Sancta Museum qui, avec son nom, se rattache \u00e0 la longue tradition des arch\u00e9ologues franciscains du Studium Biblicum Franciscanum qui conservent les pr\u00e9cieuses d\u00e9couvertes des [&hellip;]<\/p>\n","protected":false},"author":35,"featured_media":104694,"comment_status":"closed","ping_status":"closed","sticky":false,"template":"","format":"standard","meta":{"_acf_changed":false,"inline_featured_image":false,"footnotes":""},"categories":[9722],"tags":[],"campaign_code":[],"class_list":["post-104710","post","type-post","status-publish","format-standard","has-post-thumbnail","hentry","category-non-classifiee"],"acf":[],"yoast_head":"<!-- This site is optimized with the Yoast SEO Premium plugin v17.7 (Yoast SEO v19.14) - https:\/\/yoast.com\/wordpress\/plugins\/seo\/ -->\n<title>SBF Archaelogical Collections du Terra Sancta Museum: pr\u00e9paration et d\u00e9couvertes en attente de l&#039;ouverture | Pro Terra Sancta<\/title>\n<meta name=\"robots\" content=\"noindex, follow, max-snippet:-1, max-image-preview:large, max-video-preview:-1\" \/>\n<meta property=\"og:locale\" content=\"fr_FR\" \/>\n<meta property=\"og:type\" content=\"article\" \/>\n<meta property=\"og:title\" content=\"SBF Archaelogical Collections du Terra Sancta Museum: pr\u00e9paration et d\u00e9couvertes en attente de l&#039;ouverture\" \/>\n<meta property=\"og:description\" content=\"Ceux qui entrent aujourd&rsquo;hui dans le Couvent de la Flagellation remarqueront un nouveau nom sur certaines portes : SBF Archaelogical Collections.\u00a0Ce sera le nom de la nouvelle section du Terra Sancta Museum qui, avec son nom, se rattache \u00e0 la longue tradition des arch\u00e9ologues franciscains du Studium Biblicum Franciscanum qui conservent les pr\u00e9cieuses d\u00e9couvertes des [&hellip;]\" \/>\n<meta property=\"og:url\" content=\"https:\/\/preprod.proterrasancta.org\/fr\/collections-archeologiques-sbf-du-terra-sancta-museum-mises-en-place-et-decouvertes-en-attente-de-louverture\/\" \/>\n<meta property=\"og:site_name\" content=\"Pro Terra Sancta\" \/>\n<meta property=\"article:publisher\" content=\"https:\/\/www.facebook.com\/proterrasancta\/\" \/>\n<meta property=\"article:published_time\" content=\"2018-05-09T15:41:54+00:00\" \/>\n<meta property=\"article:modified_time\" content=\"2021-09-09T14:45:38+00:00\" \/>\n<meta property=\"og:image\" content=\"https:\/\/preprod.proterrasancta.org\/wp-content\/uploads\/IMG-20180221-WA0014-e1525334497633.jpg\" \/>\n\t<meta property=\"og:image:width\" content=\"740\" \/>\n\t<meta property=\"og:image:height\" content=\"772\" \/>\n\t<meta property=\"og:image:type\" content=\"image\/jpeg\" \/>\n<meta name=\"author\" content=\"Giacomo Pizzi\" \/>\n<meta name=\"twitter:card\" content=\"summary_large_image\" \/>\n<meta name=\"twitter:creator\" content=\"@proterrasancta\" \/>\n<meta name=\"twitter:site\" content=\"@proterrasancta\" \/>\n<meta name=\"twitter:label1\" content=\"\u00c9crit par\" \/>\n\t<meta name=\"twitter:data1\" content=\"Giacomo Pizzi\" \/>\n\t<meta name=\"twitter:label2\" content=\"Dur\u00e9e de lecture est.\" \/>\n\t<meta name=\"twitter:data2\" content=\"3 minutes\" \/>\n<script type=\"application\/ld+json\" class=\"yoast-schema-graph\">{\"@context\":\"https:\/\/schema.org\",\"@graph\":[{\"@type\":\"Article\",\"@id\":\"https:\/\/preprod.proterrasancta.org\/fr\/collections-archeologiques-sbf-du-terra-sancta-museum-mises-en-place-et-decouvertes-en-attente-de-louverture\/#article\",\"isPartOf\":{\"@id\":\"https:\/\/preprod.proterrasancta.org\/fr\/collections-archeologiques-sbf-du-terra-sancta-museum-mises-en-place-et-decouvertes-en-attente-de-louverture\/\"},\"author\":{\"name\":\"Giacomo Pizzi\",\"@id\":\"https:\/\/preprod.proterrasancta.org\/it\/#\/schema\/person\/c03a0c97a2c22a2681d54e29de17430c\"},\"headline\":\"SBF Archaelogical Collections du Terra Sancta Museum: pr\u00e9paration et d\u00e9couvertes en attente de l&rsquo;ouverture\",\"datePublished\":\"2018-05-09T15:41:54+00:00\",\"dateModified\":\"2021-09-09T14:45:38+00:00\",\"mainEntityOfPage\":{\"@id\":\"https:\/\/preprod.proterrasancta.org\/fr\/collections-archeologiques-sbf-du-terra-sancta-museum-mises-en-place-et-decouvertes-en-attente-de-louverture\/\"},\"wordCount\":721,\"publisher\":{\"@id\":\"https:\/\/preprod.proterrasancta.org\/it\/#organization\"},\"articleSection\":[\"Non classifi\u00e9(e)\"],\"inLanguage\":\"fr-FR\"},{\"@type\":\"WebPage\",\"@id\":\"https:\/\/preprod.proterrasancta.org\/fr\/collections-archeologiques-sbf-du-terra-sancta-museum-mises-en-place-et-decouvertes-en-attente-de-louverture\/\",\"url\":\"https:\/\/preprod.proterrasancta.org\/fr\/collections-archeologiques-sbf-du-terra-sancta-museum-mises-en-place-et-decouvertes-en-attente-de-louverture\/\",\"name\":\"SBF Archaelogical Collections du Terra Sancta Museum: pr\u00e9paration et d\u00e9couvertes en attente de l'ouverture | Pro Terra Sancta\",\"isPartOf\":{\"@id\":\"https:\/\/preprod.proterrasancta.org\/it\/#website\"},\"datePublished\":\"2018-05-09T15:41:54+00:00\",\"dateModified\":\"2021-09-09T14:45:38+00:00\",\"breadcrumb\":{\"@id\":\"https:\/\/preprod.proterrasancta.org\/fr\/collections-archeologiques-sbf-du-terra-sancta-museum-mises-en-place-et-decouvertes-en-attente-de-louverture\/#breadcrumb\"},\"inLanguage\":\"fr-FR\",\"potentialAction\":[{\"@type\":\"ReadAction\",\"target\":[\"https:\/\/preprod.proterrasancta.org\/fr\/collections-archeologiques-sbf-du-terra-sancta-museum-mises-en-place-et-decouvertes-en-attente-de-louverture\/\"]}]},{\"@type\":\"BreadcrumbList\",\"@id\":\"https:\/\/preprod.proterrasancta.org\/fr\/collections-archeologiques-sbf-du-terra-sancta-museum-mises-en-place-et-decouvertes-en-attente-de-louverture\/#breadcrumb\",\"itemListElement\":[{\"@type\":\"ListItem\",\"position\":1,\"name\":\"Home\",\"item\":\"https:\/\/preprod.proterrasancta.org\/it\/\"},{\"@type\":\"ListItem\",\"position\":2,\"name\":\"SBF Archaelogical Collections du Terra Sancta Museum: pr\u00e9paration et d\u00e9couvertes en attente de l&rsquo;ouverture\"}]},{\"@type\":\"WebSite\",\"@id\":\"https:\/\/preprod.proterrasancta.org\/it\/#website\",\"url\":\"https:\/\/preprod.proterrasancta.org\/it\/\",\"name\":\"Pro Terra Sancta\",\"description\":\"To foster bonds between the Holy Land and the world\",\"publisher\":{\"@id\":\"https:\/\/preprod.proterrasancta.org\/it\/#organization\"},\"potentialAction\":[{\"@type\":\"SearchAction\",\"target\":{\"@type\":\"EntryPoint\",\"urlTemplate\":\"https:\/\/preprod.proterrasancta.org\/it\/?s={search_term_string}\"},\"query-input\":\"required name=search_term_string\"}],\"inLanguage\":\"fr-FR\"},{\"@type\":\"Organization\",\"@id\":\"https:\/\/preprod.proterrasancta.org\/it\/#organization\",\"name\":\"Associazione Pro Terra Sancta\",\"url\":\"https:\/\/preprod.proterrasancta.org\/it\/\",\"logo\":{\"@type\":\"ImageObject\",\"inLanguage\":\"fr-FR\",\"@id\":\"https:\/\/preprod.proterrasancta.org\/it\/#\/schema\/logo\/image\/\",\"url\":\"https:\/\/www.proterrasancta.org\/wp-content\/uploads\/Logo_ProTerraSancta_Colori_web_high_modificato.jpg\",\"contentUrl\":\"https:\/\/www.proterrasancta.org\/wp-content\/uploads\/Logo_ProTerraSancta_Colori_web_high_modificato.jpg\",\"width\":1018,\"height\":576,\"caption\":\"Associazione Pro Terra Sancta\"},\"image\":{\"@id\":\"https:\/\/preprod.proterrasancta.org\/it\/#\/schema\/logo\/image\/\"},\"sameAs\":[\"https:\/\/www.instagram.com\/proterrasancta\/\",\"https:\/\/www.linkedin.com\/company\/pro-terra-sancta\/\",\"https:\/\/www.youtube.com\/user\/proterrasancta\",\"https:\/\/www.facebook.com\/proterrasancta\/\",\"https:\/\/twitter.com\/proterrasancta\"]},{\"@type\":\"Person\",\"@id\":\"https:\/\/preprod.proterrasancta.org\/it\/#\/schema\/person\/c03a0c97a2c22a2681d54e29de17430c\",\"name\":\"Giacomo Pizzi\",\"image\":{\"@type\":\"ImageObject\",\"inLanguage\":\"fr-FR\",\"@id\":\"https:\/\/preprod.proterrasancta.org\/it\/#\/schema\/person\/image\/\",\"url\":\"https:\/\/secure.gravatar.com\/avatar\/900c575219bd8bb5f7711ce33f0e43ea?s=96&d=mm&r=g\",\"contentUrl\":\"https:\/\/secure.gravatar.com\/avatar\/900c575219bd8bb5f7711ce33f0e43ea?s=96&d=mm&r=g\",\"caption\":\"Giacomo Pizzi\"},\"url\":\"https:\/\/preprod.proterrasancta.org\/fr\/author\/pizzi\/\"}]}<\/script>\n<!-- \/ Yoast SEO Premium plugin. -->","yoast_head_json":{"title":"SBF Archaelogical Collections du Terra Sancta Museum: pr\u00e9paration et d\u00e9couvertes en attente de l'ouverture | Pro Terra Sancta","robots":{"index":"noindex","follow":"follow","max-snippet":"max-snippet:-1","max-image-preview":"max-image-preview:large","max-video-preview":"max-video-preview:-1"},"og_locale":"fr_FR","og_type":"article","og_title":"SBF Archaelogical Collections du Terra Sancta Museum: pr\u00e9paration et d\u00e9couvertes en attente de l'ouverture","og_description":"Ceux qui entrent aujourd&rsquo;hui dans le Couvent de la Flagellation remarqueront un nouveau nom sur certaines portes : SBF Archaelogical Collections.\u00a0Ce sera le nom de la nouvelle section du Terra Sancta Museum qui, avec son nom, se rattache \u00e0 la longue tradition des arch\u00e9ologues franciscains du Studium Biblicum Franciscanum qui conservent les pr\u00e9cieuses d\u00e9couvertes des [&hellip;]","og_url":"https:\/\/preprod.proterrasancta.org\/fr\/collections-archeologiques-sbf-du-terra-sancta-museum-mises-en-place-et-decouvertes-en-attente-de-louverture\/","og_site_name":"Pro Terra Sancta","article_publisher":"https:\/\/www.facebook.com\/proterrasancta\/","article_published_time":"2018-05-09T15:41:54+00:00","article_modified_time":"2021-09-09T14:45:38+00:00","og_image":[{"width":740,"height":772,"url":"https:\/\/preprod.proterrasancta.org\/wp-content\/uploads\/IMG-20180221-WA0014-e1525334497633.jpg","type":"image\/jpeg"}],"author":"Giacomo Pizzi","twitter_card":"summary_large_image","twitter_creator":"@proterrasancta","twitter_site":"@proterrasancta","twitter_misc":{"\u00c9crit par":"Giacomo Pizzi","Dur\u00e9e de lecture est.":"3 minutes"},"schema":{"@context":"https:\/\/schema.org","@graph":[{"@type":"Article","@id":"https:\/\/preprod.proterrasancta.org\/fr\/collections-archeologiques-sbf-du-terra-sancta-museum-mises-en-place-et-decouvertes-en-attente-de-louverture\/#article","isPartOf":{"@id":"https:\/\/preprod.proterrasancta.org\/fr\/collections-archeologiques-sbf-du-terra-sancta-museum-mises-en-place-et-decouvertes-en-attente-de-louverture\/"},"author":{"name":"Giacomo Pizzi","@id":"https:\/\/preprod.proterrasancta.org\/it\/#\/schema\/person\/c03a0c97a2c22a2681d54e29de17430c"},"headline":"SBF Archaelogical Collections du Terra Sancta Museum: pr\u00e9paration et d\u00e9couvertes en attente de l&rsquo;ouverture","datePublished":"2018-05-09T15:41:54+00:00","dateModified":"2021-09-09T14:45:38+00:00","mainEntityOfPage":{"@id":"https:\/\/preprod.proterrasancta.org\/fr\/collections-archeologiques-sbf-du-terra-sancta-museum-mises-en-place-et-decouvertes-en-attente-de-louverture\/"},"wordCount":721,"publisher":{"@id":"https:\/\/preprod.proterrasancta.org\/it\/#organization"},"articleSection":["Non classifi\u00e9(e)"],"inLanguage":"fr-FR"},{"@type":"WebPage","@id":"https:\/\/preprod.proterrasancta.org\/fr\/collections-archeologiques-sbf-du-terra-sancta-museum-mises-en-place-et-decouvertes-en-attente-de-louverture\/","url":"https:\/\/preprod.proterrasancta.org\/fr\/collections-archeologiques-sbf-du-terra-sancta-museum-mises-en-place-et-decouvertes-en-attente-de-louverture\/","name":"SBF Archaelogical Collections du Terra Sancta Museum: pr\u00e9paration et d\u00e9couvertes en attente de l'ouverture | Pro Terra Sancta","isPartOf":{"@id":"https:\/\/preprod.proterrasancta.org\/it\/#website"},"datePublished":"2018-05-09T15:41:54+00:00","dateModified":"2021-09-09T14:45:38+00:00","breadcrumb":{"@id":"https:\/\/preprod.proterrasancta.org\/fr\/collections-archeologiques-sbf-du-terra-sancta-museum-mises-en-place-et-decouvertes-en-attente-de-louverture\/#breadcrumb"},"inLanguage":"fr-FR","potentialAction":[{"@type":"ReadAction","target":["https:\/\/preprod.proterrasancta.org\/fr\/collections-archeologiques-sbf-du-terra-sancta-museum-mises-en-place-et-decouvertes-en-attente-de-louverture\/"]}]},{"@type":"BreadcrumbList","@id":"https:\/\/preprod.proterrasancta.org\/fr\/collections-archeologiques-sbf-du-terra-sancta-museum-mises-en-place-et-decouvertes-en-attente-de-louverture\/#breadcrumb","itemListElement":[{"@type":"ListItem","position":1,"name":"Home","item":"https:\/\/preprod.proterrasancta.org\/it\/"},{"@type":"ListItem","position":2,"name":"SBF Archaelogical Collections du Terra Sancta Museum: pr\u00e9paration et d\u00e9couvertes en attente de l&rsquo;ouverture"}]},{"@type":"WebSite","@id":"https:\/\/preprod.proterrasancta.org\/it\/#website","url":"https:\/\/preprod.proterrasancta.org\/it\/","name":"Pro Terra Sancta","description":"To foster bonds between the Holy Land and the world","publisher":{"@id":"https:\/\/preprod.proterrasancta.org\/it\/#organization"},"potentialAction":[{"@type":"SearchAction","target":{"@type":"EntryPoint","urlTemplate":"https:\/\/preprod.proterrasancta.org\/it\/?s={search_term_string}"},"query-input":"required name=search_term_string"}],"inLanguage":"fr-FR"},{"@type":"Organization","@id":"https:\/\/preprod.proterrasancta.org\/it\/#organization","name":"Associazione Pro Terra Sancta","url":"https:\/\/preprod.proterrasancta.org\/it\/","logo":{"@type":"ImageObject","inLanguage":"fr-FR","@id":"https:\/\/preprod.proterrasancta.org\/it\/#\/schema\/logo\/image\/","url":"https:\/\/www.proterrasancta.org\/wp-content\/uploads\/Logo_ProTerraSancta_Colori_web_high_modificato.jpg","contentUrl":"https:\/\/www.proterrasancta.org\/wp-content\/uploads\/Logo_ProTerraSancta_Colori_web_high_modificato.jpg","width":1018,"height":576,"caption":"Associazione Pro Terra Sancta"},"image":{"@id":"https:\/\/preprod.proterrasancta.org\/it\/#\/schema\/logo\/image\/"},"sameAs":["https:\/\/www.instagram.com\/proterrasancta\/","https:\/\/www.linkedin.com\/company\/pro-terra-sancta\/","https:\/\/www.youtube.com\/user\/proterrasancta","https:\/\/www.facebook.com\/proterrasancta\/","https:\/\/twitter.com\/proterrasancta"]},{"@type":"Person","@id":"https:\/\/preprod.proterrasancta.org\/it\/#\/schema\/person\/c03a0c97a2c22a2681d54e29de17430c","name":"Giacomo Pizzi","image":{"@type":"ImageObject","inLanguage":"fr-FR","@id":"https:\/\/preprod.proterrasancta.org\/it\/#\/schema\/person\/image\/","url":"https:\/\/secure.gravatar.com\/avatar\/900c575219bd8bb5f7711ce33f0e43ea?s=96&d=mm&r=g","contentUrl":"https:\/\/secure.gravatar.com\/avatar\/900c575219bd8bb5f7711ce33f0e43ea?s=96&d=mm&r=g","caption":"Giacomo Pizzi"},"url":"https:\/\/preprod.proterrasancta.org\/fr\/author\/pizzi\/"}]}},"_links":{"self":[{"href":"https:\/\/preprod.proterrasancta.org\/fr\/wp-json\/wp\/v2\/posts\/104710"}],"collection":[{"href":"https:\/\/preprod.proterrasancta.org\/fr\/wp-json\/wp\/v2\/posts"}],"about":[{"href":"https:\/\/preprod.proterrasancta.org\/fr\/wp-json\/wp\/v2\/types\/post"}],"author":[{"embeddable":true,"href":"https:\/\/preprod.proterrasancta.org\/fr\/wp-json\/wp\/v2\/users\/35"}],"replies":[{"embeddable":true,"href":"https:\/\/preprod.proterrasancta.org\/fr\/wp-json\/wp\/v2\/comments?post=104710"}],"version-history":[{"count":0,"href":"https:\/\/preprod.proterrasancta.org\/fr\/wp-json\/wp\/v2\/posts\/104710\/revisions"}],"wp:featuredmedia":[{"embeddable":true,"href":"https:\/\/preprod.proterrasancta.org\/fr\/wp-json\/wp\/v2\/media\/104694"}],"wp:attachment":[{"href":"https:\/\/preprod.proterrasancta.org\/fr\/wp-json\/wp\/v2\/media?parent=104710"}],"wp:term":[{"taxonomy":"category","embeddable":true,"href":"https:\/\/preprod.proterrasancta.org\/fr\/wp-json\/wp\/v2\/categories?post=104710"},{"taxonomy":"post_tag","embeddable":true,"href":"https:\/\/preprod.proterrasancta.org\/fr\/wp-json\/wp\/v2\/tags?post=104710"},{"taxonomy":"campaign_code","embeddable":true,"href":"https:\/\/preprod.proterrasancta.org\/fr\/wp-json\/wp\/v2\/campaign_code?post=104710"}],"curies":[{"name":"wp","href":"https:\/\/api.w.org\/{rel}","templated":true}]}}