{"id":104647,"date":"2018-04-23T13:06:57","date_gmt":"2018-04-23T10:06:57","guid":{"rendered":"https:\/\/www.proterrasancta.org\/?post_type=fr-post&#038;p=104647"},"modified":"2021-12-29T10:25:23","modified_gmt":"2021-12-29T09:25:23","slug":"accesible-palestine-une-visite-virtuelle-a-la-tombe-de-lazare","status":"publish","type":"post","link":"https:\/\/preprod.proterrasancta.org\/fr\/accesible-palestine-une-visite-virtuelle-a-la-tombe-de-lazare\/","title":{"rendered":"Accesible Palestine: une visite virtuelle \u00e0 la Tombe de Lazare"},"content":{"rendered":"<p>La pr\u00e9sentation des lunettes Virtual Reality pour la <strong>Tombe de Lazare<\/strong>, est le premier pas de l\u2019initiative \u00ab\u00a0Accesible Palestine\u00a0\u00bb, une forme innovante de tourisme social promue par <strong>ATS pro Terra Sancta<\/strong> et <strong>Mosaic Centre<\/strong> avec la <strong>Municipalit\u00e9 de B\u00e9thanie<\/strong>.<\/p>\n<p>Les <strong>Lunettes 3D<\/strong> garantissent la <strong>visite virtuelle<\/strong> des sites pour les <strong>p\u00e8lerins et les touristes avec d\u00e9shabilit\u00e9s physiques<\/strong>, auxquels, consid\u00e9r\u00e9es les conditions structurelles difficiles de certains endroits, l\u2019acc\u00e8s est impossible.<\/p>\n<p>\u00ab\u00a0Finalement quelque chose de nouveau et d\u2019innovante juste l\u00e0 \u00e0 B\u00e9thanie\u00a0qui nous implique en personne\u00a0\u00bb<strong> Hossein Mahmoud Hani<\/strong> dit, le propri\u00e9taire d\u2019un des magasins de souvenirs auquel la gestion du support a \u00e9t\u00e9 affid\u00e9.<\/p>\n<p>Le kit, d\u00e9velopp\u00e9 par un team de film maker et par des guides palestiniennes coordonn\u00e9es par <strong>Sebastian Pl\u00f6tzinger<\/strong> (nouveau responsable pour la promotion touristique d\u2019ATS pro Terra Sancta), comprend des lunettes appropri\u00e9es \u00e0 la vision en Virtual Reality et un t\u00e9l\u00e9phone d\u00e9di\u00e9 exclusivement \u00e0 la transmission de la vid\u00e9o qu\u2019il faut ins\u00e9rer dans l\u2019appareil et qui pourra \u00eatre demand\u00e9 directement par les visitateurs au prix d\u2019une normale visite.<\/p>\n<p>L\u2019initiative a per\u00e7u beaucoup de curiosit\u00e9 dans le public pr\u00e9sent, tellement qu\u2019une fois que la <strong>c\u00e9r\u00e9monie officielle<\/strong> \u00e9tait finie beaucoup de personnes sont all\u00e9es \u00e0 faire la queue pour essayer cette nouvelle <strong>exp\u00e9rience de visite<\/strong>. Le <strong>maire<\/strong> de la ville lui-m\u00eame, <strong>Issam Faroun<\/strong> a dit d\u2019\u00eatre heureux et <strong>ouvert \u00e0 des collaborations futures<\/strong> avec ATS pro Terra Sancta et le Mosaic Centre afin de mieux pr\u00e9server, valoriser et promouvoir le grand patrimoine, souvant occult\u00e9, de sa ville, comme la deuxi\u00e8me \u00e9dition du Festival de la ville sponsoris\u00e9 par le deux Ong.<\/p>\n<p>\u00ab\u00a0Cette initiative est la premi\u00e8re de la Palestine \u2013 <strong>Osama Hamdan<\/strong> a dit, le directeur du Mosaic Centre qui travaille depuis des ann\u00e9es avec ATS pro Terra Sancta au site de B\u00e9thanie qui tourne autour la Tombe de Lazare. Nous sommes tr\u00e8s contents de pouvoir promouvoir un <strong>geste civil,<\/strong> pas seulement technique, \u00e0 l\u2019\u00e9gard des tr\u00e8s nombreux visitateurs, p\u00e8lerins et touristes qui viennent de partout dans le monde pour appr\u00e9cier le patrimoine culturel, religieux et historique de cette terre\u00a0\u00bb.<\/p>\n<p>Compte tenu de cette inauguration, des importants <strong>travaux de fouilles et de restauration<\/strong> qui dans les derni\u00e8res deux ann\u00e9es concernent la zone, des nouveaux parcours touristiques, des panneaux d\u2019information, du nombre de touristes, B\u00e9thanie pourra grandir et ainsi am\u00e9liorer la repris et le d\u00e9veloppement social et \u00e9conomique local.<\/p>\n<p>ATS pro Terra Sancta et Mosaic Centre tiendront monitor\u00e9 le d\u00e9veloppement et la suite de cette initiative affid\u00e9e enti\u00e8rement aux institutions locales, dans l\u2019espoir de pouvoir exploiter cette technologie afin de garantir l\u2019acc\u00e8s aussi aux autres endroits et aux autres<strong> lieux saints<\/strong> de la Palestine et, au m\u00eame temps, faire un autre important pas en avant dans la promotion touristique de la <strong>Terre Sainte<\/strong>. Un des buts d\u2019ATS pro Terra Sancta c\u2019est, en effet, de conserver les Lieux Saint, et pour cette raison-l\u00e0 on a voulu garantir l\u2019acc\u00e8s aux lieux saints comme la Tombe de Lazare \u00e0 toutes les personnes qui le souhaitaient sans aucune distinction et limitation, et au m\u00eame temps promouvoir ces zones \u00e0 l\u2019\u00e9tranger aussi.<\/p>\n<h2 style=\"text-align: center;\"><a href=\"https:\/\/www.proterrasancta.org\/fr\/bethanie-la-ville-de-lazare\/\"><span style=\"text-decoration: underline;\"><strong>En savoir plus sur nos projets \u00e0 B\u00e9thanie!<\/strong><\/span><\/a><\/h2>\n","protected":false},"excerpt":{"rendered":"<p>La pr\u00e9sentation des lunettes Virtual Reality pour la Tombe de Lazare, est le premier pas de l\u2019initiative \u00ab\u00a0Accesible Palestine\u00a0\u00bb, une forme innovante de tourisme social promue par ATS pro Terra Sancta et Mosaic Centre avec la Municipalit\u00e9 de B\u00e9thanie. Les Lunettes 3D garantissent la visite virtuelle des sites pour les p\u00e8lerins et les touristes avec [&hellip;]<\/p>\n","protected":false},"author":35,"featured_media":104645,"comment_status":"closed","ping_status":"closed","sticky":false,"template":"","format":"standard","meta":{"_acf_changed":false,"inline_featured_image":false,"footnotes":""},"categories":[9722],"tags":[],"campaign_code":[],"class_list":["post-104647","post","type-post","status-publish","format-standard","has-post-thumbnail","hentry","category-non-classifiee"],"acf":[],"yoast_head":"<!-- This site is optimized with the Yoast SEO Premium plugin v17.7 (Yoast SEO v19.14) - https:\/\/yoast.com\/wordpress\/plugins\/seo\/ -->\n<title>Accesible Palestine | Pro Terra Sancta<\/title>\n<meta name=\"description\" content=\"La pr\u00e9sentation des lunettes Virtual Reality pour la Tombe de Lazare, est le premier pas de l\u2019initiative \u00ab\u00a0Accesible Palestine\u00a0\u00bb, une...\" \/>\n<meta name=\"robots\" content=\"noindex, follow, max-snippet:-1, max-image-preview:large, max-video-preview:-1\" \/>\n<meta property=\"og:locale\" content=\"fr_FR\" \/>\n<meta property=\"og:type\" content=\"article\" \/>\n<meta property=\"og:title\" content=\"Accesible Palestine: une visite virtuelle \u00e0 la Tombe de Lazare\" \/>\n<meta property=\"og:description\" content=\"La pr\u00e9sentation des lunettes Virtual Reality pour la Tombe de Lazare, est le premier pas de l\u2019initiative \u00ab\u00a0Accesible Palestine\u00a0\u00bb, une...\" \/>\n<meta property=\"og:url\" content=\"https:\/\/preprod.proterrasancta.org\/fr\/accesible-palestine-une-visite-virtuelle-a-la-tombe-de-lazare\/\" \/>\n<meta property=\"og:site_name\" content=\"Pro Terra Sancta\" \/>\n<meta property=\"article:publisher\" content=\"https:\/\/www.facebook.com\/proterrasancta\/\" \/>\n<meta property=\"article:published_time\" content=\"2018-04-23T10:06:57+00:00\" \/>\n<meta property=\"article:modified_time\" content=\"2021-12-29T09:25:23+00:00\" \/>\n<meta property=\"og:image\" content=\"https:\/\/preprod.proterrasancta.org\/wp-content\/uploads\/DSC_1522.jpg\" \/>\n\t<meta property=\"og:image:width\" content=\"1000\" \/>\n\t<meta property=\"og:image:height\" content=\"667\" \/>\n\t<meta property=\"og:image:type\" content=\"image\/jpeg\" \/>\n<meta name=\"author\" content=\"Giacomo Pizzi\" \/>\n<meta name=\"twitter:card\" content=\"summary_large_image\" \/>\n<meta name=\"twitter:creator\" content=\"@proterrasancta\" \/>\n<meta name=\"twitter:site\" content=\"@proterrasancta\" \/>\n<meta name=\"twitter:label1\" content=\"\u00c9crit par\" \/>\n\t<meta name=\"twitter:data1\" content=\"Giacomo Pizzi\" \/>\n\t<meta name=\"twitter:label2\" content=\"Dur\u00e9e de lecture est.\" \/>\n\t<meta name=\"twitter:data2\" content=\"3 minutes\" \/>\n<script type=\"application\/ld+json\" class=\"yoast-schema-graph\">{\"@context\":\"https:\/\/schema.org\",\"@graph\":[{\"@type\":\"Article\",\"@id\":\"https:\/\/preprod.proterrasancta.org\/fr\/accesible-palestine-une-visite-virtuelle-a-la-tombe-de-lazare\/#article\",\"isPartOf\":{\"@id\":\"https:\/\/preprod.proterrasancta.org\/fr\/accesible-palestine-une-visite-virtuelle-a-la-tombe-de-lazare\/\"},\"author\":{\"name\":\"Giacomo Pizzi\",\"@id\":\"https:\/\/preprod.proterrasancta.org\/it\/#\/schema\/person\/c03a0c97a2c22a2681d54e29de17430c\"},\"headline\":\"Accesible Palestine: une visite virtuelle \u00e0 la Tombe de Lazare\",\"datePublished\":\"2018-04-23T10:06:57+00:00\",\"dateModified\":\"2021-12-29T09:25:23+00:00\",\"mainEntityOfPage\":{\"@id\":\"https:\/\/preprod.proterrasancta.org\/fr\/accesible-palestine-une-visite-virtuelle-a-la-tombe-de-lazare\/\"},\"wordCount\":582,\"publisher\":{\"@id\":\"https:\/\/preprod.proterrasancta.org\/it\/#organization\"},\"articleSection\":[\"Non classifi\u00e9(e)\"],\"inLanguage\":\"fr-FR\"},{\"@type\":\"WebPage\",\"@id\":\"https:\/\/preprod.proterrasancta.org\/fr\/accesible-palestine-une-visite-virtuelle-a-la-tombe-de-lazare\/\",\"url\":\"https:\/\/preprod.proterrasancta.org\/fr\/accesible-palestine-une-visite-virtuelle-a-la-tombe-de-lazare\/\",\"name\":\"Accesible Palestine | Pro Terra Sancta\",\"isPartOf\":{\"@id\":\"https:\/\/preprod.proterrasancta.org\/it\/#website\"},\"datePublished\":\"2018-04-23T10:06:57+00:00\",\"dateModified\":\"2021-12-29T09:25:23+00:00\",\"description\":\"La pr\u00e9sentation des lunettes Virtual Reality pour la Tombe de Lazare, est le premier pas de l\u2019initiative \u00ab\u00a0Accesible Palestine\u00a0\u00bb, une...\",\"breadcrumb\":{\"@id\":\"https:\/\/preprod.proterrasancta.org\/fr\/accesible-palestine-une-visite-virtuelle-a-la-tombe-de-lazare\/#breadcrumb\"},\"inLanguage\":\"fr-FR\",\"potentialAction\":[{\"@type\":\"ReadAction\",\"target\":[\"https:\/\/preprod.proterrasancta.org\/fr\/accesible-palestine-une-visite-virtuelle-a-la-tombe-de-lazare\/\"]}]},{\"@type\":\"BreadcrumbList\",\"@id\":\"https:\/\/preprod.proterrasancta.org\/fr\/accesible-palestine-une-visite-virtuelle-a-la-tombe-de-lazare\/#breadcrumb\",\"itemListElement\":[{\"@type\":\"ListItem\",\"position\":1,\"name\":\"Home\",\"item\":\"https:\/\/preprod.proterrasancta.org\/it\/\"},{\"@type\":\"ListItem\",\"position\":2,\"name\":\"Accesible Palestine: une visite virtuelle \u00e0 la Tombe de Lazare\"}]},{\"@type\":\"WebSite\",\"@id\":\"https:\/\/preprod.proterrasancta.org\/it\/#website\",\"url\":\"https:\/\/preprod.proterrasancta.org\/it\/\",\"name\":\"Pro Terra Sancta\",\"description\":\"To foster bonds between the Holy Land and the world\",\"publisher\":{\"@id\":\"https:\/\/preprod.proterrasancta.org\/it\/#organization\"},\"potentialAction\":[{\"@type\":\"SearchAction\",\"target\":{\"@type\":\"EntryPoint\",\"urlTemplate\":\"https:\/\/preprod.proterrasancta.org\/it\/?s={search_term_string}\"},\"query-input\":\"required name=search_term_string\"}],\"inLanguage\":\"fr-FR\"},{\"@type\":\"Organization\",\"@id\":\"https:\/\/preprod.proterrasancta.org\/it\/#organization\",\"name\":\"Associazione Pro Terra Sancta\",\"url\":\"https:\/\/preprod.proterrasancta.org\/it\/\",\"logo\":{\"@type\":\"ImageObject\",\"inLanguage\":\"fr-FR\",\"@id\":\"https:\/\/preprod.proterrasancta.org\/it\/#\/schema\/logo\/image\/\",\"url\":\"https:\/\/www.proterrasancta.org\/wp-content\/uploads\/Logo_ProTerraSancta_Colori_web_high_modificato.jpg\",\"contentUrl\":\"https:\/\/www.proterrasancta.org\/wp-content\/uploads\/Logo_ProTerraSancta_Colori_web_high_modificato.jpg\",\"width\":1018,\"height\":576,\"caption\":\"Associazione Pro Terra Sancta\"},\"image\":{\"@id\":\"https:\/\/preprod.proterrasancta.org\/it\/#\/schema\/logo\/image\/\"},\"sameAs\":[\"https:\/\/www.instagram.com\/proterrasancta\/\",\"https:\/\/www.linkedin.com\/company\/pro-terra-sancta\/\",\"https:\/\/www.youtube.com\/user\/proterrasancta\",\"https:\/\/www.facebook.com\/proterrasancta\/\",\"https:\/\/twitter.com\/proterrasancta\"]},{\"@type\":\"Person\",\"@id\":\"https:\/\/preprod.proterrasancta.org\/it\/#\/schema\/person\/c03a0c97a2c22a2681d54e29de17430c\",\"name\":\"Giacomo Pizzi\",\"image\":{\"@type\":\"ImageObject\",\"inLanguage\":\"fr-FR\",\"@id\":\"https:\/\/preprod.proterrasancta.org\/it\/#\/schema\/person\/image\/\",\"url\":\"https:\/\/secure.gravatar.com\/avatar\/900c575219bd8bb5f7711ce33f0e43ea?s=96&d=mm&r=g\",\"contentUrl\":\"https:\/\/secure.gravatar.com\/avatar\/900c575219bd8bb5f7711ce33f0e43ea?s=96&d=mm&r=g\",\"caption\":\"Giacomo Pizzi\"},\"url\":\"https:\/\/preprod.proterrasancta.org\/fr\/author\/pizzi\/\"}]}<\/script>\n<!-- \/ Yoast SEO Premium plugin. -->","yoast_head_json":{"title":"Accesible Palestine | Pro Terra Sancta","description":"La pr\u00e9sentation des lunettes Virtual Reality pour la Tombe de Lazare, est le premier pas de l\u2019initiative \u00ab\u00a0Accesible Palestine\u00a0\u00bb, une...","robots":{"index":"noindex","follow":"follow","max-snippet":"max-snippet:-1","max-image-preview":"max-image-preview:large","max-video-preview":"max-video-preview:-1"},"og_locale":"fr_FR","og_type":"article","og_title":"Accesible Palestine: une visite virtuelle \u00e0 la Tombe de Lazare","og_description":"La pr\u00e9sentation des lunettes Virtual Reality pour la Tombe de Lazare, est le premier pas de l\u2019initiative \u00ab\u00a0Accesible Palestine\u00a0\u00bb, une...","og_url":"https:\/\/preprod.proterrasancta.org\/fr\/accesible-palestine-une-visite-virtuelle-a-la-tombe-de-lazare\/","og_site_name":"Pro Terra Sancta","article_publisher":"https:\/\/www.facebook.com\/proterrasancta\/","article_published_time":"2018-04-23T10:06:57+00:00","article_modified_time":"2021-12-29T09:25:23+00:00","og_image":[{"width":1000,"height":667,"url":"https:\/\/preprod.proterrasancta.org\/wp-content\/uploads\/DSC_1522.jpg","type":"image\/jpeg"}],"author":"Giacomo Pizzi","twitter_card":"summary_large_image","twitter_creator":"@proterrasancta","twitter_site":"@proterrasancta","twitter_misc":{"\u00c9crit par":"Giacomo Pizzi","Dur\u00e9e de lecture est.":"3 minutes"},"schema":{"@context":"https:\/\/schema.org","@graph":[{"@type":"Article","@id":"https:\/\/preprod.proterrasancta.org\/fr\/accesible-palestine-une-visite-virtuelle-a-la-tombe-de-lazare\/#article","isPartOf":{"@id":"https:\/\/preprod.proterrasancta.org\/fr\/accesible-palestine-une-visite-virtuelle-a-la-tombe-de-lazare\/"},"author":{"name":"Giacomo Pizzi","@id":"https:\/\/preprod.proterrasancta.org\/it\/#\/schema\/person\/c03a0c97a2c22a2681d54e29de17430c"},"headline":"Accesible Palestine: une visite virtuelle \u00e0 la Tombe de Lazare","datePublished":"2018-04-23T10:06:57+00:00","dateModified":"2021-12-29T09:25:23+00:00","mainEntityOfPage":{"@id":"https:\/\/preprod.proterrasancta.org\/fr\/accesible-palestine-une-visite-virtuelle-a-la-tombe-de-lazare\/"},"wordCount":582,"publisher":{"@id":"https:\/\/preprod.proterrasancta.org\/it\/#organization"},"articleSection":["Non classifi\u00e9(e)"],"inLanguage":"fr-FR"},{"@type":"WebPage","@id":"https:\/\/preprod.proterrasancta.org\/fr\/accesible-palestine-une-visite-virtuelle-a-la-tombe-de-lazare\/","url":"https:\/\/preprod.proterrasancta.org\/fr\/accesible-palestine-une-visite-virtuelle-a-la-tombe-de-lazare\/","name":"Accesible Palestine | Pro Terra Sancta","isPartOf":{"@id":"https:\/\/preprod.proterrasancta.org\/it\/#website"},"datePublished":"2018-04-23T10:06:57+00:00","dateModified":"2021-12-29T09:25:23+00:00","description":"La pr\u00e9sentation des lunettes Virtual Reality pour la Tombe de Lazare, est le premier pas de l\u2019initiative \u00ab\u00a0Accesible Palestine\u00a0\u00bb, une...","breadcrumb":{"@id":"https:\/\/preprod.proterrasancta.org\/fr\/accesible-palestine-une-visite-virtuelle-a-la-tombe-de-lazare\/#breadcrumb"},"inLanguage":"fr-FR","potentialAction":[{"@type":"ReadAction","target":["https:\/\/preprod.proterrasancta.org\/fr\/accesible-palestine-une-visite-virtuelle-a-la-tombe-de-lazare\/"]}]},{"@type":"BreadcrumbList","@id":"https:\/\/preprod.proterrasancta.org\/fr\/accesible-palestine-une-visite-virtuelle-a-la-tombe-de-lazare\/#breadcrumb","itemListElement":[{"@type":"ListItem","position":1,"name":"Home","item":"https:\/\/preprod.proterrasancta.org\/it\/"},{"@type":"ListItem","position":2,"name":"Accesible Palestine: une visite virtuelle \u00e0 la Tombe de Lazare"}]},{"@type":"WebSite","@id":"https:\/\/preprod.proterrasancta.org\/it\/#website","url":"https:\/\/preprod.proterrasancta.org\/it\/","name":"Pro Terra Sancta","description":"To foster bonds between the Holy Land and the world","publisher":{"@id":"https:\/\/preprod.proterrasancta.org\/it\/#organization"},"potentialAction":[{"@type":"SearchAction","target":{"@type":"EntryPoint","urlTemplate":"https:\/\/preprod.proterrasancta.org\/it\/?s={search_term_string}"},"query-input":"required name=search_term_string"}],"inLanguage":"fr-FR"},{"@type":"Organization","@id":"https:\/\/preprod.proterrasancta.org\/it\/#organization","name":"Associazione Pro Terra Sancta","url":"https:\/\/preprod.proterrasancta.org\/it\/","logo":{"@type":"ImageObject","inLanguage":"fr-FR","@id":"https:\/\/preprod.proterrasancta.org\/it\/#\/schema\/logo\/image\/","url":"https:\/\/www.proterrasancta.org\/wp-content\/uploads\/Logo_ProTerraSancta_Colori_web_high_modificato.jpg","contentUrl":"https:\/\/www.proterrasancta.org\/wp-content\/uploads\/Logo_ProTerraSancta_Colori_web_high_modificato.jpg","width":1018,"height":576,"caption":"Associazione Pro Terra Sancta"},"image":{"@id":"https:\/\/preprod.proterrasancta.org\/it\/#\/schema\/logo\/image\/"},"sameAs":["https:\/\/www.instagram.com\/proterrasancta\/","https:\/\/www.linkedin.com\/company\/pro-terra-sancta\/","https:\/\/www.youtube.com\/user\/proterrasancta","https:\/\/www.facebook.com\/proterrasancta\/","https:\/\/twitter.com\/proterrasancta"]},{"@type":"Person","@id":"https:\/\/preprod.proterrasancta.org\/it\/#\/schema\/person\/c03a0c97a2c22a2681d54e29de17430c","name":"Giacomo Pizzi","image":{"@type":"ImageObject","inLanguage":"fr-FR","@id":"https:\/\/preprod.proterrasancta.org\/it\/#\/schema\/person\/image\/","url":"https:\/\/secure.gravatar.com\/avatar\/900c575219bd8bb5f7711ce33f0e43ea?s=96&d=mm&r=g","contentUrl":"https:\/\/secure.gravatar.com\/avatar\/900c575219bd8bb5f7711ce33f0e43ea?s=96&d=mm&r=g","caption":"Giacomo Pizzi"},"url":"https:\/\/preprod.proterrasancta.org\/fr\/author\/pizzi\/"}]}},"_links":{"self":[{"href":"https:\/\/preprod.proterrasancta.org\/fr\/wp-json\/wp\/v2\/posts\/104647"}],"collection":[{"href":"https:\/\/preprod.proterrasancta.org\/fr\/wp-json\/wp\/v2\/posts"}],"about":[{"href":"https:\/\/preprod.proterrasancta.org\/fr\/wp-json\/wp\/v2\/types\/post"}],"author":[{"embeddable":true,"href":"https:\/\/preprod.proterrasancta.org\/fr\/wp-json\/wp\/v2\/users\/35"}],"replies":[{"embeddable":true,"href":"https:\/\/preprod.proterrasancta.org\/fr\/wp-json\/wp\/v2\/comments?post=104647"}],"version-history":[{"count":1,"href":"https:\/\/preprod.proterrasancta.org\/fr\/wp-json\/wp\/v2\/posts\/104647\/revisions"}],"predecessor-version":[{"id":163269,"href":"https:\/\/preprod.proterrasancta.org\/fr\/wp-json\/wp\/v2\/posts\/104647\/revisions\/163269"}],"wp:featuredmedia":[{"embeddable":true,"href":"https:\/\/preprod.proterrasancta.org\/fr\/wp-json\/wp\/v2\/media\/104645"}],"wp:attachment":[{"href":"https:\/\/preprod.proterrasancta.org\/fr\/wp-json\/wp\/v2\/media?parent=104647"}],"wp:term":[{"taxonomy":"category","embeddable":true,"href":"https:\/\/preprod.proterrasancta.org\/fr\/wp-json\/wp\/v2\/categories?post=104647"},{"taxonomy":"post_tag","embeddable":true,"href":"https:\/\/preprod.proterrasancta.org\/fr\/wp-json\/wp\/v2\/tags?post=104647"},{"taxonomy":"campaign_code","embeddable":true,"href":"https:\/\/preprod.proterrasancta.org\/fr\/wp-json\/wp\/v2\/campaign_code?post=104647"}],"curies":[{"name":"wp","href":"https:\/\/api.w.org\/{rel}","templated":true}]}}