{"id":104605,"date":"2018-04-03T07:07:46","date_gmt":"2018-04-03T04:07:46","guid":{"rendered":"https:\/\/www.proterrasancta.org\/?post_type=fr-post&#038;p=104605"},"modified":"2021-09-09T16:45:39","modified_gmt":"2021-09-09T14:45:39","slug":"paques-a-jerusalem-le-raconte-des-volontaires-dats-pro-terra-sancta","status":"publish","type":"post","link":"https:\/\/preprod.proterrasancta.org\/fr\/paques-a-jerusalem-le-raconte-des-volontaires-dats-pro-terra-sancta\/","title":{"rendered":"P\u00e2ques \u00e0 J\u00e9rusalem : le raconte des volontaires d\u2019ATS pro Terra Sancta"},"content":{"rendered":"<p style=\"text-align: justify;\"><strong>Lors de P\u00e2ques, nous avons d\u00e9cid\u00e9 de vous raconter comme les collaborateurs et les volontaires d\u2019ATS pro Terra Sancta vivent les rituels de la Cit\u00e9 Sainte. De J\u00e9rusalem, le t\u00e9moignage de ceux-ci qui s\u2019engagent chaque jour pour soutenir l\u2019esp\u00e9rance de la Terre Sainte, aujourd\u2019hui c\u00e9l\u00e9br\u00e9e dans cette tombe pour la christianit\u00e9 enti\u00e8re.<\/strong><\/p>\n<p>\u00ab Apr\u00e8s avoir pass\u00e9 No\u00ebl \u00e0 Bethl\u00e9em, je suis curieux de vivre P\u00e2ques juste l\u00e0 dans la Cit\u00e8 Sainte, o\u00f9 tout s\u2019est accompli \u00bb. C\u2019est Lapo qui parle, il attende P\u00e2ques impatiemment, comme d\u2019autres volontaires d\u2019ATS pro Terra Sancta de J\u00e9rusalem. \u00ab En habitant l\u00e0 \u2013 Camilla explique \u2013 il y a le risque de s\u2019habituer au \u00e9v\u00e9nement qui a chang\u00e9 l\u2019histoire de l\u2019humanit\u00e9, mais je le ressens sur la peau et je le respire chaque jour \u00bb. Pendant le Car\u00eame, Benedetta e Corrado ont d\u00e9cid\u00e9 de suivre, les fr\u00e8res dans les p\u00e8lerinages le mercredi aux lieux o\u00f9 les \u00e9v\u00e9nements racont\u00e9s dans l\u2019\u00c9vangile, dans les veill\u00e9es le samedi dans la Basilique du Saint S\u00e9pulcre. C\u2019est un chemin qui te permet d\u2019appr\u00e9cier encore plus la Foi. \u00ab Un samedi soir, pendant que je me promenais \u2013 Lapo raconte \u2013 j\u2019ai rencontr\u00e9 un fr\u00e8re qui tout d\u2019un coup m\u2019a invit\u00e9 \u00e0 le suivre aux c\u00e9l\u00e9brations au S\u00e9pulcre et j\u2019ai l\u00e2ch\u00e9 prise et je l\u2019ai suivi imm\u00e9diatement. J\u2019ai ressenti d\u2019\u00eatre accueilli comme un d\u2019eux ! \u00bb.<\/p>\n<p>Puis, quelque fois on se retrouve devant \u00e0 un myst\u00e8re. \u00ab Lorsque j\u2019ai pass\u00e9 la nuit au S\u00e9pulcre par curiosit\u00e9 \u2013 Ines raconte \u2013 du Kiosque, qui c\u2019\u00e9tait toute pour moi pour une fois, j\u2019ai ressenti la force de la Foi dans une humanit\u00e9 pleine \u00bb.<\/p>\n<p>Ceux-ci qui vivent \u00e0 J\u00e9rusalem et en Terre Sainte sont continuellement en contact avec les juifs, les musulmans, les chr\u00e9tiens et d\u2019autres fois, et ainsi on a l\u2019opportunit\u00e9 de d\u00e9couvrir encore les origines de sa Foi, surtout pendant le Car\u00eame, lorsque on est tenu \u00e0 s\u2019arr\u00eater et \u00e0 r\u00e9fl\u00e9chir. \u00ab Pesach signifie \u00ab passage au-del\u00e0 de la mort \u00bb &#8211; comme Fr. Matteo Munari (professeur d\u2019aram\u00e9en du Studium Biblicum Franciscanum) explique aux volontaires pendant une des r\u00e9unions tenues dans la structure o\u00f9 ils vivent, Maria Bambina \u00bb. Comme pour les juifs, P\u00e2ques est revivre le raconte du salut \u00e0 travers le sang du sacrifice de l\u2019agneau qui les a lib\u00e9r\u00e9s de l\u2019esclavage en \u00c9gypte, pour nous chr\u00e9tiens \u00e0 travers le sang de Christ qui sauve l\u2019humanit\u00e9 de l\u2019esclavage du p\u00e9ch\u00e9. \u00ab Quand Fr. Alessandro Coniglio (SBF) \u2013 Tullia raconte \u2013 nous a expliqu\u00e9 le geste simple de tendre la main et parler \u00e0 une exclue comme la samaritain, j\u2019ai vraiment compris la port\u00e9e r\u00e9volutionnaire et universelle du message de J\u00e9sus \u00bb.<\/p>\n<p>Ces sont de moments v\u00e9cus de fa\u00e7on familiale, comme Sara dit \u00ab gr\u00e2ce \u00e0 l\u2019opportunit\u00e9 que je vive avec ATS pro Terra Sancta de partager beaucoup de mon temps avec les fr\u00e8res et les chr\u00e9tiens locaux je me sens chez moi, bien que ce soit ma premi\u00e8re fois \u00e0 l\u2019\u00e9tranger \u00bb.<\/p>\n<p>L&rsquo;autre moment le plus attendu est le Vendredi Saint au Saint S\u00e9pulcre, o\u00f9 le draaturgie de la Semaine Sainte trouve son moment le plus profond dans la Procession de la D\u00e9position du Christ de la croix \u00e0 l&rsquo;enterrement juste l\u00e0 o\u00f9 c&rsquo;est arriv\u00e9. Pour Tullia qui a toujours suivi la Procession du Christ mort \u00e0 Assise avec beaucoup d\u2019\u00e9motion, la curiosit\u00e9 est suscit\u00e9e par une question int\u00e9rieure : \u00abJe veux la voir pour ce qu&rsquo;elle me transmettra\u00bb.<\/p>\n<p>Pour tout le monde, il sera unique de vivre P\u00e2ques, car, par rapport au reste du monde, seulement \u00e0 J\u00e9rusalem commence le samedi matin. Si Clara, qui vit \u00e0 J\u00e9rusalem depuis des ann\u00e9es, se souvient de la joie d&rsquo;une ann\u00e9e lorsqu\u2019elle a accompagn\u00e9 la personne la plus proche dans la basilique, sa m\u00e8re, Elena attend ses parents et Sara se souvient de la joie de quand elle a f\u00eat\u00e9 P\u00e2ques avec ses coll\u00e8gues dans une ambiance familiale. \u00ab Sans doute, il n&rsquo;est pas facile de comprendre le myst\u00e8re de la R\u00e9surrection &#8211; Camilla explique &#8211; mais l\u00e0 je r\u00e9alise que l&rsquo;on per\u00e7oit vraiment !\u00bb.<\/p>\n<p>Pourtant, la vie chr\u00e9tienne ne se termine pas avec le jour de P\u00e2ques car, Benedetta explique, \u00ab le p\u00e8lerinage \u00e0 Emma\u00fcs est encore plus beau le lendemain, l\u00e0 o\u00f9 le Seigneur est apparu aux disciples pour la premi\u00e8re fois \u00bb. Et c&rsquo;est juste \u00e0 partir de l\u00e0 que le Seigneur s&rsquo;est montr\u00e9 en rendant le message du salut toujours vivant.<\/p>\n<p>Corrado attend ce qui l&rsquo;a \u00e9tonn\u00e9 l&rsquo;ann\u00e9e derni\u00e8re : \u00ab en revenant \u00e0 l&rsquo;aube \u00e0 J\u00e9rusalem peu apr\u00e8s P\u00e2ques, d\u00e8s mon arriv\u00e9e, je suis all\u00e9 au S\u00e9pulcre (ou il serait mieux de dire la basilique de la R\u00e9surrection) et avec la premi\u00e8re lumi\u00e8re du jour j&rsquo;ai vu les chr\u00e9tiens locaux dans les rues qui me saluaient en grec et en plusieurs langues, en me disant avec joie comme les premiers disciples \u00ab chr\u00e9tiens \u00bb : le Christ est ressuscit\u00e9, vraiment ressuscit\u00e9, Ici \u00bb.<\/p>\n","protected":false},"excerpt":{"rendered":"<p>Lors de P\u00e2ques, nous avons d\u00e9cid\u00e9 de vous raconter comme les collaborateurs et les volontaires d\u2019ATS pro Terra Sancta vivent les rituels de la Cit\u00e9 Sainte. De J\u00e9rusalem, le t\u00e9moignage de ceux-ci qui s\u2019engagent chaque jour pour soutenir l\u2019esp\u00e9rance de la Terre Sainte, aujourd\u2019hui c\u00e9l\u00e9br\u00e9e dans cette tombe pour la christianit\u00e9 enti\u00e8re. \u00ab Apr\u00e8s avoir [&hellip;]<\/p>\n","protected":false},"author":35,"featured_media":104599,"comment_status":"closed","ping_status":"closed","sticky":false,"template":"","format":"standard","meta":{"_acf_changed":false,"inline_featured_image":false,"footnotes":""},"categories":[9722],"tags":[],"campaign_code":[],"class_list":["post-104605","post","type-post","status-publish","format-standard","has-post-thumbnail","hentry","category-non-classifiee"],"acf":[],"yoast_head":"<!-- This site is optimized with the Yoast SEO Premium plugin v17.7 (Yoast SEO v19.14) - https:\/\/yoast.com\/wordpress\/plugins\/seo\/ -->\n<title>P\u00e2ques \u00e0 J\u00e9rusalem : le raconte des volontaires d\u2019ATS pro Terra Sancta | Pro Terra Sancta<\/title>\n<meta name=\"robots\" content=\"noindex, follow, max-snippet:-1, max-image-preview:large, max-video-preview:-1\" \/>\n<meta property=\"og:locale\" content=\"fr_FR\" \/>\n<meta property=\"og:type\" content=\"article\" \/>\n<meta property=\"og:title\" content=\"P\u00e2ques \u00e0 J\u00e9rusalem : le raconte des volontaires d\u2019ATS pro Terra Sancta\" \/>\n<meta property=\"og:description\" content=\"Lors de P\u00e2ques, nous avons d\u00e9cid\u00e9 de vous raconter comme les collaborateurs et les volontaires d\u2019ATS pro Terra Sancta vivent les rituels de la Cit\u00e9 Sainte. De J\u00e9rusalem, le t\u00e9moignage de ceux-ci qui s\u2019engagent chaque jour pour soutenir l\u2019esp\u00e9rance de la Terre Sainte, aujourd\u2019hui c\u00e9l\u00e9br\u00e9e dans cette tombe pour la christianit\u00e9 enti\u00e8re. \u00ab Apr\u00e8s avoir [&hellip;]\" \/>\n<meta property=\"og:url\" content=\"https:\/\/preprod.proterrasancta.org\/fr\/paques-a-jerusalem-le-raconte-des-volontaires-dats-pro-terra-sancta\/\" \/>\n<meta property=\"og:site_name\" content=\"Pro Terra Sancta\" \/>\n<meta property=\"article:publisher\" content=\"https:\/\/www.facebook.com\/proterrasancta\/\" \/>\n<meta property=\"article:published_time\" content=\"2018-04-03T04:07:46+00:00\" \/>\n<meta property=\"article:modified_time\" content=\"2021-09-09T14:45:39+00:00\" \/>\n<meta property=\"og:image\" content=\"https:\/\/preprod.proterrasancta.org\/wp-content\/uploads\/IMG_7369.jpg\" \/>\n\t<meta property=\"og:image:width\" content=\"1000\" \/>\n\t<meta property=\"og:image:height\" content=\"760\" \/>\n\t<meta property=\"og:image:type\" content=\"image\/jpeg\" \/>\n<meta name=\"author\" content=\"Giacomo Pizzi\" \/>\n<meta name=\"twitter:card\" content=\"summary_large_image\" \/>\n<meta name=\"twitter:creator\" content=\"@proterrasancta\" \/>\n<meta name=\"twitter:site\" content=\"@proterrasancta\" \/>\n<meta name=\"twitter:label1\" content=\"\u00c9crit par\" \/>\n\t<meta name=\"twitter:data1\" content=\"Giacomo Pizzi\" \/>\n\t<meta name=\"twitter:label2\" content=\"Dur\u00e9e de lecture est.\" \/>\n\t<meta name=\"twitter:data2\" content=\"4 minutes\" \/>\n<script type=\"application\/ld+json\" class=\"yoast-schema-graph\">{\"@context\":\"https:\/\/schema.org\",\"@graph\":[{\"@type\":\"Article\",\"@id\":\"https:\/\/preprod.proterrasancta.org\/fr\/paques-a-jerusalem-le-raconte-des-volontaires-dats-pro-terra-sancta\/#article\",\"isPartOf\":{\"@id\":\"https:\/\/preprod.proterrasancta.org\/fr\/paques-a-jerusalem-le-raconte-des-volontaires-dats-pro-terra-sancta\/\"},\"author\":{\"name\":\"Giacomo Pizzi\",\"@id\":\"https:\/\/preprod.proterrasancta.org\/it\/#\/schema\/person\/c03a0c97a2c22a2681d54e29de17430c\"},\"headline\":\"P\u00e2ques \u00e0 J\u00e9rusalem : le raconte des volontaires d\u2019ATS pro Terra Sancta\",\"datePublished\":\"2018-04-03T04:07:46+00:00\",\"dateModified\":\"2021-09-09T14:45:39+00:00\",\"mainEntityOfPage\":{\"@id\":\"https:\/\/preprod.proterrasancta.org\/fr\/paques-a-jerusalem-le-raconte-des-volontaires-dats-pro-terra-sancta\/\"},\"wordCount\":917,\"publisher\":{\"@id\":\"https:\/\/preprod.proterrasancta.org\/it\/#organization\"},\"articleSection\":[\"Non classifi\u00e9(e)\"],\"inLanguage\":\"fr-FR\"},{\"@type\":\"WebPage\",\"@id\":\"https:\/\/preprod.proterrasancta.org\/fr\/paques-a-jerusalem-le-raconte-des-volontaires-dats-pro-terra-sancta\/\",\"url\":\"https:\/\/preprod.proterrasancta.org\/fr\/paques-a-jerusalem-le-raconte-des-volontaires-dats-pro-terra-sancta\/\",\"name\":\"P\u00e2ques \u00e0 J\u00e9rusalem : le raconte des volontaires d\u2019ATS pro Terra Sancta | Pro Terra Sancta\",\"isPartOf\":{\"@id\":\"https:\/\/preprod.proterrasancta.org\/it\/#website\"},\"datePublished\":\"2018-04-03T04:07:46+00:00\",\"dateModified\":\"2021-09-09T14:45:39+00:00\",\"breadcrumb\":{\"@id\":\"https:\/\/preprod.proterrasancta.org\/fr\/paques-a-jerusalem-le-raconte-des-volontaires-dats-pro-terra-sancta\/#breadcrumb\"},\"inLanguage\":\"fr-FR\",\"potentialAction\":[{\"@type\":\"ReadAction\",\"target\":[\"https:\/\/preprod.proterrasancta.org\/fr\/paques-a-jerusalem-le-raconte-des-volontaires-dats-pro-terra-sancta\/\"]}]},{\"@type\":\"BreadcrumbList\",\"@id\":\"https:\/\/preprod.proterrasancta.org\/fr\/paques-a-jerusalem-le-raconte-des-volontaires-dats-pro-terra-sancta\/#breadcrumb\",\"itemListElement\":[{\"@type\":\"ListItem\",\"position\":1,\"name\":\"Home\",\"item\":\"https:\/\/preprod.proterrasancta.org\/it\/\"},{\"@type\":\"ListItem\",\"position\":2,\"name\":\"P\u00e2ques \u00e0 J\u00e9rusalem : le raconte des volontaires d\u2019ATS pro Terra Sancta\"}]},{\"@type\":\"WebSite\",\"@id\":\"https:\/\/preprod.proterrasancta.org\/it\/#website\",\"url\":\"https:\/\/preprod.proterrasancta.org\/it\/\",\"name\":\"Pro Terra Sancta\",\"description\":\"To foster bonds between the Holy Land and the world\",\"publisher\":{\"@id\":\"https:\/\/preprod.proterrasancta.org\/it\/#organization\"},\"potentialAction\":[{\"@type\":\"SearchAction\",\"target\":{\"@type\":\"EntryPoint\",\"urlTemplate\":\"https:\/\/preprod.proterrasancta.org\/it\/?s={search_term_string}\"},\"query-input\":\"required name=search_term_string\"}],\"inLanguage\":\"fr-FR\"},{\"@type\":\"Organization\",\"@id\":\"https:\/\/preprod.proterrasancta.org\/it\/#organization\",\"name\":\"Associazione Pro Terra Sancta\",\"url\":\"https:\/\/preprod.proterrasancta.org\/it\/\",\"logo\":{\"@type\":\"ImageObject\",\"inLanguage\":\"fr-FR\",\"@id\":\"https:\/\/preprod.proterrasancta.org\/it\/#\/schema\/logo\/image\/\",\"url\":\"https:\/\/www.proterrasancta.org\/wp-content\/uploads\/Logo_ProTerraSancta_Colori_web_high_modificato.jpg\",\"contentUrl\":\"https:\/\/www.proterrasancta.org\/wp-content\/uploads\/Logo_ProTerraSancta_Colori_web_high_modificato.jpg\",\"width\":1018,\"height\":576,\"caption\":\"Associazione Pro Terra Sancta\"},\"image\":{\"@id\":\"https:\/\/preprod.proterrasancta.org\/it\/#\/schema\/logo\/image\/\"},\"sameAs\":[\"https:\/\/www.instagram.com\/proterrasancta\/\",\"https:\/\/www.linkedin.com\/company\/pro-terra-sancta\/\",\"https:\/\/www.youtube.com\/user\/proterrasancta\",\"https:\/\/www.facebook.com\/proterrasancta\/\",\"https:\/\/twitter.com\/proterrasancta\"]},{\"@type\":\"Person\",\"@id\":\"https:\/\/preprod.proterrasancta.org\/it\/#\/schema\/person\/c03a0c97a2c22a2681d54e29de17430c\",\"name\":\"Giacomo Pizzi\",\"image\":{\"@type\":\"ImageObject\",\"inLanguage\":\"fr-FR\",\"@id\":\"https:\/\/preprod.proterrasancta.org\/it\/#\/schema\/person\/image\/\",\"url\":\"https:\/\/secure.gravatar.com\/avatar\/900c575219bd8bb5f7711ce33f0e43ea?s=96&d=mm&r=g\",\"contentUrl\":\"https:\/\/secure.gravatar.com\/avatar\/900c575219bd8bb5f7711ce33f0e43ea?s=96&d=mm&r=g\",\"caption\":\"Giacomo Pizzi\"},\"url\":\"https:\/\/preprod.proterrasancta.org\/fr\/author\/pizzi\/\"}]}<\/script>\n<!-- \/ Yoast SEO Premium plugin. -->","yoast_head_json":{"title":"P\u00e2ques \u00e0 J\u00e9rusalem : le raconte des volontaires d\u2019ATS pro Terra Sancta | Pro Terra Sancta","robots":{"index":"noindex","follow":"follow","max-snippet":"max-snippet:-1","max-image-preview":"max-image-preview:large","max-video-preview":"max-video-preview:-1"},"og_locale":"fr_FR","og_type":"article","og_title":"P\u00e2ques \u00e0 J\u00e9rusalem : le raconte des volontaires d\u2019ATS pro Terra Sancta","og_description":"Lors de P\u00e2ques, nous avons d\u00e9cid\u00e9 de vous raconter comme les collaborateurs et les volontaires d\u2019ATS pro Terra Sancta vivent les rituels de la Cit\u00e9 Sainte. De J\u00e9rusalem, le t\u00e9moignage de ceux-ci qui s\u2019engagent chaque jour pour soutenir l\u2019esp\u00e9rance de la Terre Sainte, aujourd\u2019hui c\u00e9l\u00e9br\u00e9e dans cette tombe pour la christianit\u00e9 enti\u00e8re. \u00ab Apr\u00e8s avoir [&hellip;]","og_url":"https:\/\/preprod.proterrasancta.org\/fr\/paques-a-jerusalem-le-raconte-des-volontaires-dats-pro-terra-sancta\/","og_site_name":"Pro Terra Sancta","article_publisher":"https:\/\/www.facebook.com\/proterrasancta\/","article_published_time":"2018-04-03T04:07:46+00:00","article_modified_time":"2021-09-09T14:45:39+00:00","og_image":[{"width":1000,"height":760,"url":"https:\/\/preprod.proterrasancta.org\/wp-content\/uploads\/IMG_7369.jpg","type":"image\/jpeg"}],"author":"Giacomo Pizzi","twitter_card":"summary_large_image","twitter_creator":"@proterrasancta","twitter_site":"@proterrasancta","twitter_misc":{"\u00c9crit par":"Giacomo Pizzi","Dur\u00e9e de lecture est.":"4 minutes"},"schema":{"@context":"https:\/\/schema.org","@graph":[{"@type":"Article","@id":"https:\/\/preprod.proterrasancta.org\/fr\/paques-a-jerusalem-le-raconte-des-volontaires-dats-pro-terra-sancta\/#article","isPartOf":{"@id":"https:\/\/preprod.proterrasancta.org\/fr\/paques-a-jerusalem-le-raconte-des-volontaires-dats-pro-terra-sancta\/"},"author":{"name":"Giacomo Pizzi","@id":"https:\/\/preprod.proterrasancta.org\/it\/#\/schema\/person\/c03a0c97a2c22a2681d54e29de17430c"},"headline":"P\u00e2ques \u00e0 J\u00e9rusalem : le raconte des volontaires d\u2019ATS pro Terra Sancta","datePublished":"2018-04-03T04:07:46+00:00","dateModified":"2021-09-09T14:45:39+00:00","mainEntityOfPage":{"@id":"https:\/\/preprod.proterrasancta.org\/fr\/paques-a-jerusalem-le-raconte-des-volontaires-dats-pro-terra-sancta\/"},"wordCount":917,"publisher":{"@id":"https:\/\/preprod.proterrasancta.org\/it\/#organization"},"articleSection":["Non classifi\u00e9(e)"],"inLanguage":"fr-FR"},{"@type":"WebPage","@id":"https:\/\/preprod.proterrasancta.org\/fr\/paques-a-jerusalem-le-raconte-des-volontaires-dats-pro-terra-sancta\/","url":"https:\/\/preprod.proterrasancta.org\/fr\/paques-a-jerusalem-le-raconte-des-volontaires-dats-pro-terra-sancta\/","name":"P\u00e2ques \u00e0 J\u00e9rusalem : le raconte des volontaires d\u2019ATS pro Terra Sancta | Pro Terra Sancta","isPartOf":{"@id":"https:\/\/preprod.proterrasancta.org\/it\/#website"},"datePublished":"2018-04-03T04:07:46+00:00","dateModified":"2021-09-09T14:45:39+00:00","breadcrumb":{"@id":"https:\/\/preprod.proterrasancta.org\/fr\/paques-a-jerusalem-le-raconte-des-volontaires-dats-pro-terra-sancta\/#breadcrumb"},"inLanguage":"fr-FR","potentialAction":[{"@type":"ReadAction","target":["https:\/\/preprod.proterrasancta.org\/fr\/paques-a-jerusalem-le-raconte-des-volontaires-dats-pro-terra-sancta\/"]}]},{"@type":"BreadcrumbList","@id":"https:\/\/preprod.proterrasancta.org\/fr\/paques-a-jerusalem-le-raconte-des-volontaires-dats-pro-terra-sancta\/#breadcrumb","itemListElement":[{"@type":"ListItem","position":1,"name":"Home","item":"https:\/\/preprod.proterrasancta.org\/it\/"},{"@type":"ListItem","position":2,"name":"P\u00e2ques \u00e0 J\u00e9rusalem : le raconte des volontaires d\u2019ATS pro Terra Sancta"}]},{"@type":"WebSite","@id":"https:\/\/preprod.proterrasancta.org\/it\/#website","url":"https:\/\/preprod.proterrasancta.org\/it\/","name":"Pro Terra Sancta","description":"To foster bonds between the Holy Land and the world","publisher":{"@id":"https:\/\/preprod.proterrasancta.org\/it\/#organization"},"potentialAction":[{"@type":"SearchAction","target":{"@type":"EntryPoint","urlTemplate":"https:\/\/preprod.proterrasancta.org\/it\/?s={search_term_string}"},"query-input":"required name=search_term_string"}],"inLanguage":"fr-FR"},{"@type":"Organization","@id":"https:\/\/preprod.proterrasancta.org\/it\/#organization","name":"Associazione Pro Terra Sancta","url":"https:\/\/preprod.proterrasancta.org\/it\/","logo":{"@type":"ImageObject","inLanguage":"fr-FR","@id":"https:\/\/preprod.proterrasancta.org\/it\/#\/schema\/logo\/image\/","url":"https:\/\/www.proterrasancta.org\/wp-content\/uploads\/Logo_ProTerraSancta_Colori_web_high_modificato.jpg","contentUrl":"https:\/\/www.proterrasancta.org\/wp-content\/uploads\/Logo_ProTerraSancta_Colori_web_high_modificato.jpg","width":1018,"height":576,"caption":"Associazione Pro Terra Sancta"},"image":{"@id":"https:\/\/preprod.proterrasancta.org\/it\/#\/schema\/logo\/image\/"},"sameAs":["https:\/\/www.instagram.com\/proterrasancta\/","https:\/\/www.linkedin.com\/company\/pro-terra-sancta\/","https:\/\/www.youtube.com\/user\/proterrasancta","https:\/\/www.facebook.com\/proterrasancta\/","https:\/\/twitter.com\/proterrasancta"]},{"@type":"Person","@id":"https:\/\/preprod.proterrasancta.org\/it\/#\/schema\/person\/c03a0c97a2c22a2681d54e29de17430c","name":"Giacomo Pizzi","image":{"@type":"ImageObject","inLanguage":"fr-FR","@id":"https:\/\/preprod.proterrasancta.org\/it\/#\/schema\/person\/image\/","url":"https:\/\/secure.gravatar.com\/avatar\/900c575219bd8bb5f7711ce33f0e43ea?s=96&d=mm&r=g","contentUrl":"https:\/\/secure.gravatar.com\/avatar\/900c575219bd8bb5f7711ce33f0e43ea?s=96&d=mm&r=g","caption":"Giacomo Pizzi"},"url":"https:\/\/preprod.proterrasancta.org\/fr\/author\/pizzi\/"}]}},"_links":{"self":[{"href":"https:\/\/preprod.proterrasancta.org\/fr\/wp-json\/wp\/v2\/posts\/104605"}],"collection":[{"href":"https:\/\/preprod.proterrasancta.org\/fr\/wp-json\/wp\/v2\/posts"}],"about":[{"href":"https:\/\/preprod.proterrasancta.org\/fr\/wp-json\/wp\/v2\/types\/post"}],"author":[{"embeddable":true,"href":"https:\/\/preprod.proterrasancta.org\/fr\/wp-json\/wp\/v2\/users\/35"}],"replies":[{"embeddable":true,"href":"https:\/\/preprod.proterrasancta.org\/fr\/wp-json\/wp\/v2\/comments?post=104605"}],"version-history":[{"count":0,"href":"https:\/\/preprod.proterrasancta.org\/fr\/wp-json\/wp\/v2\/posts\/104605\/revisions"}],"wp:featuredmedia":[{"embeddable":true,"href":"https:\/\/preprod.proterrasancta.org\/fr\/wp-json\/wp\/v2\/media\/104599"}],"wp:attachment":[{"href":"https:\/\/preprod.proterrasancta.org\/fr\/wp-json\/wp\/v2\/media?parent=104605"}],"wp:term":[{"taxonomy":"category","embeddable":true,"href":"https:\/\/preprod.proterrasancta.org\/fr\/wp-json\/wp\/v2\/categories?post=104605"},{"taxonomy":"post_tag","embeddable":true,"href":"https:\/\/preprod.proterrasancta.org\/fr\/wp-json\/wp\/v2\/tags?post=104605"},{"taxonomy":"campaign_code","embeddable":true,"href":"https:\/\/preprod.proterrasancta.org\/fr\/wp-json\/wp\/v2\/campaign_code?post=104605"}],"curies":[{"name":"wp","href":"https:\/\/api.w.org\/{rel}","templated":true}]}}