{"id":104585,"date":"2018-03-22T11:33:30","date_gmt":"2018-03-22T09:33:30","guid":{"rendered":"https:\/\/www.proterrasancta.org\/?post_type=fr-post&#038;p=104585"},"modified":"2021-09-09T16:45:39","modified_gmt":"2021-09-09T14:45:39","slug":"les-mains-et-le-coeur-de-mattia-un-jeune-kinesitherapeute-pour-les-personnes-agees-et-les-enfants-de-bethleem","status":"publish","type":"post","link":"https:\/\/preprod.proterrasancta.org\/fr\/les-mains-et-le-coeur-de-mattia-un-jeune-kinesitherapeute-pour-les-personnes-agees-et-les-enfants-de-bethleem\/","title":{"rendered":"Les mains et le c\u0153ur de Mattia : un jeune kin\u00e9sith\u00e9rapeute pour les personnes \u00e2g\u00e9es et les enfants de Bethl\u00e9em"},"content":{"rendered":"<p>Mattia est un jeune kin\u00e9sith\u00e9rapeute de 30 ans. Apr\u00e8s avoir \u00e9tudi\u00e9 \u00e0 Milan et avoir eu une exp\u00e9rience en Allemagne, un ami fran\u00e7ais l\u2019a pouss\u00e9 \u00e0 venir en Terre Sainte, \u00e0 Bethl\u00e9em. \u00ab\u00a0Apr\u00e8s trois mois \u00e0 l\u2019orphelinat La Chreche \u2013 le gar\u00e7on explique \u2013 les histoires et les visages de ces enfants m\u2019ont frapp\u00e9, pour cette raison-l\u00e0 j\u2019ai d\u00e9cid\u00e9 de continuer \u00e0 leur donner un coup de main\u00a0\u00bb. Ainsi gr\u00e2ce \u00e0 <strong>ATS pro Terra Sancta<\/strong> et l\u2019Association Habibi, Mattia a travaill\u00e9 une ann\u00e9e avec les personnes \u00e2g\u00e9es de la <strong>Soci\u00e9t\u00e9 Antonienne<\/strong> de Bethl\u00e9em et avec les enfants du <strong><em>Hagar Nino Dios<\/em><\/strong>, la maison d\u2019accueillance pour les enfantes invalides, abandonn\u00e9s ou dans un profond d\u00e9tresse, g\u00e9r\u00e9e par les religieuses de l\u2019Institut de Verbe Incarn\u00e9. En Palestine un syst\u00e8me de retraite ou des soins de sant\u00e9 publiques manque, donc sans des donations et l\u2019aide des s\u0153urs et des fr\u00e8res ces personnes \u00e2g\u00e9es et les enfants seraient abandonn\u00e9s compl\u00e8tement. \u00ab\u00a0Ces endroits sont le seul salut pour eux\u00a0\u00bb raconte Mattia pendent qu\u2019il masse les jambes de Maria (84 ans), bloqu\u00e9e \u00e0 lit depuis longtemps.<\/p>\n<p><em><a href=\"https:\/\/www.proterrasancta.org\/wp-content\/uploads\/DSC_0581.jpg\"><img loading=\"lazy\" decoding=\"async\" class=\" wp-image-104580 alignleft\" src=\"https:\/\/www.proterrasancta.org\/wp-content\/uploads\/DSC_0581-240x160.jpg\" alt=\"betlemme anziani\" width=\"380\" height=\"253\" srcset=\"https:\/\/preprod.proterrasancta.org\/wp-content\/uploads\/DSC_0581-240x160.jpg 240w, https:\/\/preprod.proterrasancta.org\/wp-content\/uploads\/DSC_0581-400x267.jpg 400w, https:\/\/preprod.proterrasancta.org\/wp-content\/uploads\/DSC_0581-768x512.jpg 768w, https:\/\/preprod.proterrasancta.org\/wp-content\/uploads\/DSC_0581-980x654.jpg 980w, https:\/\/preprod.proterrasancta.org\/wp-content\/uploads\/DSC_0581-480x320.jpg 480w, https:\/\/preprod.proterrasancta.org\/wp-content\/uploads\/DSC_0581.jpg 1000w\" sizes=\"(max-width: 380px) 100vw, 380px\" \/><\/a>Takk\u00e8<\/em> <strong>Afifeh dit<\/strong> chaque fois qu\u2019il sent le bruit de ses articulations qui sont boug\u00e9es. Elle a plus de 90 ans et elle est parmi les personnes les plus \u00e2g\u00e9es h\u00e9berg\u00e9e dans la structure. \u00ab\u00a0Au d\u00e9but elle me disait en arabe <em>bukhra thigi<\/em> \u2013 Mattia raconte \u2013 et ensuite j\u2019ai compris qu\u2019elle me disait <em>Est-ce que tu reviennes demain\u00a0?<\/em> et cela m\u2019a \u00e9mu parce que cela signifie que j\u2019ai laiss\u00e9 quelque chose\u00a0\u00bb. Lorsqu\u2019il se proche \u00e0 saluer d\u2019autres patients certaines femmes lui embrassent les mains et elles les m\u00e8nent au front, un geste typique dans les \u00e9glises orientales pour s\u2019adresser aux pr\u00eatres mais qu\u2019elles utilisent pour s\u2019adresser \u00e0 Mattia pour remercier ses mains qui soulagent leur souffrance. \u00ab\u00a0Dans la relation m\u00e9decin-patient le rapport humain est fondamental \u2013 Mattia explique \u2013 sp\u00e9cialement dans une maison de retraite o\u00f9 le patient est toujours couch\u00e9. Mais le moment le plus gratifiant c\u2019est le repas parce que tu sais qu\u2019en lui donnant de manger tu vas lui donner la vie\u00a0!\u00bb.<a href=\"https:\/\/www.proterrasancta.org\/wp-content\/uploads\/DSC_0585.jpg\"><img loading=\"lazy\" decoding=\"async\" class=\" wp-image-104581 alignright\" src=\"https:\/\/www.proterrasancta.org\/wp-content\/uploads\/DSC_0585-240x160.jpg\" alt=\"\" width=\"351\" height=\"234\" srcset=\"https:\/\/preprod.proterrasancta.org\/wp-content\/uploads\/DSC_0585-240x160.jpg 240w, https:\/\/preprod.proterrasancta.org\/wp-content\/uploads\/DSC_0585-400x267.jpg 400w, https:\/\/preprod.proterrasancta.org\/wp-content\/uploads\/DSC_0585-768x512.jpg 768w, https:\/\/preprod.proterrasancta.org\/wp-content\/uploads\/DSC_0585-980x654.jpg 980w, https:\/\/preprod.proterrasancta.org\/wp-content\/uploads\/DSC_0585-480x320.jpg 480w, https:\/\/preprod.proterrasancta.org\/wp-content\/uploads\/DSC_0585.jpg 1000w\" sizes=\"(max-width: 351px) 100vw, 351px\" \/><\/a><\/p>\n<p>Ce qui a frapp\u00e9 Mattia le plus c\u2019\u00e9tait l\u2019accueillance des gens, des amis, des patients qui lui ont fait ressentir comme un fils. Ainsi comme ses patients du Hogar sont ses fils.<\/p>\n<p>En prenant dans ses bras <strong>Duah<\/strong>, une fille tr\u00e8s jolie de 5 ans qui en d\u00e9montre 2, Mattia explique \u00ab\u00a0elle avait du mal \u00e0 s\u2019assoir, en revanche maintenant, apr\u00e8s un an de travail, elle se tient debout et avec un peu de support elle peut marcher\u00a0\u00bb. Beaucoup d\u2019eux sont tr\u00e8s affectueux avec lui et quelque fois sans dire rien, comme <strong>Marcellino<\/strong> (Mohammed de nom). Il l\u2019a connu \u00e0 La Chreche, il ne parle jamais, peut-\u00eatre \u00e0 cause d\u2019un trauma, toutefois il sourit et court toujours, et prend la main de ceux qui s\u2019approchent pour qu\u2019ils le suivent et jouent avec lui.<\/p>\n<p><a href=\"https:\/\/www.proterrasancta.org\/wp-content\/uploads\/DSC_0613.jpg\"><img loading=\"lazy\" decoding=\"async\" class=\" wp-image-104582 alignleft\" src=\"https:\/\/www.proterrasancta.org\/wp-content\/uploads\/DSC_0613-240x160.jpg\" alt=\"\" width=\"335\" height=\"223\" srcset=\"https:\/\/preprod.proterrasancta.org\/wp-content\/uploads\/DSC_0613-240x160.jpg 240w, https:\/\/preprod.proterrasancta.org\/wp-content\/uploads\/DSC_0613-400x267.jpg 400w, https:\/\/preprod.proterrasancta.org\/wp-content\/uploads\/DSC_0613-480x320.jpg 480w, https:\/\/preprod.proterrasancta.org\/wp-content\/uploads\/DSC_0613.jpg 768w\" sizes=\"(max-width: 335px) 100vw, 335px\" \/><\/a>\u00ab\u00a0Avec les personnes \u00e2g\u00e9es et les enfants tu te rends compte que le r\u00e9sultat n\u2019est pas la seule chose qui est vraiment important lorsqu\u2019il y a des probl\u00e8mes insolubles\u00a0\u00bb Mattia explique en massant les articulations de <strong>Sofir<\/strong>, une fille de 7 ans dont son grave retard mental ne lui permettra jamais de marcher. Le but de son travail est d\u2019am\u00e9liorer le plus possible la dignit\u00e9 de ces personnes qui n\u2019ont rien, et il l\u2019a fait.<\/p>\n<p>Aujourd\u2019hui c\u2019est son dernier jour de travail ici et ils lui ont organis\u00e9 une f\u00eate d\u2019adieu avec les enfants du Hogar, mais s\u00fbrement la touche magique de ses mains restera grav\u00e9e surtout dans le c\u0153ur et dans le sourire de ces personnes \u00e2g\u00e9es et les enfants de Bethl\u00e9em. Gr\u00e2ce \u00e0 ATS, il les a aid\u00e9s \u00e0 soulager leurs souffrances dans le corps et \u00e0 rendre heureux leur esprit\u00a0! Dans la ville o\u00f9 le Sauveur est n\u00e9, ainsi les mots de J\u00e9sus reviennent\u00a0<em>: Toutes les fois que vous avez fait ces choses \u00e0 l\u2019un de ces plus petits de mes fr\u00e8res, c\u2019est \u00e0 moi que vous les avez faites<\/em> (Mt 25,40)<\/p>\n","protected":false},"excerpt":{"rendered":"<p>Mattia est un jeune kin\u00e9sith\u00e9rapeute de 30 ans. Apr\u00e8s avoir \u00e9tudi\u00e9 \u00e0 Milan et avoir eu une exp\u00e9rience en Allemagne, un ami fran\u00e7ais l\u2019a pouss\u00e9 \u00e0 venir en Terre Sainte, \u00e0 Bethl\u00e9em. \u00ab\u00a0Apr\u00e8s trois mois \u00e0 l\u2019orphelinat La Chreche \u2013 le gar\u00e7on explique \u2013 les histoires et les visages de ces enfants m\u2019ont frapp\u00e9, pour [&hellip;]<\/p>\n","protected":false},"author":35,"featured_media":104579,"comment_status":"closed","ping_status":"closed","sticky":false,"template":"","format":"standard","meta":{"_acf_changed":false,"inline_featured_image":false,"footnotes":""},"categories":[9722],"tags":[],"campaign_code":[],"class_list":["post-104585","post","type-post","status-publish","format-standard","has-post-thumbnail","hentry","category-non-classifiee"],"acf":[],"yoast_head":"<!-- This site is optimized with the Yoast SEO Premium plugin v17.7 (Yoast SEO v19.14) - https:\/\/yoast.com\/wordpress\/plugins\/seo\/ -->\n<title>Les mains et le c\u0153ur de Mattia : un jeune kin\u00e9sith\u00e9rapeute pour les personnes \u00e2g\u00e9es et les enfants de Bethl\u00e9em | Pro Terra Sancta<\/title>\n<meta name=\"robots\" content=\"noindex, follow, max-snippet:-1, max-image-preview:large, max-video-preview:-1\" \/>\n<meta property=\"og:locale\" content=\"fr_FR\" \/>\n<meta property=\"og:type\" content=\"article\" \/>\n<meta property=\"og:title\" content=\"Les mains et le c\u0153ur de Mattia : un jeune kin\u00e9sith\u00e9rapeute pour les personnes \u00e2g\u00e9es et les enfants de Bethl\u00e9em\" \/>\n<meta property=\"og:description\" content=\"Mattia est un jeune kin\u00e9sith\u00e9rapeute de 30 ans. Apr\u00e8s avoir \u00e9tudi\u00e9 \u00e0 Milan et avoir eu une exp\u00e9rience en Allemagne, un ami fran\u00e7ais l\u2019a pouss\u00e9 \u00e0 venir en Terre Sainte, \u00e0 Bethl\u00e9em. \u00ab\u00a0Apr\u00e8s trois mois \u00e0 l\u2019orphelinat La Chreche \u2013 le gar\u00e7on explique \u2013 les histoires et les visages de ces enfants m\u2019ont frapp\u00e9, pour [&hellip;]\" \/>\n<meta property=\"og:url\" content=\"https:\/\/preprod.proterrasancta.org\/fr\/les-mains-et-le-coeur-de-mattia-un-jeune-kinesitherapeute-pour-les-personnes-agees-et-les-enfants-de-bethleem\/\" \/>\n<meta property=\"og:site_name\" content=\"Pro Terra Sancta\" \/>\n<meta property=\"article:publisher\" content=\"https:\/\/www.facebook.com\/proterrasancta\/\" \/>\n<meta property=\"article:published_time\" content=\"2018-03-22T09:33:30+00:00\" \/>\n<meta property=\"article:modified_time\" content=\"2021-09-09T14:45:39+00:00\" \/>\n<meta property=\"og:image\" content=\"https:\/\/preprod.proterrasancta.org\/wp-content\/uploads\/DSC_0612-e1521644387275.jpg\" \/>\n\t<meta property=\"og:image:width\" content=\"667\" \/>\n\t<meta property=\"og:image:height\" content=\"1000\" \/>\n\t<meta property=\"og:image:type\" content=\"image\/jpeg\" \/>\n<meta name=\"author\" content=\"Giacomo Pizzi\" \/>\n<meta name=\"twitter:card\" content=\"summary_large_image\" \/>\n<meta name=\"twitter:creator\" content=\"@proterrasancta\" \/>\n<meta name=\"twitter:site\" content=\"@proterrasancta\" \/>\n<meta name=\"twitter:label1\" content=\"\u00c9crit par\" \/>\n\t<meta name=\"twitter:data1\" content=\"Giacomo Pizzi\" \/>\n\t<meta name=\"twitter:label2\" content=\"Dur\u00e9e de lecture est.\" \/>\n\t<meta name=\"twitter:data2\" content=\"4 minutes\" \/>\n<script type=\"application\/ld+json\" class=\"yoast-schema-graph\">{\"@context\":\"https:\/\/schema.org\",\"@graph\":[{\"@type\":\"Article\",\"@id\":\"https:\/\/preprod.proterrasancta.org\/fr\/les-mains-et-le-coeur-de-mattia-un-jeune-kinesitherapeute-pour-les-personnes-agees-et-les-enfants-de-bethleem\/#article\",\"isPartOf\":{\"@id\":\"https:\/\/preprod.proterrasancta.org\/fr\/les-mains-et-le-coeur-de-mattia-un-jeune-kinesitherapeute-pour-les-personnes-agees-et-les-enfants-de-bethleem\/\"},\"author\":{\"name\":\"Giacomo Pizzi\",\"@id\":\"https:\/\/preprod.proterrasancta.org\/it\/#\/schema\/person\/c03a0c97a2c22a2681d54e29de17430c\"},\"headline\":\"Les mains et le c\u0153ur de Mattia : un jeune kin\u00e9sith\u00e9rapeute pour les personnes \u00e2g\u00e9es et les enfants de Bethl\u00e9em\",\"datePublished\":\"2018-03-22T09:33:30+00:00\",\"dateModified\":\"2021-09-09T14:45:39+00:00\",\"mainEntityOfPage\":{\"@id\":\"https:\/\/preprod.proterrasancta.org\/fr\/les-mains-et-le-coeur-de-mattia-un-jeune-kinesitherapeute-pour-les-personnes-agees-et-les-enfants-de-bethleem\/\"},\"wordCount\":750,\"publisher\":{\"@id\":\"https:\/\/preprod.proterrasancta.org\/it\/#organization\"},\"articleSection\":[\"Non classifi\u00e9(e)\"],\"inLanguage\":\"fr-FR\"},{\"@type\":\"WebPage\",\"@id\":\"https:\/\/preprod.proterrasancta.org\/fr\/les-mains-et-le-coeur-de-mattia-un-jeune-kinesitherapeute-pour-les-personnes-agees-et-les-enfants-de-bethleem\/\",\"url\":\"https:\/\/preprod.proterrasancta.org\/fr\/les-mains-et-le-coeur-de-mattia-un-jeune-kinesitherapeute-pour-les-personnes-agees-et-les-enfants-de-bethleem\/\",\"name\":\"Les mains et le c\u0153ur de Mattia : un jeune kin\u00e9sith\u00e9rapeute pour les personnes \u00e2g\u00e9es et les enfants de Bethl\u00e9em | Pro Terra Sancta\",\"isPartOf\":{\"@id\":\"https:\/\/preprod.proterrasancta.org\/it\/#website\"},\"datePublished\":\"2018-03-22T09:33:30+00:00\",\"dateModified\":\"2021-09-09T14:45:39+00:00\",\"breadcrumb\":{\"@id\":\"https:\/\/preprod.proterrasancta.org\/fr\/les-mains-et-le-coeur-de-mattia-un-jeune-kinesitherapeute-pour-les-personnes-agees-et-les-enfants-de-bethleem\/#breadcrumb\"},\"inLanguage\":\"fr-FR\",\"potentialAction\":[{\"@type\":\"ReadAction\",\"target\":[\"https:\/\/preprod.proterrasancta.org\/fr\/les-mains-et-le-coeur-de-mattia-un-jeune-kinesitherapeute-pour-les-personnes-agees-et-les-enfants-de-bethleem\/\"]}]},{\"@type\":\"BreadcrumbList\",\"@id\":\"https:\/\/preprod.proterrasancta.org\/fr\/les-mains-et-le-coeur-de-mattia-un-jeune-kinesitherapeute-pour-les-personnes-agees-et-les-enfants-de-bethleem\/#breadcrumb\",\"itemListElement\":[{\"@type\":\"ListItem\",\"position\":1,\"name\":\"Home\",\"item\":\"https:\/\/preprod.proterrasancta.org\/it\/\"},{\"@type\":\"ListItem\",\"position\":2,\"name\":\"Les mains et le c\u0153ur de Mattia : un jeune kin\u00e9sith\u00e9rapeute pour les personnes \u00e2g\u00e9es et les enfants de Bethl\u00e9em\"}]},{\"@type\":\"WebSite\",\"@id\":\"https:\/\/preprod.proterrasancta.org\/it\/#website\",\"url\":\"https:\/\/preprod.proterrasancta.org\/it\/\",\"name\":\"Pro Terra Sancta\",\"description\":\"To foster bonds between the Holy Land and the world\",\"publisher\":{\"@id\":\"https:\/\/preprod.proterrasancta.org\/it\/#organization\"},\"potentialAction\":[{\"@type\":\"SearchAction\",\"target\":{\"@type\":\"EntryPoint\",\"urlTemplate\":\"https:\/\/preprod.proterrasancta.org\/it\/?s={search_term_string}\"},\"query-input\":\"required name=search_term_string\"}],\"inLanguage\":\"fr-FR\"},{\"@type\":\"Organization\",\"@id\":\"https:\/\/preprod.proterrasancta.org\/it\/#organization\",\"name\":\"Associazione Pro Terra Sancta\",\"url\":\"https:\/\/preprod.proterrasancta.org\/it\/\",\"logo\":{\"@type\":\"ImageObject\",\"inLanguage\":\"fr-FR\",\"@id\":\"https:\/\/preprod.proterrasancta.org\/it\/#\/schema\/logo\/image\/\",\"url\":\"https:\/\/www.proterrasancta.org\/wp-content\/uploads\/Logo_ProTerraSancta_Colori_web_high_modificato.jpg\",\"contentUrl\":\"https:\/\/www.proterrasancta.org\/wp-content\/uploads\/Logo_ProTerraSancta_Colori_web_high_modificato.jpg\",\"width\":1018,\"height\":576,\"caption\":\"Associazione Pro Terra Sancta\"},\"image\":{\"@id\":\"https:\/\/preprod.proterrasancta.org\/it\/#\/schema\/logo\/image\/\"},\"sameAs\":[\"https:\/\/www.instagram.com\/proterrasancta\/\",\"https:\/\/www.linkedin.com\/company\/pro-terra-sancta\/\",\"https:\/\/www.youtube.com\/user\/proterrasancta\",\"https:\/\/www.facebook.com\/proterrasancta\/\",\"https:\/\/twitter.com\/proterrasancta\"]},{\"@type\":\"Person\",\"@id\":\"https:\/\/preprod.proterrasancta.org\/it\/#\/schema\/person\/c03a0c97a2c22a2681d54e29de17430c\",\"name\":\"Giacomo Pizzi\",\"image\":{\"@type\":\"ImageObject\",\"inLanguage\":\"fr-FR\",\"@id\":\"https:\/\/preprod.proterrasancta.org\/it\/#\/schema\/person\/image\/\",\"url\":\"https:\/\/secure.gravatar.com\/avatar\/900c575219bd8bb5f7711ce33f0e43ea?s=96&d=mm&r=g\",\"contentUrl\":\"https:\/\/secure.gravatar.com\/avatar\/900c575219bd8bb5f7711ce33f0e43ea?s=96&d=mm&r=g\",\"caption\":\"Giacomo Pizzi\"},\"url\":\"https:\/\/preprod.proterrasancta.org\/fr\/author\/pizzi\/\"}]}<\/script>\n<!-- \/ Yoast SEO Premium plugin. -->","yoast_head_json":{"title":"Les mains et le c\u0153ur de Mattia : un jeune kin\u00e9sith\u00e9rapeute pour les personnes \u00e2g\u00e9es et les enfants de Bethl\u00e9em | Pro Terra Sancta","robots":{"index":"noindex","follow":"follow","max-snippet":"max-snippet:-1","max-image-preview":"max-image-preview:large","max-video-preview":"max-video-preview:-1"},"og_locale":"fr_FR","og_type":"article","og_title":"Les mains et le c\u0153ur de Mattia : un jeune kin\u00e9sith\u00e9rapeute pour les personnes \u00e2g\u00e9es et les enfants de Bethl\u00e9em","og_description":"Mattia est un jeune kin\u00e9sith\u00e9rapeute de 30 ans. Apr\u00e8s avoir \u00e9tudi\u00e9 \u00e0 Milan et avoir eu une exp\u00e9rience en Allemagne, un ami fran\u00e7ais l\u2019a pouss\u00e9 \u00e0 venir en Terre Sainte, \u00e0 Bethl\u00e9em. \u00ab\u00a0Apr\u00e8s trois mois \u00e0 l\u2019orphelinat La Chreche \u2013 le gar\u00e7on explique \u2013 les histoires et les visages de ces enfants m\u2019ont frapp\u00e9, pour [&hellip;]","og_url":"https:\/\/preprod.proterrasancta.org\/fr\/les-mains-et-le-coeur-de-mattia-un-jeune-kinesitherapeute-pour-les-personnes-agees-et-les-enfants-de-bethleem\/","og_site_name":"Pro Terra Sancta","article_publisher":"https:\/\/www.facebook.com\/proterrasancta\/","article_published_time":"2018-03-22T09:33:30+00:00","article_modified_time":"2021-09-09T14:45:39+00:00","og_image":[{"width":667,"height":1000,"url":"https:\/\/preprod.proterrasancta.org\/wp-content\/uploads\/DSC_0612-e1521644387275.jpg","type":"image\/jpeg"}],"author":"Giacomo Pizzi","twitter_card":"summary_large_image","twitter_creator":"@proterrasancta","twitter_site":"@proterrasancta","twitter_misc":{"\u00c9crit par":"Giacomo Pizzi","Dur\u00e9e de lecture est.":"4 minutes"},"schema":{"@context":"https:\/\/schema.org","@graph":[{"@type":"Article","@id":"https:\/\/preprod.proterrasancta.org\/fr\/les-mains-et-le-coeur-de-mattia-un-jeune-kinesitherapeute-pour-les-personnes-agees-et-les-enfants-de-bethleem\/#article","isPartOf":{"@id":"https:\/\/preprod.proterrasancta.org\/fr\/les-mains-et-le-coeur-de-mattia-un-jeune-kinesitherapeute-pour-les-personnes-agees-et-les-enfants-de-bethleem\/"},"author":{"name":"Giacomo Pizzi","@id":"https:\/\/preprod.proterrasancta.org\/it\/#\/schema\/person\/c03a0c97a2c22a2681d54e29de17430c"},"headline":"Les mains et le c\u0153ur de Mattia : un jeune kin\u00e9sith\u00e9rapeute pour les personnes \u00e2g\u00e9es et les enfants de Bethl\u00e9em","datePublished":"2018-03-22T09:33:30+00:00","dateModified":"2021-09-09T14:45:39+00:00","mainEntityOfPage":{"@id":"https:\/\/preprod.proterrasancta.org\/fr\/les-mains-et-le-coeur-de-mattia-un-jeune-kinesitherapeute-pour-les-personnes-agees-et-les-enfants-de-bethleem\/"},"wordCount":750,"publisher":{"@id":"https:\/\/preprod.proterrasancta.org\/it\/#organization"},"articleSection":["Non classifi\u00e9(e)"],"inLanguage":"fr-FR"},{"@type":"WebPage","@id":"https:\/\/preprod.proterrasancta.org\/fr\/les-mains-et-le-coeur-de-mattia-un-jeune-kinesitherapeute-pour-les-personnes-agees-et-les-enfants-de-bethleem\/","url":"https:\/\/preprod.proterrasancta.org\/fr\/les-mains-et-le-coeur-de-mattia-un-jeune-kinesitherapeute-pour-les-personnes-agees-et-les-enfants-de-bethleem\/","name":"Les mains et le c\u0153ur de Mattia : un jeune kin\u00e9sith\u00e9rapeute pour les personnes \u00e2g\u00e9es et les enfants de Bethl\u00e9em | Pro Terra Sancta","isPartOf":{"@id":"https:\/\/preprod.proterrasancta.org\/it\/#website"},"datePublished":"2018-03-22T09:33:30+00:00","dateModified":"2021-09-09T14:45:39+00:00","breadcrumb":{"@id":"https:\/\/preprod.proterrasancta.org\/fr\/les-mains-et-le-coeur-de-mattia-un-jeune-kinesitherapeute-pour-les-personnes-agees-et-les-enfants-de-bethleem\/#breadcrumb"},"inLanguage":"fr-FR","potentialAction":[{"@type":"ReadAction","target":["https:\/\/preprod.proterrasancta.org\/fr\/les-mains-et-le-coeur-de-mattia-un-jeune-kinesitherapeute-pour-les-personnes-agees-et-les-enfants-de-bethleem\/"]}]},{"@type":"BreadcrumbList","@id":"https:\/\/preprod.proterrasancta.org\/fr\/les-mains-et-le-coeur-de-mattia-un-jeune-kinesitherapeute-pour-les-personnes-agees-et-les-enfants-de-bethleem\/#breadcrumb","itemListElement":[{"@type":"ListItem","position":1,"name":"Home","item":"https:\/\/preprod.proterrasancta.org\/it\/"},{"@type":"ListItem","position":2,"name":"Les mains et le c\u0153ur de Mattia : un jeune kin\u00e9sith\u00e9rapeute pour les personnes \u00e2g\u00e9es et les enfants de Bethl\u00e9em"}]},{"@type":"WebSite","@id":"https:\/\/preprod.proterrasancta.org\/it\/#website","url":"https:\/\/preprod.proterrasancta.org\/it\/","name":"Pro Terra Sancta","description":"To foster bonds between the Holy Land and the world","publisher":{"@id":"https:\/\/preprod.proterrasancta.org\/it\/#organization"},"potentialAction":[{"@type":"SearchAction","target":{"@type":"EntryPoint","urlTemplate":"https:\/\/preprod.proterrasancta.org\/it\/?s={search_term_string}"},"query-input":"required name=search_term_string"}],"inLanguage":"fr-FR"},{"@type":"Organization","@id":"https:\/\/preprod.proterrasancta.org\/it\/#organization","name":"Associazione Pro Terra Sancta","url":"https:\/\/preprod.proterrasancta.org\/it\/","logo":{"@type":"ImageObject","inLanguage":"fr-FR","@id":"https:\/\/preprod.proterrasancta.org\/it\/#\/schema\/logo\/image\/","url":"https:\/\/www.proterrasancta.org\/wp-content\/uploads\/Logo_ProTerraSancta_Colori_web_high_modificato.jpg","contentUrl":"https:\/\/www.proterrasancta.org\/wp-content\/uploads\/Logo_ProTerraSancta_Colori_web_high_modificato.jpg","width":1018,"height":576,"caption":"Associazione Pro Terra Sancta"},"image":{"@id":"https:\/\/preprod.proterrasancta.org\/it\/#\/schema\/logo\/image\/"},"sameAs":["https:\/\/www.instagram.com\/proterrasancta\/","https:\/\/www.linkedin.com\/company\/pro-terra-sancta\/","https:\/\/www.youtube.com\/user\/proterrasancta","https:\/\/www.facebook.com\/proterrasancta\/","https:\/\/twitter.com\/proterrasancta"]},{"@type":"Person","@id":"https:\/\/preprod.proterrasancta.org\/it\/#\/schema\/person\/c03a0c97a2c22a2681d54e29de17430c","name":"Giacomo Pizzi","image":{"@type":"ImageObject","inLanguage":"fr-FR","@id":"https:\/\/preprod.proterrasancta.org\/it\/#\/schema\/person\/image\/","url":"https:\/\/secure.gravatar.com\/avatar\/900c575219bd8bb5f7711ce33f0e43ea?s=96&d=mm&r=g","contentUrl":"https:\/\/secure.gravatar.com\/avatar\/900c575219bd8bb5f7711ce33f0e43ea?s=96&d=mm&r=g","caption":"Giacomo Pizzi"},"url":"https:\/\/preprod.proterrasancta.org\/fr\/author\/pizzi\/"}]}},"_links":{"self":[{"href":"https:\/\/preprod.proterrasancta.org\/fr\/wp-json\/wp\/v2\/posts\/104585"}],"collection":[{"href":"https:\/\/preprod.proterrasancta.org\/fr\/wp-json\/wp\/v2\/posts"}],"about":[{"href":"https:\/\/preprod.proterrasancta.org\/fr\/wp-json\/wp\/v2\/types\/post"}],"author":[{"embeddable":true,"href":"https:\/\/preprod.proterrasancta.org\/fr\/wp-json\/wp\/v2\/users\/35"}],"replies":[{"embeddable":true,"href":"https:\/\/preprod.proterrasancta.org\/fr\/wp-json\/wp\/v2\/comments?post=104585"}],"version-history":[{"count":0,"href":"https:\/\/preprod.proterrasancta.org\/fr\/wp-json\/wp\/v2\/posts\/104585\/revisions"}],"wp:featuredmedia":[{"embeddable":true,"href":"https:\/\/preprod.proterrasancta.org\/fr\/wp-json\/wp\/v2\/media\/104579"}],"wp:attachment":[{"href":"https:\/\/preprod.proterrasancta.org\/fr\/wp-json\/wp\/v2\/media?parent=104585"}],"wp:term":[{"taxonomy":"category","embeddable":true,"href":"https:\/\/preprod.proterrasancta.org\/fr\/wp-json\/wp\/v2\/categories?post=104585"},{"taxonomy":"post_tag","embeddable":true,"href":"https:\/\/preprod.proterrasancta.org\/fr\/wp-json\/wp\/v2\/tags?post=104585"},{"taxonomy":"campaign_code","embeddable":true,"href":"https:\/\/preprod.proterrasancta.org\/fr\/wp-json\/wp\/v2\/campaign_code?post=104585"}],"curies":[{"name":"wp","href":"https:\/\/api.w.org\/{rel}","templated":true}]}}