{"id":104545,"date":"2018-03-15T15:24:59","date_gmt":"2018-03-15T13:24:59","guid":{"rendered":"https:\/\/www.proterrasancta.org\/?post_type=fr-post&#038;p=104545"},"modified":"2021-09-09T16:45:40","modified_gmt":"2021-09-09T14:45:40","slug":"en-syrie-on-ne-se-rend-pas","status":"publish","type":"post","link":"https:\/\/preprod.proterrasancta.org\/fr\/en-syrie-on-ne-se-rend-pas\/","title":{"rendered":"EN SYRIE, ON NE SE REND PAS"},"content":{"rendered":"<p>Nous avons pouss\u00e9 un soupir de soulagement, il y a une ann\u00e9e, lorsque les t\u00e9l\u00e9visions du monde entier diffusaient les images des <strong>Aleppins<\/strong> f\u00eater la libert\u00e9 atteinte apr\u00e8s des mois de conflits dans la <strong>ville martyre<\/strong>. On s\u2019est fait des illusions, peut-\u00eatre pour un instant, qui tout cela serait fini t\u00f4t. Nous esp\u00e9rions de pouvoir \u00e9crire le mot \u00ab\u00a0fin\u00a0\u00bb \u00e0 une <strong>guerre<\/strong> d\u00e9sastreuse dur\u00e9e des ann\u00e9es. Ce qui est pass\u00e9 apr\u00e8s, malheureusement, c\u2019est histoire.<\/p>\n<p><a href=\"https:\/\/www.proterrasancta.org\/wp-content\/uploads\/DSC_2015.jpg\"><img loading=\"lazy\" decoding=\"async\" class=\" wp-image-104523 alignleft\" src=\"https:\/\/www.proterrasancta.org\/wp-content\/uploads\/DSC_2015-240x159.jpg\" alt=\"\" width=\"322\" height=\"213\" srcset=\"https:\/\/preprod.proterrasancta.org\/wp-content\/uploads\/DSC_2015-240x159.jpg 240w, https:\/\/preprod.proterrasancta.org\/wp-content\/uploads\/DSC_2015-400x266.jpg 400w, https:\/\/preprod.proterrasancta.org\/wp-content\/uploads\/DSC_2015-768x510.jpg 768w, https:\/\/preprod.proterrasancta.org\/wp-content\/uploads\/DSC_2015-980x651.jpg 980w, https:\/\/preprod.proterrasancta.org\/wp-content\/uploads\/DSC_2015-480x319.jpg 480w, https:\/\/preprod.proterrasancta.org\/wp-content\/uploads\/DSC_2015.jpg 1000w\" sizes=\"(max-width: 322px) 100vw, 322px\" \/><\/a>Dans la derni\u00e8re p\u00e9riode, les r\u00e9flecteurs sont revenus \u00e0 pointer \u00e0 <strong>Damas<\/strong>, frapp\u00e9 par une nouvelle vague de violence, et c\u2019est opinion g\u00e9n\u00e9rale que la guerre serait encore longue. Aujourd\u2019hui nous sommes forc\u00e9s \u00e0 rappeler le triste <strong>anniversaire<\/strong> qui nous tra\u00eene dans la huiti\u00e8me ann\u00e9e de ce conflit commenc\u00e9 \u00e0 partir de l\u2019illusion men\u00e9e par les soi-disant \u00ab\u00a0<strong>Printemps Arabe<\/strong>\u00a0\u00bb, arriv\u00e9s en <strong>Syrie<\/strong> en <strong>mars 2011<\/strong>. Ce qui semblait un r\u00eave de vengeance s\u2019est transform\u00e9 tr\u00e8s t\u00f4t en un cauchemar <strong>djihadiste et fondamentaliste<\/strong>, duquel le Moyen Orient n\u2019est pas encore r\u00e9ussi \u00e0 sortir.<a href=\"https:\/\/www.proterrasancta.org\/wp-content\/uploads\/Immagine12.jpg\"><img loading=\"lazy\" decoding=\"async\" class=\"size-thumbnail wp-image-104525 alignright\" src=\"https:\/\/www.proterrasancta.org\/wp-content\/uploads\/Immagine12-240x159.jpg\" alt=\"ats siria\" width=\"240\" height=\"159\" srcset=\"https:\/\/preprod.proterrasancta.org\/wp-content\/uploads\/Immagine12-240x159.jpg 240w, https:\/\/preprod.proterrasancta.org\/wp-content\/uploads\/Immagine12-400x266.jpg 400w, https:\/\/preprod.proterrasancta.org\/wp-content\/uploads\/Immagine12-768x510.jpg 768w, https:\/\/preprod.proterrasancta.org\/wp-content\/uploads\/Immagine12-980x651.jpg 980w, https:\/\/preprod.proterrasancta.org\/wp-content\/uploads\/Immagine12-480x319.jpg 480w, https:\/\/preprod.proterrasancta.org\/wp-content\/uploads\/Immagine12.jpg 1000w\" sizes=\"(max-width: 240px) 100vw, 240px\" \/><\/a><\/p>\n<p>Pendant ces tr\u00e8s longues ann\u00e9es nous d<strong>\u2019ATS pro Terra Sancta<\/strong> ne sommes pas rest\u00e9 sans rien faire. En plus d\u2019avoir ouverts et rendus op\u00e9rationnels quatre <strong>centres d\u2019urgence<\/strong> dans certaines villes frapp\u00e9es par la guerre (<strong>Damas, Alep, Knayeh et Latakiah<\/strong>), nous avons garanti des <strong>soins de sant\u00e9<\/strong> \u00e0 milliers de <strong>familles<\/strong> et l\u2019<strong>\u00e9ducation<\/strong> \u00e0 centaines d\u2019<strong>enfants<\/strong> qui ne pouvaient plus aller \u00e0 l\u2019\u00e9cole. Nous sommes intervenus dans chaque situation qui demandait notre aide, souvent gr\u00e2ce \u00e0 la collaboration pr\u00e9cieuse des fr\u00e8res qui n\u2019ont jamais quitt\u00e9 le pays. Au d\u00e9but de la huiti\u00e8me ann\u00e9e de guerre, nous voudrons le r\u00e9p\u00e9ter \u00e0 voix haute\u00a0: <strong>on ne se rend pas\u00a0! Nous voulons continuer \u00e0 aider les Syriens et la Syrie<\/strong>, o\u00f9 les chr\u00e9tiens ont commenc\u00e9 \u00e0 s\u2019appeler avec leur nom.<\/p>\n<p>&nbsp;<\/p>\n<p><a href=\"https:\/\/www.proterrasancta.org\/wp-content\/uploads\/IMG_2089.jpg\"><img loading=\"lazy\" decoding=\"async\" class=\"alignnone wp-image-104527\" src=\"https:\/\/www.proterrasancta.org\/wp-content\/uploads\/IMG_2089-240x180.jpg\" alt=\"case aleppo\" width=\"294\" height=\"221\" srcset=\"https:\/\/preprod.proterrasancta.org\/wp-content\/uploads\/IMG_2089-240x180.jpg 240w, https:\/\/preprod.proterrasancta.org\/wp-content\/uploads\/IMG_2089-400x300.jpg 400w, https:\/\/preprod.proterrasancta.org\/wp-content\/uploads\/IMG_2089-768x576.jpg 768w, https:\/\/preprod.proterrasancta.org\/wp-content\/uploads\/IMG_2089-510x382.jpg 510w, https:\/\/preprod.proterrasancta.org\/wp-content\/uploads\/IMG_2089-980x735.jpg 980w, https:\/\/preprod.proterrasancta.org\/wp-content\/uploads\/IMG_2089-480x360.jpg 480w, https:\/\/preprod.proterrasancta.org\/wp-content\/uploads\/IMG_2089.jpg 1000w\" sizes=\"(max-width: 294px) 100vw, 294px\" \/><\/a>\u00a0\u00a0<a href=\"https:\/\/www.proterrasancta.org\/wp-content\/uploads\/P1100382.jpg\"><img loading=\"lazy\" decoding=\"async\" class=\"alignnone wp-image-104526\" src=\"https:\/\/www.proterrasancta.org\/wp-content\/uploads\/P1100382-240x180.jpg\" alt=\"\" width=\"290\" height=\"217\" srcset=\"https:\/\/preprod.proterrasancta.org\/wp-content\/uploads\/P1100382-240x180.jpg 240w, https:\/\/preprod.proterrasancta.org\/wp-content\/uploads\/P1100382-400x300.jpg 400w, https:\/\/preprod.proterrasancta.org\/wp-content\/uploads\/P1100382-768x576.jpg 768w, https:\/\/preprod.proterrasancta.org\/wp-content\/uploads\/P1100382-510x382.jpg 510w, https:\/\/preprod.proterrasancta.org\/wp-content\/uploads\/P1100382-980x735.jpg 980w, https:\/\/preprod.proterrasancta.org\/wp-content\/uploads\/P1100382-480x360.jpg 480w, https:\/\/preprod.proterrasancta.org\/wp-content\/uploads\/P1100382.jpg 1000w\" sizes=\"(max-width: 290px) 100vw, 290px\" \/><\/a><\/p>\n<p>Pour cette raison-l\u00e0 dans les derni\u00e8res semaines nous avons voulu lancer un <strong>nouveau projet<\/strong> \u00e0 <strong>Alep<\/strong> qui s\u2019occupera des enfants <strong>orphelins<\/strong>, abandonn\u00e9s par leurs familles et ceux qui sont n\u00e9s des femmes viol\u00e9es et abus\u00e9es. C\u2019est une partie de la soci\u00e9t\u00e9 qui personne ne veut regarder, un probl\u00e8me qui souvent est cach\u00e9 afin de ne pas cr\u00e9er de scandale. En effet dans ces cas-l\u00e0, les enfants et leurs m\u00e8res ne re\u00e7oivent aucune assistance de l\u2019\u00c9tat (en fait, ils sont regard\u00e9s avec hostilit\u00e9 parce qu\u2019ils sont consid\u00e9r\u00e9s fils du dommage et ils ne sont pas inscrits l\u00e9galement), et \u00e0 maintes occasions ils vivent dans conditionnes terribles. Ils sont margin\u00e9s par tout le monde et ils ont besoin de tout\u00a0: de la <strong>nourriture<\/strong>, de l\u2019<strong>eau<\/strong>, mais aussi d\u2019une <strong>r\u00e9habilitation psychologique<\/strong> et sociale.<a href=\"https:\/\/www.proterrasancta.org\/wp-content\/uploads\/Immagine3.jpg\"><img loading=\"lazy\" decoding=\"async\" class=\" wp-image-104524 alignright\" src=\"https:\/\/www.proterrasancta.org\/wp-content\/uploads\/Immagine3-240x136.jpg\" alt=\"Aleppo Bambini\" width=\"321\" height=\"182\" srcset=\"https:\/\/preprod.proterrasancta.org\/wp-content\/uploads\/Immagine3-240x136.jpg 240w, https:\/\/preprod.proterrasancta.org\/wp-content\/uploads\/Immagine3-400x227.jpg 400w, https:\/\/preprod.proterrasancta.org\/wp-content\/uploads\/Immagine3-768x435.jpg 768w, https:\/\/preprod.proterrasancta.org\/wp-content\/uploads\/Immagine3-480x272.jpg 480w, https:\/\/preprod.proterrasancta.org\/wp-content\/uploads\/Immagine3.jpg 787w\" sizes=\"(max-width: 321px) 100vw, 321px\" \/><\/a><\/p>\n<p><a href=\"https:\/\/www.proterrasancta.org\/wp-content\/uploads\/20170109_122445.jpg\"><img loading=\"lazy\" decoding=\"async\" class=\" wp-image-104541 alignleft\" src=\"https:\/\/www.proterrasancta.org\/wp-content\/uploads\/20170109_122445-240x135.jpg\" alt=\"bambini aleppo\" width=\"384\" height=\"216\" srcset=\"https:\/\/preprod.proterrasancta.org\/wp-content\/uploads\/20170109_122445-240x135.jpg 240w, https:\/\/preprod.proterrasancta.org\/wp-content\/uploads\/20170109_122445-400x225.jpg 400w, https:\/\/preprod.proterrasancta.org\/wp-content\/uploads\/20170109_122445-768x432.jpg 768w, https:\/\/preprod.proterrasancta.org\/wp-content\/uploads\/20170109_122445-980x552.jpg 980w, https:\/\/preprod.proterrasancta.org\/wp-content\/uploads\/20170109_122445-480x270.jpg 480w, https:\/\/preprod.proterrasancta.org\/wp-content\/uploads\/20170109_122445.jpg 1000w\" sizes=\"(max-width: 384px) 100vw, 384px\" \/><\/a>Pour ce motif-l\u00e0 le vicaire apostolique d\u2019Alep <strong>mons. George Abou Khazen<\/strong>, <strong>fra Firas Lufti<\/strong> et le <strong>Grand Mufti d\u2019Alep<\/strong> ont d\u00e9cid\u00e9 de commencer cette nouvelle initiative qui \u2013 nous esp\u00e9rons \u2013 pourra tamponner cette grave urgence sociale. Le but principal c\u2019est de soutenir les enfants et leurs m\u00e8res dans la soci\u00e9t\u00e9 en veillant \u00e0 leurs besoins les plus urgents. ATS pro Terra Sancta a choisi d\u2019\u00eatre \u00e0 leurs c\u00f4t\u00e9s afin de donner un souri \u00e0 ces enfants. Pendant que nous attendons les grands pouvoir trouvent un accord qui puisse conduire \u00e0 un accord de paix long et durable, nous renouvelons notre engagement pour les plus pauvres\u00a0et ceux-ci sans d\u00e9fense\u00a0: les enfants de la Syrie.<\/p>\n<p>L\u2019avenir du pays est aussi dans leurs mains. Nous savons que seulement les soldats peuvent gagner la guerre. Mais construire la paix c\u2019est une autre chose\u00a0: cela implique un <strong>travail quotidien et constant, d\u2019\u00e9ducation et de formation des consciences<\/strong>. Afin que la rage et le ressentiment \u00e0 cause du mal re\u00e7u ne gagnent pas, mais la conviction de pouvoir recommencer. Ainsi comme l\u2019esp\u00e9rance de pouvoir revenir \u00e0 appeler la <strong>Syrie<\/strong> \u2013 encore une fois \u2013 une terre de r\u00e9union et de paix. <strong>Gr\u00e2ce \u00e0 votre aide, nous continuons \u00e0 travailler pour ce but-l\u00e0<\/strong>.<\/p>\n","protected":false},"excerpt":{"rendered":"<p>Nous avons pouss\u00e9 un soupir de soulagement, il y a une ann\u00e9e, lorsque les t\u00e9l\u00e9visions du monde entier diffusaient les images des Aleppins f\u00eater la libert\u00e9 atteinte apr\u00e8s des mois de conflits dans la ville martyre. On s\u2019est fait des illusions, peut-\u00eatre pour un instant, qui tout cela serait fini t\u00f4t. Nous esp\u00e9rions de pouvoir [&hellip;]<\/p>\n","protected":false},"author":35,"featured_media":104522,"comment_status":"closed","ping_status":"closed","sticky":false,"template":"","format":"standard","meta":{"_acf_changed":false,"inline_featured_image":false,"footnotes":""},"categories":[9722],"tags":[],"campaign_code":[],"class_list":["post-104545","post","type-post","status-publish","format-standard","has-post-thumbnail","hentry","category-non-classifiee"],"acf":[],"yoast_head":"<!-- This site is optimized with the Yoast SEO Premium plugin v17.7 (Yoast SEO v19.14) - https:\/\/yoast.com\/wordpress\/plugins\/seo\/ -->\n<title>EN SYRIE, ON NE SE REND PAS | Pro Terra Sancta<\/title>\n<meta name=\"robots\" content=\"noindex, follow, max-snippet:-1, max-image-preview:large, max-video-preview:-1\" \/>\n<meta property=\"og:locale\" content=\"fr_FR\" \/>\n<meta property=\"og:type\" content=\"article\" \/>\n<meta property=\"og:title\" content=\"EN SYRIE, ON NE SE REND PAS\" \/>\n<meta property=\"og:description\" content=\"Nous avons pouss\u00e9 un soupir de soulagement, il y a une ann\u00e9e, lorsque les t\u00e9l\u00e9visions du monde entier diffusaient les images des Aleppins f\u00eater la libert\u00e9 atteinte apr\u00e8s des mois de conflits dans la ville martyre. On s\u2019est fait des illusions, peut-\u00eatre pour un instant, qui tout cela serait fini t\u00f4t. Nous esp\u00e9rions de pouvoir [&hellip;]\" \/>\n<meta property=\"og:url\" content=\"https:\/\/preprod.proterrasancta.org\/fr\/en-syrie-on-ne-se-rend-pas\/\" \/>\n<meta property=\"og:site_name\" content=\"Pro Terra Sancta\" \/>\n<meta property=\"article:publisher\" content=\"https:\/\/www.facebook.com\/proterrasancta\/\" \/>\n<meta property=\"article:published_time\" content=\"2018-03-15T13:24:59+00:00\" \/>\n<meta property=\"article:modified_time\" content=\"2021-09-09T14:45:40+00:00\" \/>\n<meta property=\"og:image\" content=\"https:\/\/preprod.proterrasancta.org\/wp-content\/uploads\/20170109_125847.jpg\" \/>\n\t<meta property=\"og:image:width\" content=\"1000\" \/>\n\t<meta property=\"og:image:height\" content=\"629\" \/>\n\t<meta property=\"og:image:type\" content=\"image\/jpeg\" \/>\n<meta name=\"author\" content=\"Giacomo Pizzi\" \/>\n<meta name=\"twitter:card\" content=\"summary_large_image\" \/>\n<meta name=\"twitter:creator\" content=\"@proterrasancta\" \/>\n<meta name=\"twitter:site\" content=\"@proterrasancta\" \/>\n<meta name=\"twitter:label1\" content=\"\u00c9crit par\" \/>\n\t<meta name=\"twitter:data1\" content=\"Giacomo Pizzi\" \/>\n\t<meta name=\"twitter:label2\" content=\"Dur\u00e9e de lecture est.\" \/>\n\t<meta name=\"twitter:data2\" content=\"3 minutes\" \/>\n<script type=\"application\/ld+json\" class=\"yoast-schema-graph\">{\"@context\":\"https:\/\/schema.org\",\"@graph\":[{\"@type\":\"Article\",\"@id\":\"https:\/\/preprod.proterrasancta.org\/fr\/en-syrie-on-ne-se-rend-pas\/#article\",\"isPartOf\":{\"@id\":\"https:\/\/preprod.proterrasancta.org\/fr\/en-syrie-on-ne-se-rend-pas\/\"},\"author\":{\"name\":\"Giacomo Pizzi\",\"@id\":\"https:\/\/preprod.proterrasancta.org\/it\/#\/schema\/person\/c03a0c97a2c22a2681d54e29de17430c\"},\"headline\":\"EN SYRIE, ON NE SE REND PAS\",\"datePublished\":\"2018-03-15T13:24:59+00:00\",\"dateModified\":\"2021-09-09T14:45:40+00:00\",\"mainEntityOfPage\":{\"@id\":\"https:\/\/preprod.proterrasancta.org\/fr\/en-syrie-on-ne-se-rend-pas\/\"},\"wordCount\":706,\"publisher\":{\"@id\":\"https:\/\/preprod.proterrasancta.org\/it\/#organization\"},\"articleSection\":[\"Non classifi\u00e9(e)\"],\"inLanguage\":\"fr-FR\"},{\"@type\":\"WebPage\",\"@id\":\"https:\/\/preprod.proterrasancta.org\/fr\/en-syrie-on-ne-se-rend-pas\/\",\"url\":\"https:\/\/preprod.proterrasancta.org\/fr\/en-syrie-on-ne-se-rend-pas\/\",\"name\":\"EN SYRIE, ON NE SE REND PAS | Pro Terra Sancta\",\"isPartOf\":{\"@id\":\"https:\/\/preprod.proterrasancta.org\/it\/#website\"},\"datePublished\":\"2018-03-15T13:24:59+00:00\",\"dateModified\":\"2021-09-09T14:45:40+00:00\",\"breadcrumb\":{\"@id\":\"https:\/\/preprod.proterrasancta.org\/fr\/en-syrie-on-ne-se-rend-pas\/#breadcrumb\"},\"inLanguage\":\"fr-FR\",\"potentialAction\":[{\"@type\":\"ReadAction\",\"target\":[\"https:\/\/preprod.proterrasancta.org\/fr\/en-syrie-on-ne-se-rend-pas\/\"]}]},{\"@type\":\"BreadcrumbList\",\"@id\":\"https:\/\/preprod.proterrasancta.org\/fr\/en-syrie-on-ne-se-rend-pas\/#breadcrumb\",\"itemListElement\":[{\"@type\":\"ListItem\",\"position\":1,\"name\":\"Home\",\"item\":\"https:\/\/preprod.proterrasancta.org\/it\/\"},{\"@type\":\"ListItem\",\"position\":2,\"name\":\"EN SYRIE, ON NE SE REND PAS\"}]},{\"@type\":\"WebSite\",\"@id\":\"https:\/\/preprod.proterrasancta.org\/it\/#website\",\"url\":\"https:\/\/preprod.proterrasancta.org\/it\/\",\"name\":\"Pro Terra Sancta\",\"description\":\"To foster bonds between the Holy Land and the world\",\"publisher\":{\"@id\":\"https:\/\/preprod.proterrasancta.org\/it\/#organization\"},\"potentialAction\":[{\"@type\":\"SearchAction\",\"target\":{\"@type\":\"EntryPoint\",\"urlTemplate\":\"https:\/\/preprod.proterrasancta.org\/it\/?s={search_term_string}\"},\"query-input\":\"required name=search_term_string\"}],\"inLanguage\":\"fr-FR\"},{\"@type\":\"Organization\",\"@id\":\"https:\/\/preprod.proterrasancta.org\/it\/#organization\",\"name\":\"Associazione Pro Terra Sancta\",\"url\":\"https:\/\/preprod.proterrasancta.org\/it\/\",\"logo\":{\"@type\":\"ImageObject\",\"inLanguage\":\"fr-FR\",\"@id\":\"https:\/\/preprod.proterrasancta.org\/it\/#\/schema\/logo\/image\/\",\"url\":\"https:\/\/www.proterrasancta.org\/wp-content\/uploads\/Logo_ProTerraSancta_Colori_web_high_modificato.jpg\",\"contentUrl\":\"https:\/\/www.proterrasancta.org\/wp-content\/uploads\/Logo_ProTerraSancta_Colori_web_high_modificato.jpg\",\"width\":1018,\"height\":576,\"caption\":\"Associazione Pro Terra Sancta\"},\"image\":{\"@id\":\"https:\/\/preprod.proterrasancta.org\/it\/#\/schema\/logo\/image\/\"},\"sameAs\":[\"https:\/\/www.instagram.com\/proterrasancta\/\",\"https:\/\/www.linkedin.com\/company\/pro-terra-sancta\/\",\"https:\/\/www.youtube.com\/user\/proterrasancta\",\"https:\/\/www.facebook.com\/proterrasancta\/\",\"https:\/\/twitter.com\/proterrasancta\"]},{\"@type\":\"Person\",\"@id\":\"https:\/\/preprod.proterrasancta.org\/it\/#\/schema\/person\/c03a0c97a2c22a2681d54e29de17430c\",\"name\":\"Giacomo Pizzi\",\"image\":{\"@type\":\"ImageObject\",\"inLanguage\":\"fr-FR\",\"@id\":\"https:\/\/preprod.proterrasancta.org\/it\/#\/schema\/person\/image\/\",\"url\":\"https:\/\/secure.gravatar.com\/avatar\/900c575219bd8bb5f7711ce33f0e43ea?s=96&d=mm&r=g\",\"contentUrl\":\"https:\/\/secure.gravatar.com\/avatar\/900c575219bd8bb5f7711ce33f0e43ea?s=96&d=mm&r=g\",\"caption\":\"Giacomo Pizzi\"},\"url\":\"https:\/\/preprod.proterrasancta.org\/fr\/author\/pizzi\/\"}]}<\/script>\n<!-- \/ Yoast SEO Premium plugin. -->","yoast_head_json":{"title":"EN SYRIE, ON NE SE REND PAS | Pro Terra Sancta","robots":{"index":"noindex","follow":"follow","max-snippet":"max-snippet:-1","max-image-preview":"max-image-preview:large","max-video-preview":"max-video-preview:-1"},"og_locale":"fr_FR","og_type":"article","og_title":"EN SYRIE, ON NE SE REND PAS","og_description":"Nous avons pouss\u00e9 un soupir de soulagement, il y a une ann\u00e9e, lorsque les t\u00e9l\u00e9visions du monde entier diffusaient les images des Aleppins f\u00eater la libert\u00e9 atteinte apr\u00e8s des mois de conflits dans la ville martyre. On s\u2019est fait des illusions, peut-\u00eatre pour un instant, qui tout cela serait fini t\u00f4t. Nous esp\u00e9rions de pouvoir [&hellip;]","og_url":"https:\/\/preprod.proterrasancta.org\/fr\/en-syrie-on-ne-se-rend-pas\/","og_site_name":"Pro Terra Sancta","article_publisher":"https:\/\/www.facebook.com\/proterrasancta\/","article_published_time":"2018-03-15T13:24:59+00:00","article_modified_time":"2021-09-09T14:45:40+00:00","og_image":[{"width":1000,"height":629,"url":"https:\/\/preprod.proterrasancta.org\/wp-content\/uploads\/20170109_125847.jpg","type":"image\/jpeg"}],"author":"Giacomo Pizzi","twitter_card":"summary_large_image","twitter_creator":"@proterrasancta","twitter_site":"@proterrasancta","twitter_misc":{"\u00c9crit par":"Giacomo Pizzi","Dur\u00e9e de lecture est.":"3 minutes"},"schema":{"@context":"https:\/\/schema.org","@graph":[{"@type":"Article","@id":"https:\/\/preprod.proterrasancta.org\/fr\/en-syrie-on-ne-se-rend-pas\/#article","isPartOf":{"@id":"https:\/\/preprod.proterrasancta.org\/fr\/en-syrie-on-ne-se-rend-pas\/"},"author":{"name":"Giacomo Pizzi","@id":"https:\/\/preprod.proterrasancta.org\/it\/#\/schema\/person\/c03a0c97a2c22a2681d54e29de17430c"},"headline":"EN SYRIE, ON NE SE REND PAS","datePublished":"2018-03-15T13:24:59+00:00","dateModified":"2021-09-09T14:45:40+00:00","mainEntityOfPage":{"@id":"https:\/\/preprod.proterrasancta.org\/fr\/en-syrie-on-ne-se-rend-pas\/"},"wordCount":706,"publisher":{"@id":"https:\/\/preprod.proterrasancta.org\/it\/#organization"},"articleSection":["Non classifi\u00e9(e)"],"inLanguage":"fr-FR"},{"@type":"WebPage","@id":"https:\/\/preprod.proterrasancta.org\/fr\/en-syrie-on-ne-se-rend-pas\/","url":"https:\/\/preprod.proterrasancta.org\/fr\/en-syrie-on-ne-se-rend-pas\/","name":"EN SYRIE, ON NE SE REND PAS | Pro Terra Sancta","isPartOf":{"@id":"https:\/\/preprod.proterrasancta.org\/it\/#website"},"datePublished":"2018-03-15T13:24:59+00:00","dateModified":"2021-09-09T14:45:40+00:00","breadcrumb":{"@id":"https:\/\/preprod.proterrasancta.org\/fr\/en-syrie-on-ne-se-rend-pas\/#breadcrumb"},"inLanguage":"fr-FR","potentialAction":[{"@type":"ReadAction","target":["https:\/\/preprod.proterrasancta.org\/fr\/en-syrie-on-ne-se-rend-pas\/"]}]},{"@type":"BreadcrumbList","@id":"https:\/\/preprod.proterrasancta.org\/fr\/en-syrie-on-ne-se-rend-pas\/#breadcrumb","itemListElement":[{"@type":"ListItem","position":1,"name":"Home","item":"https:\/\/preprod.proterrasancta.org\/it\/"},{"@type":"ListItem","position":2,"name":"EN SYRIE, ON NE SE REND PAS"}]},{"@type":"WebSite","@id":"https:\/\/preprod.proterrasancta.org\/it\/#website","url":"https:\/\/preprod.proterrasancta.org\/it\/","name":"Pro Terra Sancta","description":"To foster bonds between the Holy Land and the world","publisher":{"@id":"https:\/\/preprod.proterrasancta.org\/it\/#organization"},"potentialAction":[{"@type":"SearchAction","target":{"@type":"EntryPoint","urlTemplate":"https:\/\/preprod.proterrasancta.org\/it\/?s={search_term_string}"},"query-input":"required name=search_term_string"}],"inLanguage":"fr-FR"},{"@type":"Organization","@id":"https:\/\/preprod.proterrasancta.org\/it\/#organization","name":"Associazione Pro Terra Sancta","url":"https:\/\/preprod.proterrasancta.org\/it\/","logo":{"@type":"ImageObject","inLanguage":"fr-FR","@id":"https:\/\/preprod.proterrasancta.org\/it\/#\/schema\/logo\/image\/","url":"https:\/\/www.proterrasancta.org\/wp-content\/uploads\/Logo_ProTerraSancta_Colori_web_high_modificato.jpg","contentUrl":"https:\/\/www.proterrasancta.org\/wp-content\/uploads\/Logo_ProTerraSancta_Colori_web_high_modificato.jpg","width":1018,"height":576,"caption":"Associazione Pro Terra Sancta"},"image":{"@id":"https:\/\/preprod.proterrasancta.org\/it\/#\/schema\/logo\/image\/"},"sameAs":["https:\/\/www.instagram.com\/proterrasancta\/","https:\/\/www.linkedin.com\/company\/pro-terra-sancta\/","https:\/\/www.youtube.com\/user\/proterrasancta","https:\/\/www.facebook.com\/proterrasancta\/","https:\/\/twitter.com\/proterrasancta"]},{"@type":"Person","@id":"https:\/\/preprod.proterrasancta.org\/it\/#\/schema\/person\/c03a0c97a2c22a2681d54e29de17430c","name":"Giacomo Pizzi","image":{"@type":"ImageObject","inLanguage":"fr-FR","@id":"https:\/\/preprod.proterrasancta.org\/it\/#\/schema\/person\/image\/","url":"https:\/\/secure.gravatar.com\/avatar\/900c575219bd8bb5f7711ce33f0e43ea?s=96&d=mm&r=g","contentUrl":"https:\/\/secure.gravatar.com\/avatar\/900c575219bd8bb5f7711ce33f0e43ea?s=96&d=mm&r=g","caption":"Giacomo Pizzi"},"url":"https:\/\/preprod.proterrasancta.org\/fr\/author\/pizzi\/"}]}},"_links":{"self":[{"href":"https:\/\/preprod.proterrasancta.org\/fr\/wp-json\/wp\/v2\/posts\/104545"}],"collection":[{"href":"https:\/\/preprod.proterrasancta.org\/fr\/wp-json\/wp\/v2\/posts"}],"about":[{"href":"https:\/\/preprod.proterrasancta.org\/fr\/wp-json\/wp\/v2\/types\/post"}],"author":[{"embeddable":true,"href":"https:\/\/preprod.proterrasancta.org\/fr\/wp-json\/wp\/v2\/users\/35"}],"replies":[{"embeddable":true,"href":"https:\/\/preprod.proterrasancta.org\/fr\/wp-json\/wp\/v2\/comments?post=104545"}],"version-history":[{"count":0,"href":"https:\/\/preprod.proterrasancta.org\/fr\/wp-json\/wp\/v2\/posts\/104545\/revisions"}],"wp:featuredmedia":[{"embeddable":true,"href":"https:\/\/preprod.proterrasancta.org\/fr\/wp-json\/wp\/v2\/media\/104522"}],"wp:attachment":[{"href":"https:\/\/preprod.proterrasancta.org\/fr\/wp-json\/wp\/v2\/media?parent=104545"}],"wp:term":[{"taxonomy":"category","embeddable":true,"href":"https:\/\/preprod.proterrasancta.org\/fr\/wp-json\/wp\/v2\/categories?post=104545"},{"taxonomy":"post_tag","embeddable":true,"href":"https:\/\/preprod.proterrasancta.org\/fr\/wp-json\/wp\/v2\/tags?post=104545"},{"taxonomy":"campaign_code","embeddable":true,"href":"https:\/\/preprod.proterrasancta.org\/fr\/wp-json\/wp\/v2\/campaign_code?post=104545"}],"curies":[{"name":"wp","href":"https:\/\/api.w.org\/{rel}","templated":true}]}}