{"id":103158,"date":"2017-06-19T14:51:36","date_gmt":"2017-06-19T11:51:36","guid":{"rendered":"https:\/\/www.proterrasancta.org\/?post_type=fr-post&#038;p=103158"},"modified":"2021-09-09T16:47:17","modified_gmt":"2021-09-09T14:47:17","slug":"bethanie-maison-de-lamitie-un-iftar-dans-le-couvent-des-franciscains","status":"publish","type":"post","link":"https:\/\/preprod.proterrasancta.org\/fr\/bethanie-maison-de-lamitie-un-iftar-dans-le-couvent-des-franciscains\/","title":{"rendered":"B\u00e9thanie, \u00ab\u00a0maison de l&rsquo;amiti\u00e9\u00a0\u00bb: un iftar, dans le couvent des franciscains"},"content":{"rendered":"<p><strong>Des chr\u00e9tiens et des musulmans ensemble pour partager la beaut\u00e9 d&rsquo;une rencontre<\/strong> : c&rsquo;est ce qui est arriv\u00e9 \u00e0 B\u00e9thanie \u00e0 l&rsquo;occasion de l&rsquo;iftar entre fr\u00e8res de la Custodie et habitants locaux. En effet, <strong>au cours du ramadan, les musulmans se retrouvent chaque jour apr\u00e8s le coucher du soleil pour partager ensemble le repas qui interromps le je\u00fbne : l&rsquo;iftar. La soir\u00e9e du 15 juin \u00e0 vu les chr\u00e9tiens de la Custodie partager ce moment avec leurs voisins musulman<\/strong>s. La voix du muezzin de la proche mosqu\u00e9e \u00e0 r\u00e9sonn\u00e9 dans le jardin du couvent de B\u00e9thanie, alors que tous \u00e9taient assis \u00e0 table, pr\u00eats \u00e0 manger. Autour des deux longues tables plac\u00e9es devant l&rsquo;\u00e9glise les franciscains \u00e9taient assis \u00e0 cot\u00e9 des repr\u00e9sentants de la municipalit\u00e9 locale et de quelques citoyens locaux.<\/p>\n<p><strong>L&rsquo;iftar a \u00e9t\u00e9 organis\u00e9 par Association Pro Terra Santa en collaboration avec le Mosaic Center de J\u00e9richo, sur une initiative de Osama Hamdam<\/strong>, architecte de la Custodie de Terre Sainte et <strong>responsable des fouilles arch\u00e9ologiques dans le couvent de B\u00e9thanie<\/strong>. Le <strong>Custode de Terre Sainte<\/strong> a accept\u00e9 l&rsquo;invitation avec enthousiasme et est venu avec le <strong>Secr\u00e9taire de Terre Sainte, fr. David Grenier<\/strong>, ainsi qu&rsquo;avec l&rsquo;<strong>\u00e9conome fr. Ramzi Sidawi<\/strong>. Le <strong>Consul G\u00e9n\u00e9ral d&rsquo;Italie<\/strong> \u00e0 J\u00e9rusalem, <strong>Fabio Sokolowicz<\/strong>, \u00e9tait \u00e9galement pr\u00e9sent.<br \/>\nApr\u00e8s la fin du chant du muezzin, dans une atmosph\u00e8re fraternelle, le diner a commenc\u00e9 par une datte et un vert d&rsquo;eau, comme le veut la tradition, avant de continuer par du riz, du poulet et autres plats typiques.<\/p>\n<p><strong>\u00a0\u00bb Soyez les bienvenus \u00e0 B\u00e9thanie. Nous sommes heureux de vous avoir ici, et j&rsquo;esp\u00e8re que cette initiative sera reproduite chaque ann\u00e9e\u00a0\u00bb a souhaitait le maire-adjoint de B\u00e9thanie<\/strong>. Alors s&rsquo;obscurcit toujours plus par l&rsquo;entr\u00e9e dans la soir\u00e9e, les ouvriers des fouilles arch\u00e9ologiques et les propri\u00e9taires des magasins voisins ont \u00e9galement mang\u00e9 dehors, assis aux m\u00eames tables. Tous les plats ont \u00e9t\u00e9 cuisin\u00e9s par l&rsquo;infatigable Fatima Faroun, responsable de l&rsquo;association Shoruq Society For Women. \u00ab\u00a0Shoruq\u00a0\u00bb signifiant \u00ab\u00a0aube\u00a0\u00bb car -comme le dit Fatima &#8211; l&rsquo;association se veut \u00ab\u00a0une lumi\u00e8re dans la vie des femmes de B\u00e9thanie\u00a0\u00bb. \u00ab\u00a0Nous sommes tr\u00e8s honor\u00e9s par votre pr\u00e9sence ici &#8211; a affirm\u00e9 Osama Hamdam -. C&rsquo;est un petit pont pour aider \u00e0 abattre des murs et je crois que le seul moyen d&rsquo;y parvenir soit le dialogue.\u00a0\u00bb<\/p>\n<p>Fr. Michael Sarquah, le sup\u00e9rieur de B\u00e9thanie, a expliqu\u00e9 que c&rsquo;\u00e9tait la premi\u00e8re fois qu&rsquo;un iftar \u00e9tait organis\u00e9 dans le couvent, mais que les rapports locaux \u00e9taient tr\u00e8s bons : \u00ab\u00a0nous nous \u00e9changeons toujours les v\u0153ux pour les f\u00eates, de fa\u00e7on amicale\u00a0\u00bb.<br \/>\nChaque jour, dans les paroisses et dans les projets de la mission franciscaine au Moyen-Orient, des chr\u00e9tiens et des musulmans apprennent ensemble ce que signifient la collaboration et le partage r\u00e9ciproque.<strong> Mais B\u00e9thanie est surtout un lieu sp\u00e9cial pour le Custode de Terre Sainte : \u00ab\u00a0Marie, Marthe et Lazare, qui vivaient ici, accueillaient toujours J\u00e9sus. Donc je vois B\u00e9thanie comme la maison de l&rsquo;amiti\u00e9. Et il est important que ce lieu continue \u00e0 \u00eatre une maison dans laquelle nous puissions nous r\u00e9unir ensemble et avoir une exp\u00e9rience d&rsquo;amiti\u00e9\u00a0\u00bb<\/strong>.<\/p>\n<h2 id=\"tw-target-text\" class=\"tw-data-text tw-ta tw-text-medium\" dir=\"ltr\" style=\"text-align: center;\" data-placeholder=\"Traduzione\"><a href=\"https:\/\/www.proterrasancta.org\/fr\/bethanie-la-ville-de-lazare\/\"><span lang=\"fr\"> <span style=\"text-decoration: underline;\">En savoir plus sur le projet \u00e0 B\u00e9thanie!<\/span><\/span><\/a><\/h2>\n","protected":false},"excerpt":{"rendered":"<p>Des chr\u00e9tiens et des musulmans ensemble pour partager la beaut\u00e9 d&rsquo;une rencontre : c&rsquo;est ce qui est arriv\u00e9 \u00e0 B\u00e9thanie \u00e0 l&rsquo;occasion de l&rsquo;iftar entre fr\u00e8res de la Custodie et habitants locaux. En effet, au cours du ramadan, les musulmans se retrouvent chaque jour apr\u00e8s le coucher du soleil pour partager ensemble le repas qui [&hellip;]<\/p>\n","protected":false},"author":35,"featured_media":103149,"comment_status":"closed","ping_status":"closed","sticky":false,"template":"","format":"standard","meta":{"_acf_changed":false,"inline_featured_image":false,"footnotes":""},"categories":[9722],"tags":[],"campaign_code":[],"class_list":["post-103158","post","type-post","status-publish","format-standard","has-post-thumbnail","hentry","category-non-classifiee"],"acf":[],"yoast_head":"<!-- This site is optimized with the Yoast SEO Premium plugin v17.7 (Yoast SEO v19.14) - https:\/\/yoast.com\/wordpress\/plugins\/seo\/ -->\n<title>B\u00e9thanie, &quot;maison de l&#039;amiti\u00e9&quot;: un iftar, dans le couvent des franciscains | Pro Terra Sancta<\/title>\n<meta name=\"robots\" content=\"noindex, follow, max-snippet:-1, max-image-preview:large, max-video-preview:-1\" \/>\n<meta property=\"og:locale\" content=\"fr_FR\" \/>\n<meta property=\"og:type\" content=\"article\" \/>\n<meta property=\"og:title\" content=\"B\u00e9thanie, &quot;maison de l&#039;amiti\u00e9&quot;: un iftar, dans le couvent des franciscains\" \/>\n<meta property=\"og:description\" content=\"Des chr\u00e9tiens et des musulmans ensemble pour partager la beaut\u00e9 d&rsquo;une rencontre : c&rsquo;est ce qui est arriv\u00e9 \u00e0 B\u00e9thanie \u00e0 l&rsquo;occasion de l&rsquo;iftar entre fr\u00e8res de la Custodie et habitants locaux. En effet, au cours du ramadan, les musulmans se retrouvent chaque jour apr\u00e8s le coucher du soleil pour partager ensemble le repas qui [&hellip;]\" \/>\n<meta property=\"og:url\" content=\"https:\/\/preprod.proterrasancta.org\/fr\/bethanie-maison-de-lamitie-un-iftar-dans-le-couvent-des-franciscains\/\" \/>\n<meta property=\"og:site_name\" content=\"Pro Terra Sancta\" \/>\n<meta property=\"article:publisher\" content=\"https:\/\/www.facebook.com\/proterrasancta\/\" \/>\n<meta property=\"article:published_time\" content=\"2017-06-19T11:51:36+00:00\" \/>\n<meta property=\"article:modified_time\" content=\"2021-09-09T14:47:17+00:00\" \/>\n<meta property=\"og:image\" content=\"https:\/\/preprod.proterrasancta.org\/wp-content\/uploads\/56330-e1497856729482.jpg\" \/>\n\t<meta property=\"og:image:width\" content=\"666\" \/>\n\t<meta property=\"og:image:height\" content=\"418\" \/>\n\t<meta property=\"og:image:type\" content=\"image\/jpeg\" \/>\n<meta name=\"author\" content=\"Giacomo Pizzi\" \/>\n<meta name=\"twitter:card\" content=\"summary_large_image\" \/>\n<meta name=\"twitter:creator\" content=\"@proterrasancta\" \/>\n<meta name=\"twitter:site\" content=\"@proterrasancta\" \/>\n<meta name=\"twitter:label1\" content=\"\u00c9crit par\" \/>\n\t<meta name=\"twitter:data1\" content=\"Giacomo Pizzi\" \/>\n\t<meta name=\"twitter:label2\" content=\"Dur\u00e9e de lecture est.\" \/>\n\t<meta name=\"twitter:data2\" content=\"3 minutes\" \/>\n<script type=\"application\/ld+json\" class=\"yoast-schema-graph\">{\"@context\":\"https:\/\/schema.org\",\"@graph\":[{\"@type\":\"Article\",\"@id\":\"https:\/\/preprod.proterrasancta.org\/fr\/bethanie-maison-de-lamitie-un-iftar-dans-le-couvent-des-franciscains\/#article\",\"isPartOf\":{\"@id\":\"https:\/\/preprod.proterrasancta.org\/fr\/bethanie-maison-de-lamitie-un-iftar-dans-le-couvent-des-franciscains\/\"},\"author\":{\"name\":\"Giacomo Pizzi\",\"@id\":\"https:\/\/preprod.proterrasancta.org\/it\/#\/schema\/person\/c03a0c97a2c22a2681d54e29de17430c\"},\"headline\":\"B\u00e9thanie, \u00ab\u00a0maison de l&rsquo;amiti\u00e9\u00a0\u00bb: un iftar, dans le couvent des franciscains\",\"datePublished\":\"2017-06-19T11:51:36+00:00\",\"dateModified\":\"2021-09-09T14:47:17+00:00\",\"mainEntityOfPage\":{\"@id\":\"https:\/\/preprod.proterrasancta.org\/fr\/bethanie-maison-de-lamitie-un-iftar-dans-le-couvent-des-franciscains\/\"},\"wordCount\":590,\"publisher\":{\"@id\":\"https:\/\/preprod.proterrasancta.org\/it\/#organization\"},\"articleSection\":[\"Non classifi\u00e9(e)\"],\"inLanguage\":\"fr-FR\"},{\"@type\":\"WebPage\",\"@id\":\"https:\/\/preprod.proterrasancta.org\/fr\/bethanie-maison-de-lamitie-un-iftar-dans-le-couvent-des-franciscains\/\",\"url\":\"https:\/\/preprod.proterrasancta.org\/fr\/bethanie-maison-de-lamitie-un-iftar-dans-le-couvent-des-franciscains\/\",\"name\":\"B\u00e9thanie, \\\"maison de l'amiti\u00e9\\\": un iftar, dans le couvent des franciscains | Pro Terra Sancta\",\"isPartOf\":{\"@id\":\"https:\/\/preprod.proterrasancta.org\/it\/#website\"},\"datePublished\":\"2017-06-19T11:51:36+00:00\",\"dateModified\":\"2021-09-09T14:47:17+00:00\",\"breadcrumb\":{\"@id\":\"https:\/\/preprod.proterrasancta.org\/fr\/bethanie-maison-de-lamitie-un-iftar-dans-le-couvent-des-franciscains\/#breadcrumb\"},\"inLanguage\":\"fr-FR\",\"potentialAction\":[{\"@type\":\"ReadAction\",\"target\":[\"https:\/\/preprod.proterrasancta.org\/fr\/bethanie-maison-de-lamitie-un-iftar-dans-le-couvent-des-franciscains\/\"]}]},{\"@type\":\"BreadcrumbList\",\"@id\":\"https:\/\/preprod.proterrasancta.org\/fr\/bethanie-maison-de-lamitie-un-iftar-dans-le-couvent-des-franciscains\/#breadcrumb\",\"itemListElement\":[{\"@type\":\"ListItem\",\"position\":1,\"name\":\"Home\",\"item\":\"https:\/\/preprod.proterrasancta.org\/it\/\"},{\"@type\":\"ListItem\",\"position\":2,\"name\":\"B\u00e9thanie, \u00ab\u00a0maison de l&rsquo;amiti\u00e9\u00a0\u00bb: un iftar, dans le couvent des franciscains\"}]},{\"@type\":\"WebSite\",\"@id\":\"https:\/\/preprod.proterrasancta.org\/it\/#website\",\"url\":\"https:\/\/preprod.proterrasancta.org\/it\/\",\"name\":\"Pro Terra Sancta\",\"description\":\"To foster bonds between the Holy Land and the world\",\"publisher\":{\"@id\":\"https:\/\/preprod.proterrasancta.org\/it\/#organization\"},\"potentialAction\":[{\"@type\":\"SearchAction\",\"target\":{\"@type\":\"EntryPoint\",\"urlTemplate\":\"https:\/\/preprod.proterrasancta.org\/it\/?s={search_term_string}\"},\"query-input\":\"required name=search_term_string\"}],\"inLanguage\":\"fr-FR\"},{\"@type\":\"Organization\",\"@id\":\"https:\/\/preprod.proterrasancta.org\/it\/#organization\",\"name\":\"Associazione Pro Terra Sancta\",\"url\":\"https:\/\/preprod.proterrasancta.org\/it\/\",\"logo\":{\"@type\":\"ImageObject\",\"inLanguage\":\"fr-FR\",\"@id\":\"https:\/\/preprod.proterrasancta.org\/it\/#\/schema\/logo\/image\/\",\"url\":\"https:\/\/www.proterrasancta.org\/wp-content\/uploads\/Logo_ProTerraSancta_Colori_web_high_modificato.jpg\",\"contentUrl\":\"https:\/\/www.proterrasancta.org\/wp-content\/uploads\/Logo_ProTerraSancta_Colori_web_high_modificato.jpg\",\"width\":1018,\"height\":576,\"caption\":\"Associazione Pro Terra Sancta\"},\"image\":{\"@id\":\"https:\/\/preprod.proterrasancta.org\/it\/#\/schema\/logo\/image\/\"},\"sameAs\":[\"https:\/\/www.instagram.com\/proterrasancta\/\",\"https:\/\/www.linkedin.com\/company\/pro-terra-sancta\/\",\"https:\/\/www.youtube.com\/user\/proterrasancta\",\"https:\/\/www.facebook.com\/proterrasancta\/\",\"https:\/\/twitter.com\/proterrasancta\"]},{\"@type\":\"Person\",\"@id\":\"https:\/\/preprod.proterrasancta.org\/it\/#\/schema\/person\/c03a0c97a2c22a2681d54e29de17430c\",\"name\":\"Giacomo Pizzi\",\"image\":{\"@type\":\"ImageObject\",\"inLanguage\":\"fr-FR\",\"@id\":\"https:\/\/preprod.proterrasancta.org\/it\/#\/schema\/person\/image\/\",\"url\":\"https:\/\/secure.gravatar.com\/avatar\/900c575219bd8bb5f7711ce33f0e43ea?s=96&d=mm&r=g\",\"contentUrl\":\"https:\/\/secure.gravatar.com\/avatar\/900c575219bd8bb5f7711ce33f0e43ea?s=96&d=mm&r=g\",\"caption\":\"Giacomo Pizzi\"},\"url\":\"https:\/\/preprod.proterrasancta.org\/fr\/author\/pizzi\/\"}]}<\/script>\n<!-- \/ Yoast SEO Premium plugin. -->","yoast_head_json":{"title":"B\u00e9thanie, \"maison de l'amiti\u00e9\": un iftar, dans le couvent des franciscains | Pro Terra Sancta","robots":{"index":"noindex","follow":"follow","max-snippet":"max-snippet:-1","max-image-preview":"max-image-preview:large","max-video-preview":"max-video-preview:-1"},"og_locale":"fr_FR","og_type":"article","og_title":"B\u00e9thanie, \"maison de l'amiti\u00e9\": un iftar, dans le couvent des franciscains","og_description":"Des chr\u00e9tiens et des musulmans ensemble pour partager la beaut\u00e9 d&rsquo;une rencontre : c&rsquo;est ce qui est arriv\u00e9 \u00e0 B\u00e9thanie \u00e0 l&rsquo;occasion de l&rsquo;iftar entre fr\u00e8res de la Custodie et habitants locaux. En effet, au cours du ramadan, les musulmans se retrouvent chaque jour apr\u00e8s le coucher du soleil pour partager ensemble le repas qui [&hellip;]","og_url":"https:\/\/preprod.proterrasancta.org\/fr\/bethanie-maison-de-lamitie-un-iftar-dans-le-couvent-des-franciscains\/","og_site_name":"Pro Terra Sancta","article_publisher":"https:\/\/www.facebook.com\/proterrasancta\/","article_published_time":"2017-06-19T11:51:36+00:00","article_modified_time":"2021-09-09T14:47:17+00:00","og_image":[{"width":666,"height":418,"url":"https:\/\/preprod.proterrasancta.org\/wp-content\/uploads\/56330-e1497856729482.jpg","type":"image\/jpeg"}],"author":"Giacomo Pizzi","twitter_card":"summary_large_image","twitter_creator":"@proterrasancta","twitter_site":"@proterrasancta","twitter_misc":{"\u00c9crit par":"Giacomo Pizzi","Dur\u00e9e de lecture est.":"3 minutes"},"schema":{"@context":"https:\/\/schema.org","@graph":[{"@type":"Article","@id":"https:\/\/preprod.proterrasancta.org\/fr\/bethanie-maison-de-lamitie-un-iftar-dans-le-couvent-des-franciscains\/#article","isPartOf":{"@id":"https:\/\/preprod.proterrasancta.org\/fr\/bethanie-maison-de-lamitie-un-iftar-dans-le-couvent-des-franciscains\/"},"author":{"name":"Giacomo Pizzi","@id":"https:\/\/preprod.proterrasancta.org\/it\/#\/schema\/person\/c03a0c97a2c22a2681d54e29de17430c"},"headline":"B\u00e9thanie, \u00ab\u00a0maison de l&rsquo;amiti\u00e9\u00a0\u00bb: un iftar, dans le couvent des franciscains","datePublished":"2017-06-19T11:51:36+00:00","dateModified":"2021-09-09T14:47:17+00:00","mainEntityOfPage":{"@id":"https:\/\/preprod.proterrasancta.org\/fr\/bethanie-maison-de-lamitie-un-iftar-dans-le-couvent-des-franciscains\/"},"wordCount":590,"publisher":{"@id":"https:\/\/preprod.proterrasancta.org\/it\/#organization"},"articleSection":["Non classifi\u00e9(e)"],"inLanguage":"fr-FR"},{"@type":"WebPage","@id":"https:\/\/preprod.proterrasancta.org\/fr\/bethanie-maison-de-lamitie-un-iftar-dans-le-couvent-des-franciscains\/","url":"https:\/\/preprod.proterrasancta.org\/fr\/bethanie-maison-de-lamitie-un-iftar-dans-le-couvent-des-franciscains\/","name":"B\u00e9thanie, \"maison de l'amiti\u00e9\": un iftar, dans le couvent des franciscains | Pro Terra Sancta","isPartOf":{"@id":"https:\/\/preprod.proterrasancta.org\/it\/#website"},"datePublished":"2017-06-19T11:51:36+00:00","dateModified":"2021-09-09T14:47:17+00:00","breadcrumb":{"@id":"https:\/\/preprod.proterrasancta.org\/fr\/bethanie-maison-de-lamitie-un-iftar-dans-le-couvent-des-franciscains\/#breadcrumb"},"inLanguage":"fr-FR","potentialAction":[{"@type":"ReadAction","target":["https:\/\/preprod.proterrasancta.org\/fr\/bethanie-maison-de-lamitie-un-iftar-dans-le-couvent-des-franciscains\/"]}]},{"@type":"BreadcrumbList","@id":"https:\/\/preprod.proterrasancta.org\/fr\/bethanie-maison-de-lamitie-un-iftar-dans-le-couvent-des-franciscains\/#breadcrumb","itemListElement":[{"@type":"ListItem","position":1,"name":"Home","item":"https:\/\/preprod.proterrasancta.org\/it\/"},{"@type":"ListItem","position":2,"name":"B\u00e9thanie, \u00ab\u00a0maison de l&rsquo;amiti\u00e9\u00a0\u00bb: un iftar, dans le couvent des franciscains"}]},{"@type":"WebSite","@id":"https:\/\/preprod.proterrasancta.org\/it\/#website","url":"https:\/\/preprod.proterrasancta.org\/it\/","name":"Pro Terra Sancta","description":"To foster bonds between the Holy Land and the world","publisher":{"@id":"https:\/\/preprod.proterrasancta.org\/it\/#organization"},"potentialAction":[{"@type":"SearchAction","target":{"@type":"EntryPoint","urlTemplate":"https:\/\/preprod.proterrasancta.org\/it\/?s={search_term_string}"},"query-input":"required name=search_term_string"}],"inLanguage":"fr-FR"},{"@type":"Organization","@id":"https:\/\/preprod.proterrasancta.org\/it\/#organization","name":"Associazione Pro Terra Sancta","url":"https:\/\/preprod.proterrasancta.org\/it\/","logo":{"@type":"ImageObject","inLanguage":"fr-FR","@id":"https:\/\/preprod.proterrasancta.org\/it\/#\/schema\/logo\/image\/","url":"https:\/\/www.proterrasancta.org\/wp-content\/uploads\/Logo_ProTerraSancta_Colori_web_high_modificato.jpg","contentUrl":"https:\/\/www.proterrasancta.org\/wp-content\/uploads\/Logo_ProTerraSancta_Colori_web_high_modificato.jpg","width":1018,"height":576,"caption":"Associazione Pro Terra Sancta"},"image":{"@id":"https:\/\/preprod.proterrasancta.org\/it\/#\/schema\/logo\/image\/"},"sameAs":["https:\/\/www.instagram.com\/proterrasancta\/","https:\/\/www.linkedin.com\/company\/pro-terra-sancta\/","https:\/\/www.youtube.com\/user\/proterrasancta","https:\/\/www.facebook.com\/proterrasancta\/","https:\/\/twitter.com\/proterrasancta"]},{"@type":"Person","@id":"https:\/\/preprod.proterrasancta.org\/it\/#\/schema\/person\/c03a0c97a2c22a2681d54e29de17430c","name":"Giacomo Pizzi","image":{"@type":"ImageObject","inLanguage":"fr-FR","@id":"https:\/\/preprod.proterrasancta.org\/it\/#\/schema\/person\/image\/","url":"https:\/\/secure.gravatar.com\/avatar\/900c575219bd8bb5f7711ce33f0e43ea?s=96&d=mm&r=g","contentUrl":"https:\/\/secure.gravatar.com\/avatar\/900c575219bd8bb5f7711ce33f0e43ea?s=96&d=mm&r=g","caption":"Giacomo Pizzi"},"url":"https:\/\/preprod.proterrasancta.org\/fr\/author\/pizzi\/"}]}},"_links":{"self":[{"href":"https:\/\/preprod.proterrasancta.org\/fr\/wp-json\/wp\/v2\/posts\/103158"}],"collection":[{"href":"https:\/\/preprod.proterrasancta.org\/fr\/wp-json\/wp\/v2\/posts"}],"about":[{"href":"https:\/\/preprod.proterrasancta.org\/fr\/wp-json\/wp\/v2\/types\/post"}],"author":[{"embeddable":true,"href":"https:\/\/preprod.proterrasancta.org\/fr\/wp-json\/wp\/v2\/users\/35"}],"replies":[{"embeddable":true,"href":"https:\/\/preprod.proterrasancta.org\/fr\/wp-json\/wp\/v2\/comments?post=103158"}],"version-history":[{"count":0,"href":"https:\/\/preprod.proterrasancta.org\/fr\/wp-json\/wp\/v2\/posts\/103158\/revisions"}],"wp:featuredmedia":[{"embeddable":true,"href":"https:\/\/preprod.proterrasancta.org\/fr\/wp-json\/wp\/v2\/media\/103149"}],"wp:attachment":[{"href":"https:\/\/preprod.proterrasancta.org\/fr\/wp-json\/wp\/v2\/media?parent=103158"}],"wp:term":[{"taxonomy":"category","embeddable":true,"href":"https:\/\/preprod.proterrasancta.org\/fr\/wp-json\/wp\/v2\/categories?post=103158"},{"taxonomy":"post_tag","embeddable":true,"href":"https:\/\/preprod.proterrasancta.org\/fr\/wp-json\/wp\/v2\/tags?post=103158"},{"taxonomy":"campaign_code","embeddable":true,"href":"https:\/\/preprod.proterrasancta.org\/fr\/wp-json\/wp\/v2\/campaign_code?post=103158"}],"curies":[{"name":"wp","href":"https:\/\/api.w.org\/{rel}","templated":true}]}}