{"id":103072,"date":"2017-05-25T09:19:38","date_gmt":"2017-05-25T06:19:38","guid":{"rendered":"https:\/\/www.proterrasancta.org\/?post_type=fr-post&#038;p=103072"},"modified":"2021-09-09T16:47:17","modified_gmt":"2021-09-09T14:47:17","slug":"temoignages-de-la-syrie-soeur-iole-la-missionnaire-qui-porte-lespoir-a-damas","status":"publish","type":"post","link":"https:\/\/preprod.proterrasancta.org\/fr\/temoignages-de-la-syrie-soeur-iole-la-missionnaire-qui-porte-lespoir-a-damas\/","title":{"rendered":"T\u00e9moignages de la Syrie : Soeur Iole, la missionnaire qui porte l\u2019espoir \u00e0 Damas"},"content":{"rendered":"<p><strong>\u201cLe coeur de la Syrie, Damas, bat encore\u2026 il ne s\u2019est jamais arr\u00eat\u00e9 et maintenant il bat avec force pour qu\u2019on puisse recommencer \u00e0 construire, m\u00eame s\u2019il prendra du temps\u201d<\/strong>. <strong>Soeur Iole parle ainsi. Elle est une missionnaire franciscaine<\/strong> \u00e0 Damas, syrienne. La soeur a visit\u00e9 J\u00e9rusalem pour quelques jours, avant de rentrer en Syrie. Ainsi, nous nous sommes fait raconter ce qui est en train de se passer dans le pays qui est en guerre d\u00e9sormais depuis six ans.<\/p>\n<p>\u201cA Damas l\u2019arm\u00e9e a toujours r\u00e9sist\u00e9\u201d, continue soeur Iole \u201c<strong>il n\u2019y a pas eu des destructions, contrairement \u00e0 Alep ou \u00e0 Homs\u2026 Mais la guerre a laiss\u00e9 des traces chez nous aussi<\/strong>\u201d. <strong>Des nombreux enfants et jeunes sont accueillis dans les structures des franciscains. Ils souffrent des graves traumatismes.<\/strong><\/p>\n<p>Ceux <strong>qui souffrent le plus sont les enfants<\/strong>. \u201cCette situation de tension continue et \u00e9touffe tout espoir. Les familles sont d\u00e9chir\u00e9es\u2026 les enfants ne grandissent pas en s\u00e9r\u00e9nit\u00e9, ils sont inquiets et d\u00e9sesp\u00e9r\u00e9s\u201d. <strong>Elle nous raconte le tragique affaire d\u2019une famille de la communaut\u00e9: \u201c\u00e0 cause des coupures d\u2019\u00e9lectricit\u00e9 une m\u00e8re a \u00e9t\u00e9 \u00e9lectrocut\u00e9e. Son mari, qui \u00e9tait au ch\u00f4mage depuis des mois, une fois sa femme d\u00e9c\u00e9d\u00e9e, ne pouvait plus maintenir ses enfants. Le pauvre homme s\u2019est suicid\u00e9. Quel espoir il y a-t-il pour ses fils?<\/strong>\u201d Aucune. Il y a seulement les franciscains qui les ont accueillis. \u201cDeux jours avant mon d\u00e9part &#8211; continue la soeur &#8211; un de ses enfant, de huit ans, a \u00e9t\u00e9 retrouv\u00e9 en train de faire un noeud coulant\u2026 quand je l\u2019ai appris, je suis couru pour le prendre dans mes bras.\u00a0 C\u2019est le premier geste qui fait comprendre qu\u2019on n\u2019est pas seuls. Ainsi, il s\u2019est calm\u00e9 et il m\u2019a souri. C\u2019est l\u00e0 l\u2019espoir.\u201d<\/p>\n<p>Soeur Iole, triste, regarde le vide. Puis soudain elle se remet: \u201c<strong>c\u2019est pourquoi notre aide et notre pr\u00e9sence \u00e0 Damas est plus que n\u00e9cessaire aujourd\u2019hui! L\u2019espoir il y a, il existe!<\/strong>\u201d.<\/p>\n<p>En Syrie, l\u2019Association Pro Terra Sancta reste \u00e0 c\u00f4t\u00e9 des franciscains. ATS a r\u00e9cemment renforc\u00e9 ses actions pour soutenir les \u00e9coles et les structures \u00e9ducatives, de mani\u00e8re \u00e0 investir pour l\u2019\u00e9ducation et le soutien psychologique des jeunes traumatis\u00e9s.<\/p>\n<p><strong>Mais soeur Iole le dit : il y a encore beaucoup de travail \u00e0 faire.<\/strong><\/p>\n<h2 style=\"text-align: center;\"><a href=\"https:\/\/www.proterrasancta.org\/project\/fr\/syrie-damas-le-centre-durgence\/\"><strong>Aidez-nous!<\/strong><\/a><\/h2>\n","protected":false},"excerpt":{"rendered":"<p>\u201cLe coeur de la Syrie, Damas, bat encore\u2026 il ne s\u2019est jamais arr\u00eat\u00e9 et maintenant il bat avec force pour qu\u2019on puisse recommencer \u00e0 construire, m\u00eame s\u2019il prendra du temps\u201d. Soeur Iole parle ainsi. Elle est une missionnaire franciscaine \u00e0 Damas, syrienne. La soeur a visit\u00e9 J\u00e9rusalem pour quelques jours, avant de rentrer en Syrie. [&hellip;]<\/p>\n","protected":false},"author":35,"featured_media":102993,"comment_status":"closed","ping_status":"closed","sticky":false,"template":"","format":"standard","meta":{"_acf_changed":false,"inline_featured_image":false,"footnotes":""},"categories":[9722],"tags":[],"campaign_code":[],"class_list":["post-103072","post","type-post","status-publish","format-standard","has-post-thumbnail","hentry","category-non-classifiee"],"acf":[],"yoast_head":"<!-- This site is optimized with the Yoast SEO Premium plugin v17.7 (Yoast SEO v19.14) - https:\/\/yoast.com\/wordpress\/plugins\/seo\/ -->\n<title>T\u00e9moignages de la Syrie : Soeur Iole, la missionnaire qui porte l\u2019espoir \u00e0 Damas | Pro Terra Sancta<\/title>\n<meta name=\"robots\" content=\"noindex, follow, max-snippet:-1, max-image-preview:large, max-video-preview:-1\" \/>\n<meta property=\"og:locale\" content=\"fr_FR\" \/>\n<meta property=\"og:type\" content=\"article\" \/>\n<meta property=\"og:title\" content=\"T\u00e9moignages de la Syrie : Soeur Iole, la missionnaire qui porte l\u2019espoir \u00e0 Damas\" \/>\n<meta property=\"og:description\" content=\"\u201cLe coeur de la Syrie, Damas, bat encore\u2026 il ne s\u2019est jamais arr\u00eat\u00e9 et maintenant il bat avec force pour qu\u2019on puisse recommencer \u00e0 construire, m\u00eame s\u2019il prendra du temps\u201d. Soeur Iole parle ainsi. Elle est une missionnaire franciscaine \u00e0 Damas, syrienne. La soeur a visit\u00e9 J\u00e9rusalem pour quelques jours, avant de rentrer en Syrie. [&hellip;]\" \/>\n<meta property=\"og:url\" content=\"https:\/\/preprod.proterrasancta.org\/fr\/temoignages-de-la-syrie-soeur-iole-la-missionnaire-qui-porte-lespoir-a-damas\/\" \/>\n<meta property=\"og:site_name\" content=\"Pro Terra Sancta\" \/>\n<meta property=\"article:publisher\" content=\"https:\/\/www.facebook.com\/proterrasancta\/\" \/>\n<meta property=\"article:published_time\" content=\"2017-05-25T06:19:38+00:00\" \/>\n<meta property=\"article:modified_time\" content=\"2021-09-09T14:47:17+00:00\" \/>\n<meta property=\"og:image\" content=\"https:\/\/preprod.proterrasancta.org\/wp-content\/uploads\/IMG_4975.jpg\" \/>\n\t<meta property=\"og:image:width\" content=\"1000\" \/>\n\t<meta property=\"og:image:height\" content=\"750\" \/>\n\t<meta property=\"og:image:type\" content=\"image\/jpeg\" \/>\n<meta name=\"author\" content=\"Giacomo Pizzi\" \/>\n<meta name=\"twitter:card\" content=\"summary_large_image\" \/>\n<meta name=\"twitter:creator\" content=\"@proterrasancta\" \/>\n<meta name=\"twitter:site\" content=\"@proterrasancta\" \/>\n<meta name=\"twitter:label1\" content=\"\u00c9crit par\" \/>\n\t<meta name=\"twitter:data1\" content=\"Giacomo Pizzi\" \/>\n\t<meta name=\"twitter:label2\" content=\"Dur\u00e9e de lecture est.\" \/>\n\t<meta name=\"twitter:data2\" content=\"2 minutes\" \/>\n<script type=\"application\/ld+json\" class=\"yoast-schema-graph\">{\"@context\":\"https:\/\/schema.org\",\"@graph\":[{\"@type\":\"Article\",\"@id\":\"https:\/\/preprod.proterrasancta.org\/fr\/temoignages-de-la-syrie-soeur-iole-la-missionnaire-qui-porte-lespoir-a-damas\/#article\",\"isPartOf\":{\"@id\":\"https:\/\/preprod.proterrasancta.org\/fr\/temoignages-de-la-syrie-soeur-iole-la-missionnaire-qui-porte-lespoir-a-damas\/\"},\"author\":{\"name\":\"Giacomo Pizzi\",\"@id\":\"https:\/\/preprod.proterrasancta.org\/it\/#\/schema\/person\/c03a0c97a2c22a2681d54e29de17430c\"},\"headline\":\"T\u00e9moignages de la Syrie : Soeur Iole, la missionnaire qui porte l\u2019espoir \u00e0 Damas\",\"datePublished\":\"2017-05-25T06:19:38+00:00\",\"dateModified\":\"2021-09-09T14:47:17+00:00\",\"mainEntityOfPage\":{\"@id\":\"https:\/\/preprod.proterrasancta.org\/fr\/temoignages-de-la-syrie-soeur-iole-la-missionnaire-qui-porte-lespoir-a-damas\/\"},\"wordCount\":425,\"publisher\":{\"@id\":\"https:\/\/preprod.proterrasancta.org\/it\/#organization\"},\"articleSection\":[\"Non classifi\u00e9(e)\"],\"inLanguage\":\"fr-FR\"},{\"@type\":\"WebPage\",\"@id\":\"https:\/\/preprod.proterrasancta.org\/fr\/temoignages-de-la-syrie-soeur-iole-la-missionnaire-qui-porte-lespoir-a-damas\/\",\"url\":\"https:\/\/preprod.proterrasancta.org\/fr\/temoignages-de-la-syrie-soeur-iole-la-missionnaire-qui-porte-lespoir-a-damas\/\",\"name\":\"T\u00e9moignages de la Syrie : Soeur Iole, la missionnaire qui porte l\u2019espoir \u00e0 Damas | Pro Terra Sancta\",\"isPartOf\":{\"@id\":\"https:\/\/preprod.proterrasancta.org\/it\/#website\"},\"datePublished\":\"2017-05-25T06:19:38+00:00\",\"dateModified\":\"2021-09-09T14:47:17+00:00\",\"breadcrumb\":{\"@id\":\"https:\/\/preprod.proterrasancta.org\/fr\/temoignages-de-la-syrie-soeur-iole-la-missionnaire-qui-porte-lespoir-a-damas\/#breadcrumb\"},\"inLanguage\":\"fr-FR\",\"potentialAction\":[{\"@type\":\"ReadAction\",\"target\":[\"https:\/\/preprod.proterrasancta.org\/fr\/temoignages-de-la-syrie-soeur-iole-la-missionnaire-qui-porte-lespoir-a-damas\/\"]}]},{\"@type\":\"BreadcrumbList\",\"@id\":\"https:\/\/preprod.proterrasancta.org\/fr\/temoignages-de-la-syrie-soeur-iole-la-missionnaire-qui-porte-lespoir-a-damas\/#breadcrumb\",\"itemListElement\":[{\"@type\":\"ListItem\",\"position\":1,\"name\":\"Home\",\"item\":\"https:\/\/preprod.proterrasancta.org\/it\/\"},{\"@type\":\"ListItem\",\"position\":2,\"name\":\"T\u00e9moignages de la Syrie : Soeur Iole, la missionnaire qui porte l\u2019espoir \u00e0 Damas\"}]},{\"@type\":\"WebSite\",\"@id\":\"https:\/\/preprod.proterrasancta.org\/it\/#website\",\"url\":\"https:\/\/preprod.proterrasancta.org\/it\/\",\"name\":\"Pro Terra Sancta\",\"description\":\"To foster bonds between the Holy Land and the world\",\"publisher\":{\"@id\":\"https:\/\/preprod.proterrasancta.org\/it\/#organization\"},\"potentialAction\":[{\"@type\":\"SearchAction\",\"target\":{\"@type\":\"EntryPoint\",\"urlTemplate\":\"https:\/\/preprod.proterrasancta.org\/it\/?s={search_term_string}\"},\"query-input\":\"required name=search_term_string\"}],\"inLanguage\":\"fr-FR\"},{\"@type\":\"Organization\",\"@id\":\"https:\/\/preprod.proterrasancta.org\/it\/#organization\",\"name\":\"Associazione Pro Terra Sancta\",\"url\":\"https:\/\/preprod.proterrasancta.org\/it\/\",\"logo\":{\"@type\":\"ImageObject\",\"inLanguage\":\"fr-FR\",\"@id\":\"https:\/\/preprod.proterrasancta.org\/it\/#\/schema\/logo\/image\/\",\"url\":\"https:\/\/www.proterrasancta.org\/wp-content\/uploads\/Logo_ProTerraSancta_Colori_web_high_modificato.jpg\",\"contentUrl\":\"https:\/\/www.proterrasancta.org\/wp-content\/uploads\/Logo_ProTerraSancta_Colori_web_high_modificato.jpg\",\"width\":1018,\"height\":576,\"caption\":\"Associazione Pro Terra Sancta\"},\"image\":{\"@id\":\"https:\/\/preprod.proterrasancta.org\/it\/#\/schema\/logo\/image\/\"},\"sameAs\":[\"https:\/\/www.instagram.com\/proterrasancta\/\",\"https:\/\/www.linkedin.com\/company\/pro-terra-sancta\/\",\"https:\/\/www.youtube.com\/user\/proterrasancta\",\"https:\/\/www.facebook.com\/proterrasancta\/\",\"https:\/\/twitter.com\/proterrasancta\"]},{\"@type\":\"Person\",\"@id\":\"https:\/\/preprod.proterrasancta.org\/it\/#\/schema\/person\/c03a0c97a2c22a2681d54e29de17430c\",\"name\":\"Giacomo Pizzi\",\"image\":{\"@type\":\"ImageObject\",\"inLanguage\":\"fr-FR\",\"@id\":\"https:\/\/preprod.proterrasancta.org\/it\/#\/schema\/person\/image\/\",\"url\":\"https:\/\/secure.gravatar.com\/avatar\/900c575219bd8bb5f7711ce33f0e43ea?s=96&d=mm&r=g\",\"contentUrl\":\"https:\/\/secure.gravatar.com\/avatar\/900c575219bd8bb5f7711ce33f0e43ea?s=96&d=mm&r=g\",\"caption\":\"Giacomo Pizzi\"},\"url\":\"https:\/\/preprod.proterrasancta.org\/fr\/author\/pizzi\/\"}]}<\/script>\n<!-- \/ Yoast SEO Premium plugin. -->","yoast_head_json":{"title":"T\u00e9moignages de la Syrie : Soeur Iole, la missionnaire qui porte l\u2019espoir \u00e0 Damas | Pro Terra Sancta","robots":{"index":"noindex","follow":"follow","max-snippet":"max-snippet:-1","max-image-preview":"max-image-preview:large","max-video-preview":"max-video-preview:-1"},"og_locale":"fr_FR","og_type":"article","og_title":"T\u00e9moignages de la Syrie : Soeur Iole, la missionnaire qui porte l\u2019espoir \u00e0 Damas","og_description":"\u201cLe coeur de la Syrie, Damas, bat encore\u2026 il ne s\u2019est jamais arr\u00eat\u00e9 et maintenant il bat avec force pour qu\u2019on puisse recommencer \u00e0 construire, m\u00eame s\u2019il prendra du temps\u201d. Soeur Iole parle ainsi. Elle est une missionnaire franciscaine \u00e0 Damas, syrienne. La soeur a visit\u00e9 J\u00e9rusalem pour quelques jours, avant de rentrer en Syrie. [&hellip;]","og_url":"https:\/\/preprod.proterrasancta.org\/fr\/temoignages-de-la-syrie-soeur-iole-la-missionnaire-qui-porte-lespoir-a-damas\/","og_site_name":"Pro Terra Sancta","article_publisher":"https:\/\/www.facebook.com\/proterrasancta\/","article_published_time":"2017-05-25T06:19:38+00:00","article_modified_time":"2021-09-09T14:47:17+00:00","og_image":[{"width":1000,"height":750,"url":"https:\/\/preprod.proterrasancta.org\/wp-content\/uploads\/IMG_4975.jpg","type":"image\/jpeg"}],"author":"Giacomo Pizzi","twitter_card":"summary_large_image","twitter_creator":"@proterrasancta","twitter_site":"@proterrasancta","twitter_misc":{"\u00c9crit par":"Giacomo Pizzi","Dur\u00e9e de lecture est.":"2 minutes"},"schema":{"@context":"https:\/\/schema.org","@graph":[{"@type":"Article","@id":"https:\/\/preprod.proterrasancta.org\/fr\/temoignages-de-la-syrie-soeur-iole-la-missionnaire-qui-porte-lespoir-a-damas\/#article","isPartOf":{"@id":"https:\/\/preprod.proterrasancta.org\/fr\/temoignages-de-la-syrie-soeur-iole-la-missionnaire-qui-porte-lespoir-a-damas\/"},"author":{"name":"Giacomo Pizzi","@id":"https:\/\/preprod.proterrasancta.org\/it\/#\/schema\/person\/c03a0c97a2c22a2681d54e29de17430c"},"headline":"T\u00e9moignages de la Syrie : Soeur Iole, la missionnaire qui porte l\u2019espoir \u00e0 Damas","datePublished":"2017-05-25T06:19:38+00:00","dateModified":"2021-09-09T14:47:17+00:00","mainEntityOfPage":{"@id":"https:\/\/preprod.proterrasancta.org\/fr\/temoignages-de-la-syrie-soeur-iole-la-missionnaire-qui-porte-lespoir-a-damas\/"},"wordCount":425,"publisher":{"@id":"https:\/\/preprod.proterrasancta.org\/it\/#organization"},"articleSection":["Non classifi\u00e9(e)"],"inLanguage":"fr-FR"},{"@type":"WebPage","@id":"https:\/\/preprod.proterrasancta.org\/fr\/temoignages-de-la-syrie-soeur-iole-la-missionnaire-qui-porte-lespoir-a-damas\/","url":"https:\/\/preprod.proterrasancta.org\/fr\/temoignages-de-la-syrie-soeur-iole-la-missionnaire-qui-porte-lespoir-a-damas\/","name":"T\u00e9moignages de la Syrie : Soeur Iole, la missionnaire qui porte l\u2019espoir \u00e0 Damas | Pro Terra Sancta","isPartOf":{"@id":"https:\/\/preprod.proterrasancta.org\/it\/#website"},"datePublished":"2017-05-25T06:19:38+00:00","dateModified":"2021-09-09T14:47:17+00:00","breadcrumb":{"@id":"https:\/\/preprod.proterrasancta.org\/fr\/temoignages-de-la-syrie-soeur-iole-la-missionnaire-qui-porte-lespoir-a-damas\/#breadcrumb"},"inLanguage":"fr-FR","potentialAction":[{"@type":"ReadAction","target":["https:\/\/preprod.proterrasancta.org\/fr\/temoignages-de-la-syrie-soeur-iole-la-missionnaire-qui-porte-lespoir-a-damas\/"]}]},{"@type":"BreadcrumbList","@id":"https:\/\/preprod.proterrasancta.org\/fr\/temoignages-de-la-syrie-soeur-iole-la-missionnaire-qui-porte-lespoir-a-damas\/#breadcrumb","itemListElement":[{"@type":"ListItem","position":1,"name":"Home","item":"https:\/\/preprod.proterrasancta.org\/it\/"},{"@type":"ListItem","position":2,"name":"T\u00e9moignages de la Syrie : Soeur Iole, la missionnaire qui porte l\u2019espoir \u00e0 Damas"}]},{"@type":"WebSite","@id":"https:\/\/preprod.proterrasancta.org\/it\/#website","url":"https:\/\/preprod.proterrasancta.org\/it\/","name":"Pro Terra Sancta","description":"To foster bonds between the Holy Land and the world","publisher":{"@id":"https:\/\/preprod.proterrasancta.org\/it\/#organization"},"potentialAction":[{"@type":"SearchAction","target":{"@type":"EntryPoint","urlTemplate":"https:\/\/preprod.proterrasancta.org\/it\/?s={search_term_string}"},"query-input":"required name=search_term_string"}],"inLanguage":"fr-FR"},{"@type":"Organization","@id":"https:\/\/preprod.proterrasancta.org\/it\/#organization","name":"Associazione Pro Terra Sancta","url":"https:\/\/preprod.proterrasancta.org\/it\/","logo":{"@type":"ImageObject","inLanguage":"fr-FR","@id":"https:\/\/preprod.proterrasancta.org\/it\/#\/schema\/logo\/image\/","url":"https:\/\/www.proterrasancta.org\/wp-content\/uploads\/Logo_ProTerraSancta_Colori_web_high_modificato.jpg","contentUrl":"https:\/\/www.proterrasancta.org\/wp-content\/uploads\/Logo_ProTerraSancta_Colori_web_high_modificato.jpg","width":1018,"height":576,"caption":"Associazione Pro Terra Sancta"},"image":{"@id":"https:\/\/preprod.proterrasancta.org\/it\/#\/schema\/logo\/image\/"},"sameAs":["https:\/\/www.instagram.com\/proterrasancta\/","https:\/\/www.linkedin.com\/company\/pro-terra-sancta\/","https:\/\/www.youtube.com\/user\/proterrasancta","https:\/\/www.facebook.com\/proterrasancta\/","https:\/\/twitter.com\/proterrasancta"]},{"@type":"Person","@id":"https:\/\/preprod.proterrasancta.org\/it\/#\/schema\/person\/c03a0c97a2c22a2681d54e29de17430c","name":"Giacomo Pizzi","image":{"@type":"ImageObject","inLanguage":"fr-FR","@id":"https:\/\/preprod.proterrasancta.org\/it\/#\/schema\/person\/image\/","url":"https:\/\/secure.gravatar.com\/avatar\/900c575219bd8bb5f7711ce33f0e43ea?s=96&d=mm&r=g","contentUrl":"https:\/\/secure.gravatar.com\/avatar\/900c575219bd8bb5f7711ce33f0e43ea?s=96&d=mm&r=g","caption":"Giacomo Pizzi"},"url":"https:\/\/preprod.proterrasancta.org\/fr\/author\/pizzi\/"}]}},"_links":{"self":[{"href":"https:\/\/preprod.proterrasancta.org\/fr\/wp-json\/wp\/v2\/posts\/103072"}],"collection":[{"href":"https:\/\/preprod.proterrasancta.org\/fr\/wp-json\/wp\/v2\/posts"}],"about":[{"href":"https:\/\/preprod.proterrasancta.org\/fr\/wp-json\/wp\/v2\/types\/post"}],"author":[{"embeddable":true,"href":"https:\/\/preprod.proterrasancta.org\/fr\/wp-json\/wp\/v2\/users\/35"}],"replies":[{"embeddable":true,"href":"https:\/\/preprod.proterrasancta.org\/fr\/wp-json\/wp\/v2\/comments?post=103072"}],"version-history":[{"count":0,"href":"https:\/\/preprod.proterrasancta.org\/fr\/wp-json\/wp\/v2\/posts\/103072\/revisions"}],"wp:featuredmedia":[{"embeddable":true,"href":"https:\/\/preprod.proterrasancta.org\/fr\/wp-json\/wp\/v2\/media\/102993"}],"wp:attachment":[{"href":"https:\/\/preprod.proterrasancta.org\/fr\/wp-json\/wp\/v2\/media?parent=103072"}],"wp:term":[{"taxonomy":"category","embeddable":true,"href":"https:\/\/preprod.proterrasancta.org\/fr\/wp-json\/wp\/v2\/categories?post=103072"},{"taxonomy":"post_tag","embeddable":true,"href":"https:\/\/preprod.proterrasancta.org\/fr\/wp-json\/wp\/v2\/tags?post=103072"},{"taxonomy":"campaign_code","embeddable":true,"href":"https:\/\/preprod.proterrasancta.org\/fr\/wp-json\/wp\/v2\/campaign_code?post=103072"}],"curies":[{"name":"wp","href":"https:\/\/api.w.org\/{rel}","templated":true}]}}