{"id":102995,"date":"2017-05-16T15:30:43","date_gmt":"2017-05-16T12:30:43","guid":{"rendered":"https:\/\/www.proterrasancta.org\/?post_type=fr-post&#038;p=102995"},"modified":"2022-03-18T15:56:56","modified_gmt":"2022-03-18T14:56:56","slug":"assemblee-generale-de-lassociation-pro-terra-sancta-activites-en-cours-et-perspectives-futures","status":"publish","type":"post","link":"https:\/\/preprod.proterrasancta.org\/fr\/assemblee-generale-de-lassociation-pro-terra-sancta-activites-en-cours-et-perspectives-futures\/","title":{"rendered":"Assembl\u00e9e g\u00e9n\u00e9rale de l&rsquo;Association Pro Terra Sancta : activit\u00e9s en cours et perspectives futures"},"content":{"rendered":"<p><strong>L&rsquo;Assembl\u00e9e G\u00e9n\u00e9rale de l&rsquo;Association Pro Terra Sancta s&rsquo;est tenue \u00e0 J\u00e9rusalem dans le but d&rsquo;informer les membres associ\u00e9s des nombreux progr\u00e8s de l&rsquo;ann\u00e9e pass\u00e9e et pour discuter de nouvelles propositions pour l&rsquo;ann\u00e9e \u00e0 venir.\u00a0 <\/strong><\/p>\n<p>A l&rsquo;ordre du jour, l&rsquo;approbation du bilan 2016 e la pr\u00e9sentation du rapport de gestion. Ensuite, un d\u00e9bat sur priorit\u00e9s et perspectives a eu lieu.<\/p>\n<p>\u00ab<strong>Il est essentiel de garder \u00e0 l&rsquo;esprit aussi bien la mission de soutien aux communaut\u00e9s locales que celle de soutien aux p\u00e8lerins \u00e0 travers la restauration des Lieux Saints<\/strong>\u00bb, a affirm\u00e9 le directeur de l&rsquo;Association Tommaso Saltini. Les <strong>priorit\u00e9s sont claires: il y a des nouvelles exigences dans le cadre de la conservation et du d\u00e9veloppement, notamment en ce qui concerne les sanctuaires du Champ des bergers, d&rsquo;Emmaus et d&rsquo;Ein Karem<\/strong>.<\/p>\n<p>En ce qui concerne le domaine du social, on a beaucoup discut\u00e9 des conditions des chr\u00e9tiens de J\u00e9rusalem et Bethl\u00e9em et d&rsquo;interventions possibles en Egypte \u00e0 l&rsquo;appui des chr\u00e9tiens en difficult\u00e9. Pour conclure, l&rsquo;importance du projet en Syrie, o\u00f9 les efforts de l&rsquo;Association est de plus en plus engag\u00e9e dans le support des activit\u00e9s \u00e9ducatives, a \u00e9t\u00e9 soulign\u00e9e.<\/p>\n","protected":false},"excerpt":{"rendered":"<p>L&rsquo;Assembl\u00e9e G\u00e9n\u00e9rale de l&rsquo;Association Pro Terra Sancta s&rsquo;est tenue \u00e0 J\u00e9rusalem dans le but d&rsquo;informer les membres associ\u00e9s des nombreux progr\u00e8s de l&rsquo;ann\u00e9e pass\u00e9e et pour discuter de nouvelles propositions pour l&rsquo;ann\u00e9e \u00e0 venir.\u00a0 A l&rsquo;ordre du jour, l&rsquo;approbation du bilan 2016 e la pr\u00e9sentation du rapport de gestion. Ensuite, un d\u00e9bat sur priorit\u00e9s et [&hellip;]<\/p>\n","protected":false},"author":35,"featured_media":102987,"comment_status":"closed","ping_status":"closed","sticky":false,"template":"","format":"standard","meta":{"_acf_changed":false,"inline_featured_image":false,"footnotes":""},"categories":[9722],"tags":[],"campaign_code":[],"class_list":["post-102995","post","type-post","status-publish","format-standard","has-post-thumbnail","hentry","category-non-classifiee"],"acf":[],"yoast_head":"<!-- This site is optimized with the Yoast SEO Premium plugin v17.7 (Yoast SEO v19.14) - https:\/\/yoast.com\/wordpress\/plugins\/seo\/ -->\n<title>Assembl\u00e9e g\u00e9n\u00e9rale de l&#039;Association Pro Terra Sancta | Pro Terra Sancta<\/title>\n<meta name=\"description\" content=\"L&#039;Assembl\u00e9e G\u00e9n\u00e9rale de l&#039;Association Pro Terra Sancta s&#039;est tenue \u00e0 J\u00e9rusalem dans le but d&#039;informer les membres associ\u00e9s\" \/>\n<meta name=\"robots\" content=\"noindex, follow, max-snippet:-1, max-image-preview:large, max-video-preview:-1\" \/>\n<meta property=\"og:locale\" content=\"fr_FR\" \/>\n<meta property=\"og:type\" content=\"article\" \/>\n<meta property=\"og:title\" content=\"Assembl\u00e9e g\u00e9n\u00e9rale de l&#039;Association Pro Terra Sancta : activit\u00e9s en cours et perspectives futures\" \/>\n<meta property=\"og:description\" content=\"L&#039;Assembl\u00e9e G\u00e9n\u00e9rale de l&#039;Association Pro Terra Sancta s&#039;est tenue \u00e0 J\u00e9rusalem dans le but d&#039;informer les membres associ\u00e9s\" \/>\n<meta property=\"og:url\" content=\"https:\/\/preprod.proterrasancta.org\/fr\/assemblee-generale-de-lassociation-pro-terra-sancta-activites-en-cours-et-perspectives-futures\/\" \/>\n<meta property=\"og:site_name\" content=\"Pro Terra Sancta\" \/>\n<meta property=\"article:publisher\" content=\"https:\/\/www.facebook.com\/proterrasancta\/\" \/>\n<meta property=\"article:published_time\" content=\"2017-05-16T12:30:43+00:00\" \/>\n<meta property=\"article:modified_time\" content=\"2022-03-18T14:56:56+00:00\" \/>\n<meta property=\"og:image\" content=\"https:\/\/preprod.proterrasancta.org\/wp-content\/uploads\/1407-Assemblea-25-e1494410095187.jpg\" \/>\n\t<meta property=\"og:image:width\" content=\"895\" \/>\n\t<meta property=\"og:image:height\" content=\"535\" \/>\n\t<meta property=\"og:image:type\" content=\"image\/jpeg\" \/>\n<meta name=\"author\" content=\"Giacomo Pizzi\" \/>\n<meta name=\"twitter:card\" content=\"summary_large_image\" \/>\n<meta name=\"twitter:creator\" content=\"@proterrasancta\" \/>\n<meta name=\"twitter:site\" content=\"@proterrasancta\" \/>\n<meta name=\"twitter:label1\" content=\"\u00c9crit par\" \/>\n\t<meta name=\"twitter:data1\" content=\"Giacomo Pizzi\" \/>\n\t<meta name=\"twitter:label2\" content=\"Dur\u00e9e de lecture est.\" \/>\n\t<meta name=\"twitter:data2\" content=\"1 minute\" \/>\n<script type=\"application\/ld+json\" class=\"yoast-schema-graph\">{\"@context\":\"https:\/\/schema.org\",\"@graph\":[{\"@type\":\"Article\",\"@id\":\"https:\/\/preprod.proterrasancta.org\/fr\/assemblee-generale-de-lassociation-pro-terra-sancta-activites-en-cours-et-perspectives-futures\/#article\",\"isPartOf\":{\"@id\":\"https:\/\/preprod.proterrasancta.org\/fr\/assemblee-generale-de-lassociation-pro-terra-sancta-activites-en-cours-et-perspectives-futures\/\"},\"author\":{\"name\":\"Giacomo Pizzi\",\"@id\":\"https:\/\/preprod.proterrasancta.org\/it\/#\/schema\/person\/c03a0c97a2c22a2681d54e29de17430c\"},\"headline\":\"Assembl\u00e9e g\u00e9n\u00e9rale de l&rsquo;Association Pro Terra Sancta : activit\u00e9s en cours et perspectives futures\",\"datePublished\":\"2017-05-16T12:30:43+00:00\",\"dateModified\":\"2022-03-18T14:56:56+00:00\",\"mainEntityOfPage\":{\"@id\":\"https:\/\/preprod.proterrasancta.org\/fr\/assemblee-generale-de-lassociation-pro-terra-sancta-activites-en-cours-et-perspectives-futures\/\"},\"wordCount\":239,\"publisher\":{\"@id\":\"https:\/\/preprod.proterrasancta.org\/it\/#organization\"},\"articleSection\":[\"Non classifi\u00e9(e)\"],\"inLanguage\":\"fr-FR\"},{\"@type\":\"WebPage\",\"@id\":\"https:\/\/preprod.proterrasancta.org\/fr\/assemblee-generale-de-lassociation-pro-terra-sancta-activites-en-cours-et-perspectives-futures\/\",\"url\":\"https:\/\/preprod.proterrasancta.org\/fr\/assemblee-generale-de-lassociation-pro-terra-sancta-activites-en-cours-et-perspectives-futures\/\",\"name\":\"Assembl\u00e9e g\u00e9n\u00e9rale de l'Association Pro Terra Sancta | Pro Terra Sancta\",\"isPartOf\":{\"@id\":\"https:\/\/preprod.proterrasancta.org\/it\/#website\"},\"datePublished\":\"2017-05-16T12:30:43+00:00\",\"dateModified\":\"2022-03-18T14:56:56+00:00\",\"description\":\"L'Assembl\u00e9e G\u00e9n\u00e9rale de l'Association Pro Terra Sancta s'est tenue \u00e0 J\u00e9rusalem dans le but d'informer les membres associ\u00e9s\",\"breadcrumb\":{\"@id\":\"https:\/\/preprod.proterrasancta.org\/fr\/assemblee-generale-de-lassociation-pro-terra-sancta-activites-en-cours-et-perspectives-futures\/#breadcrumb\"},\"inLanguage\":\"fr-FR\",\"potentialAction\":[{\"@type\":\"ReadAction\",\"target\":[\"https:\/\/preprod.proterrasancta.org\/fr\/assemblee-generale-de-lassociation-pro-terra-sancta-activites-en-cours-et-perspectives-futures\/\"]}]},{\"@type\":\"BreadcrumbList\",\"@id\":\"https:\/\/preprod.proterrasancta.org\/fr\/assemblee-generale-de-lassociation-pro-terra-sancta-activites-en-cours-et-perspectives-futures\/#breadcrumb\",\"itemListElement\":[{\"@type\":\"ListItem\",\"position\":1,\"name\":\"Home\",\"item\":\"https:\/\/preprod.proterrasancta.org\/it\/\"},{\"@type\":\"ListItem\",\"position\":2,\"name\":\"Assembl\u00e9e g\u00e9n\u00e9rale de l&rsquo;Association Pro Terra Sancta : activit\u00e9s en cours et perspectives futures\"}]},{\"@type\":\"WebSite\",\"@id\":\"https:\/\/preprod.proterrasancta.org\/it\/#website\",\"url\":\"https:\/\/preprod.proterrasancta.org\/it\/\",\"name\":\"Pro Terra Sancta\",\"description\":\"To foster bonds between the Holy Land and the world\",\"publisher\":{\"@id\":\"https:\/\/preprod.proterrasancta.org\/it\/#organization\"},\"potentialAction\":[{\"@type\":\"SearchAction\",\"target\":{\"@type\":\"EntryPoint\",\"urlTemplate\":\"https:\/\/preprod.proterrasancta.org\/it\/?s={search_term_string}\"},\"query-input\":\"required name=search_term_string\"}],\"inLanguage\":\"fr-FR\"},{\"@type\":\"Organization\",\"@id\":\"https:\/\/preprod.proterrasancta.org\/it\/#organization\",\"name\":\"Associazione Pro Terra Sancta\",\"url\":\"https:\/\/preprod.proterrasancta.org\/it\/\",\"logo\":{\"@type\":\"ImageObject\",\"inLanguage\":\"fr-FR\",\"@id\":\"https:\/\/preprod.proterrasancta.org\/it\/#\/schema\/logo\/image\/\",\"url\":\"https:\/\/www.proterrasancta.org\/wp-content\/uploads\/Logo_ProTerraSancta_Colori_web_high_modificato.jpg\",\"contentUrl\":\"https:\/\/www.proterrasancta.org\/wp-content\/uploads\/Logo_ProTerraSancta_Colori_web_high_modificato.jpg\",\"width\":1018,\"height\":576,\"caption\":\"Associazione Pro Terra Sancta\"},\"image\":{\"@id\":\"https:\/\/preprod.proterrasancta.org\/it\/#\/schema\/logo\/image\/\"},\"sameAs\":[\"https:\/\/www.instagram.com\/proterrasancta\/\",\"https:\/\/www.linkedin.com\/company\/pro-terra-sancta\/\",\"https:\/\/www.youtube.com\/user\/proterrasancta\",\"https:\/\/www.facebook.com\/proterrasancta\/\",\"https:\/\/twitter.com\/proterrasancta\"]},{\"@type\":\"Person\",\"@id\":\"https:\/\/preprod.proterrasancta.org\/it\/#\/schema\/person\/c03a0c97a2c22a2681d54e29de17430c\",\"name\":\"Giacomo Pizzi\",\"image\":{\"@type\":\"ImageObject\",\"inLanguage\":\"fr-FR\",\"@id\":\"https:\/\/preprod.proterrasancta.org\/it\/#\/schema\/person\/image\/\",\"url\":\"https:\/\/secure.gravatar.com\/avatar\/900c575219bd8bb5f7711ce33f0e43ea?s=96&d=mm&r=g\",\"contentUrl\":\"https:\/\/secure.gravatar.com\/avatar\/900c575219bd8bb5f7711ce33f0e43ea?s=96&d=mm&r=g\",\"caption\":\"Giacomo Pizzi\"},\"url\":\"https:\/\/preprod.proterrasancta.org\/fr\/author\/pizzi\/\"}]}<\/script>\n<!-- \/ Yoast SEO Premium plugin. -->","yoast_head_json":{"title":"Assembl\u00e9e g\u00e9n\u00e9rale de l'Association Pro Terra Sancta | Pro Terra Sancta","description":"L'Assembl\u00e9e G\u00e9n\u00e9rale de l'Association Pro Terra Sancta s'est tenue \u00e0 J\u00e9rusalem dans le but d'informer les membres associ\u00e9s","robots":{"index":"noindex","follow":"follow","max-snippet":"max-snippet:-1","max-image-preview":"max-image-preview:large","max-video-preview":"max-video-preview:-1"},"og_locale":"fr_FR","og_type":"article","og_title":"Assembl\u00e9e g\u00e9n\u00e9rale de l'Association Pro Terra Sancta : activit\u00e9s en cours et perspectives futures","og_description":"L'Assembl\u00e9e G\u00e9n\u00e9rale de l'Association Pro Terra Sancta s'est tenue \u00e0 J\u00e9rusalem dans le but d'informer les membres associ\u00e9s","og_url":"https:\/\/preprod.proterrasancta.org\/fr\/assemblee-generale-de-lassociation-pro-terra-sancta-activites-en-cours-et-perspectives-futures\/","og_site_name":"Pro Terra Sancta","article_publisher":"https:\/\/www.facebook.com\/proterrasancta\/","article_published_time":"2017-05-16T12:30:43+00:00","article_modified_time":"2022-03-18T14:56:56+00:00","og_image":[{"width":895,"height":535,"url":"https:\/\/preprod.proterrasancta.org\/wp-content\/uploads\/1407-Assemblea-25-e1494410095187.jpg","type":"image\/jpeg"}],"author":"Giacomo Pizzi","twitter_card":"summary_large_image","twitter_creator":"@proterrasancta","twitter_site":"@proterrasancta","twitter_misc":{"\u00c9crit par":"Giacomo Pizzi","Dur\u00e9e de lecture est.":"1 minute"},"schema":{"@context":"https:\/\/schema.org","@graph":[{"@type":"Article","@id":"https:\/\/preprod.proterrasancta.org\/fr\/assemblee-generale-de-lassociation-pro-terra-sancta-activites-en-cours-et-perspectives-futures\/#article","isPartOf":{"@id":"https:\/\/preprod.proterrasancta.org\/fr\/assemblee-generale-de-lassociation-pro-terra-sancta-activites-en-cours-et-perspectives-futures\/"},"author":{"name":"Giacomo Pizzi","@id":"https:\/\/preprod.proterrasancta.org\/it\/#\/schema\/person\/c03a0c97a2c22a2681d54e29de17430c"},"headline":"Assembl\u00e9e g\u00e9n\u00e9rale de l&rsquo;Association Pro Terra Sancta : activit\u00e9s en cours et perspectives futures","datePublished":"2017-05-16T12:30:43+00:00","dateModified":"2022-03-18T14:56:56+00:00","mainEntityOfPage":{"@id":"https:\/\/preprod.proterrasancta.org\/fr\/assemblee-generale-de-lassociation-pro-terra-sancta-activites-en-cours-et-perspectives-futures\/"},"wordCount":239,"publisher":{"@id":"https:\/\/preprod.proterrasancta.org\/it\/#organization"},"articleSection":["Non classifi\u00e9(e)"],"inLanguage":"fr-FR"},{"@type":"WebPage","@id":"https:\/\/preprod.proterrasancta.org\/fr\/assemblee-generale-de-lassociation-pro-terra-sancta-activites-en-cours-et-perspectives-futures\/","url":"https:\/\/preprod.proterrasancta.org\/fr\/assemblee-generale-de-lassociation-pro-terra-sancta-activites-en-cours-et-perspectives-futures\/","name":"Assembl\u00e9e g\u00e9n\u00e9rale de l'Association Pro Terra Sancta | Pro Terra Sancta","isPartOf":{"@id":"https:\/\/preprod.proterrasancta.org\/it\/#website"},"datePublished":"2017-05-16T12:30:43+00:00","dateModified":"2022-03-18T14:56:56+00:00","description":"L'Assembl\u00e9e G\u00e9n\u00e9rale de l'Association Pro Terra Sancta s'est tenue \u00e0 J\u00e9rusalem dans le but d'informer les membres associ\u00e9s","breadcrumb":{"@id":"https:\/\/preprod.proterrasancta.org\/fr\/assemblee-generale-de-lassociation-pro-terra-sancta-activites-en-cours-et-perspectives-futures\/#breadcrumb"},"inLanguage":"fr-FR","potentialAction":[{"@type":"ReadAction","target":["https:\/\/preprod.proterrasancta.org\/fr\/assemblee-generale-de-lassociation-pro-terra-sancta-activites-en-cours-et-perspectives-futures\/"]}]},{"@type":"BreadcrumbList","@id":"https:\/\/preprod.proterrasancta.org\/fr\/assemblee-generale-de-lassociation-pro-terra-sancta-activites-en-cours-et-perspectives-futures\/#breadcrumb","itemListElement":[{"@type":"ListItem","position":1,"name":"Home","item":"https:\/\/preprod.proterrasancta.org\/it\/"},{"@type":"ListItem","position":2,"name":"Assembl\u00e9e g\u00e9n\u00e9rale de l&rsquo;Association Pro Terra Sancta : activit\u00e9s en cours et perspectives futures"}]},{"@type":"WebSite","@id":"https:\/\/preprod.proterrasancta.org\/it\/#website","url":"https:\/\/preprod.proterrasancta.org\/it\/","name":"Pro Terra Sancta","description":"To foster bonds between the Holy Land and the world","publisher":{"@id":"https:\/\/preprod.proterrasancta.org\/it\/#organization"},"potentialAction":[{"@type":"SearchAction","target":{"@type":"EntryPoint","urlTemplate":"https:\/\/preprod.proterrasancta.org\/it\/?s={search_term_string}"},"query-input":"required name=search_term_string"}],"inLanguage":"fr-FR"},{"@type":"Organization","@id":"https:\/\/preprod.proterrasancta.org\/it\/#organization","name":"Associazione Pro Terra Sancta","url":"https:\/\/preprod.proterrasancta.org\/it\/","logo":{"@type":"ImageObject","inLanguage":"fr-FR","@id":"https:\/\/preprod.proterrasancta.org\/it\/#\/schema\/logo\/image\/","url":"https:\/\/www.proterrasancta.org\/wp-content\/uploads\/Logo_ProTerraSancta_Colori_web_high_modificato.jpg","contentUrl":"https:\/\/www.proterrasancta.org\/wp-content\/uploads\/Logo_ProTerraSancta_Colori_web_high_modificato.jpg","width":1018,"height":576,"caption":"Associazione Pro Terra Sancta"},"image":{"@id":"https:\/\/preprod.proterrasancta.org\/it\/#\/schema\/logo\/image\/"},"sameAs":["https:\/\/www.instagram.com\/proterrasancta\/","https:\/\/www.linkedin.com\/company\/pro-terra-sancta\/","https:\/\/www.youtube.com\/user\/proterrasancta","https:\/\/www.facebook.com\/proterrasancta\/","https:\/\/twitter.com\/proterrasancta"]},{"@type":"Person","@id":"https:\/\/preprod.proterrasancta.org\/it\/#\/schema\/person\/c03a0c97a2c22a2681d54e29de17430c","name":"Giacomo Pizzi","image":{"@type":"ImageObject","inLanguage":"fr-FR","@id":"https:\/\/preprod.proterrasancta.org\/it\/#\/schema\/person\/image\/","url":"https:\/\/secure.gravatar.com\/avatar\/900c575219bd8bb5f7711ce33f0e43ea?s=96&d=mm&r=g","contentUrl":"https:\/\/secure.gravatar.com\/avatar\/900c575219bd8bb5f7711ce33f0e43ea?s=96&d=mm&r=g","caption":"Giacomo Pizzi"},"url":"https:\/\/preprod.proterrasancta.org\/fr\/author\/pizzi\/"}]}},"_links":{"self":[{"href":"https:\/\/preprod.proterrasancta.org\/fr\/wp-json\/wp\/v2\/posts\/102995"}],"collection":[{"href":"https:\/\/preprod.proterrasancta.org\/fr\/wp-json\/wp\/v2\/posts"}],"about":[{"href":"https:\/\/preprod.proterrasancta.org\/fr\/wp-json\/wp\/v2\/types\/post"}],"author":[{"embeddable":true,"href":"https:\/\/preprod.proterrasancta.org\/fr\/wp-json\/wp\/v2\/users\/35"}],"replies":[{"embeddable":true,"href":"https:\/\/preprod.proterrasancta.org\/fr\/wp-json\/wp\/v2\/comments?post=102995"}],"version-history":[{"count":1,"href":"https:\/\/preprod.proterrasancta.org\/fr\/wp-json\/wp\/v2\/posts\/102995\/revisions"}],"predecessor-version":[{"id":170299,"href":"https:\/\/preprod.proterrasancta.org\/fr\/wp-json\/wp\/v2\/posts\/102995\/revisions\/170299"}],"wp:featuredmedia":[{"embeddable":true,"href":"https:\/\/preprod.proterrasancta.org\/fr\/wp-json\/wp\/v2\/media\/102987"}],"wp:attachment":[{"href":"https:\/\/preprod.proterrasancta.org\/fr\/wp-json\/wp\/v2\/media?parent=102995"}],"wp:term":[{"taxonomy":"category","embeddable":true,"href":"https:\/\/preprod.proterrasancta.org\/fr\/wp-json\/wp\/v2\/categories?post=102995"},{"taxonomy":"post_tag","embeddable":true,"href":"https:\/\/preprod.proterrasancta.org\/fr\/wp-json\/wp\/v2\/tags?post=102995"},{"taxonomy":"campaign_code","embeddable":true,"href":"https:\/\/preprod.proterrasancta.org\/fr\/wp-json\/wp\/v2\/campaign_code?post=102995"}],"curies":[{"name":"wp","href":"https:\/\/api.w.org\/{rel}","templated":true}]}}