{"id":102838,"date":"2017-04-11T10:58:50","date_gmt":"2017-04-11T07:58:50","guid":{"rendered":"https:\/\/www.proterrasancta.org\/?post_type=fr-post&#038;p=102838"},"modified":"2021-09-09T16:47:18","modified_gmt":"2021-09-09T14:47:18","slug":"de-la-terre-sainte-a-milan-une-passion-contagieuse-pour-la-beaute-et-la-conservation","status":"publish","type":"post","link":"https:\/\/preprod.proterrasancta.org\/fr\/de-la-terre-sainte-a-milan-une-passion-contagieuse-pour-la-beaute-et-la-conservation\/","title":{"rendered":"De la Terre Sainte \u00e0 Milan, une passion contagieuse pour la beaut\u00e9 et la conservation"},"content":{"rendered":"<p><strong>\u00ab Des gens magnifiques! Cette \u00e9quit\u00e9 et cette s\u00e9r\u00e9nit\u00e9 ne sont pas faciles \u00e0 \u00a0maintenir dans cette terre de conflits! \u00bb. Le professeur de l&rsquo;Institut Salvador Allende de Milan commente ainsi, une fois les cours sur les mosa\u00efques en Palestine<\/strong> et sur l&rsquo;histoire du Mosaic Centre de Jericho termin\u00e9s. \u00ab Je connais ces terres \u00bb, elle continue, \u00ab car j&rsquo;ai travaill\u00e9 comme arch\u00e9ologue en Terre Sainte&#8230;\u00bb.<\/p>\n<p><strong>La pr\u00e9sentation concerne les \u0153uvres d&rsquo;art plus c\u00e9l\u00e8bres de cette terre vues par les \u00e9v\u00e9nements du Mosaic Centre, l&rsquo;ONG qui est cens\u00e9e \u00e9duquer les jeunes qui \u00e9tudient la pr\u00e9servation du patrimoine artistique de la Terre Sainte<\/strong>. <strong>Osama Hamdan, professeur \u00e0 l&rsquo;Universit\u00e9 Al-Quds et directeur du Mosaic Centre de J\u00e9richo, et Carla Benelli, coordinatrice des projets culturels d&rsquo;ATS, parlent<\/strong>. 150 \u00e9tudiants de l&rsquo;institut les \u00e9coutent, en silence. Ils sont concentr\u00e9s et fascin\u00e9s par l&rsquo;histoire de cette Terre magnifique.<\/p>\n<p>Une <strong>succession d&rsquo;images et de noms de lieux historiques partie d&rsquo;une culture commune<\/strong>. Une succession d&rsquo;histoires, celles des jeunes du Mosaic Centre de J\u00e9richo qui apprennent une nouvelle profession en d\u00e9couvrant l&rsquo;immensit\u00e9 de leur patrimoine.<\/p>\n<p>Mais on ne parle pas que d&rsquo;histoire. <strong>La passion et les id\u00e9aux, souvent oubli\u00e9s, sont au c\u0153ur des discours de Osama et Carla: la beaut\u00e9, suivre ce qu&rsquo;on aime, l&rsquo;\u00eatre partie du monde, responsables de tout ce qui nous entoure<\/strong>. C&rsquo;est ce qui frappe les \u00e9tudiants et les professeurs de l&rsquo;institut. Un autre professeur nous dit: \u00ab ces gens sont capables de nous transmettre la passion pour leur travail. Il s&rsquo;agit d&rsquo;un t\u00e9moignage important qui nous apprend \u00e0 construite la paix d&rsquo;une mani\u00e8re nouvelle et diff\u00e9rente. Magnifique! \u00bb<\/p>\n<p><strong>De l\u00e0 est partie l&rsquo;id\u00e9e de commencer une relation entre \u00e9cole et Mosaic Centre de J\u00e9richo, afin que cette rencontre ne s&rsquo;agisse pas seulement d&rsquo;un bon moment mais d&rsquo;une occasion pour aider et s&rsquo;aider dans la construction du futur.<\/strong><\/p>\n","protected":false},"excerpt":{"rendered":"<p>\u00ab Des gens magnifiques! Cette \u00e9quit\u00e9 et cette s\u00e9r\u00e9nit\u00e9 ne sont pas faciles \u00e0 \u00a0maintenir dans cette terre de conflits! \u00bb. Le professeur de l&rsquo;Institut Salvador Allende de Milan commente ainsi, une fois les cours sur les mosa\u00efques en Palestine et sur l&rsquo;histoire du Mosaic Centre de Jericho termin\u00e9s. \u00ab Je connais ces terres \u00bb, [&hellip;]<\/p>\n","protected":false},"author":35,"featured_media":102791,"comment_status":"closed","ping_status":"closed","sticky":false,"template":"","format":"standard","meta":{"_acf_changed":false,"inline_featured_image":false,"footnotes":""},"categories":[9722],"tags":[],"campaign_code":[],"class_list":["post-102838","post","type-post","status-publish","format-standard","has-post-thumbnail","hentry","category-non-classifiee"],"acf":[],"yoast_head":"<!-- This site is optimized with the Yoast SEO Premium plugin v17.7 (Yoast SEO v19.14) - https:\/\/yoast.com\/wordpress\/plugins\/seo\/ -->\n<title>De la Terre Sainte \u00e0 Milan, une passion contagieuse pour la beaut\u00e9 et la conservation | Pro Terra Sancta<\/title>\n<meta name=\"robots\" content=\"noindex, follow, max-snippet:-1, max-image-preview:large, max-video-preview:-1\" \/>\n<meta property=\"og:locale\" content=\"fr_FR\" \/>\n<meta property=\"og:type\" content=\"article\" \/>\n<meta property=\"og:title\" content=\"De la Terre Sainte \u00e0 Milan, une passion contagieuse pour la beaut\u00e9 et la conservation\" \/>\n<meta property=\"og:description\" content=\"\u00ab Des gens magnifiques! Cette \u00e9quit\u00e9 et cette s\u00e9r\u00e9nit\u00e9 ne sont pas faciles \u00e0 \u00a0maintenir dans cette terre de conflits! \u00bb. Le professeur de l&rsquo;Institut Salvador Allende de Milan commente ainsi, une fois les cours sur les mosa\u00efques en Palestine et sur l&rsquo;histoire du Mosaic Centre de Jericho termin\u00e9s. \u00ab Je connais ces terres \u00bb, [&hellip;]\" \/>\n<meta property=\"og:url\" content=\"https:\/\/preprod.proterrasancta.org\/fr\/de-la-terre-sainte-a-milan-une-passion-contagieuse-pour-la-beaute-et-la-conservation\/\" \/>\n<meta property=\"og:site_name\" content=\"Pro Terra Sancta\" \/>\n<meta property=\"article:publisher\" content=\"https:\/\/www.facebook.com\/proterrasancta\/\" \/>\n<meta property=\"article:published_time\" content=\"2017-04-11T07:58:50+00:00\" \/>\n<meta property=\"article:modified_time\" content=\"2021-09-09T14:47:18+00:00\" \/>\n<meta property=\"og:image\" content=\"https:\/\/preprod.proterrasancta.org\/wp-content\/uploads\/IMG_3413.jpg\" \/>\n\t<meta property=\"og:image:width\" content=\"1000\" \/>\n\t<meta property=\"og:image:height\" content=\"701\" \/>\n\t<meta property=\"og:image:type\" content=\"image\/jpeg\" \/>\n<meta name=\"author\" content=\"Giacomo Pizzi\" \/>\n<meta name=\"twitter:card\" content=\"summary_large_image\" \/>\n<meta name=\"twitter:creator\" content=\"@proterrasancta\" \/>\n<meta name=\"twitter:site\" content=\"@proterrasancta\" \/>\n<meta name=\"twitter:label1\" content=\"\u00c9crit par\" \/>\n\t<meta name=\"twitter:data1\" content=\"Giacomo Pizzi\" \/>\n\t<meta name=\"twitter:label2\" content=\"Dur\u00e9e de lecture est.\" \/>\n\t<meta name=\"twitter:data2\" content=\"2 minutes\" \/>\n<script type=\"application\/ld+json\" class=\"yoast-schema-graph\">{\"@context\":\"https:\/\/schema.org\",\"@graph\":[{\"@type\":\"Article\",\"@id\":\"https:\/\/preprod.proterrasancta.org\/fr\/de-la-terre-sainte-a-milan-une-passion-contagieuse-pour-la-beaute-et-la-conservation\/#article\",\"isPartOf\":{\"@id\":\"https:\/\/preprod.proterrasancta.org\/fr\/de-la-terre-sainte-a-milan-une-passion-contagieuse-pour-la-beaute-et-la-conservation\/\"},\"author\":{\"name\":\"Giacomo Pizzi\",\"@id\":\"https:\/\/preprod.proterrasancta.org\/it\/#\/schema\/person\/c03a0c97a2c22a2681d54e29de17430c\"},\"headline\":\"De la Terre Sainte \u00e0 Milan, une passion contagieuse pour la beaut\u00e9 et la conservation\",\"datePublished\":\"2017-04-11T07:58:50+00:00\",\"dateModified\":\"2021-09-09T14:47:18+00:00\",\"mainEntityOfPage\":{\"@id\":\"https:\/\/preprod.proterrasancta.org\/fr\/de-la-terre-sainte-a-milan-une-passion-contagieuse-pour-la-beaute-et-la-conservation\/\"},\"wordCount\":358,\"publisher\":{\"@id\":\"https:\/\/preprod.proterrasancta.org\/it\/#organization\"},\"articleSection\":[\"Non classifi\u00e9(e)\"],\"inLanguage\":\"fr-FR\"},{\"@type\":\"WebPage\",\"@id\":\"https:\/\/preprod.proterrasancta.org\/fr\/de-la-terre-sainte-a-milan-une-passion-contagieuse-pour-la-beaute-et-la-conservation\/\",\"url\":\"https:\/\/preprod.proterrasancta.org\/fr\/de-la-terre-sainte-a-milan-une-passion-contagieuse-pour-la-beaute-et-la-conservation\/\",\"name\":\"De la Terre Sainte \u00e0 Milan, une passion contagieuse pour la beaut\u00e9 et la conservation | Pro Terra Sancta\",\"isPartOf\":{\"@id\":\"https:\/\/preprod.proterrasancta.org\/it\/#website\"},\"datePublished\":\"2017-04-11T07:58:50+00:00\",\"dateModified\":\"2021-09-09T14:47:18+00:00\",\"breadcrumb\":{\"@id\":\"https:\/\/preprod.proterrasancta.org\/fr\/de-la-terre-sainte-a-milan-une-passion-contagieuse-pour-la-beaute-et-la-conservation\/#breadcrumb\"},\"inLanguage\":\"fr-FR\",\"potentialAction\":[{\"@type\":\"ReadAction\",\"target\":[\"https:\/\/preprod.proterrasancta.org\/fr\/de-la-terre-sainte-a-milan-une-passion-contagieuse-pour-la-beaute-et-la-conservation\/\"]}]},{\"@type\":\"BreadcrumbList\",\"@id\":\"https:\/\/preprod.proterrasancta.org\/fr\/de-la-terre-sainte-a-milan-une-passion-contagieuse-pour-la-beaute-et-la-conservation\/#breadcrumb\",\"itemListElement\":[{\"@type\":\"ListItem\",\"position\":1,\"name\":\"Home\",\"item\":\"https:\/\/preprod.proterrasancta.org\/it\/\"},{\"@type\":\"ListItem\",\"position\":2,\"name\":\"De la Terre Sainte \u00e0 Milan, une passion contagieuse pour la beaut\u00e9 et la conservation\"}]},{\"@type\":\"WebSite\",\"@id\":\"https:\/\/preprod.proterrasancta.org\/it\/#website\",\"url\":\"https:\/\/preprod.proterrasancta.org\/it\/\",\"name\":\"Pro Terra Sancta\",\"description\":\"To foster bonds between the Holy Land and the world\",\"publisher\":{\"@id\":\"https:\/\/preprod.proterrasancta.org\/it\/#organization\"},\"potentialAction\":[{\"@type\":\"SearchAction\",\"target\":{\"@type\":\"EntryPoint\",\"urlTemplate\":\"https:\/\/preprod.proterrasancta.org\/it\/?s={search_term_string}\"},\"query-input\":\"required name=search_term_string\"}],\"inLanguage\":\"fr-FR\"},{\"@type\":\"Organization\",\"@id\":\"https:\/\/preprod.proterrasancta.org\/it\/#organization\",\"name\":\"Associazione Pro Terra Sancta\",\"url\":\"https:\/\/preprod.proterrasancta.org\/it\/\",\"logo\":{\"@type\":\"ImageObject\",\"inLanguage\":\"fr-FR\",\"@id\":\"https:\/\/preprod.proterrasancta.org\/it\/#\/schema\/logo\/image\/\",\"url\":\"https:\/\/www.proterrasancta.org\/wp-content\/uploads\/Logo_ProTerraSancta_Colori_web_high_modificato.jpg\",\"contentUrl\":\"https:\/\/www.proterrasancta.org\/wp-content\/uploads\/Logo_ProTerraSancta_Colori_web_high_modificato.jpg\",\"width\":1018,\"height\":576,\"caption\":\"Associazione Pro Terra Sancta\"},\"image\":{\"@id\":\"https:\/\/preprod.proterrasancta.org\/it\/#\/schema\/logo\/image\/\"},\"sameAs\":[\"https:\/\/www.instagram.com\/proterrasancta\/\",\"https:\/\/www.linkedin.com\/company\/pro-terra-sancta\/\",\"https:\/\/www.youtube.com\/user\/proterrasancta\",\"https:\/\/www.facebook.com\/proterrasancta\/\",\"https:\/\/twitter.com\/proterrasancta\"]},{\"@type\":\"Person\",\"@id\":\"https:\/\/preprod.proterrasancta.org\/it\/#\/schema\/person\/c03a0c97a2c22a2681d54e29de17430c\",\"name\":\"Giacomo Pizzi\",\"image\":{\"@type\":\"ImageObject\",\"inLanguage\":\"fr-FR\",\"@id\":\"https:\/\/preprod.proterrasancta.org\/it\/#\/schema\/person\/image\/\",\"url\":\"https:\/\/secure.gravatar.com\/avatar\/900c575219bd8bb5f7711ce33f0e43ea?s=96&d=mm&r=g\",\"contentUrl\":\"https:\/\/secure.gravatar.com\/avatar\/900c575219bd8bb5f7711ce33f0e43ea?s=96&d=mm&r=g\",\"caption\":\"Giacomo Pizzi\"},\"url\":\"https:\/\/preprod.proterrasancta.org\/fr\/author\/pizzi\/\"}]}<\/script>\n<!-- \/ Yoast SEO Premium plugin. -->","yoast_head_json":{"title":"De la Terre Sainte \u00e0 Milan, une passion contagieuse pour la beaut\u00e9 et la conservation | Pro Terra Sancta","robots":{"index":"noindex","follow":"follow","max-snippet":"max-snippet:-1","max-image-preview":"max-image-preview:large","max-video-preview":"max-video-preview:-1"},"og_locale":"fr_FR","og_type":"article","og_title":"De la Terre Sainte \u00e0 Milan, une passion contagieuse pour la beaut\u00e9 et la conservation","og_description":"\u00ab Des gens magnifiques! Cette \u00e9quit\u00e9 et cette s\u00e9r\u00e9nit\u00e9 ne sont pas faciles \u00e0 \u00a0maintenir dans cette terre de conflits! \u00bb. Le professeur de l&rsquo;Institut Salvador Allende de Milan commente ainsi, une fois les cours sur les mosa\u00efques en Palestine et sur l&rsquo;histoire du Mosaic Centre de Jericho termin\u00e9s. \u00ab Je connais ces terres \u00bb, [&hellip;]","og_url":"https:\/\/preprod.proterrasancta.org\/fr\/de-la-terre-sainte-a-milan-une-passion-contagieuse-pour-la-beaute-et-la-conservation\/","og_site_name":"Pro Terra Sancta","article_publisher":"https:\/\/www.facebook.com\/proterrasancta\/","article_published_time":"2017-04-11T07:58:50+00:00","article_modified_time":"2021-09-09T14:47:18+00:00","og_image":[{"width":1000,"height":701,"url":"https:\/\/preprod.proterrasancta.org\/wp-content\/uploads\/IMG_3413.jpg","type":"image\/jpeg"}],"author":"Giacomo Pizzi","twitter_card":"summary_large_image","twitter_creator":"@proterrasancta","twitter_site":"@proterrasancta","twitter_misc":{"\u00c9crit par":"Giacomo Pizzi","Dur\u00e9e de lecture est.":"2 minutes"},"schema":{"@context":"https:\/\/schema.org","@graph":[{"@type":"Article","@id":"https:\/\/preprod.proterrasancta.org\/fr\/de-la-terre-sainte-a-milan-une-passion-contagieuse-pour-la-beaute-et-la-conservation\/#article","isPartOf":{"@id":"https:\/\/preprod.proterrasancta.org\/fr\/de-la-terre-sainte-a-milan-une-passion-contagieuse-pour-la-beaute-et-la-conservation\/"},"author":{"name":"Giacomo Pizzi","@id":"https:\/\/preprod.proterrasancta.org\/it\/#\/schema\/person\/c03a0c97a2c22a2681d54e29de17430c"},"headline":"De la Terre Sainte \u00e0 Milan, une passion contagieuse pour la beaut\u00e9 et la conservation","datePublished":"2017-04-11T07:58:50+00:00","dateModified":"2021-09-09T14:47:18+00:00","mainEntityOfPage":{"@id":"https:\/\/preprod.proterrasancta.org\/fr\/de-la-terre-sainte-a-milan-une-passion-contagieuse-pour-la-beaute-et-la-conservation\/"},"wordCount":358,"publisher":{"@id":"https:\/\/preprod.proterrasancta.org\/it\/#organization"},"articleSection":["Non classifi\u00e9(e)"],"inLanguage":"fr-FR"},{"@type":"WebPage","@id":"https:\/\/preprod.proterrasancta.org\/fr\/de-la-terre-sainte-a-milan-une-passion-contagieuse-pour-la-beaute-et-la-conservation\/","url":"https:\/\/preprod.proterrasancta.org\/fr\/de-la-terre-sainte-a-milan-une-passion-contagieuse-pour-la-beaute-et-la-conservation\/","name":"De la Terre Sainte \u00e0 Milan, une passion contagieuse pour la beaut\u00e9 et la conservation | Pro Terra Sancta","isPartOf":{"@id":"https:\/\/preprod.proterrasancta.org\/it\/#website"},"datePublished":"2017-04-11T07:58:50+00:00","dateModified":"2021-09-09T14:47:18+00:00","breadcrumb":{"@id":"https:\/\/preprod.proterrasancta.org\/fr\/de-la-terre-sainte-a-milan-une-passion-contagieuse-pour-la-beaute-et-la-conservation\/#breadcrumb"},"inLanguage":"fr-FR","potentialAction":[{"@type":"ReadAction","target":["https:\/\/preprod.proterrasancta.org\/fr\/de-la-terre-sainte-a-milan-une-passion-contagieuse-pour-la-beaute-et-la-conservation\/"]}]},{"@type":"BreadcrumbList","@id":"https:\/\/preprod.proterrasancta.org\/fr\/de-la-terre-sainte-a-milan-une-passion-contagieuse-pour-la-beaute-et-la-conservation\/#breadcrumb","itemListElement":[{"@type":"ListItem","position":1,"name":"Home","item":"https:\/\/preprod.proterrasancta.org\/it\/"},{"@type":"ListItem","position":2,"name":"De la Terre Sainte \u00e0 Milan, une passion contagieuse pour la beaut\u00e9 et la conservation"}]},{"@type":"WebSite","@id":"https:\/\/preprod.proterrasancta.org\/it\/#website","url":"https:\/\/preprod.proterrasancta.org\/it\/","name":"Pro Terra Sancta","description":"To foster bonds between the Holy Land and the world","publisher":{"@id":"https:\/\/preprod.proterrasancta.org\/it\/#organization"},"potentialAction":[{"@type":"SearchAction","target":{"@type":"EntryPoint","urlTemplate":"https:\/\/preprod.proterrasancta.org\/it\/?s={search_term_string}"},"query-input":"required name=search_term_string"}],"inLanguage":"fr-FR"},{"@type":"Organization","@id":"https:\/\/preprod.proterrasancta.org\/it\/#organization","name":"Associazione Pro Terra Sancta","url":"https:\/\/preprod.proterrasancta.org\/it\/","logo":{"@type":"ImageObject","inLanguage":"fr-FR","@id":"https:\/\/preprod.proterrasancta.org\/it\/#\/schema\/logo\/image\/","url":"https:\/\/www.proterrasancta.org\/wp-content\/uploads\/Logo_ProTerraSancta_Colori_web_high_modificato.jpg","contentUrl":"https:\/\/www.proterrasancta.org\/wp-content\/uploads\/Logo_ProTerraSancta_Colori_web_high_modificato.jpg","width":1018,"height":576,"caption":"Associazione Pro Terra Sancta"},"image":{"@id":"https:\/\/preprod.proterrasancta.org\/it\/#\/schema\/logo\/image\/"},"sameAs":["https:\/\/www.instagram.com\/proterrasancta\/","https:\/\/www.linkedin.com\/company\/pro-terra-sancta\/","https:\/\/www.youtube.com\/user\/proterrasancta","https:\/\/www.facebook.com\/proterrasancta\/","https:\/\/twitter.com\/proterrasancta"]},{"@type":"Person","@id":"https:\/\/preprod.proterrasancta.org\/it\/#\/schema\/person\/c03a0c97a2c22a2681d54e29de17430c","name":"Giacomo Pizzi","image":{"@type":"ImageObject","inLanguage":"fr-FR","@id":"https:\/\/preprod.proterrasancta.org\/it\/#\/schema\/person\/image\/","url":"https:\/\/secure.gravatar.com\/avatar\/900c575219bd8bb5f7711ce33f0e43ea?s=96&d=mm&r=g","contentUrl":"https:\/\/secure.gravatar.com\/avatar\/900c575219bd8bb5f7711ce33f0e43ea?s=96&d=mm&r=g","caption":"Giacomo Pizzi"},"url":"https:\/\/preprod.proterrasancta.org\/fr\/author\/pizzi\/"}]}},"_links":{"self":[{"href":"https:\/\/preprod.proterrasancta.org\/fr\/wp-json\/wp\/v2\/posts\/102838"}],"collection":[{"href":"https:\/\/preprod.proterrasancta.org\/fr\/wp-json\/wp\/v2\/posts"}],"about":[{"href":"https:\/\/preprod.proterrasancta.org\/fr\/wp-json\/wp\/v2\/types\/post"}],"author":[{"embeddable":true,"href":"https:\/\/preprod.proterrasancta.org\/fr\/wp-json\/wp\/v2\/users\/35"}],"replies":[{"embeddable":true,"href":"https:\/\/preprod.proterrasancta.org\/fr\/wp-json\/wp\/v2\/comments?post=102838"}],"version-history":[{"count":0,"href":"https:\/\/preprod.proterrasancta.org\/fr\/wp-json\/wp\/v2\/posts\/102838\/revisions"}],"wp:featuredmedia":[{"embeddable":true,"href":"https:\/\/preprod.proterrasancta.org\/fr\/wp-json\/wp\/v2\/media\/102791"}],"wp:attachment":[{"href":"https:\/\/preprod.proterrasancta.org\/fr\/wp-json\/wp\/v2\/media?parent=102838"}],"wp:term":[{"taxonomy":"category","embeddable":true,"href":"https:\/\/preprod.proterrasancta.org\/fr\/wp-json\/wp\/v2\/categories?post=102838"},{"taxonomy":"post_tag","embeddable":true,"href":"https:\/\/preprod.proterrasancta.org\/fr\/wp-json\/wp\/v2\/tags?post=102838"},{"taxonomy":"campaign_code","embeddable":true,"href":"https:\/\/preprod.proterrasancta.org\/fr\/wp-json\/wp\/v2\/campaign_code?post=102838"}],"curies":[{"name":"wp","href":"https:\/\/api.w.org\/{rel}","templated":true}]}}