{"id":102760,"date":"2017-03-27T16:49:13","date_gmt":"2017-03-27T13:49:13","guid":{"rendered":"https:\/\/www.proterrasancta.org\/?post_type=fr-post&#038;p=102760"},"modified":"2021-09-09T16:47:18","modified_gmt":"2021-09-09T14:47:18","slug":"restaurer-pour-preserver-la-foi-inauguree-ledicule-du-saint-sepulcre","status":"publish","type":"post","link":"https:\/\/preprod.proterrasancta.org\/fr\/restaurer-pour-preserver-la-foi-inauguree-ledicule-du-saint-sepulcre\/","title":{"rendered":"Restaurer pour pr\u00e9server la foi : inaugur\u00e9e l&rsquo;\u00e9dicule du Saint S\u00e9pulcre"},"content":{"rendered":"<p><strong>Les gens se rassemblent dans les ruelles de la vieille ville de J\u00e9rusalem, press\u00e9s<\/strong>. Ce n&rsquo;est jamais arriv\u00e9 avant. Cette foule parle d&rsquo;elle-m\u00eame : l&rsquo;inauguration de l&rsquo;\u00e9dicule du Saint S\u00e9pulcre est un \u00e9v\u00e9nement unique.<\/p>\n<p><strong>A l&rsquo;int\u00e9rieur de Saint S\u00e9pulcre les chaises sont dispos\u00e9es en cercle autour de l&rsquo;\u00e9dicule restaur\u00e9e apr\u00e8s\u00a0 dix mois de travaux. Les chaises se divisent en sections en fonction des communaut\u00e9s<\/strong> : les grecs orthodoxes, les latins et les arm\u00e9niens. <strong>Elles sont divis\u00e9es<\/strong>, c&rsquo;est vrai, mais enfin \u00ab <strong>toutes ensemble autour du centre de notre foi et de notre espoir \u00bb. C&rsquo;est Fr\u00e8re David qui parle, le secr\u00e9taire de la Custodie de Terre Sainte<\/strong>.<\/p>\n<p>C&rsquo;est pourquoi cette inauguration est si importante : les trois communaut\u00e9s se retrouvent ensemble. Ces travaux de restauration \u00e9taient n\u00e9cessaires et ils sont de grande valeur. Mais, lors de l&rsquo;inauguration, il y a bien plus que cela.<\/p>\n<p><strong>C&rsquo;est pourquoi le Custode de Terre Sainte, p\u00e8re Francesco Patton, dans son discours souligne aussi bien la valeur symbolique de l&rsquo;\u00e9v\u00e9nement, l&rsquo;unit\u00e9,\u00a0 que celle spirituelle<\/strong>. \u00ab Il s&rsquo;agit de la restauration du lieu le plus important de la Chr\u00e9tient\u00e9. Le lieu cl\u00e9 qui nous permet d&rsquo;interpr\u00e9ter notre vie et notre histoire \u00bb, il explique.<\/p>\n<p>Les deux patriarches, le grec orthodoxe Th\u00e9ophile III et l&rsquo;arm\u00e9nien Nourhan Manougian, confirment la m\u00eame id\u00e9e.\u00a0 <strong>Ces travaux de restauration sont \u00ab un cadeau \u00e0 la ville de J\u00e9rusalem et au monde entier \u00bb<\/strong>, explique Teophile III. Un cadeau physique, symbolique et spirituel.<\/p>\n<p>D&rsquo;ailleurs,<strong> la mission principale des fr\u00e8res de la Custodie de Terre Sainte est celle de pr\u00e9server les Lieux Saints pour les rendre toujours accessibles aux p\u00e8lerins <\/strong>qui arrivent chaque jour ici. Au Saint S\u00e9pulcre, mais aussi dans d&rsquo;autres lieux de la Terre Sainte.<\/p>\n<p>Cette <strong>\u0153uvre de pr\u00e9servation est vraiment pr\u00e9cieuse : l&rsquo;inauguration d&rsquo;aujourd&rsquo;hui l&rsquo;a d\u00e9montr\u00e9<\/strong>. <strong>Toujours \u00e0 c\u00f4t\u00e9 des fr\u00e8res franciscains, l&rsquo;Association Pro Terra Sancta continue son travail et maintient son soutien.\u00a0 <\/strong><\/p>\n<p><strong>\u00a0<\/strong><\/p>\n","protected":false},"excerpt":{"rendered":"<p>Les gens se rassemblent dans les ruelles de la vieille ville de J\u00e9rusalem, press\u00e9s. Ce n&rsquo;est jamais arriv\u00e9 avant. Cette foule parle d&rsquo;elle-m\u00eame : l&rsquo;inauguration de l&rsquo;\u00e9dicule du Saint S\u00e9pulcre est un \u00e9v\u00e9nement unique. A l&rsquo;int\u00e9rieur de Saint S\u00e9pulcre les chaises sont dispos\u00e9es en cercle autour de l&rsquo;\u00e9dicule restaur\u00e9e apr\u00e8s\u00a0 dix mois de travaux. Les [&hellip;]<\/p>\n","protected":false},"author":35,"featured_media":102736,"comment_status":"closed","ping_status":"closed","sticky":false,"template":"","format":"standard","meta":{"_acf_changed":false,"inline_featured_image":false,"footnotes":""},"categories":[9722],"tags":[],"campaign_code":[],"class_list":["post-102760","post","type-post","status-publish","format-standard","has-post-thumbnail","hentry","category-non-classifiee"],"acf":[],"yoast_head":"<!-- This site is optimized with the Yoast SEO Premium plugin v17.7 (Yoast SEO v19.14) - https:\/\/yoast.com\/wordpress\/plugins\/seo\/ -->\n<title>Restaurer pour pr\u00e9server la foi : inaugur\u00e9e l&#039;\u00e9dicule du Saint S\u00e9pulcre | Pro Terra Sancta<\/title>\n<meta name=\"robots\" content=\"noindex, follow, max-snippet:-1, max-image-preview:large, max-video-preview:-1\" \/>\n<meta property=\"og:locale\" content=\"fr_FR\" \/>\n<meta property=\"og:type\" content=\"article\" \/>\n<meta property=\"og:title\" content=\"Restaurer pour pr\u00e9server la foi : inaugur\u00e9e l&#039;\u00e9dicule du Saint S\u00e9pulcre\" \/>\n<meta property=\"og:description\" content=\"Les gens se rassemblent dans les ruelles de la vieille ville de J\u00e9rusalem, press\u00e9s. Ce n&rsquo;est jamais arriv\u00e9 avant. Cette foule parle d&rsquo;elle-m\u00eame : l&rsquo;inauguration de l&rsquo;\u00e9dicule du Saint S\u00e9pulcre est un \u00e9v\u00e9nement unique. A l&rsquo;int\u00e9rieur de Saint S\u00e9pulcre les chaises sont dispos\u00e9es en cercle autour de l&rsquo;\u00e9dicule restaur\u00e9e apr\u00e8s\u00a0 dix mois de travaux. Les [&hellip;]\" \/>\n<meta property=\"og:url\" content=\"https:\/\/preprod.proterrasancta.org\/fr\/restaurer-pour-preserver-la-foi-inauguree-ledicule-du-saint-sepulcre\/\" \/>\n<meta property=\"og:site_name\" content=\"Pro Terra Sancta\" \/>\n<meta property=\"article:publisher\" content=\"https:\/\/www.facebook.com\/proterrasancta\/\" \/>\n<meta property=\"article:published_time\" content=\"2017-03-27T13:49:13+00:00\" \/>\n<meta property=\"article:modified_time\" content=\"2021-09-09T14:47:18+00:00\" \/>\n<meta property=\"og:image\" content=\"https:\/\/preprod.proterrasancta.org\/wp-content\/uploads\/P3220442-e1490217633729.jpg\" \/>\n\t<meta property=\"og:image:width\" content=\"857\" \/>\n\t<meta property=\"og:image:height\" content=\"612\" \/>\n\t<meta property=\"og:image:type\" content=\"image\/jpeg\" \/>\n<meta name=\"author\" content=\"Giacomo Pizzi\" \/>\n<meta name=\"twitter:card\" content=\"summary_large_image\" \/>\n<meta name=\"twitter:creator\" content=\"@proterrasancta\" \/>\n<meta name=\"twitter:site\" content=\"@proterrasancta\" \/>\n<meta name=\"twitter:label1\" content=\"\u00c9crit par\" \/>\n\t<meta name=\"twitter:data1\" content=\"Giacomo Pizzi\" \/>\n\t<meta name=\"twitter:label2\" content=\"Dur\u00e9e de lecture est.\" \/>\n\t<meta name=\"twitter:data2\" content=\"2 minutes\" \/>\n<script type=\"application\/ld+json\" class=\"yoast-schema-graph\">{\"@context\":\"https:\/\/schema.org\",\"@graph\":[{\"@type\":\"Article\",\"@id\":\"https:\/\/preprod.proterrasancta.org\/fr\/restaurer-pour-preserver-la-foi-inauguree-ledicule-du-saint-sepulcre\/#article\",\"isPartOf\":{\"@id\":\"https:\/\/preprod.proterrasancta.org\/fr\/restaurer-pour-preserver-la-foi-inauguree-ledicule-du-saint-sepulcre\/\"},\"author\":{\"name\":\"Giacomo Pizzi\",\"@id\":\"https:\/\/preprod.proterrasancta.org\/it\/#\/schema\/person\/c03a0c97a2c22a2681d54e29de17430c\"},\"headline\":\"Restaurer pour pr\u00e9server la foi : inaugur\u00e9e l&rsquo;\u00e9dicule du Saint S\u00e9pulcre\",\"datePublished\":\"2017-03-27T13:49:13+00:00\",\"dateModified\":\"2021-09-09T14:47:18+00:00\",\"mainEntityOfPage\":{\"@id\":\"https:\/\/preprod.proterrasancta.org\/fr\/restaurer-pour-preserver-la-foi-inauguree-ledicule-du-saint-sepulcre\/\"},\"wordCount\":373,\"publisher\":{\"@id\":\"https:\/\/preprod.proterrasancta.org\/it\/#organization\"},\"articleSection\":[\"Non classifi\u00e9(e)\"],\"inLanguage\":\"fr-FR\"},{\"@type\":\"WebPage\",\"@id\":\"https:\/\/preprod.proterrasancta.org\/fr\/restaurer-pour-preserver-la-foi-inauguree-ledicule-du-saint-sepulcre\/\",\"url\":\"https:\/\/preprod.proterrasancta.org\/fr\/restaurer-pour-preserver-la-foi-inauguree-ledicule-du-saint-sepulcre\/\",\"name\":\"Restaurer pour pr\u00e9server la foi : inaugur\u00e9e l'\u00e9dicule du Saint S\u00e9pulcre | Pro Terra Sancta\",\"isPartOf\":{\"@id\":\"https:\/\/preprod.proterrasancta.org\/it\/#website\"},\"datePublished\":\"2017-03-27T13:49:13+00:00\",\"dateModified\":\"2021-09-09T14:47:18+00:00\",\"breadcrumb\":{\"@id\":\"https:\/\/preprod.proterrasancta.org\/fr\/restaurer-pour-preserver-la-foi-inauguree-ledicule-du-saint-sepulcre\/#breadcrumb\"},\"inLanguage\":\"fr-FR\",\"potentialAction\":[{\"@type\":\"ReadAction\",\"target\":[\"https:\/\/preprod.proterrasancta.org\/fr\/restaurer-pour-preserver-la-foi-inauguree-ledicule-du-saint-sepulcre\/\"]}]},{\"@type\":\"BreadcrumbList\",\"@id\":\"https:\/\/preprod.proterrasancta.org\/fr\/restaurer-pour-preserver-la-foi-inauguree-ledicule-du-saint-sepulcre\/#breadcrumb\",\"itemListElement\":[{\"@type\":\"ListItem\",\"position\":1,\"name\":\"Home\",\"item\":\"https:\/\/preprod.proterrasancta.org\/it\/\"},{\"@type\":\"ListItem\",\"position\":2,\"name\":\"Restaurer pour pr\u00e9server la foi : inaugur\u00e9e l&rsquo;\u00e9dicule du Saint S\u00e9pulcre\"}]},{\"@type\":\"WebSite\",\"@id\":\"https:\/\/preprod.proterrasancta.org\/it\/#website\",\"url\":\"https:\/\/preprod.proterrasancta.org\/it\/\",\"name\":\"Pro Terra Sancta\",\"description\":\"To foster bonds between the Holy Land and the world\",\"publisher\":{\"@id\":\"https:\/\/preprod.proterrasancta.org\/it\/#organization\"},\"potentialAction\":[{\"@type\":\"SearchAction\",\"target\":{\"@type\":\"EntryPoint\",\"urlTemplate\":\"https:\/\/preprod.proterrasancta.org\/it\/?s={search_term_string}\"},\"query-input\":\"required name=search_term_string\"}],\"inLanguage\":\"fr-FR\"},{\"@type\":\"Organization\",\"@id\":\"https:\/\/preprod.proterrasancta.org\/it\/#organization\",\"name\":\"Associazione Pro Terra Sancta\",\"url\":\"https:\/\/preprod.proterrasancta.org\/it\/\",\"logo\":{\"@type\":\"ImageObject\",\"inLanguage\":\"fr-FR\",\"@id\":\"https:\/\/preprod.proterrasancta.org\/it\/#\/schema\/logo\/image\/\",\"url\":\"https:\/\/www.proterrasancta.org\/wp-content\/uploads\/Logo_ProTerraSancta_Colori_web_high_modificato.jpg\",\"contentUrl\":\"https:\/\/www.proterrasancta.org\/wp-content\/uploads\/Logo_ProTerraSancta_Colori_web_high_modificato.jpg\",\"width\":1018,\"height\":576,\"caption\":\"Associazione Pro Terra Sancta\"},\"image\":{\"@id\":\"https:\/\/preprod.proterrasancta.org\/it\/#\/schema\/logo\/image\/\"},\"sameAs\":[\"https:\/\/www.instagram.com\/proterrasancta\/\",\"https:\/\/www.linkedin.com\/company\/pro-terra-sancta\/\",\"https:\/\/www.youtube.com\/user\/proterrasancta\",\"https:\/\/www.facebook.com\/proterrasancta\/\",\"https:\/\/twitter.com\/proterrasancta\"]},{\"@type\":\"Person\",\"@id\":\"https:\/\/preprod.proterrasancta.org\/it\/#\/schema\/person\/c03a0c97a2c22a2681d54e29de17430c\",\"name\":\"Giacomo Pizzi\",\"image\":{\"@type\":\"ImageObject\",\"inLanguage\":\"fr-FR\",\"@id\":\"https:\/\/preprod.proterrasancta.org\/it\/#\/schema\/person\/image\/\",\"url\":\"https:\/\/secure.gravatar.com\/avatar\/900c575219bd8bb5f7711ce33f0e43ea?s=96&d=mm&r=g\",\"contentUrl\":\"https:\/\/secure.gravatar.com\/avatar\/900c575219bd8bb5f7711ce33f0e43ea?s=96&d=mm&r=g\",\"caption\":\"Giacomo Pizzi\"},\"url\":\"https:\/\/preprod.proterrasancta.org\/fr\/author\/pizzi\/\"}]}<\/script>\n<!-- \/ Yoast SEO Premium plugin. -->","yoast_head_json":{"title":"Restaurer pour pr\u00e9server la foi : inaugur\u00e9e l'\u00e9dicule du Saint S\u00e9pulcre | Pro Terra Sancta","robots":{"index":"noindex","follow":"follow","max-snippet":"max-snippet:-1","max-image-preview":"max-image-preview:large","max-video-preview":"max-video-preview:-1"},"og_locale":"fr_FR","og_type":"article","og_title":"Restaurer pour pr\u00e9server la foi : inaugur\u00e9e l'\u00e9dicule du Saint S\u00e9pulcre","og_description":"Les gens se rassemblent dans les ruelles de la vieille ville de J\u00e9rusalem, press\u00e9s. Ce n&rsquo;est jamais arriv\u00e9 avant. Cette foule parle d&rsquo;elle-m\u00eame : l&rsquo;inauguration de l&rsquo;\u00e9dicule du Saint S\u00e9pulcre est un \u00e9v\u00e9nement unique. A l&rsquo;int\u00e9rieur de Saint S\u00e9pulcre les chaises sont dispos\u00e9es en cercle autour de l&rsquo;\u00e9dicule restaur\u00e9e apr\u00e8s\u00a0 dix mois de travaux. Les [&hellip;]","og_url":"https:\/\/preprod.proterrasancta.org\/fr\/restaurer-pour-preserver-la-foi-inauguree-ledicule-du-saint-sepulcre\/","og_site_name":"Pro Terra Sancta","article_publisher":"https:\/\/www.facebook.com\/proterrasancta\/","article_published_time":"2017-03-27T13:49:13+00:00","article_modified_time":"2021-09-09T14:47:18+00:00","og_image":[{"width":857,"height":612,"url":"https:\/\/preprod.proterrasancta.org\/wp-content\/uploads\/P3220442-e1490217633729.jpg","type":"image\/jpeg"}],"author":"Giacomo Pizzi","twitter_card":"summary_large_image","twitter_creator":"@proterrasancta","twitter_site":"@proterrasancta","twitter_misc":{"\u00c9crit par":"Giacomo Pizzi","Dur\u00e9e de lecture est.":"2 minutes"},"schema":{"@context":"https:\/\/schema.org","@graph":[{"@type":"Article","@id":"https:\/\/preprod.proterrasancta.org\/fr\/restaurer-pour-preserver-la-foi-inauguree-ledicule-du-saint-sepulcre\/#article","isPartOf":{"@id":"https:\/\/preprod.proterrasancta.org\/fr\/restaurer-pour-preserver-la-foi-inauguree-ledicule-du-saint-sepulcre\/"},"author":{"name":"Giacomo Pizzi","@id":"https:\/\/preprod.proterrasancta.org\/it\/#\/schema\/person\/c03a0c97a2c22a2681d54e29de17430c"},"headline":"Restaurer pour pr\u00e9server la foi : inaugur\u00e9e l&rsquo;\u00e9dicule du Saint S\u00e9pulcre","datePublished":"2017-03-27T13:49:13+00:00","dateModified":"2021-09-09T14:47:18+00:00","mainEntityOfPage":{"@id":"https:\/\/preprod.proterrasancta.org\/fr\/restaurer-pour-preserver-la-foi-inauguree-ledicule-du-saint-sepulcre\/"},"wordCount":373,"publisher":{"@id":"https:\/\/preprod.proterrasancta.org\/it\/#organization"},"articleSection":["Non classifi\u00e9(e)"],"inLanguage":"fr-FR"},{"@type":"WebPage","@id":"https:\/\/preprod.proterrasancta.org\/fr\/restaurer-pour-preserver-la-foi-inauguree-ledicule-du-saint-sepulcre\/","url":"https:\/\/preprod.proterrasancta.org\/fr\/restaurer-pour-preserver-la-foi-inauguree-ledicule-du-saint-sepulcre\/","name":"Restaurer pour pr\u00e9server la foi : inaugur\u00e9e l'\u00e9dicule du Saint S\u00e9pulcre | Pro Terra Sancta","isPartOf":{"@id":"https:\/\/preprod.proterrasancta.org\/it\/#website"},"datePublished":"2017-03-27T13:49:13+00:00","dateModified":"2021-09-09T14:47:18+00:00","breadcrumb":{"@id":"https:\/\/preprod.proterrasancta.org\/fr\/restaurer-pour-preserver-la-foi-inauguree-ledicule-du-saint-sepulcre\/#breadcrumb"},"inLanguage":"fr-FR","potentialAction":[{"@type":"ReadAction","target":["https:\/\/preprod.proterrasancta.org\/fr\/restaurer-pour-preserver-la-foi-inauguree-ledicule-du-saint-sepulcre\/"]}]},{"@type":"BreadcrumbList","@id":"https:\/\/preprod.proterrasancta.org\/fr\/restaurer-pour-preserver-la-foi-inauguree-ledicule-du-saint-sepulcre\/#breadcrumb","itemListElement":[{"@type":"ListItem","position":1,"name":"Home","item":"https:\/\/preprod.proterrasancta.org\/it\/"},{"@type":"ListItem","position":2,"name":"Restaurer pour pr\u00e9server la foi : inaugur\u00e9e l&rsquo;\u00e9dicule du Saint S\u00e9pulcre"}]},{"@type":"WebSite","@id":"https:\/\/preprod.proterrasancta.org\/it\/#website","url":"https:\/\/preprod.proterrasancta.org\/it\/","name":"Pro Terra Sancta","description":"To foster bonds between the Holy Land and the world","publisher":{"@id":"https:\/\/preprod.proterrasancta.org\/it\/#organization"},"potentialAction":[{"@type":"SearchAction","target":{"@type":"EntryPoint","urlTemplate":"https:\/\/preprod.proterrasancta.org\/it\/?s={search_term_string}"},"query-input":"required name=search_term_string"}],"inLanguage":"fr-FR"},{"@type":"Organization","@id":"https:\/\/preprod.proterrasancta.org\/it\/#organization","name":"Associazione Pro Terra Sancta","url":"https:\/\/preprod.proterrasancta.org\/it\/","logo":{"@type":"ImageObject","inLanguage":"fr-FR","@id":"https:\/\/preprod.proterrasancta.org\/it\/#\/schema\/logo\/image\/","url":"https:\/\/www.proterrasancta.org\/wp-content\/uploads\/Logo_ProTerraSancta_Colori_web_high_modificato.jpg","contentUrl":"https:\/\/www.proterrasancta.org\/wp-content\/uploads\/Logo_ProTerraSancta_Colori_web_high_modificato.jpg","width":1018,"height":576,"caption":"Associazione Pro Terra Sancta"},"image":{"@id":"https:\/\/preprod.proterrasancta.org\/it\/#\/schema\/logo\/image\/"},"sameAs":["https:\/\/www.instagram.com\/proterrasancta\/","https:\/\/www.linkedin.com\/company\/pro-terra-sancta\/","https:\/\/www.youtube.com\/user\/proterrasancta","https:\/\/www.facebook.com\/proterrasancta\/","https:\/\/twitter.com\/proterrasancta"]},{"@type":"Person","@id":"https:\/\/preprod.proterrasancta.org\/it\/#\/schema\/person\/c03a0c97a2c22a2681d54e29de17430c","name":"Giacomo Pizzi","image":{"@type":"ImageObject","inLanguage":"fr-FR","@id":"https:\/\/preprod.proterrasancta.org\/it\/#\/schema\/person\/image\/","url":"https:\/\/secure.gravatar.com\/avatar\/900c575219bd8bb5f7711ce33f0e43ea?s=96&d=mm&r=g","contentUrl":"https:\/\/secure.gravatar.com\/avatar\/900c575219bd8bb5f7711ce33f0e43ea?s=96&d=mm&r=g","caption":"Giacomo Pizzi"},"url":"https:\/\/preprod.proterrasancta.org\/fr\/author\/pizzi\/"}]}},"_links":{"self":[{"href":"https:\/\/preprod.proterrasancta.org\/fr\/wp-json\/wp\/v2\/posts\/102760"}],"collection":[{"href":"https:\/\/preprod.proterrasancta.org\/fr\/wp-json\/wp\/v2\/posts"}],"about":[{"href":"https:\/\/preprod.proterrasancta.org\/fr\/wp-json\/wp\/v2\/types\/post"}],"author":[{"embeddable":true,"href":"https:\/\/preprod.proterrasancta.org\/fr\/wp-json\/wp\/v2\/users\/35"}],"replies":[{"embeddable":true,"href":"https:\/\/preprod.proterrasancta.org\/fr\/wp-json\/wp\/v2\/comments?post=102760"}],"version-history":[{"count":0,"href":"https:\/\/preprod.proterrasancta.org\/fr\/wp-json\/wp\/v2\/posts\/102760\/revisions"}],"wp:featuredmedia":[{"embeddable":true,"href":"https:\/\/preprod.proterrasancta.org\/fr\/wp-json\/wp\/v2\/media\/102736"}],"wp:attachment":[{"href":"https:\/\/preprod.proterrasancta.org\/fr\/wp-json\/wp\/v2\/media?parent=102760"}],"wp:term":[{"taxonomy":"category","embeddable":true,"href":"https:\/\/preprod.proterrasancta.org\/fr\/wp-json\/wp\/v2\/categories?post=102760"},{"taxonomy":"post_tag","embeddable":true,"href":"https:\/\/preprod.proterrasancta.org\/fr\/wp-json\/wp\/v2\/tags?post=102760"},{"taxonomy":"campaign_code","embeddable":true,"href":"https:\/\/preprod.proterrasancta.org\/fr\/wp-json\/wp\/v2\/campaign_code?post=102760"}],"curies":[{"name":"wp","href":"https:\/\/api.w.org\/{rel}","templated":true}]}}