{"id":102732,"date":"2017-03-21T16:31:34","date_gmt":"2017-03-21T14:31:34","guid":{"rendered":"https:\/\/www.proterrasancta.org\/?post_type=fr-post&#038;p=102732"},"modified":"2021-09-09T16:47:18","modified_gmt":"2021-09-09T14:47:18","slug":"six-annees-de-guerre-en-syrie-et-lengagement-dats-pro-terra-sancta-a-cote-de-la-population","status":"publish","type":"post","link":"https:\/\/preprod.proterrasancta.org\/fr\/six-annees-de-guerre-en-syrie-et-lengagement-dats-pro-terra-sancta-a-cote-de-la-population\/","title":{"rendered":"Six ann\u00e9es de guerre en Syrie et l&rsquo;engagement d&rsquo;ATS Pro Terra Sancta \u00e0 c\u00f4t\u00e9 de la population"},"content":{"rendered":"<p><strong>15 mars 2011. A l&rsquo;\u00e9poque le Moyen Orient vivait dans l&rsquo;espoir des printemps arabes<\/strong>. Apr\u00e8s une s\u00e9rie de manifestations contre <strong>le r\u00e9gime de Bashar Al-Assad, le pays plonge dans le chaos<\/strong>. Aujourd&rsquo;hui les donn\u00e9es parlent d&rsquo;eux-m\u00eames : selon l&rsquo;Observateur Syrien pour les Droits Humains, depuis 15 mars 2011 <strong>entre 310.000 et 440.000 personnes ont \u00e9t\u00e9 tu\u00e9es<\/strong> : <strong>100.000 civils<\/strong>, 20.000 enfants, 10.000 femmes. Les\u00a0<strong> d\u00e9plac\u00e9s sont 11,5 millions<\/strong> (presque la moiti\u00e9 de la population syrienne). 6,5 millions se trouvent en Syrie; les autres en Turquie (2,7 millions), Iraq (230.000), Liban (1,1 millions) et Jordanie (660.000).<\/p>\n<p><strong>Ces jours-ci marquent le triste anniversaire de cette guerre qui a caus\u00e9 beaucoup de souffrance.<\/strong><\/p>\n<p>Mais<strong> des histoires nous rappellent qu&rsquo;il y a de l&rsquo;espoir. Les fr\u00e8res franciscains de la Custodie de Terre Sainte apportent de l&rsquo;esp\u00e9rance \u00e0 tous<\/strong> :<strong> ils restent l\u00e0, malgr\u00e9 tout<\/strong>. Et ils organisent des nombreuses activit\u00e9s, en encourageant la population.<\/p>\n<p><strong>Ils apportent leur aide aux pauvres<\/strong> \u00e0 travers la <strong>distribution de colis d&rsquo;alimentation et de biens de premi\u00e8re n\u00e9cessit\u00e9<\/strong>. Ils distribuent de<strong> l&rsquo;eau \u00e0 partir de puits et de gazole pour d&rsquo;\u00e9lectricit\u00e9 et de chauffage<\/strong>. Il y a aussi les interventions sanitaires, l&rsquo;approvisionnement en m\u00e9dicaments, le soutien aux h\u00f4pitaux, les \u0153uvres \u00e9ducatives et la restructuration de tout ce qui a \u00e9t\u00e9 d\u00e9truit.<\/p>\n<p><strong>Tout au long de ces six annees de guerre, l&rsquo;Association Pro Terra Sancta est toujours rest\u00e9e aux c\u00f4t\u00e9s des franciscains, et donc de la population. Nous ne nous arr\u00eaterons pas jusqu&rsquo;il y en aura besoin<\/strong>, nous soutiendrons les gens et nous aiderons les franciscains dans la conservation des lieux saints. Nous permettrons de garder l&rsquo;espoir vivant.<\/p>\n<h2 style=\"text-align: center;\"><a href=\"https:\/\/www.proterrasancta.org\/project\/fr\/syrie-damas-le-centre-durgence\/\">Continuez \u00e0 soutenir la Syrie!<\/a><\/h2>\n","protected":false},"excerpt":{"rendered":"<p>15 mars 2011. A l&rsquo;\u00e9poque le Moyen Orient vivait dans l&rsquo;espoir des printemps arabes. Apr\u00e8s une s\u00e9rie de manifestations contre le r\u00e9gime de Bashar Al-Assad, le pays plonge dans le chaos. Aujourd&rsquo;hui les donn\u00e9es parlent d&rsquo;eux-m\u00eames : selon l&rsquo;Observateur Syrien pour les Droits Humains, depuis 15 mars 2011 entre 310.000 et 440.000 personnes ont \u00e9t\u00e9 [&hellip;]<\/p>\n","protected":false},"author":35,"featured_media":102699,"comment_status":"closed","ping_status":"closed","sticky":false,"template":"","format":"standard","meta":{"_acf_changed":false,"inline_featured_image":false,"footnotes":""},"categories":[9722],"tags":[],"campaign_code":[],"class_list":["post-102732","post","type-post","status-publish","format-standard","has-post-thumbnail","hentry","category-non-classifiee"],"acf":[],"yoast_head":"<!-- This site is optimized with the Yoast SEO Premium plugin v17.7 (Yoast SEO v19.14) - https:\/\/yoast.com\/wordpress\/plugins\/seo\/ -->\n<title>Six ann\u00e9es de guerre en Syrie et l&#039;engagement d&#039;ATS Pro Terra Sancta \u00e0 c\u00f4t\u00e9 de la population | Pro Terra Sancta<\/title>\n<meta name=\"robots\" content=\"noindex, follow, max-snippet:-1, max-image-preview:large, max-video-preview:-1\" \/>\n<meta property=\"og:locale\" content=\"fr_FR\" \/>\n<meta property=\"og:type\" content=\"article\" \/>\n<meta property=\"og:title\" content=\"Six ann\u00e9es de guerre en Syrie et l&#039;engagement d&#039;ATS Pro Terra Sancta \u00e0 c\u00f4t\u00e9 de la population\" \/>\n<meta property=\"og:description\" content=\"15 mars 2011. A l&rsquo;\u00e9poque le Moyen Orient vivait dans l&rsquo;espoir des printemps arabes. Apr\u00e8s une s\u00e9rie de manifestations contre le r\u00e9gime de Bashar Al-Assad, le pays plonge dans le chaos. Aujourd&rsquo;hui les donn\u00e9es parlent d&rsquo;eux-m\u00eames : selon l&rsquo;Observateur Syrien pour les Droits Humains, depuis 15 mars 2011 entre 310.000 et 440.000 personnes ont \u00e9t\u00e9 [&hellip;]\" \/>\n<meta property=\"og:url\" content=\"https:\/\/preprod.proterrasancta.org\/fr\/six-annees-de-guerre-en-syrie-et-lengagement-dats-pro-terra-sancta-a-cote-de-la-population\/\" \/>\n<meta property=\"og:site_name\" content=\"Pro Terra Sancta\" \/>\n<meta property=\"article:publisher\" content=\"https:\/\/www.facebook.com\/proterrasancta\/\" \/>\n<meta property=\"article:published_time\" content=\"2017-03-21T14:31:34+00:00\" \/>\n<meta property=\"article:modified_time\" content=\"2021-09-09T14:47:18+00:00\" \/>\n<meta property=\"og:image\" content=\"https:\/\/preprod.proterrasancta.org\/wp-content\/uploads\/IMG_3287-e1489760596472.jpg\" \/>\n\t<meta property=\"og:image:width\" content=\"650\" \/>\n\t<meta property=\"og:image:height\" content=\"542\" \/>\n\t<meta property=\"og:image:type\" content=\"image\/jpeg\" \/>\n<meta name=\"author\" content=\"Giacomo Pizzi\" \/>\n<meta name=\"twitter:card\" content=\"summary_large_image\" \/>\n<meta name=\"twitter:creator\" content=\"@proterrasancta\" \/>\n<meta name=\"twitter:site\" content=\"@proterrasancta\" \/>\n<meta name=\"twitter:label1\" content=\"\u00c9crit par\" \/>\n\t<meta name=\"twitter:data1\" content=\"Giacomo Pizzi\" \/>\n\t<meta name=\"twitter:label2\" content=\"Dur\u00e9e de lecture est.\" \/>\n\t<meta name=\"twitter:data2\" content=\"1 minute\" \/>\n<script type=\"application\/ld+json\" class=\"yoast-schema-graph\">{\"@context\":\"https:\/\/schema.org\",\"@graph\":[{\"@type\":\"Article\",\"@id\":\"https:\/\/preprod.proterrasancta.org\/fr\/six-annees-de-guerre-en-syrie-et-lengagement-dats-pro-terra-sancta-a-cote-de-la-population\/#article\",\"isPartOf\":{\"@id\":\"https:\/\/preprod.proterrasancta.org\/fr\/six-annees-de-guerre-en-syrie-et-lengagement-dats-pro-terra-sancta-a-cote-de-la-population\/\"},\"author\":{\"name\":\"Giacomo Pizzi\",\"@id\":\"https:\/\/preprod.proterrasancta.org\/it\/#\/schema\/person\/c03a0c97a2c22a2681d54e29de17430c\"},\"headline\":\"Six ann\u00e9es de guerre en Syrie et l&rsquo;engagement d&rsquo;ATS Pro Terra Sancta \u00e0 c\u00f4t\u00e9 de la population\",\"datePublished\":\"2017-03-21T14:31:34+00:00\",\"dateModified\":\"2021-09-09T14:47:18+00:00\",\"mainEntityOfPage\":{\"@id\":\"https:\/\/preprod.proterrasancta.org\/fr\/six-annees-de-guerre-en-syrie-et-lengagement-dats-pro-terra-sancta-a-cote-de-la-population\/\"},\"wordCount\":306,\"publisher\":{\"@id\":\"https:\/\/preprod.proterrasancta.org\/it\/#organization\"},\"articleSection\":[\"Non classifi\u00e9(e)\"],\"inLanguage\":\"fr-FR\"},{\"@type\":\"WebPage\",\"@id\":\"https:\/\/preprod.proterrasancta.org\/fr\/six-annees-de-guerre-en-syrie-et-lengagement-dats-pro-terra-sancta-a-cote-de-la-population\/\",\"url\":\"https:\/\/preprod.proterrasancta.org\/fr\/six-annees-de-guerre-en-syrie-et-lengagement-dats-pro-terra-sancta-a-cote-de-la-population\/\",\"name\":\"Six ann\u00e9es de guerre en Syrie et l'engagement d'ATS Pro Terra Sancta \u00e0 c\u00f4t\u00e9 de la population | Pro Terra Sancta\",\"isPartOf\":{\"@id\":\"https:\/\/preprod.proterrasancta.org\/it\/#website\"},\"datePublished\":\"2017-03-21T14:31:34+00:00\",\"dateModified\":\"2021-09-09T14:47:18+00:00\",\"breadcrumb\":{\"@id\":\"https:\/\/preprod.proterrasancta.org\/fr\/six-annees-de-guerre-en-syrie-et-lengagement-dats-pro-terra-sancta-a-cote-de-la-population\/#breadcrumb\"},\"inLanguage\":\"fr-FR\",\"potentialAction\":[{\"@type\":\"ReadAction\",\"target\":[\"https:\/\/preprod.proterrasancta.org\/fr\/six-annees-de-guerre-en-syrie-et-lengagement-dats-pro-terra-sancta-a-cote-de-la-population\/\"]}]},{\"@type\":\"BreadcrumbList\",\"@id\":\"https:\/\/preprod.proterrasancta.org\/fr\/six-annees-de-guerre-en-syrie-et-lengagement-dats-pro-terra-sancta-a-cote-de-la-population\/#breadcrumb\",\"itemListElement\":[{\"@type\":\"ListItem\",\"position\":1,\"name\":\"Home\",\"item\":\"https:\/\/preprod.proterrasancta.org\/it\/\"},{\"@type\":\"ListItem\",\"position\":2,\"name\":\"Six ann\u00e9es de guerre en Syrie et l&rsquo;engagement d&rsquo;ATS Pro Terra Sancta \u00e0 c\u00f4t\u00e9 de la population\"}]},{\"@type\":\"WebSite\",\"@id\":\"https:\/\/preprod.proterrasancta.org\/it\/#website\",\"url\":\"https:\/\/preprod.proterrasancta.org\/it\/\",\"name\":\"Pro Terra Sancta\",\"description\":\"To foster bonds between the Holy Land and the world\",\"publisher\":{\"@id\":\"https:\/\/preprod.proterrasancta.org\/it\/#organization\"},\"potentialAction\":[{\"@type\":\"SearchAction\",\"target\":{\"@type\":\"EntryPoint\",\"urlTemplate\":\"https:\/\/preprod.proterrasancta.org\/it\/?s={search_term_string}\"},\"query-input\":\"required name=search_term_string\"}],\"inLanguage\":\"fr-FR\"},{\"@type\":\"Organization\",\"@id\":\"https:\/\/preprod.proterrasancta.org\/it\/#organization\",\"name\":\"Associazione Pro Terra Sancta\",\"url\":\"https:\/\/preprod.proterrasancta.org\/it\/\",\"logo\":{\"@type\":\"ImageObject\",\"inLanguage\":\"fr-FR\",\"@id\":\"https:\/\/preprod.proterrasancta.org\/it\/#\/schema\/logo\/image\/\",\"url\":\"https:\/\/www.proterrasancta.org\/wp-content\/uploads\/Logo_ProTerraSancta_Colori_web_high_modificato.jpg\",\"contentUrl\":\"https:\/\/www.proterrasancta.org\/wp-content\/uploads\/Logo_ProTerraSancta_Colori_web_high_modificato.jpg\",\"width\":1018,\"height\":576,\"caption\":\"Associazione Pro Terra Sancta\"},\"image\":{\"@id\":\"https:\/\/preprod.proterrasancta.org\/it\/#\/schema\/logo\/image\/\"},\"sameAs\":[\"https:\/\/www.instagram.com\/proterrasancta\/\",\"https:\/\/www.linkedin.com\/company\/pro-terra-sancta\/\",\"https:\/\/www.youtube.com\/user\/proterrasancta\",\"https:\/\/www.facebook.com\/proterrasancta\/\",\"https:\/\/twitter.com\/proterrasancta\"]},{\"@type\":\"Person\",\"@id\":\"https:\/\/preprod.proterrasancta.org\/it\/#\/schema\/person\/c03a0c97a2c22a2681d54e29de17430c\",\"name\":\"Giacomo Pizzi\",\"image\":{\"@type\":\"ImageObject\",\"inLanguage\":\"fr-FR\",\"@id\":\"https:\/\/preprod.proterrasancta.org\/it\/#\/schema\/person\/image\/\",\"url\":\"https:\/\/secure.gravatar.com\/avatar\/900c575219bd8bb5f7711ce33f0e43ea?s=96&d=mm&r=g\",\"contentUrl\":\"https:\/\/secure.gravatar.com\/avatar\/900c575219bd8bb5f7711ce33f0e43ea?s=96&d=mm&r=g\",\"caption\":\"Giacomo Pizzi\"},\"url\":\"https:\/\/preprod.proterrasancta.org\/fr\/author\/pizzi\/\"}]}<\/script>\n<!-- \/ Yoast SEO Premium plugin. -->","yoast_head_json":{"title":"Six ann\u00e9es de guerre en Syrie et l'engagement d'ATS Pro Terra Sancta \u00e0 c\u00f4t\u00e9 de la population | Pro Terra Sancta","robots":{"index":"noindex","follow":"follow","max-snippet":"max-snippet:-1","max-image-preview":"max-image-preview:large","max-video-preview":"max-video-preview:-1"},"og_locale":"fr_FR","og_type":"article","og_title":"Six ann\u00e9es de guerre en Syrie et l'engagement d'ATS Pro Terra Sancta \u00e0 c\u00f4t\u00e9 de la population","og_description":"15 mars 2011. A l&rsquo;\u00e9poque le Moyen Orient vivait dans l&rsquo;espoir des printemps arabes. Apr\u00e8s une s\u00e9rie de manifestations contre le r\u00e9gime de Bashar Al-Assad, le pays plonge dans le chaos. Aujourd&rsquo;hui les donn\u00e9es parlent d&rsquo;eux-m\u00eames : selon l&rsquo;Observateur Syrien pour les Droits Humains, depuis 15 mars 2011 entre 310.000 et 440.000 personnes ont \u00e9t\u00e9 [&hellip;]","og_url":"https:\/\/preprod.proterrasancta.org\/fr\/six-annees-de-guerre-en-syrie-et-lengagement-dats-pro-terra-sancta-a-cote-de-la-population\/","og_site_name":"Pro Terra Sancta","article_publisher":"https:\/\/www.facebook.com\/proterrasancta\/","article_published_time":"2017-03-21T14:31:34+00:00","article_modified_time":"2021-09-09T14:47:18+00:00","og_image":[{"width":650,"height":542,"url":"https:\/\/preprod.proterrasancta.org\/wp-content\/uploads\/IMG_3287-e1489760596472.jpg","type":"image\/jpeg"}],"author":"Giacomo Pizzi","twitter_card":"summary_large_image","twitter_creator":"@proterrasancta","twitter_site":"@proterrasancta","twitter_misc":{"\u00c9crit par":"Giacomo Pizzi","Dur\u00e9e de lecture est.":"1 minute"},"schema":{"@context":"https:\/\/schema.org","@graph":[{"@type":"Article","@id":"https:\/\/preprod.proterrasancta.org\/fr\/six-annees-de-guerre-en-syrie-et-lengagement-dats-pro-terra-sancta-a-cote-de-la-population\/#article","isPartOf":{"@id":"https:\/\/preprod.proterrasancta.org\/fr\/six-annees-de-guerre-en-syrie-et-lengagement-dats-pro-terra-sancta-a-cote-de-la-population\/"},"author":{"name":"Giacomo Pizzi","@id":"https:\/\/preprod.proterrasancta.org\/it\/#\/schema\/person\/c03a0c97a2c22a2681d54e29de17430c"},"headline":"Six ann\u00e9es de guerre en Syrie et l&rsquo;engagement d&rsquo;ATS Pro Terra Sancta \u00e0 c\u00f4t\u00e9 de la population","datePublished":"2017-03-21T14:31:34+00:00","dateModified":"2021-09-09T14:47:18+00:00","mainEntityOfPage":{"@id":"https:\/\/preprod.proterrasancta.org\/fr\/six-annees-de-guerre-en-syrie-et-lengagement-dats-pro-terra-sancta-a-cote-de-la-population\/"},"wordCount":306,"publisher":{"@id":"https:\/\/preprod.proterrasancta.org\/it\/#organization"},"articleSection":["Non classifi\u00e9(e)"],"inLanguage":"fr-FR"},{"@type":"WebPage","@id":"https:\/\/preprod.proterrasancta.org\/fr\/six-annees-de-guerre-en-syrie-et-lengagement-dats-pro-terra-sancta-a-cote-de-la-population\/","url":"https:\/\/preprod.proterrasancta.org\/fr\/six-annees-de-guerre-en-syrie-et-lengagement-dats-pro-terra-sancta-a-cote-de-la-population\/","name":"Six ann\u00e9es de guerre en Syrie et l'engagement d'ATS Pro Terra Sancta \u00e0 c\u00f4t\u00e9 de la population | Pro Terra Sancta","isPartOf":{"@id":"https:\/\/preprod.proterrasancta.org\/it\/#website"},"datePublished":"2017-03-21T14:31:34+00:00","dateModified":"2021-09-09T14:47:18+00:00","breadcrumb":{"@id":"https:\/\/preprod.proterrasancta.org\/fr\/six-annees-de-guerre-en-syrie-et-lengagement-dats-pro-terra-sancta-a-cote-de-la-population\/#breadcrumb"},"inLanguage":"fr-FR","potentialAction":[{"@type":"ReadAction","target":["https:\/\/preprod.proterrasancta.org\/fr\/six-annees-de-guerre-en-syrie-et-lengagement-dats-pro-terra-sancta-a-cote-de-la-population\/"]}]},{"@type":"BreadcrumbList","@id":"https:\/\/preprod.proterrasancta.org\/fr\/six-annees-de-guerre-en-syrie-et-lengagement-dats-pro-terra-sancta-a-cote-de-la-population\/#breadcrumb","itemListElement":[{"@type":"ListItem","position":1,"name":"Home","item":"https:\/\/preprod.proterrasancta.org\/it\/"},{"@type":"ListItem","position":2,"name":"Six ann\u00e9es de guerre en Syrie et l&rsquo;engagement d&rsquo;ATS Pro Terra Sancta \u00e0 c\u00f4t\u00e9 de la population"}]},{"@type":"WebSite","@id":"https:\/\/preprod.proterrasancta.org\/it\/#website","url":"https:\/\/preprod.proterrasancta.org\/it\/","name":"Pro Terra Sancta","description":"To foster bonds between the Holy Land and the world","publisher":{"@id":"https:\/\/preprod.proterrasancta.org\/it\/#organization"},"potentialAction":[{"@type":"SearchAction","target":{"@type":"EntryPoint","urlTemplate":"https:\/\/preprod.proterrasancta.org\/it\/?s={search_term_string}"},"query-input":"required name=search_term_string"}],"inLanguage":"fr-FR"},{"@type":"Organization","@id":"https:\/\/preprod.proterrasancta.org\/it\/#organization","name":"Associazione Pro Terra Sancta","url":"https:\/\/preprod.proterrasancta.org\/it\/","logo":{"@type":"ImageObject","inLanguage":"fr-FR","@id":"https:\/\/preprod.proterrasancta.org\/it\/#\/schema\/logo\/image\/","url":"https:\/\/www.proterrasancta.org\/wp-content\/uploads\/Logo_ProTerraSancta_Colori_web_high_modificato.jpg","contentUrl":"https:\/\/www.proterrasancta.org\/wp-content\/uploads\/Logo_ProTerraSancta_Colori_web_high_modificato.jpg","width":1018,"height":576,"caption":"Associazione Pro Terra Sancta"},"image":{"@id":"https:\/\/preprod.proterrasancta.org\/it\/#\/schema\/logo\/image\/"},"sameAs":["https:\/\/www.instagram.com\/proterrasancta\/","https:\/\/www.linkedin.com\/company\/pro-terra-sancta\/","https:\/\/www.youtube.com\/user\/proterrasancta","https:\/\/www.facebook.com\/proterrasancta\/","https:\/\/twitter.com\/proterrasancta"]},{"@type":"Person","@id":"https:\/\/preprod.proterrasancta.org\/it\/#\/schema\/person\/c03a0c97a2c22a2681d54e29de17430c","name":"Giacomo Pizzi","image":{"@type":"ImageObject","inLanguage":"fr-FR","@id":"https:\/\/preprod.proterrasancta.org\/it\/#\/schema\/person\/image\/","url":"https:\/\/secure.gravatar.com\/avatar\/900c575219bd8bb5f7711ce33f0e43ea?s=96&d=mm&r=g","contentUrl":"https:\/\/secure.gravatar.com\/avatar\/900c575219bd8bb5f7711ce33f0e43ea?s=96&d=mm&r=g","caption":"Giacomo Pizzi"},"url":"https:\/\/preprod.proterrasancta.org\/fr\/author\/pizzi\/"}]}},"_links":{"self":[{"href":"https:\/\/preprod.proterrasancta.org\/fr\/wp-json\/wp\/v2\/posts\/102732"}],"collection":[{"href":"https:\/\/preprod.proterrasancta.org\/fr\/wp-json\/wp\/v2\/posts"}],"about":[{"href":"https:\/\/preprod.proterrasancta.org\/fr\/wp-json\/wp\/v2\/types\/post"}],"author":[{"embeddable":true,"href":"https:\/\/preprod.proterrasancta.org\/fr\/wp-json\/wp\/v2\/users\/35"}],"replies":[{"embeddable":true,"href":"https:\/\/preprod.proterrasancta.org\/fr\/wp-json\/wp\/v2\/comments?post=102732"}],"version-history":[{"count":0,"href":"https:\/\/preprod.proterrasancta.org\/fr\/wp-json\/wp\/v2\/posts\/102732\/revisions"}],"wp:featuredmedia":[{"embeddable":true,"href":"https:\/\/preprod.proterrasancta.org\/fr\/wp-json\/wp\/v2\/media\/102699"}],"wp:attachment":[{"href":"https:\/\/preprod.proterrasancta.org\/fr\/wp-json\/wp\/v2\/media?parent=102732"}],"wp:term":[{"taxonomy":"category","embeddable":true,"href":"https:\/\/preprod.proterrasancta.org\/fr\/wp-json\/wp\/v2\/categories?post=102732"},{"taxonomy":"post_tag","embeddable":true,"href":"https:\/\/preprod.proterrasancta.org\/fr\/wp-json\/wp\/v2\/tags?post=102732"},{"taxonomy":"campaign_code","embeddable":true,"href":"https:\/\/preprod.proterrasancta.org\/fr\/wp-json\/wp\/v2\/campaign_code?post=102732"}],"curies":[{"name":"wp","href":"https:\/\/api.w.org\/{rel}","templated":true}]}}