{"id":102720,"date":"2017-03-20T10:26:42","date_gmt":"2017-03-20T08:26:42","guid":{"rendered":"https:\/\/www.proterrasancta.org\/?post_type=fr-post&#038;p=102720"},"modified":"2021-09-09T16:47:18","modified_gmt":"2021-09-09T14:47:18","slug":"coexister-au-moyen-orient-est-possible-le-programme-middle-east-community-revient","status":"publish","type":"post","link":"https:\/\/preprod.proterrasancta.org\/fr\/coexister-au-moyen-orient-est-possible-le-programme-middle-east-community-revient\/","title":{"rendered":"Coexister au Moyen-Orient est possible: Le Programme Middle East Community revient"},"content":{"rendered":"<p><strong>Des exemples de coexistence au Moyen Orient, l\u00e0 o\u00f9 tout crie encore \u00e0 l&rsquo;affrontement<\/strong>. Des excursions entre Isra\u00ebl et Palestine, avec le but de connaitre un patrimoine mill\u00e9naire qui appartient \u00e0 toute l&rsquo;humanit\u00e9.<\/p>\n<p><strong>Des cours pour comprendre et approfondir ce qui se passe \u00e0 quelques pas de l&rsquo;Europe, l\u00e0 o\u00f9 notre civilisation a ses racines<\/strong>.<\/p>\n<p>Il s&rsquo;agit du \u00ab\u00a0<strong>Middle East Community Program<\/strong>\u00ab\u00a0, une <strong>exp\u00e9rience unique de trois semaines pour les \u00e9tudiants universitaires<\/strong>. La formation aura lieu entre le <strong>24 ao\u00fbt et le 10 septembre<\/strong>, bas\u00e9e \u00e0 Bethl\u00e9em, le berceau de la chr\u00e9tient\u00e9.<\/p>\n<p>Un programme <strong>fait de nombreuses rencontres et excursions<\/strong>, propos\u00e9 pour un apprentissage le plus possible concret de ce compliqu\u00e9 contexte internationale. Le point de d\u00e9part est la <strong>connaissance du territoire<\/strong>, au centre du conflit isra\u00e9lo-palestinien pour ses implications politiques, pour la richesse de son histoire et pour ses lieux uniques.<\/p>\n<p>La <strong>visite aux lieux culturellement et historiquement significatifs<\/strong> permettra donc d&rsquo;aborder de mani\u00e8re directe th\u00e9matiques sociales, politiques et religieuses, <strong>qui bien souvent s&rsquo;entrecroisent depuis des milliers d&rsquo;ann\u00e9es<\/strong>.<\/p>\n<p>Cette exp\u00e9rience <strong>donne la possibilit\u00e9 de visiter des \u0153uvres de charit\u00e9 et projets sociaux<\/strong>, <strong>\u00e9ducatifs et culturels<\/strong>. Ces initiatives <strong>n&rsquo;ont pas \u00e9t\u00e9 pens\u00e9es que pour d\u00e9couvrir l&rsquo;importance de la pr\u00e9sence chr\u00e9tienne au Moyen Orient<\/strong>, mais aussi pour <strong>rencontrer des gens, pour entendre leurs histoires<\/strong>. Une fa\u00e7on de rendre concr\u00e8te cette exp\u00e9rience, qui permet de se <strong>confronter avec l&rsquo;autre en le regardant dans les yeux, pierres vives qui habitent ces lieux depuis 2000 ans<\/strong>.<\/p>\n<p>Dans un <strong>moment historique aussi d\u00e9licat, o\u00f9 les peuples migrent de ces terres vers l&rsquo;Europe, l&rsquo;Association Pro Terra Sancta en collaboration avec l&rsquo;Universit\u00e9 italienne \u00ab\u00a0Cattolica del Sacro Cuore\u00a0\u00bb veut montrer des situations de coexistence possible entre peuples<\/strong>, religions, cultures diff\u00e9rents. Sans vouloir parler de mod\u00e8les id\u00e9aux mais en montrant des r\u00e9alit\u00e9s concr\u00e8tes et existantes, cette rencontre devient possible dans la Terre que Dieu a choisi pour se faire homme.<\/p>\n<h2 style=\"text-align: center;\"><a href=\"https:\/\/www.proterrasancta.org\/wp-content\/uploads\/1703-Middle-East-Community-Program-2017_EN-1.pdf\"><strong>T\u00e9l\u00e9chargez le programme ici!<\/strong><\/a><\/h2>\n","protected":false},"excerpt":{"rendered":"<p>Des exemples de coexistence au Moyen Orient, l\u00e0 o\u00f9 tout crie encore \u00e0 l&rsquo;affrontement. Des excursions entre Isra\u00ebl et Palestine, avec le but de connaitre un patrimoine mill\u00e9naire qui appartient \u00e0 toute l&rsquo;humanit\u00e9. Des cours pour comprendre et approfondir ce qui se passe \u00e0 quelques pas de l&rsquo;Europe, l\u00e0 o\u00f9 notre civilisation a ses racines. [&hellip;]<\/p>\n","protected":false},"author":35,"featured_media":46286,"comment_status":"closed","ping_status":"closed","sticky":false,"template":"","format":"standard","meta":{"_acf_changed":false,"inline_featured_image":false,"footnotes":""},"categories":[9722],"tags":[],"campaign_code":[],"class_list":["post-102720","post","type-post","status-publish","format-standard","has-post-thumbnail","hentry","category-non-classifiee"],"acf":[],"yoast_head":"<!-- This site is optimized with the Yoast SEO Premium plugin v17.7 (Yoast SEO v19.14) - https:\/\/yoast.com\/wordpress\/plugins\/seo\/ -->\n<title>Coexister au Moyen-Orient est possible: Le Programme Middle East Community revient | Pro Terra Sancta<\/title>\n<meta name=\"robots\" content=\"noindex, follow, max-snippet:-1, max-image-preview:large, max-video-preview:-1\" \/>\n<meta property=\"og:locale\" content=\"fr_FR\" \/>\n<meta property=\"og:type\" content=\"article\" \/>\n<meta property=\"og:title\" content=\"Coexister au Moyen-Orient est possible: Le Programme Middle East Community revient\" \/>\n<meta property=\"og:description\" content=\"Des exemples de coexistence au Moyen Orient, l\u00e0 o\u00f9 tout crie encore \u00e0 l&rsquo;affrontement. Des excursions entre Isra\u00ebl et Palestine, avec le but de connaitre un patrimoine mill\u00e9naire qui appartient \u00e0 toute l&rsquo;humanit\u00e9. Des cours pour comprendre et approfondir ce qui se passe \u00e0 quelques pas de l&rsquo;Europe, l\u00e0 o\u00f9 notre civilisation a ses racines. [&hellip;]\" \/>\n<meta property=\"og:url\" content=\"https:\/\/preprod.proterrasancta.org\/fr\/coexister-au-moyen-orient-est-possible-le-programme-middle-east-community-revient\/\" \/>\n<meta property=\"og:site_name\" content=\"Pro Terra Sancta\" \/>\n<meta property=\"article:publisher\" content=\"https:\/\/www.facebook.com\/proterrasancta\/\" \/>\n<meta property=\"article:published_time\" content=\"2017-03-20T08:26:42+00:00\" \/>\n<meta property=\"article:modified_time\" content=\"2021-09-09T14:47:18+00:00\" \/>\n<meta property=\"og:image\" content=\"https:\/\/preprod.proterrasancta.org\/wp-content\/uploads\/DSCN8734.jpg\" \/>\n\t<meta property=\"og:image:width\" content=\"1000\" \/>\n\t<meta property=\"og:image:height\" content=\"667\" \/>\n\t<meta property=\"og:image:type\" content=\"image\/jpeg\" \/>\n<meta name=\"author\" content=\"Giacomo Pizzi\" \/>\n<meta name=\"twitter:card\" content=\"summary_large_image\" \/>\n<meta name=\"twitter:creator\" content=\"@proterrasancta\" \/>\n<meta name=\"twitter:site\" content=\"@proterrasancta\" \/>\n<meta name=\"twitter:label1\" content=\"\u00c9crit par\" \/>\n\t<meta name=\"twitter:data1\" content=\"Giacomo Pizzi\" \/>\n\t<meta name=\"twitter:label2\" content=\"Dur\u00e9e de lecture est.\" \/>\n\t<meta name=\"twitter:data2\" content=\"2 minutes\" \/>\n<script type=\"application\/ld+json\" class=\"yoast-schema-graph\">{\"@context\":\"https:\/\/schema.org\",\"@graph\":[{\"@type\":\"Article\",\"@id\":\"https:\/\/preprod.proterrasancta.org\/fr\/coexister-au-moyen-orient-est-possible-le-programme-middle-east-community-revient\/#article\",\"isPartOf\":{\"@id\":\"https:\/\/preprod.proterrasancta.org\/fr\/coexister-au-moyen-orient-est-possible-le-programme-middle-east-community-revient\/\"},\"author\":{\"name\":\"Giacomo Pizzi\",\"@id\":\"https:\/\/preprod.proterrasancta.org\/it\/#\/schema\/person\/c03a0c97a2c22a2681d54e29de17430c\"},\"headline\":\"Coexister au Moyen-Orient est possible: Le Programme Middle East Community revient\",\"datePublished\":\"2017-03-20T08:26:42+00:00\",\"dateModified\":\"2021-09-09T14:47:18+00:00\",\"mainEntityOfPage\":{\"@id\":\"https:\/\/preprod.proterrasancta.org\/fr\/coexister-au-moyen-orient-est-possible-le-programme-middle-east-community-revient\/\"},\"wordCount\":361,\"publisher\":{\"@id\":\"https:\/\/preprod.proterrasancta.org\/it\/#organization\"},\"articleSection\":[\"Non classifi\u00e9(e)\"],\"inLanguage\":\"fr-FR\"},{\"@type\":\"WebPage\",\"@id\":\"https:\/\/preprod.proterrasancta.org\/fr\/coexister-au-moyen-orient-est-possible-le-programme-middle-east-community-revient\/\",\"url\":\"https:\/\/preprod.proterrasancta.org\/fr\/coexister-au-moyen-orient-est-possible-le-programme-middle-east-community-revient\/\",\"name\":\"Coexister au Moyen-Orient est possible: Le Programme Middle East Community revient | Pro Terra Sancta\",\"isPartOf\":{\"@id\":\"https:\/\/preprod.proterrasancta.org\/it\/#website\"},\"datePublished\":\"2017-03-20T08:26:42+00:00\",\"dateModified\":\"2021-09-09T14:47:18+00:00\",\"breadcrumb\":{\"@id\":\"https:\/\/preprod.proterrasancta.org\/fr\/coexister-au-moyen-orient-est-possible-le-programme-middle-east-community-revient\/#breadcrumb\"},\"inLanguage\":\"fr-FR\",\"potentialAction\":[{\"@type\":\"ReadAction\",\"target\":[\"https:\/\/preprod.proterrasancta.org\/fr\/coexister-au-moyen-orient-est-possible-le-programme-middle-east-community-revient\/\"]}]},{\"@type\":\"BreadcrumbList\",\"@id\":\"https:\/\/preprod.proterrasancta.org\/fr\/coexister-au-moyen-orient-est-possible-le-programme-middle-east-community-revient\/#breadcrumb\",\"itemListElement\":[{\"@type\":\"ListItem\",\"position\":1,\"name\":\"Home\",\"item\":\"https:\/\/preprod.proterrasancta.org\/it\/\"},{\"@type\":\"ListItem\",\"position\":2,\"name\":\"Coexister au Moyen-Orient est possible: Le Programme Middle East Community revient\"}]},{\"@type\":\"WebSite\",\"@id\":\"https:\/\/preprod.proterrasancta.org\/it\/#website\",\"url\":\"https:\/\/preprod.proterrasancta.org\/it\/\",\"name\":\"Pro Terra Sancta\",\"description\":\"To foster bonds between the Holy Land and the world\",\"publisher\":{\"@id\":\"https:\/\/preprod.proterrasancta.org\/it\/#organization\"},\"potentialAction\":[{\"@type\":\"SearchAction\",\"target\":{\"@type\":\"EntryPoint\",\"urlTemplate\":\"https:\/\/preprod.proterrasancta.org\/it\/?s={search_term_string}\"},\"query-input\":\"required name=search_term_string\"}],\"inLanguage\":\"fr-FR\"},{\"@type\":\"Organization\",\"@id\":\"https:\/\/preprod.proterrasancta.org\/it\/#organization\",\"name\":\"Associazione Pro Terra Sancta\",\"url\":\"https:\/\/preprod.proterrasancta.org\/it\/\",\"logo\":{\"@type\":\"ImageObject\",\"inLanguage\":\"fr-FR\",\"@id\":\"https:\/\/preprod.proterrasancta.org\/it\/#\/schema\/logo\/image\/\",\"url\":\"https:\/\/www.proterrasancta.org\/wp-content\/uploads\/Logo_ProTerraSancta_Colori_web_high_modificato.jpg\",\"contentUrl\":\"https:\/\/www.proterrasancta.org\/wp-content\/uploads\/Logo_ProTerraSancta_Colori_web_high_modificato.jpg\",\"width\":1018,\"height\":576,\"caption\":\"Associazione Pro Terra Sancta\"},\"image\":{\"@id\":\"https:\/\/preprod.proterrasancta.org\/it\/#\/schema\/logo\/image\/\"},\"sameAs\":[\"https:\/\/www.instagram.com\/proterrasancta\/\",\"https:\/\/www.linkedin.com\/company\/pro-terra-sancta\/\",\"https:\/\/www.youtube.com\/user\/proterrasancta\",\"https:\/\/www.facebook.com\/proterrasancta\/\",\"https:\/\/twitter.com\/proterrasancta\"]},{\"@type\":\"Person\",\"@id\":\"https:\/\/preprod.proterrasancta.org\/it\/#\/schema\/person\/c03a0c97a2c22a2681d54e29de17430c\",\"name\":\"Giacomo Pizzi\",\"image\":{\"@type\":\"ImageObject\",\"inLanguage\":\"fr-FR\",\"@id\":\"https:\/\/preprod.proterrasancta.org\/it\/#\/schema\/person\/image\/\",\"url\":\"https:\/\/secure.gravatar.com\/avatar\/900c575219bd8bb5f7711ce33f0e43ea?s=96&d=mm&r=g\",\"contentUrl\":\"https:\/\/secure.gravatar.com\/avatar\/900c575219bd8bb5f7711ce33f0e43ea?s=96&d=mm&r=g\",\"caption\":\"Giacomo Pizzi\"},\"url\":\"https:\/\/preprod.proterrasancta.org\/fr\/author\/pizzi\/\"}]}<\/script>\n<!-- \/ Yoast SEO Premium plugin. -->","yoast_head_json":{"title":"Coexister au Moyen-Orient est possible: Le Programme Middle East Community revient | Pro Terra Sancta","robots":{"index":"noindex","follow":"follow","max-snippet":"max-snippet:-1","max-image-preview":"max-image-preview:large","max-video-preview":"max-video-preview:-1"},"og_locale":"fr_FR","og_type":"article","og_title":"Coexister au Moyen-Orient est possible: Le Programme Middle East Community revient","og_description":"Des exemples de coexistence au Moyen Orient, l\u00e0 o\u00f9 tout crie encore \u00e0 l&rsquo;affrontement. Des excursions entre Isra\u00ebl et Palestine, avec le but de connaitre un patrimoine mill\u00e9naire qui appartient \u00e0 toute l&rsquo;humanit\u00e9. Des cours pour comprendre et approfondir ce qui se passe \u00e0 quelques pas de l&rsquo;Europe, l\u00e0 o\u00f9 notre civilisation a ses racines. [&hellip;]","og_url":"https:\/\/preprod.proterrasancta.org\/fr\/coexister-au-moyen-orient-est-possible-le-programme-middle-east-community-revient\/","og_site_name":"Pro Terra Sancta","article_publisher":"https:\/\/www.facebook.com\/proterrasancta\/","article_published_time":"2017-03-20T08:26:42+00:00","article_modified_time":"2021-09-09T14:47:18+00:00","og_image":[{"width":1000,"height":667,"url":"https:\/\/preprod.proterrasancta.org\/wp-content\/uploads\/DSCN8734.jpg","type":"image\/jpeg"}],"author":"Giacomo Pizzi","twitter_card":"summary_large_image","twitter_creator":"@proterrasancta","twitter_site":"@proterrasancta","twitter_misc":{"\u00c9crit par":"Giacomo Pizzi","Dur\u00e9e de lecture est.":"2 minutes"},"schema":{"@context":"https:\/\/schema.org","@graph":[{"@type":"Article","@id":"https:\/\/preprod.proterrasancta.org\/fr\/coexister-au-moyen-orient-est-possible-le-programme-middle-east-community-revient\/#article","isPartOf":{"@id":"https:\/\/preprod.proterrasancta.org\/fr\/coexister-au-moyen-orient-est-possible-le-programme-middle-east-community-revient\/"},"author":{"name":"Giacomo Pizzi","@id":"https:\/\/preprod.proterrasancta.org\/it\/#\/schema\/person\/c03a0c97a2c22a2681d54e29de17430c"},"headline":"Coexister au Moyen-Orient est possible: Le Programme Middle East Community revient","datePublished":"2017-03-20T08:26:42+00:00","dateModified":"2021-09-09T14:47:18+00:00","mainEntityOfPage":{"@id":"https:\/\/preprod.proterrasancta.org\/fr\/coexister-au-moyen-orient-est-possible-le-programme-middle-east-community-revient\/"},"wordCount":361,"publisher":{"@id":"https:\/\/preprod.proterrasancta.org\/it\/#organization"},"articleSection":["Non classifi\u00e9(e)"],"inLanguage":"fr-FR"},{"@type":"WebPage","@id":"https:\/\/preprod.proterrasancta.org\/fr\/coexister-au-moyen-orient-est-possible-le-programme-middle-east-community-revient\/","url":"https:\/\/preprod.proterrasancta.org\/fr\/coexister-au-moyen-orient-est-possible-le-programme-middle-east-community-revient\/","name":"Coexister au Moyen-Orient est possible: Le Programme Middle East Community revient | Pro Terra Sancta","isPartOf":{"@id":"https:\/\/preprod.proterrasancta.org\/it\/#website"},"datePublished":"2017-03-20T08:26:42+00:00","dateModified":"2021-09-09T14:47:18+00:00","breadcrumb":{"@id":"https:\/\/preprod.proterrasancta.org\/fr\/coexister-au-moyen-orient-est-possible-le-programme-middle-east-community-revient\/#breadcrumb"},"inLanguage":"fr-FR","potentialAction":[{"@type":"ReadAction","target":["https:\/\/preprod.proterrasancta.org\/fr\/coexister-au-moyen-orient-est-possible-le-programme-middle-east-community-revient\/"]}]},{"@type":"BreadcrumbList","@id":"https:\/\/preprod.proterrasancta.org\/fr\/coexister-au-moyen-orient-est-possible-le-programme-middle-east-community-revient\/#breadcrumb","itemListElement":[{"@type":"ListItem","position":1,"name":"Home","item":"https:\/\/preprod.proterrasancta.org\/it\/"},{"@type":"ListItem","position":2,"name":"Coexister au Moyen-Orient est possible: Le Programme Middle East Community revient"}]},{"@type":"WebSite","@id":"https:\/\/preprod.proterrasancta.org\/it\/#website","url":"https:\/\/preprod.proterrasancta.org\/it\/","name":"Pro Terra Sancta","description":"To foster bonds between the Holy Land and the world","publisher":{"@id":"https:\/\/preprod.proterrasancta.org\/it\/#organization"},"potentialAction":[{"@type":"SearchAction","target":{"@type":"EntryPoint","urlTemplate":"https:\/\/preprod.proterrasancta.org\/it\/?s={search_term_string}"},"query-input":"required name=search_term_string"}],"inLanguage":"fr-FR"},{"@type":"Organization","@id":"https:\/\/preprod.proterrasancta.org\/it\/#organization","name":"Associazione Pro Terra Sancta","url":"https:\/\/preprod.proterrasancta.org\/it\/","logo":{"@type":"ImageObject","inLanguage":"fr-FR","@id":"https:\/\/preprod.proterrasancta.org\/it\/#\/schema\/logo\/image\/","url":"https:\/\/www.proterrasancta.org\/wp-content\/uploads\/Logo_ProTerraSancta_Colori_web_high_modificato.jpg","contentUrl":"https:\/\/www.proterrasancta.org\/wp-content\/uploads\/Logo_ProTerraSancta_Colori_web_high_modificato.jpg","width":1018,"height":576,"caption":"Associazione Pro Terra Sancta"},"image":{"@id":"https:\/\/preprod.proterrasancta.org\/it\/#\/schema\/logo\/image\/"},"sameAs":["https:\/\/www.instagram.com\/proterrasancta\/","https:\/\/www.linkedin.com\/company\/pro-terra-sancta\/","https:\/\/www.youtube.com\/user\/proterrasancta","https:\/\/www.facebook.com\/proterrasancta\/","https:\/\/twitter.com\/proterrasancta"]},{"@type":"Person","@id":"https:\/\/preprod.proterrasancta.org\/it\/#\/schema\/person\/c03a0c97a2c22a2681d54e29de17430c","name":"Giacomo Pizzi","image":{"@type":"ImageObject","inLanguage":"fr-FR","@id":"https:\/\/preprod.proterrasancta.org\/it\/#\/schema\/person\/image\/","url":"https:\/\/secure.gravatar.com\/avatar\/900c575219bd8bb5f7711ce33f0e43ea?s=96&d=mm&r=g","contentUrl":"https:\/\/secure.gravatar.com\/avatar\/900c575219bd8bb5f7711ce33f0e43ea?s=96&d=mm&r=g","caption":"Giacomo Pizzi"},"url":"https:\/\/preprod.proterrasancta.org\/fr\/author\/pizzi\/"}]}},"_links":{"self":[{"href":"https:\/\/preprod.proterrasancta.org\/fr\/wp-json\/wp\/v2\/posts\/102720"}],"collection":[{"href":"https:\/\/preprod.proterrasancta.org\/fr\/wp-json\/wp\/v2\/posts"}],"about":[{"href":"https:\/\/preprod.proterrasancta.org\/fr\/wp-json\/wp\/v2\/types\/post"}],"author":[{"embeddable":true,"href":"https:\/\/preprod.proterrasancta.org\/fr\/wp-json\/wp\/v2\/users\/35"}],"replies":[{"embeddable":true,"href":"https:\/\/preprod.proterrasancta.org\/fr\/wp-json\/wp\/v2\/comments?post=102720"}],"version-history":[{"count":0,"href":"https:\/\/preprod.proterrasancta.org\/fr\/wp-json\/wp\/v2\/posts\/102720\/revisions"}],"wp:featuredmedia":[{"embeddable":true,"href":"https:\/\/preprod.proterrasancta.org\/fr\/wp-json\/wp\/v2\/media\/46286"}],"wp:attachment":[{"href":"https:\/\/preprod.proterrasancta.org\/fr\/wp-json\/wp\/v2\/media?parent=102720"}],"wp:term":[{"taxonomy":"category","embeddable":true,"href":"https:\/\/preprod.proterrasancta.org\/fr\/wp-json\/wp\/v2\/categories?post=102720"},{"taxonomy":"post_tag","embeddable":true,"href":"https:\/\/preprod.proterrasancta.org\/fr\/wp-json\/wp\/v2\/tags?post=102720"},{"taxonomy":"campaign_code","embeddable":true,"href":"https:\/\/preprod.proterrasancta.org\/fr\/wp-json\/wp\/v2\/campaign_code?post=102720"}],"curies":[{"name":"wp","href":"https:\/\/api.w.org\/{rel}","templated":true}]}}