{"id":174112,"date":"2022-04-20T12:03:27","date_gmt":"2022-04-20T10:03:27","guid":{"rendered":"https:\/\/www.proterrasancta.org\/frohe-ostergruesse-vom-kustos-des-heiligen-landes-bruder-francis-patton\/"},"modified":"2022-05-04T12:39:31","modified_gmt":"2022-05-04T10:39:31","slug":"frohe-ostergruesse-vom-kustos-des-heiligen-landes-bruder-francis-patton","status":"publish","type":"post","link":"https:\/\/preprod.proterrasancta.org\/de\/frohe-ostergruesse-vom-kustos-des-heiligen-landes-bruder-francis-patton\/","title":{"rendered":"Frohe Ostergr\u00fc\u00dfe vom Kustos des Heiligen Landes, Bruder Francis Patton"},"content":{"rendered":"\n<p>Anl\u00e4sslich der Feierlichkeiten zu Ostern schlagen wir die Videobotschaft von <strong>Fra Francesco Patton<\/strong>, Kustos des Heiligen Landes und Pr\u00e4sident der Vereinigung pro Terra Sancta, vor.  <\/p>\n\n\n\n<p><em>&#8222;M\u00f6ge der Herr jeden einzelnen von euch von diesem Ort aus mit einem besonderen Segen erreichen, und m\u00f6ge der Auferstandene Vers\u00f6hnung und Frieden in diese Welt bringen, die sie so sehr braucht&#8220;.<\/em><\/p>\n\n\n\n<p>&#8211; Bruder Francesco Patton<\/p>\n\n\n\n<p><\/p>\n\n\n\n<p>Auch die Mitarbeiter der <strong>Associazione pro Terra Sancta<\/strong> schlie\u00dfen sich freudig den Worten des Kustos an und w\u00fcnschen Ihnen, liebe Freunde und Unterst\u00fctzer, ein frohes und frohes Osterfest.  <\/p>\n\n\n\n<div style=\"height:10px\" aria-hidden=\"true\" class=\"wp-block-spacer\"><\/div>\n\n\n\n<p><\/p>\n\n\n\n<figure class=\"wp-block-embed is-type-video is-provider-youtube wp-block-embed-youtube wp-embed-aspect-16-9 wp-has-aspect-ratio\"><div class=\"wp-block-embed__wrapper\">\n<iframe loading=\"lazy\" title=\"Pasqua 2022: Gli Auguri del Custode di Terra Santa\" width=\"500\" height=\"281\" src=\"https:\/\/www.youtube.com\/embed\/9RWa7rNaNio?feature=oembed\" frameborder=\"0\" allow=\"accelerometer; autoplay; clipboard-write; encrypted-media; gyroscope; picture-in-picture; web-share\" referrerpolicy=\"strict-origin-when-cross-origin\" allowfullscreen><\/iframe>\n<\/div><\/figure>\n\n\n\n<p><\/p>\n\n\n\n<p>Wir nutzen diese Gelegenheit auch, um euch allen zu danken, die uns mit Gebeten und konkreter Hilfe unterst\u00fctzt haben; <strong>In so vielen verschiedenen Formen seid ihr immer bei uns in diesem von<\/strong> <strong>Gott geliebten<\/strong> Heiligen Land.  <\/p>\n\n\n\n<p>Frohe Ostern!<\/p>\n","protected":false},"excerpt":{"rendered":"<p>Anl\u00e4sslich der Feierlichkeiten zu Ostern schlagen wir die Videobotschaft von Fra Francesco Patton, Kustos des Heiligen Landes und Pr\u00e4sident der Vereinigung pro Terra Sancta, vor. &#8222;M\u00f6ge der Herr jeden einzelnen von euch von diesem Ort aus mit einem besonderen Segen erreichen, und m\u00f6ge der Auferstandene Vers\u00f6hnung und Frieden in diese Welt bringen, die sie so [&hellip;]<\/p>\n","protected":false},"author":56,"featured_media":174099,"comment_status":"closed","ping_status":"closed","sticky":false,"template":"","format":"standard","meta":{"_acf_changed":false,"inline_featured_image":false,"footnotes":""},"categories":[9910],"tags":[10173,10153,10174,10172],"campaign_code":[],"class_list":["post-174112","post","type-post","status-publish","format-standard","has-post-thumbnail","hentry","category-nachrichten","tag-nachricht","tag-ostern","tag-patton-de","tag-wunsche"],"acf":[],"yoast_head":"<!-- This site is optimized with the Yoast SEO Premium plugin v17.7 (Yoast SEO v19.14) - https:\/\/yoast.com\/wordpress\/plugins\/seo\/ -->\n<title>Heilige Ostern 2022: die W\u00fcnsche von Fra Francesco Patton | Pro Terra Sancta<\/title>\n<meta name=\"description\" content=\"Die W\u00fcnsche eines Heiligen Osterfestes des Pr\u00e4sidenten der Vereinigung pro Terra Sancta und Kustos des Heiligen Landes Fra Francesco Patton, ofm ..\" \/>\n<meta name=\"robots\" content=\"noindex, follow, max-snippet:-1, max-image-preview:large, max-video-preview:-1\" \/>\n<meta property=\"og:locale\" content=\"de_DE\" \/>\n<meta property=\"og:type\" content=\"article\" \/>\n<meta property=\"og:title\" content=\"Frohe Ostergr\u00fc\u00dfe vom Kustos des Heiligen Landes, Bruder Francis Patton\" \/>\n<meta property=\"og:description\" content=\"Die W\u00fcnsche eines Heiligen Osterfestes des Pr\u00e4sidenten der Vereinigung pro Terra Sancta und Kustos des Heiligen Landes Fra Francesco Patton, ofm ..\" \/>\n<meta property=\"og:url\" content=\"https:\/\/preprod.proterrasancta.org\/de\/frohe-ostergruesse-vom-kustos-des-heiligen-landes-bruder-francis-patton\/\" \/>\n<meta property=\"og:site_name\" content=\"Pro Terra Sancta\" \/>\n<meta property=\"article:publisher\" content=\"https:\/\/www.facebook.com\/proterrasancta\/\" \/>\n<meta property=\"article:published_time\" content=\"2022-04-20T10:03:27+00:00\" \/>\n<meta property=\"article:modified_time\" content=\"2022-05-04T10:39:31+00:00\" \/>\n<meta property=\"og:image\" content=\"https:\/\/preprod.proterrasancta.org\/wp-content\/uploads\/Santa-Pasqua-1-1-1.png\" \/>\n\t<meta property=\"og:image:width\" content=\"2400\" \/>\n\t<meta property=\"og:image:height\" content=\"1408\" \/>\n\t<meta property=\"og:image:type\" content=\"image\/png\" \/>\n<meta name=\"author\" content=\"Veronica Brocca\" \/>\n<meta name=\"twitter:card\" content=\"summary_large_image\" \/>\n<meta name=\"twitter:creator\" content=\"@proterrasancta\" \/>\n<meta name=\"twitter:site\" content=\"@proterrasancta\" \/>\n<meta name=\"twitter:label1\" content=\"Verfasst von\" \/>\n\t<meta name=\"twitter:data1\" content=\"Veronica Brocca\" \/>\n\t<meta name=\"twitter:label2\" content=\"Gesch\u00e4tzte Lesezeit\" \/>\n\t<meta name=\"twitter:data2\" content=\"1 Minute\" \/>\n<script type=\"application\/ld+json\" class=\"yoast-schema-graph\">{\"@context\":\"https:\/\/schema.org\",\"@graph\":[{\"@type\":\"Article\",\"@id\":\"https:\/\/preprod.proterrasancta.org\/de\/frohe-ostergruesse-vom-kustos-des-heiligen-landes-bruder-francis-patton\/#article\",\"isPartOf\":{\"@id\":\"https:\/\/preprod.proterrasancta.org\/de\/frohe-ostergruesse-vom-kustos-des-heiligen-landes-bruder-francis-patton\/\"},\"author\":{\"name\":\"Veronica Brocca\",\"@id\":\"https:\/\/preprod.proterrasancta.org\/it\/#\/schema\/person\/ac54584130196009e214768f2772bd2e\"},\"headline\":\"Frohe Ostergr\u00fc\u00dfe vom Kustos des Heiligen Landes, Bruder Francis Patton\",\"datePublished\":\"2022-04-20T10:03:27+00:00\",\"dateModified\":\"2022-05-04T10:39:31+00:00\",\"mainEntityOfPage\":{\"@id\":\"https:\/\/preprod.proterrasancta.org\/de\/frohe-ostergruesse-vom-kustos-des-heiligen-landes-bruder-francis-patton\/\"},\"wordCount\":155,\"publisher\":{\"@id\":\"https:\/\/preprod.proterrasancta.org\/it\/#organization\"},\"keywords\":[\"Nachricht\",\"Ostern\",\"Patton\",\"W\u00fcnsche\"],\"articleSection\":[\"Nachrichten\"],\"inLanguage\":\"de-DE\"},{\"@type\":\"WebPage\",\"@id\":\"https:\/\/preprod.proterrasancta.org\/de\/frohe-ostergruesse-vom-kustos-des-heiligen-landes-bruder-francis-patton\/\",\"url\":\"https:\/\/preprod.proterrasancta.org\/de\/frohe-ostergruesse-vom-kustos-des-heiligen-landes-bruder-francis-patton\/\",\"name\":\"Heilige Ostern 2022: die W\u00fcnsche von Fra Francesco Patton | Pro Terra Sancta\",\"isPartOf\":{\"@id\":\"https:\/\/preprod.proterrasancta.org\/it\/#website\"},\"datePublished\":\"2022-04-20T10:03:27+00:00\",\"dateModified\":\"2022-05-04T10:39:31+00:00\",\"description\":\"Die W\u00fcnsche eines Heiligen Osterfestes des Pr\u00e4sidenten der Vereinigung pro Terra Sancta und Kustos des Heiligen Landes Fra Francesco Patton, ofm ..\",\"breadcrumb\":{\"@id\":\"https:\/\/preprod.proterrasancta.org\/de\/frohe-ostergruesse-vom-kustos-des-heiligen-landes-bruder-francis-patton\/#breadcrumb\"},\"inLanguage\":\"de-DE\",\"potentialAction\":[{\"@type\":\"ReadAction\",\"target\":[\"https:\/\/preprod.proterrasancta.org\/de\/frohe-ostergruesse-vom-kustos-des-heiligen-landes-bruder-francis-patton\/\"]}]},{\"@type\":\"BreadcrumbList\",\"@id\":\"https:\/\/preprod.proterrasancta.org\/de\/frohe-ostergruesse-vom-kustos-des-heiligen-landes-bruder-francis-patton\/#breadcrumb\",\"itemListElement\":[{\"@type\":\"ListItem\",\"position\":1,\"name\":\"Home\",\"item\":\"https:\/\/preprod.proterrasancta.org\/it\/\"},{\"@type\":\"ListItem\",\"position\":2,\"name\":\"Frohe Ostergr\u00fc\u00dfe vom Kustos des Heiligen Landes, Bruder Francis Patton\"}]},{\"@type\":\"WebSite\",\"@id\":\"https:\/\/preprod.proterrasancta.org\/it\/#website\",\"url\":\"https:\/\/preprod.proterrasancta.org\/it\/\",\"name\":\"Pro Terra Sancta\",\"description\":\"To foster bonds between the Holy Land and the world\",\"publisher\":{\"@id\":\"https:\/\/preprod.proterrasancta.org\/it\/#organization\"},\"potentialAction\":[{\"@type\":\"SearchAction\",\"target\":{\"@type\":\"EntryPoint\",\"urlTemplate\":\"https:\/\/preprod.proterrasancta.org\/it\/?s={search_term_string}\"},\"query-input\":\"required name=search_term_string\"}],\"inLanguage\":\"de-DE\"},{\"@type\":\"Organization\",\"@id\":\"https:\/\/preprod.proterrasancta.org\/it\/#organization\",\"name\":\"Associazione Pro Terra Sancta\",\"url\":\"https:\/\/preprod.proterrasancta.org\/it\/\",\"logo\":{\"@type\":\"ImageObject\",\"inLanguage\":\"de-DE\",\"@id\":\"https:\/\/preprod.proterrasancta.org\/it\/#\/schema\/logo\/image\/\",\"url\":\"https:\/\/www.proterrasancta.org\/wp-content\/uploads\/Logo_ProTerraSancta_Colori_web_high_modificato.jpg\",\"contentUrl\":\"https:\/\/www.proterrasancta.org\/wp-content\/uploads\/Logo_ProTerraSancta_Colori_web_high_modificato.jpg\",\"width\":1018,\"height\":576,\"caption\":\"Associazione Pro Terra Sancta\"},\"image\":{\"@id\":\"https:\/\/preprod.proterrasancta.org\/it\/#\/schema\/logo\/image\/\"},\"sameAs\":[\"https:\/\/www.instagram.com\/proterrasancta\/\",\"https:\/\/www.linkedin.com\/company\/pro-terra-sancta\/\",\"https:\/\/www.youtube.com\/user\/proterrasancta\",\"https:\/\/www.facebook.com\/proterrasancta\/\",\"https:\/\/twitter.com\/proterrasancta\"]},{\"@type\":\"Person\",\"@id\":\"https:\/\/preprod.proterrasancta.org\/it\/#\/schema\/person\/ac54584130196009e214768f2772bd2e\",\"name\":\"Veronica Brocca\",\"image\":{\"@type\":\"ImageObject\",\"inLanguage\":\"de-DE\",\"@id\":\"https:\/\/preprod.proterrasancta.org\/it\/#\/schema\/person\/image\/\",\"url\":\"https:\/\/secure.gravatar.com\/avatar\/9fc49a7cea57e7f0f63c7c84307d543b?s=96&d=mm&r=g\",\"contentUrl\":\"https:\/\/secure.gravatar.com\/avatar\/9fc49a7cea57e7f0f63c7c84307d543b?s=96&d=mm&r=g\",\"caption\":\"Veronica Brocca\"},\"url\":\"https:\/\/preprod.proterrasancta.org\/de\/author\/v-broccaproterrasancta-org\/\"}]}<\/script>\n<!-- \/ Yoast SEO Premium plugin. -->","yoast_head_json":{"title":"Heilige Ostern 2022: die W\u00fcnsche von Fra Francesco Patton | Pro Terra Sancta","description":"Die W\u00fcnsche eines Heiligen Osterfestes des Pr\u00e4sidenten der Vereinigung pro Terra Sancta und Kustos des Heiligen Landes Fra Francesco Patton, ofm ..","robots":{"index":"noindex","follow":"follow","max-snippet":"max-snippet:-1","max-image-preview":"max-image-preview:large","max-video-preview":"max-video-preview:-1"},"og_locale":"de_DE","og_type":"article","og_title":"Frohe Ostergr\u00fc\u00dfe vom Kustos des Heiligen Landes, Bruder Francis Patton","og_description":"Die W\u00fcnsche eines Heiligen Osterfestes des Pr\u00e4sidenten der Vereinigung pro Terra Sancta und Kustos des Heiligen Landes Fra Francesco Patton, ofm ..","og_url":"https:\/\/preprod.proterrasancta.org\/de\/frohe-ostergruesse-vom-kustos-des-heiligen-landes-bruder-francis-patton\/","og_site_name":"Pro Terra Sancta","article_publisher":"https:\/\/www.facebook.com\/proterrasancta\/","article_published_time":"2022-04-20T10:03:27+00:00","article_modified_time":"2022-05-04T10:39:31+00:00","og_image":[{"width":2400,"height":1408,"url":"https:\/\/preprod.proterrasancta.org\/wp-content\/uploads\/Santa-Pasqua-1-1-1.png","type":"image\/png"}],"author":"Veronica Brocca","twitter_card":"summary_large_image","twitter_creator":"@proterrasancta","twitter_site":"@proterrasancta","twitter_misc":{"Verfasst von":"Veronica Brocca","Gesch\u00e4tzte Lesezeit":"1 Minute"},"schema":{"@context":"https:\/\/schema.org","@graph":[{"@type":"Article","@id":"https:\/\/preprod.proterrasancta.org\/de\/frohe-ostergruesse-vom-kustos-des-heiligen-landes-bruder-francis-patton\/#article","isPartOf":{"@id":"https:\/\/preprod.proterrasancta.org\/de\/frohe-ostergruesse-vom-kustos-des-heiligen-landes-bruder-francis-patton\/"},"author":{"name":"Veronica Brocca","@id":"https:\/\/preprod.proterrasancta.org\/it\/#\/schema\/person\/ac54584130196009e214768f2772bd2e"},"headline":"Frohe Ostergr\u00fc\u00dfe vom Kustos des Heiligen Landes, Bruder Francis Patton","datePublished":"2022-04-20T10:03:27+00:00","dateModified":"2022-05-04T10:39:31+00:00","mainEntityOfPage":{"@id":"https:\/\/preprod.proterrasancta.org\/de\/frohe-ostergruesse-vom-kustos-des-heiligen-landes-bruder-francis-patton\/"},"wordCount":155,"publisher":{"@id":"https:\/\/preprod.proterrasancta.org\/it\/#organization"},"keywords":["Nachricht","Ostern","Patton","W\u00fcnsche"],"articleSection":["Nachrichten"],"inLanguage":"de-DE"},{"@type":"WebPage","@id":"https:\/\/preprod.proterrasancta.org\/de\/frohe-ostergruesse-vom-kustos-des-heiligen-landes-bruder-francis-patton\/","url":"https:\/\/preprod.proterrasancta.org\/de\/frohe-ostergruesse-vom-kustos-des-heiligen-landes-bruder-francis-patton\/","name":"Heilige Ostern 2022: die W\u00fcnsche von Fra Francesco Patton | Pro Terra Sancta","isPartOf":{"@id":"https:\/\/preprod.proterrasancta.org\/it\/#website"},"datePublished":"2022-04-20T10:03:27+00:00","dateModified":"2022-05-04T10:39:31+00:00","description":"Die W\u00fcnsche eines Heiligen Osterfestes des Pr\u00e4sidenten der Vereinigung pro Terra Sancta und Kustos des Heiligen Landes Fra Francesco Patton, ofm ..","breadcrumb":{"@id":"https:\/\/preprod.proterrasancta.org\/de\/frohe-ostergruesse-vom-kustos-des-heiligen-landes-bruder-francis-patton\/#breadcrumb"},"inLanguage":"de-DE","potentialAction":[{"@type":"ReadAction","target":["https:\/\/preprod.proterrasancta.org\/de\/frohe-ostergruesse-vom-kustos-des-heiligen-landes-bruder-francis-patton\/"]}]},{"@type":"BreadcrumbList","@id":"https:\/\/preprod.proterrasancta.org\/de\/frohe-ostergruesse-vom-kustos-des-heiligen-landes-bruder-francis-patton\/#breadcrumb","itemListElement":[{"@type":"ListItem","position":1,"name":"Home","item":"https:\/\/preprod.proterrasancta.org\/it\/"},{"@type":"ListItem","position":2,"name":"Frohe Ostergr\u00fc\u00dfe vom Kustos des Heiligen Landes, Bruder Francis Patton"}]},{"@type":"WebSite","@id":"https:\/\/preprod.proterrasancta.org\/it\/#website","url":"https:\/\/preprod.proterrasancta.org\/it\/","name":"Pro Terra Sancta","description":"To foster bonds between the Holy Land and the world","publisher":{"@id":"https:\/\/preprod.proterrasancta.org\/it\/#organization"},"potentialAction":[{"@type":"SearchAction","target":{"@type":"EntryPoint","urlTemplate":"https:\/\/preprod.proterrasancta.org\/it\/?s={search_term_string}"},"query-input":"required name=search_term_string"}],"inLanguage":"de-DE"},{"@type":"Organization","@id":"https:\/\/preprod.proterrasancta.org\/it\/#organization","name":"Associazione Pro Terra Sancta","url":"https:\/\/preprod.proterrasancta.org\/it\/","logo":{"@type":"ImageObject","inLanguage":"de-DE","@id":"https:\/\/preprod.proterrasancta.org\/it\/#\/schema\/logo\/image\/","url":"https:\/\/www.proterrasancta.org\/wp-content\/uploads\/Logo_ProTerraSancta_Colori_web_high_modificato.jpg","contentUrl":"https:\/\/www.proterrasancta.org\/wp-content\/uploads\/Logo_ProTerraSancta_Colori_web_high_modificato.jpg","width":1018,"height":576,"caption":"Associazione Pro Terra Sancta"},"image":{"@id":"https:\/\/preprod.proterrasancta.org\/it\/#\/schema\/logo\/image\/"},"sameAs":["https:\/\/www.instagram.com\/proterrasancta\/","https:\/\/www.linkedin.com\/company\/pro-terra-sancta\/","https:\/\/www.youtube.com\/user\/proterrasancta","https:\/\/www.facebook.com\/proterrasancta\/","https:\/\/twitter.com\/proterrasancta"]},{"@type":"Person","@id":"https:\/\/preprod.proterrasancta.org\/it\/#\/schema\/person\/ac54584130196009e214768f2772bd2e","name":"Veronica Brocca","image":{"@type":"ImageObject","inLanguage":"de-DE","@id":"https:\/\/preprod.proterrasancta.org\/it\/#\/schema\/person\/image\/","url":"https:\/\/secure.gravatar.com\/avatar\/9fc49a7cea57e7f0f63c7c84307d543b?s=96&d=mm&r=g","contentUrl":"https:\/\/secure.gravatar.com\/avatar\/9fc49a7cea57e7f0f63c7c84307d543b?s=96&d=mm&r=g","caption":"Veronica Brocca"},"url":"https:\/\/preprod.proterrasancta.org\/de\/author\/v-broccaproterrasancta-org\/"}]}},"_links":{"self":[{"href":"https:\/\/preprod.proterrasancta.org\/de\/wp-json\/wp\/v2\/posts\/174112"}],"collection":[{"href":"https:\/\/preprod.proterrasancta.org\/de\/wp-json\/wp\/v2\/posts"}],"about":[{"href":"https:\/\/preprod.proterrasancta.org\/de\/wp-json\/wp\/v2\/types\/post"}],"author":[{"embeddable":true,"href":"https:\/\/preprod.proterrasancta.org\/de\/wp-json\/wp\/v2\/users\/56"}],"replies":[{"embeddable":true,"href":"https:\/\/preprod.proterrasancta.org\/de\/wp-json\/wp\/v2\/comments?post=174112"}],"version-history":[{"count":2,"href":"https:\/\/preprod.proterrasancta.org\/de\/wp-json\/wp\/v2\/posts\/174112\/revisions"}],"predecessor-version":[{"id":175727,"href":"https:\/\/preprod.proterrasancta.org\/de\/wp-json\/wp\/v2\/posts\/174112\/revisions\/175727"}],"wp:featuredmedia":[{"embeddable":true,"href":"https:\/\/preprod.proterrasancta.org\/de\/wp-json\/wp\/v2\/media\/174099"}],"wp:attachment":[{"href":"https:\/\/preprod.proterrasancta.org\/de\/wp-json\/wp\/v2\/media?parent=174112"}],"wp:term":[{"taxonomy":"category","embeddable":true,"href":"https:\/\/preprod.proterrasancta.org\/de\/wp-json\/wp\/v2\/categories?post=174112"},{"taxonomy":"post_tag","embeddable":true,"href":"https:\/\/preprod.proterrasancta.org\/de\/wp-json\/wp\/v2\/tags?post=174112"},{"taxonomy":"campaign_code","embeddable":true,"href":"https:\/\/preprod.proterrasancta.org\/de\/wp-json\/wp\/v2\/campaign_code?post=174112"}],"curies":[{"name":"wp","href":"https:\/\/api.w.org\/{rel}","templated":true}]}}